{"id":130786,"date":"2021-06-04T19:15:10","date_gmt":"2021-06-04T16:15:10","guid":{"rendered":"http:\/\/www.btv.md\/?p=130786"},"modified":"2021-06-04T19:15:10","modified_gmt":"2021-06-04T16:15:10","slug":"foto-doi-oameni-s-au-prabusit-in-gol-in-timp-ce-efectuat-lucrari-de-constructie-la-botanica-muncitorii-transportati-la-spital","status":"publish","type":"post","link":"https:\/\/www.btv.md\/ro\/foto-doi-oameni-s-au-prabusit-in-gol-in-timp-ce-efectuat-lucrari-de-constructie-la-botanica-muncitorii-transportati-la-spital\/","title":{"rendered":"\/FOTO\/ Doi oameni s-au pr\u0103bu\u0219it \u00een gol \u00een timp ce efectuat lucr\u0103ri de construc\u021bie la Botanica. Muncitorii, transporta\u021bi la spital"},"content":{"rendered":"<p><strong>Doi oameni s-au pr\u0103bu\u0219it \u00een gol \u00een timp ce efectuau lucr\u0103ri de construc\u021bie pe strada Valea Trandafirilor din Capital\u0103. Muncitorii au fost transporta\u021bi la spital, scrie <a href=\"https:\/\/tv8.md\/2021\/06\/04\/foto-doi-oameni-s-au-prabusit-in-gol-in-timp-ce-efectuat-lucrari-de-constructie-la-botanica-muncitorii-transportati-la-spital\/\">tv8.md<\/a>.<\/strong><\/p>\n<p>\u201eAst\u0103zi, salvatorii Inspectoratului General pentru Situa\u021bii de Urgen\u021b\u0103 au intervenit pentru a debloca dou\u0103 persoane care s-au pr\u0103bu\u0219it \u00een gol \u00een timpul ce efectuau lucr\u0103rile de construc\u021bie pe strada Valea Trandafirilor. Apelul la Serviciul 112 a fost recep\u021bionat la ora 16:20\u201d, a spun reprezentan\u021bii IGSU.<\/p>\n<p>Salvatorii, care au intervenit la locul accidentului, au stabilit c\u0103 doi b\u0103rba\u021bi au r\u0103mas bloca\u021bi sub d\u0103r\u00e2m\u0103turile schelei pr\u0103bu\u0219ite.<\/p>\n<p>Muncitorii au fost debloca\u021bi \u00een scurt timp. Potrivit informa\u021biilor, b\u0103rba\u021bii au suferit diverse traumatisme \u0219i au fost transporta\u021bi la spital, pentru investiga\u021bii \u0219i \u00eengrijiri medicale.<\/p>\n<p>Circumstan\u021bele \u0219i cauza incidentului urmeaz\u0103 a fi stabilite.<\/p>\n<p><img decoding=\"async\" class=\"alignnone size-full wp-image-429867 lazyload\" data-src=\"https:\/\/tv8.md\/wp-content\/uploads\/2021\/06\/195017795_4625442690817818_7776720186499589128_n.jpg\" data-sizes=\"(max-width: 960px) 100vw, 960px\" data-srcset=\"https:\/\/tv8.md\/wp-content\/uploads\/2021\/06\/195017795_4625442690817818_7776720186499589128_n.jpg 960w, https:\/\/tv8.md\/wp-content\/uploads\/2021\/06\/195017795_4625442690817818_7776720186499589128_n-225x300.jpg 225w, https:\/\/tv8.md\/wp-content\/uploads\/2021\/06\/195017795_4625442690817818_7776720186499589128_n-768x1024.jpg 768w\" alt=\"\" width=\"960\" height=\"1280\" src=\"data:image\/svg+xml;base64,PHN2ZyB3aWR0aD0iMSIgaGVpZ2h0PSIxIiB4bWxucz0iaHR0cDovL3d3dy53My5vcmcvMjAwMC9zdmciPjwvc3ZnPg==\" style=\"--smush-placeholder-width: 960px; --smush-placeholder-aspect-ratio: 960\/1280;\" \/><img decoding=\"async\" class=\"alignnone size-full wp-image-429866 lazyload\" data-src=\"https:\/\/tv8.md\/wp-content\/uploads\/2021\/06\/194975729_4625442680817819_4107566368165144732_n.jpg\" data-sizes=\"(max-width: 900px) 100vw, 900px\" data-srcset=\"https:\/\/tv8.md\/wp-content\/uploads\/2021\/06\/194975729_4625442680817819_4107566368165144732_n.jpg 900w, https:\/\/tv8.md\/wp-content\/uploads\/2021\/06\/194975729_4625442680817819_4107566368165144732_n-169x300.jpg 169w, https:\/\/tv8.md\/wp-content\/uploads\/2021\/06\/194975729_4625442680817819_4107566368165144732_n-576x1024.jpg 576w, https:\/\/tv8.md\/wp-content\/uploads\/2021\/06\/194975729_4625442680817819_4107566368165144732_n-768x1365.jpg 768w, https:\/\/tv8.md\/wp-content\/uploads\/2021\/06\/194975729_4625442680817819_4107566368165144732_n-864x1536.jpg 864w\" alt=\"\" width=\"900\" height=\"1600\" src=\"data:image\/svg+xml;base64,PHN2ZyB3aWR0aD0iMSIgaGVpZ2h0PSIxIiB4bWxucz0iaHR0cDovL3d3dy53My5vcmcvMjAwMC9zdmciPjwvc3ZnPg==\" style=\"--smush-placeholder-width: 900px; --smush-placeholder-aspect-ratio: 900\/1600;\" \/><img decoding=\"async\" class=\"alignnone size-full wp-image-429865 lazyload\" data-src=\"https:\/\/tv8.md\/wp-content\/uploads\/2021\/06\/193403492_4625442554151165_4615819323630988956_n.jpg\" data-sizes=\"(max-width: 1280px) 100vw, 1280px\" data-srcset=\"https:\/\/tv8.md\/wp-content\/uploads\/2021\/06\/193403492_4625442554151165_4615819323630988956_n.jpg 1280w, https:\/\/tv8.md\/wp-content\/uploads\/2021\/06\/193403492_4625442554151165_4615819323630988956_n-300x135.jpg 300w, https:\/\/tv8.md\/wp-content\/uploads\/2021\/06\/193403492_4625442554151165_4615819323630988956_n-1024x461.jpg 1024w, https:\/\/tv8.md\/wp-content\/uploads\/2021\/06\/193403492_4625442554151165_4615819323630988956_n-768x346.jpg 768w, https:\/\/tv8.md\/wp-content\/uploads\/2021\/06\/193403492_4625442554151165_4615819323630988956_n-450x203.jpg 450w\" alt=\"\" width=\"1280\" height=\"576\" src=\"data:image\/svg+xml;base64,PHN2ZyB3aWR0aD0iMSIgaGVpZ2h0PSIxIiB4bWxucz0iaHR0cDovL3d3dy53My5vcmcvMjAwMC9zdmciPjwvc3ZnPg==\" style=\"--smush-placeholder-width: 1280px; --smush-placeholder-aspect-ratio: 1280\/576;\" \/><img decoding=\"async\" class=\"alignnone size-full wp-image-429864 lazyload\" data-src=\"https:\/\/tv8.md\/wp-content\/uploads\/2021\/06\/195696681_4625442550817832_3723319830521864597_n.jpg\" data-sizes=\"(max-width: 1280px) 100vw, 1280px\" data-srcset=\"https:\/\/tv8.md\/wp-content\/uploads\/2021\/06\/195696681_4625442550817832_3723319830521864597_n.jpg 1280w, https:\/\/tv8.md\/wp-content\/uploads\/2021\/06\/195696681_4625442550817832_3723319830521864597_n-300x135.jpg 300w, https:\/\/tv8.md\/wp-content\/uploads\/2021\/06\/195696681_4625442550817832_3723319830521864597_n-1024x461.jpg 1024w, https:\/\/tv8.md\/wp-content\/uploads\/2021\/06\/195696681_4625442550817832_3723319830521864597_n-768x346.jpg 768w, https:\/\/tv8.md\/wp-content\/uploads\/2021\/06\/195696681_4625442550817832_3723319830521864597_n-450x203.jpg 450w\" alt=\"\" width=\"1280\" height=\"576\" src=\"data:image\/svg+xml;base64,PHN2ZyB3aWR0aD0iMSIgaGVpZ2h0PSIxIiB4bWxucz0iaHR0cDovL3d3dy53My5vcmcvMjAwMC9zdmciPjwvc3ZnPg==\" style=\"--smush-placeholder-width: 1280px; --smush-placeholder-aspect-ratio: 1280\/576;\" \/><\/p>\n<p>Foto: tv8.md.<\/p>\n","protected":false},"excerpt":{"rendered":"<p>Doi oameni s-au pr\u0103bu\u0219it \u00een gol \u00een timp ce efectuau lucr\u0103ri de construc\u021bie pe strada Valea Trandafirilor din Capital\u0103. Muncitorii au fost transporta\u021bi la spital, scrie tv8.md. \u201eAst\u0103zi, salvatorii Inspectoratului General pentru Situa\u021bii de Urgen\u021b\u0103 au intervenit pentru a debloca dou\u0103 persoane care s-au pr\u0103bu\u0219it \u00een gol \u00een timpul ce efectuau lucr\u0103rile de construc\u021bie pe [&hellip;]<\/p>\n","protected":false},"author":4,"featured_media":130787,"comment_status":"closed","ping_status":"closed","sticky":false,"template":"","format":"standard","meta":{"footnotes":""},"categories":[6349],"tags":[26100,26101],"class_list":["post-130786","post","type-post","status-publish","format-standard","has-post-thumbnail","hentry","category-social","tag-foto-doi-oameni-s-au-prabusit-in-gol-in-timp-ce-efectuat-lucrari-de-constructie-la-botanica-muncitorii","tag-transportati-la-spital"],"yoast_head":"<!-- This site is optimized with the Yoast SEO plugin v27.4 - https:\/\/yoast.com\/product\/yoast-seo-wordpress\/ -->\n<title>\/FOTO\/ Doi oameni s-au pr\u0103bu\u0219it \u00een gol \u00een timp ce efectuat lucr\u0103ri de construc\u021bie la Botanica. Muncitorii, transporta\u021bi la spital - BTV<\/title>\n<meta name=\"robots\" content=\"index, follow, max-snippet:-1, max-image-preview:large, max-video-preview:-1\" \/>\n<link rel=\"canonical\" href=\"https:\/\/www.btv.md\/ro\/foto-doi-oameni-s-au-prabusit-in-gol-in-timp-ce-efectuat-lucrari-de-constructie-la-botanica-muncitorii-transportati-la-spital\/\" \/>\n<meta property=\"og:locale\" content=\"ro_RO\" \/>\n<meta property=\"og:type\" content=\"article\" \/>\n<meta property=\"og:title\" content=\"\/FOTO\/ Doi oameni s-au pr\u0103bu\u0219it \u00een gol \u00een timp ce efectuat lucr\u0103ri de construc\u021bie la Botanica. Muncitorii, transporta\u021bi la spital - BTV\" \/>\n<meta property=\"og:description\" content=\"Doi oameni s-au pr\u0103bu\u0219it \u00een gol \u00een timp ce efectuau lucr\u0103ri de construc\u021bie pe strada Valea Trandafirilor din Capital\u0103. Muncitorii au fost transporta\u021bi la spital, scrie tv8.md. \u201eAst\u0103zi, salvatorii Inspectoratului General pentru Situa\u021bii de Urgen\u021b\u0103 au intervenit pentru a debloca dou\u0103 persoane care s-au pr\u0103bu\u0219it \u00een gol \u00een timpul ce efectuau lucr\u0103rile de construc\u021bie pe [&hellip;]\" \/>\n<meta property=\"og:url\" content=\"https:\/\/www.btv.md\/ro\/foto-doi-oameni-s-au-prabusit-in-gol-in-timp-ce-efectuat-lucrari-de-constructie-la-botanica-muncitorii-transportati-la-spital\/\" \/>\n<meta property=\"og:site_name\" content=\"BTV\" \/>\n<meta property=\"article:publisher\" content=\"https:\/\/www.facebook.com\/btvmoldova\/\" \/>\n<meta property=\"article:published_time\" content=\"2021-06-04T16:15:10+00:00\" \/>\n<meta property=\"og:image\" content=\"https:\/\/www.btv.md\/wp-content\/uploads\/2021\/06\/195696681_4625442550817832_3723319830521864597_n.jpg\" \/>\n\t<meta property=\"og:image:width\" content=\"1280\" \/>\n\t<meta property=\"og:image:height\" content=\"576\" \/>\n\t<meta property=\"og:image:type\" content=\"image\/jpeg\" \/>\n<meta name=\"author\" content=\"admin\" \/>\n<meta name=\"twitter:label1\" content=\"Scris de\" \/>\n\t<meta name=\"twitter:data1\" content=\"admin\" \/>\n\t<meta name=\"twitter:label2\" content=\"Timp estimat pentru citire\" \/>\n\t<meta name=\"twitter:data2\" content=\"2 minute\" \/>\n<script type=\"application\/ld+json\" class=\"yoast-schema-graph\">{\"@context\":\"https:\\\/\\\/schema.org\",\"@graph\":[{\"@type\":\"Article\",\"@id\":\"https:\\\/\\\/www.btv.md\\\/ro\\\/foto-doi-oameni-s-au-prabusit-in-gol-in-timp-ce-efectuat-lucrari-de-constructie-la-botanica-muncitorii-transportati-la-spital\\\/#article\",\"isPartOf\":{\"@id\":\"https:\\\/\\\/www.btv.md\\\/ro\\\/foto-doi-oameni-s-au-prabusit-in-gol-in-timp-ce-efectuat-lucrari-de-constructie-la-botanica-muncitorii-transportati-la-spital\\\/\"},\"author\":{\"name\":\"admin\",\"@id\":\"https:\\\/\\\/www.btv.md\\\/#\\\/schema\\\/person\\\/8fadce81561b3ce2c34c46dadc4ccbf2\"},\"headline\":\"\\\/FOTO\\\/ Doi oameni s-au pr\u0103bu\u0219it \u00een gol \u00een timp ce efectuat lucr\u0103ri de construc\u021bie la Botanica. Muncitorii, transporta\u021bi la spital\",\"datePublished\":\"2021-06-04T16:15:10+00:00\",\"mainEntityOfPage\":{\"@id\":\"https:\\\/\\\/www.btv.md\\\/ro\\\/foto-doi-oameni-s-au-prabusit-in-gol-in-timp-ce-efectuat-lucrari-de-constructie-la-botanica-muncitorii-transportati-la-spital\\\/\"},\"wordCount\":180,\"image\":{\"@id\":\"https:\\\/\\\/www.btv.md\\\/ro\\\/foto-doi-oameni-s-au-prabusit-in-gol-in-timp-ce-efectuat-lucrari-de-constructie-la-botanica-muncitorii-transportati-la-spital\\\/#primaryimage\"},\"thumbnailUrl\":\"https:\\\/\\\/www.btv.md\\\/wp-content\\\/uploads\\\/2021\\\/06\\\/195696681_4625442550817832_3723319830521864597_n.jpg\",\"keywords\":[\"\\\/FOTO\\\/ Doi oameni s-au pr\u0103bu\u0219it \u00een gol \u00een timp ce efectuat lucr\u0103ri de construc\u021bie la Botanica. Muncitorii\",\"transporta\u021bi la spital\"],\"articleSection\":[\"Social\"],\"inLanguage\":\"ro-RO\"},{\"@type\":\"WebPage\",\"@id\":\"https:\\\/\\\/www.btv.md\\\/ro\\\/foto-doi-oameni-s-au-prabusit-in-gol-in-timp-ce-efectuat-lucrari-de-constructie-la-botanica-muncitorii-transportati-la-spital\\\/\",\"url\":\"https:\\\/\\\/www.btv.md\\\/ro\\\/foto-doi-oameni-s-au-prabusit-in-gol-in-timp-ce-efectuat-lucrari-de-constructie-la-botanica-muncitorii-transportati-la-spital\\\/\",\"name\":\"\\\/FOTO\\\/ Doi oameni s-au pr\u0103bu\u0219it \u00een gol \u00een timp ce efectuat lucr\u0103ri de construc\u021bie la Botanica. Muncitorii, transporta\u021bi la spital - BTV\",\"isPartOf\":{\"@id\":\"https:\\\/\\\/www.btv.md\\\/#website\"},\"primaryImageOfPage\":{\"@id\":\"https:\\\/\\\/www.btv.md\\\/ro\\\/foto-doi-oameni-s-au-prabusit-in-gol-in-timp-ce-efectuat-lucrari-de-constructie-la-botanica-muncitorii-transportati-la-spital\\\/#primaryimage\"},\"image\":{\"@id\":\"https:\\\/\\\/www.btv.md\\\/ro\\\/foto-doi-oameni-s-au-prabusit-in-gol-in-timp-ce-efectuat-lucrari-de-constructie-la-botanica-muncitorii-transportati-la-spital\\\/#primaryimage\"},\"thumbnailUrl\":\"https:\\\/\\\/www.btv.md\\\/wp-content\\\/uploads\\\/2021\\\/06\\\/195696681_4625442550817832_3723319830521864597_n.jpg\",\"datePublished\":\"2021-06-04T16:15:10+00:00\",\"author\":{\"@id\":\"https:\\\/\\\/www.btv.md\\\/#\\\/schema\\\/person\\\/8fadce81561b3ce2c34c46dadc4ccbf2\"},\"inLanguage\":\"ro-RO\",\"potentialAction\":[{\"@type\":\"ReadAction\",\"target\":[\"https:\\\/\\\/www.btv.md\\\/ro\\\/foto-doi-oameni-s-au-prabusit-in-gol-in-timp-ce-efectuat-lucrari-de-constructie-la-botanica-muncitorii-transportati-la-spital\\\/\"]}]},{\"@type\":\"ImageObject\",\"inLanguage\":\"ro-RO\",\"@id\":\"https:\\\/\\\/www.btv.md\\\/ro\\\/foto-doi-oameni-s-au-prabusit-in-gol-in-timp-ce-efectuat-lucrari-de-constructie-la-botanica-muncitorii-transportati-la-spital\\\/#primaryimage\",\"url\":\"https:\\\/\\\/www.btv.md\\\/wp-content\\\/uploads\\\/2021\\\/06\\\/195696681_4625442550817832_3723319830521864597_n.jpg\",\"contentUrl\":\"https:\\\/\\\/www.btv.md\\\/wp-content\\\/uploads\\\/2021\\\/06\\\/195696681_4625442550817832_3723319830521864597_n.jpg\",\"width\":1280,\"height\":576},{\"@type\":\"WebSite\",\"@id\":\"https:\\\/\\\/www.btv.md\\\/#website\",\"url\":\"https:\\\/\\\/www.btv.md\\\/\",\"name\":\"BTV\",\"description\":\"\u0411\u0435\u043b\u044c\u0446\u043a\u043e\u0435 \u0442\u0435\u043b\u0435\u0432\u0438\u0434\u0435\u043d\u0438\u0435\",\"potentialAction\":[{\"@type\":\"SearchAction\",\"target\":{\"@type\":\"EntryPoint\",\"urlTemplate\":\"https:\\\/\\\/www.btv.md\\\/?s={search_term_string}\"},\"query-input\":{\"@type\":\"PropertyValueSpecification\",\"valueRequired\":true,\"valueName\":\"search_term_string\"}}],\"inLanguage\":\"ro-RO\"},{\"@type\":\"Person\",\"@id\":\"https:\\\/\\\/www.btv.md\\\/#\\\/schema\\\/person\\\/8fadce81561b3ce2c34c46dadc4ccbf2\",\"name\":\"admin\"}]}<\/script>\n<!-- \/ Yoast SEO plugin. -->","yoast_head_json":{"title":"\/FOTO\/ Doi oameni s-au pr\u0103bu\u0219it \u00een gol \u00een timp ce efectuat lucr\u0103ri de construc\u021bie la Botanica. Muncitorii, transporta\u021bi la spital - BTV","robots":{"index":"index","follow":"follow","max-snippet":"max-snippet:-1","max-image-preview":"max-image-preview:large","max-video-preview":"max-video-preview:-1"},"canonical":"https:\/\/www.btv.md\/ro\/foto-doi-oameni-s-au-prabusit-in-gol-in-timp-ce-efectuat-lucrari-de-constructie-la-botanica-muncitorii-transportati-la-spital\/","og_locale":"ro_RO","og_type":"article","og_title":"\/FOTO\/ Doi oameni s-au pr\u0103bu\u0219it \u00een gol \u00een timp ce efectuat lucr\u0103ri de construc\u021bie la Botanica. Muncitorii, transporta\u021bi la spital - BTV","og_description":"Doi oameni s-au pr\u0103bu\u0219it \u00een gol \u00een timp ce efectuau lucr\u0103ri de construc\u021bie pe strada Valea Trandafirilor din Capital\u0103. Muncitorii au fost transporta\u021bi la spital, scrie tv8.md. \u201eAst\u0103zi, salvatorii Inspectoratului General pentru Situa\u021bii de Urgen\u021b\u0103 au intervenit pentru a debloca dou\u0103 persoane care s-au pr\u0103bu\u0219it \u00een gol \u00een timpul ce efectuau lucr\u0103rile de construc\u021bie pe [&hellip;]","og_url":"https:\/\/www.btv.md\/ro\/foto-doi-oameni-s-au-prabusit-in-gol-in-timp-ce-efectuat-lucrari-de-constructie-la-botanica-muncitorii-transportati-la-spital\/","og_site_name":"BTV","article_publisher":"https:\/\/www.facebook.com\/btvmoldova\/","article_published_time":"2021-06-04T16:15:10+00:00","og_image":[{"width":1280,"height":576,"url":"https:\/\/www.btv.md\/wp-content\/uploads\/2021\/06\/195696681_4625442550817832_3723319830521864597_n.jpg","type":"image\/jpeg"}],"author":"admin","twitter_misc":{"Scris de":"admin","Timp estimat pentru citire":"2 minute"},"schema":{"@context":"https:\/\/schema.org","@graph":[{"@type":"Article","@id":"https:\/\/www.btv.md\/ro\/foto-doi-oameni-s-au-prabusit-in-gol-in-timp-ce-efectuat-lucrari-de-constructie-la-botanica-muncitorii-transportati-la-spital\/#article","isPartOf":{"@id":"https:\/\/www.btv.md\/ro\/foto-doi-oameni-s-au-prabusit-in-gol-in-timp-ce-efectuat-lucrari-de-constructie-la-botanica-muncitorii-transportati-la-spital\/"},"author":{"name":"admin","@id":"https:\/\/www.btv.md\/#\/schema\/person\/8fadce81561b3ce2c34c46dadc4ccbf2"},"headline":"\/FOTO\/ Doi oameni s-au pr\u0103bu\u0219it \u00een gol \u00een timp ce efectuat lucr\u0103ri de construc\u021bie la Botanica. Muncitorii, transporta\u021bi la spital","datePublished":"2021-06-04T16:15:10+00:00","mainEntityOfPage":{"@id":"https:\/\/www.btv.md\/ro\/foto-doi-oameni-s-au-prabusit-in-gol-in-timp-ce-efectuat-lucrari-de-constructie-la-botanica-muncitorii-transportati-la-spital\/"},"wordCount":180,"image":{"@id":"https:\/\/www.btv.md\/ro\/foto-doi-oameni-s-au-prabusit-in-gol-in-timp-ce-efectuat-lucrari-de-constructie-la-botanica-muncitorii-transportati-la-spital\/#primaryimage"},"thumbnailUrl":"https:\/\/www.btv.md\/wp-content\/uploads\/2021\/06\/195696681_4625442550817832_3723319830521864597_n.jpg","keywords":["\/FOTO\/ Doi oameni s-au pr\u0103bu\u0219it \u00een gol \u00een timp ce efectuat lucr\u0103ri de construc\u021bie la Botanica. Muncitorii","transporta\u021bi la spital"],"articleSection":["Social"],"inLanguage":"ro-RO"},{"@type":"WebPage","@id":"https:\/\/www.btv.md\/ro\/foto-doi-oameni-s-au-prabusit-in-gol-in-timp-ce-efectuat-lucrari-de-constructie-la-botanica-muncitorii-transportati-la-spital\/","url":"https:\/\/www.btv.md\/ro\/foto-doi-oameni-s-au-prabusit-in-gol-in-timp-ce-efectuat-lucrari-de-constructie-la-botanica-muncitorii-transportati-la-spital\/","name":"\/FOTO\/ Doi oameni s-au pr\u0103bu\u0219it \u00een gol \u00een timp ce efectuat lucr\u0103ri de construc\u021bie la Botanica. Muncitorii, transporta\u021bi la spital - BTV","isPartOf":{"@id":"https:\/\/www.btv.md\/#website"},"primaryImageOfPage":{"@id":"https:\/\/www.btv.md\/ro\/foto-doi-oameni-s-au-prabusit-in-gol-in-timp-ce-efectuat-lucrari-de-constructie-la-botanica-muncitorii-transportati-la-spital\/#primaryimage"},"image":{"@id":"https:\/\/www.btv.md\/ro\/foto-doi-oameni-s-au-prabusit-in-gol-in-timp-ce-efectuat-lucrari-de-constructie-la-botanica-muncitorii-transportati-la-spital\/#primaryimage"},"thumbnailUrl":"https:\/\/www.btv.md\/wp-content\/uploads\/2021\/06\/195696681_4625442550817832_3723319830521864597_n.jpg","datePublished":"2021-06-04T16:15:10+00:00","author":{"@id":"https:\/\/www.btv.md\/#\/schema\/person\/8fadce81561b3ce2c34c46dadc4ccbf2"},"inLanguage":"ro-RO","potentialAction":[{"@type":"ReadAction","target":["https:\/\/www.btv.md\/ro\/foto-doi-oameni-s-au-prabusit-in-gol-in-timp-ce-efectuat-lucrari-de-constructie-la-botanica-muncitorii-transportati-la-spital\/"]}]},{"@type":"ImageObject","inLanguage":"ro-RO","@id":"https:\/\/www.btv.md\/ro\/foto-doi-oameni-s-au-prabusit-in-gol-in-timp-ce-efectuat-lucrari-de-constructie-la-botanica-muncitorii-transportati-la-spital\/#primaryimage","url":"https:\/\/www.btv.md\/wp-content\/uploads\/2021\/06\/195696681_4625442550817832_3723319830521864597_n.jpg","contentUrl":"https:\/\/www.btv.md\/wp-content\/uploads\/2021\/06\/195696681_4625442550817832_3723319830521864597_n.jpg","width":1280,"height":576},{"@type":"WebSite","@id":"https:\/\/www.btv.md\/#website","url":"https:\/\/www.btv.md\/","name":"BTV","description":"\u0411\u0435\u043b\u044c\u0446\u043a\u043e\u0435 \u0442\u0435\u043b\u0435\u0432\u0438\u0434\u0435\u043d\u0438\u0435","potentialAction":[{"@type":"SearchAction","target":{"@type":"EntryPoint","urlTemplate":"https:\/\/www.btv.md\/?s={search_term_string}"},"query-input":{"@type":"PropertyValueSpecification","valueRequired":true,"valueName":"search_term_string"}}],"inLanguage":"ro-RO"},{"@type":"Person","@id":"https:\/\/www.btv.md\/#\/schema\/person\/8fadce81561b3ce2c34c46dadc4ccbf2","name":"admin"}]}},"_links":{"self":[{"href":"https:\/\/www.btv.md\/ro\/wp-json\/wp\/v2\/posts\/130786","targetHints":{"allow":["GET"]}}],"collection":[{"href":"https:\/\/www.btv.md\/ro\/wp-json\/wp\/v2\/posts"}],"about":[{"href":"https:\/\/www.btv.md\/ro\/wp-json\/wp\/v2\/types\/post"}],"author":[{"embeddable":true,"href":"https:\/\/www.btv.md\/ro\/wp-json\/wp\/v2\/users\/4"}],"replies":[{"embeddable":true,"href":"https:\/\/www.btv.md\/ro\/wp-json\/wp\/v2\/comments?post=130786"}],"version-history":[{"count":0,"href":"https:\/\/www.btv.md\/ro\/wp-json\/wp\/v2\/posts\/130786\/revisions"}],"wp:featuredmedia":[{"embeddable":true,"href":"https:\/\/www.btv.md\/ro\/wp-json\/wp\/v2\/media\/130787"}],"wp:attachment":[{"href":"https:\/\/www.btv.md\/ro\/wp-json\/wp\/v2\/media?parent=130786"}],"wp:term":[{"taxonomy":"category","embeddable":true,"href":"https:\/\/www.btv.md\/ro\/wp-json\/wp\/v2\/categories?post=130786"},{"taxonomy":"post_tag","embeddable":true,"href":"https:\/\/www.btv.md\/ro\/wp-json\/wp\/v2\/tags?post=130786"}],"curies":[{"name":"wp","href":"https:\/\/api.w.org\/{rel}","templated":true}]}}