{"id":130790,"date":"2021-06-05T10:15:50","date_gmt":"2021-06-05T07:15:50","guid":{"rendered":"http:\/\/www.btv.md\/?p=130790"},"modified":"2021-06-05T10:15:50","modified_gmt":"2021-06-05T07:15:50","slug":"doc-romania-a-stabilit-noua-lista-a-tarilor-cu-risc-epidemiologic-republica-moldova-se-afla-in-zona-verde","status":"publish","type":"post","link":"https:\/\/www.btv.md\/ro\/doc-romania-a-stabilit-noua-lista-a-tarilor-cu-risc-epidemiologic-republica-moldova-se-afla-in-zona-verde\/","title":{"rendered":"\/DOC\/ Rom\u00e2nia a stabilit noua list\u0103 a \u021b\u0103rilor cu risc epidemiologic. Republica Moldova se afl\u0103 \u00een zona verde"},"content":{"rendered":"<p data-index=\"1\"><strong>Guvernul Rom\u00e2niei a actualizat lista \u021b\u0103rilor cu risc epidemiologic \u00een cele trei zone (verde, galben, ro\u0219u), pe baza inciden\u021bei cazurilor de COVID-19 la nivel interna\u021bional. Un num\u0103r mare de \u021b\u0103ri sunt acum \u00een zona verde de risc, printre care \u0219i Republica Moldova, scrie <a href=\"https:\/\/tv8.md\/2021\/06\/05\/doc-romania-a-stabilit-noua-lista-a-tarilor-cu-risc-epidemiologic-republica-moldova-se-afla-in-zona-verde\/\">tv8.md<\/a>.<\/strong><\/p>\n<p data-index=\"5\"><span lang=\"ro-RO\">\u00cen zona verde intr\u0103 \u021b\u0103rile \u00een care\u00a0<\/span><span lang=\"ro-RO\">rata cumulat\u0103 de inciden\u021b\u0103 a cazurilor noi de \u00eemboln\u0103vire din ultimele 14 zile raportat\u0103 la 1.000 de locuitori este mai mic\u0103 sau egal\u0103 cu 1,5.\u00a0<\/span><span lang=\"ro-RO\">z<\/span><span lang=\"ro-RO\">ona\u00a0<\/span><span lang=\"ro-RO\">g<\/span><span lang=\"ro-RO\">alben\u0103\u00a0<\/span><span lang=\"ro-RO\">este cea<\/span><span lang=\"ro-RO\"> unde rata cumulat\u0103 de inciden\u021b\u0103 a cazurilor noi de \u00eemboln\u0103vire din ultimele 14 zile raportat\u0103 la 1.000 de locuitori este cuprins\u0103 \u00eentre 1,5 \u0219i 3 la 1.000 de locuitori.\u00a0<\/span><\/p>\n<p data-index=\"5\"><span lang=\"ro-RO\">\u00cen z<\/span><span lang=\"ro-RO\">ona\u00a0<\/span><span lang=\"ro-RO\">r<\/span><span lang=\"ro-RO\">o\u0219ie\u00a0<\/span><span lang=\"ro-RO\">sunt \u021b\u0103rile \u0219i teritoriile<\/span><span lang=\"ro-RO\">\u00a0unde rata cumulat\u0103 de inciden\u021b\u0103 a cazurilor noi de \u00eemboln\u0103vire din ultimele 14 zile raportat\u0103 la 1.000 de locuitori este mai mare sau egal\u0103 cu 3 la 1.000 de locuitori.<\/span><\/p>\n<p><iframe id=\"doc_56934\" class=\"scribd_iframe_embed lazyload\" title=\"doc\" data-src=\"https:\/\/ru.scribd.com\/embeds\/510616970\/content?start_page=1&amp;view_mode=scroll&amp;access_key=key-9KNZibfRwag6FuRrjOkk\" width=\"728\" height=\"600\" frameborder=\"0\" scrolling=\"no\" data-auto-height=\"false\" data-aspect-ratio=\"0.7080062794348508\" data-mce-fragment=\"1\" src=\"data:image\/svg+xml;base64,PHN2ZyB3aWR0aD0iMSIgaGVpZ2h0PSIxIiB4bWxucz0iaHR0cDovL3d3dy53My5vcmcvMjAwMC9zdmciPjwvc3ZnPg==\" data-load-mode=\"1\"><\/iframe><\/p>\n<p>Foto din resurse deschise.<\/p>\n","protected":false},"excerpt":{"rendered":"<p>Guvernul Rom\u00e2niei a actualizat lista \u021b\u0103rilor cu risc epidemiologic \u00een cele trei zone (verde, galben, ro\u0219u), pe baza inciden\u021bei cazurilor de COVID-19 la nivel interna\u021bional. Un num\u0103r mare de \u021b\u0103ri sunt acum \u00een zona verde de risc, printre care \u0219i Republica Moldova, scrie tv8.md. \u00cen zona verde intr\u0103 \u021b\u0103rile \u00een care\u00a0rata cumulat\u0103 de inciden\u021b\u0103 a [&hellip;]<\/p>\n","protected":false},"author":4,"featured_media":130791,"comment_status":"closed","ping_status":"closed","sticky":false,"template":"","format":"standard","meta":{"footnotes":""},"categories":[6349],"tags":[26102],"class_list":["post-130790","post","type-post","status-publish","format-standard","has-post-thumbnail","hentry","category-social","tag-doc-romania-a-stabilit-noua-lista-a-tarilor-cu-risc-epidemiologic-republica-moldova-se-afla-in-zona-verde"],"yoast_head":"<!-- This site is optimized with the Yoast SEO plugin v27.4 - https:\/\/yoast.com\/product\/yoast-seo-wordpress\/ -->\n<title>\/DOC\/ Rom\u00e2nia a stabilit noua list\u0103 a \u021b\u0103rilor cu risc epidemiologic. Republica Moldova se afl\u0103 \u00een zona verde - BTV<\/title>\n<meta name=\"robots\" content=\"index, follow, max-snippet:-1, max-image-preview:large, max-video-preview:-1\" \/>\n<link rel=\"canonical\" href=\"https:\/\/www.btv.md\/ro\/doc-romania-a-stabilit-noua-lista-a-tarilor-cu-risc-epidemiologic-republica-moldova-se-afla-in-zona-verde\/\" \/>\n<meta property=\"og:locale\" content=\"ro_RO\" \/>\n<meta property=\"og:type\" content=\"article\" \/>\n<meta property=\"og:title\" content=\"\/DOC\/ Rom\u00e2nia a stabilit noua list\u0103 a \u021b\u0103rilor cu risc epidemiologic. Republica Moldova se afl\u0103 \u00een zona verde - BTV\" \/>\n<meta property=\"og:description\" content=\"Guvernul Rom\u00e2niei a actualizat lista \u021b\u0103rilor cu risc epidemiologic \u00een cele trei zone (verde, galben, ro\u0219u), pe baza inciden\u021bei cazurilor de COVID-19 la nivel interna\u021bional. Un num\u0103r mare de \u021b\u0103ri sunt acum \u00een zona verde de risc, printre care \u0219i Republica Moldova, scrie tv8.md. \u00cen zona verde intr\u0103 \u021b\u0103rile \u00een care\u00a0rata cumulat\u0103 de inciden\u021b\u0103 a [&hellip;]\" \/>\n<meta property=\"og:url\" content=\"https:\/\/www.btv.md\/ro\/doc-romania-a-stabilit-noua-lista-a-tarilor-cu-risc-epidemiologic-republica-moldova-se-afla-in-zona-verde\/\" \/>\n<meta property=\"og:site_name\" content=\"BTV\" \/>\n<meta property=\"article:publisher\" content=\"https:\/\/www.facebook.com\/btvmoldova\/\" \/>\n<meta property=\"article:published_time\" content=\"2021-06-05T07:15:50+00:00\" \/>\n<meta property=\"og:image\" content=\"https:\/\/www.btv.md\/wp-content\/uploads\/2021\/06\/vama-sculeni.jpg\" \/>\n\t<meta property=\"og:image:width\" content=\"900\" \/>\n\t<meta property=\"og:image:height\" content=\"584\" \/>\n\t<meta property=\"og:image:type\" content=\"image\/jpeg\" \/>\n<meta name=\"author\" content=\"admin\" \/>\n<meta name=\"twitter:label1\" content=\"Scris de\" \/>\n\t<meta name=\"twitter:data1\" content=\"admin\" \/>\n\t<meta name=\"twitter:label2\" content=\"Timp estimat pentru citire\" \/>\n\t<meta name=\"twitter:data2\" content=\"1 minut\" \/>\n<script type=\"application\/ld+json\" class=\"yoast-schema-graph\">{\"@context\":\"https:\\\/\\\/schema.org\",\"@graph\":[{\"@type\":\"Article\",\"@id\":\"https:\\\/\\\/www.btv.md\\\/ro\\\/doc-romania-a-stabilit-noua-lista-a-tarilor-cu-risc-epidemiologic-republica-moldova-se-afla-in-zona-verde\\\/#article\",\"isPartOf\":{\"@id\":\"https:\\\/\\\/www.btv.md\\\/ro\\\/doc-romania-a-stabilit-noua-lista-a-tarilor-cu-risc-epidemiologic-republica-moldova-se-afla-in-zona-verde\\\/\"},\"author\":{\"name\":\"admin\",\"@id\":\"https:\\\/\\\/www.btv.md\\\/#\\\/schema\\\/person\\\/8fadce81561b3ce2c34c46dadc4ccbf2\"},\"headline\":\"\\\/DOC\\\/ Rom\u00e2nia a stabilit noua list\u0103 a \u021b\u0103rilor cu risc epidemiologic. Republica Moldova se afl\u0103 \u00een zona verde\",\"datePublished\":\"2021-06-05T07:15:50+00:00\",\"mainEntityOfPage\":{\"@id\":\"https:\\\/\\\/www.btv.md\\\/ro\\\/doc-romania-a-stabilit-noua-lista-a-tarilor-cu-risc-epidemiologic-republica-moldova-se-afla-in-zona-verde\\\/\"},\"wordCount\":171,\"image\":{\"@id\":\"https:\\\/\\\/www.btv.md\\\/ro\\\/doc-romania-a-stabilit-noua-lista-a-tarilor-cu-risc-epidemiologic-republica-moldova-se-afla-in-zona-verde\\\/#primaryimage\"},\"thumbnailUrl\":\"https:\\\/\\\/www.btv.md\\\/wp-content\\\/uploads\\\/2021\\\/06\\\/vama-sculeni.jpg\",\"keywords\":[\"\\\/DOC\\\/ Rom\u00e2nia a stabilit noua list\u0103 a \u021b\u0103rilor cu risc epidemiologic. Republica Moldova se afl\u0103 \u00een zona verde\"],\"articleSection\":[\"Social\"],\"inLanguage\":\"ro-RO\"},{\"@type\":\"WebPage\",\"@id\":\"https:\\\/\\\/www.btv.md\\\/ro\\\/doc-romania-a-stabilit-noua-lista-a-tarilor-cu-risc-epidemiologic-republica-moldova-se-afla-in-zona-verde\\\/\",\"url\":\"https:\\\/\\\/www.btv.md\\\/ro\\\/doc-romania-a-stabilit-noua-lista-a-tarilor-cu-risc-epidemiologic-republica-moldova-se-afla-in-zona-verde\\\/\",\"name\":\"\\\/DOC\\\/ Rom\u00e2nia a stabilit noua list\u0103 a \u021b\u0103rilor cu risc epidemiologic. Republica Moldova se afl\u0103 \u00een zona verde - BTV\",\"isPartOf\":{\"@id\":\"https:\\\/\\\/www.btv.md\\\/#website\"},\"primaryImageOfPage\":{\"@id\":\"https:\\\/\\\/www.btv.md\\\/ro\\\/doc-romania-a-stabilit-noua-lista-a-tarilor-cu-risc-epidemiologic-republica-moldova-se-afla-in-zona-verde\\\/#primaryimage\"},\"image\":{\"@id\":\"https:\\\/\\\/www.btv.md\\\/ro\\\/doc-romania-a-stabilit-noua-lista-a-tarilor-cu-risc-epidemiologic-republica-moldova-se-afla-in-zona-verde\\\/#primaryimage\"},\"thumbnailUrl\":\"https:\\\/\\\/www.btv.md\\\/wp-content\\\/uploads\\\/2021\\\/06\\\/vama-sculeni.jpg\",\"datePublished\":\"2021-06-05T07:15:50+00:00\",\"author\":{\"@id\":\"https:\\\/\\\/www.btv.md\\\/#\\\/schema\\\/person\\\/8fadce81561b3ce2c34c46dadc4ccbf2\"},\"inLanguage\":\"ro-RO\",\"potentialAction\":[{\"@type\":\"ReadAction\",\"target\":[\"https:\\\/\\\/www.btv.md\\\/ro\\\/doc-romania-a-stabilit-noua-lista-a-tarilor-cu-risc-epidemiologic-republica-moldova-se-afla-in-zona-verde\\\/\"]}]},{\"@type\":\"ImageObject\",\"inLanguage\":\"ro-RO\",\"@id\":\"https:\\\/\\\/www.btv.md\\\/ro\\\/doc-romania-a-stabilit-noua-lista-a-tarilor-cu-risc-epidemiologic-republica-moldova-se-afla-in-zona-verde\\\/#primaryimage\",\"url\":\"https:\\\/\\\/www.btv.md\\\/wp-content\\\/uploads\\\/2021\\\/06\\\/vama-sculeni.jpg\",\"contentUrl\":\"https:\\\/\\\/www.btv.md\\\/wp-content\\\/uploads\\\/2021\\\/06\\\/vama-sculeni.jpg\",\"width\":900,\"height\":584},{\"@type\":\"WebSite\",\"@id\":\"https:\\\/\\\/www.btv.md\\\/#website\",\"url\":\"https:\\\/\\\/www.btv.md\\\/\",\"name\":\"BTV\",\"description\":\"\u0411\u0435\u043b\u044c\u0446\u043a\u043e\u0435 \u0442\u0435\u043b\u0435\u0432\u0438\u0434\u0435\u043d\u0438\u0435\",\"potentialAction\":[{\"@type\":\"SearchAction\",\"target\":{\"@type\":\"EntryPoint\",\"urlTemplate\":\"https:\\\/\\\/www.btv.md\\\/?s={search_term_string}\"},\"query-input\":{\"@type\":\"PropertyValueSpecification\",\"valueRequired\":true,\"valueName\":\"search_term_string\"}}],\"inLanguage\":\"ro-RO\"},{\"@type\":\"Person\",\"@id\":\"https:\\\/\\\/www.btv.md\\\/#\\\/schema\\\/person\\\/8fadce81561b3ce2c34c46dadc4ccbf2\",\"name\":\"admin\"}]}<\/script>\n<!-- \/ Yoast SEO plugin. -->","yoast_head_json":{"title":"\/DOC\/ Rom\u00e2nia a stabilit noua list\u0103 a \u021b\u0103rilor cu risc epidemiologic. Republica Moldova se afl\u0103 \u00een zona verde - BTV","robots":{"index":"index","follow":"follow","max-snippet":"max-snippet:-1","max-image-preview":"max-image-preview:large","max-video-preview":"max-video-preview:-1"},"canonical":"https:\/\/www.btv.md\/ro\/doc-romania-a-stabilit-noua-lista-a-tarilor-cu-risc-epidemiologic-republica-moldova-se-afla-in-zona-verde\/","og_locale":"ro_RO","og_type":"article","og_title":"\/DOC\/ Rom\u00e2nia a stabilit noua list\u0103 a \u021b\u0103rilor cu risc epidemiologic. Republica Moldova se afl\u0103 \u00een zona verde - BTV","og_description":"Guvernul Rom\u00e2niei a actualizat lista \u021b\u0103rilor cu risc epidemiologic \u00een cele trei zone (verde, galben, ro\u0219u), pe baza inciden\u021bei cazurilor de COVID-19 la nivel interna\u021bional. Un num\u0103r mare de \u021b\u0103ri sunt acum \u00een zona verde de risc, printre care \u0219i Republica Moldova, scrie tv8.md. \u00cen zona verde intr\u0103 \u021b\u0103rile \u00een care\u00a0rata cumulat\u0103 de inciden\u021b\u0103 a [&hellip;]","og_url":"https:\/\/www.btv.md\/ro\/doc-romania-a-stabilit-noua-lista-a-tarilor-cu-risc-epidemiologic-republica-moldova-se-afla-in-zona-verde\/","og_site_name":"BTV","article_publisher":"https:\/\/www.facebook.com\/btvmoldova\/","article_published_time":"2021-06-05T07:15:50+00:00","og_image":[{"width":900,"height":584,"url":"https:\/\/www.btv.md\/wp-content\/uploads\/2021\/06\/vama-sculeni.jpg","type":"image\/jpeg"}],"author":"admin","twitter_misc":{"Scris de":"admin","Timp estimat pentru citire":"1 minut"},"schema":{"@context":"https:\/\/schema.org","@graph":[{"@type":"Article","@id":"https:\/\/www.btv.md\/ro\/doc-romania-a-stabilit-noua-lista-a-tarilor-cu-risc-epidemiologic-republica-moldova-se-afla-in-zona-verde\/#article","isPartOf":{"@id":"https:\/\/www.btv.md\/ro\/doc-romania-a-stabilit-noua-lista-a-tarilor-cu-risc-epidemiologic-republica-moldova-se-afla-in-zona-verde\/"},"author":{"name":"admin","@id":"https:\/\/www.btv.md\/#\/schema\/person\/8fadce81561b3ce2c34c46dadc4ccbf2"},"headline":"\/DOC\/ Rom\u00e2nia a stabilit noua list\u0103 a \u021b\u0103rilor cu risc epidemiologic. Republica Moldova se afl\u0103 \u00een zona verde","datePublished":"2021-06-05T07:15:50+00:00","mainEntityOfPage":{"@id":"https:\/\/www.btv.md\/ro\/doc-romania-a-stabilit-noua-lista-a-tarilor-cu-risc-epidemiologic-republica-moldova-se-afla-in-zona-verde\/"},"wordCount":171,"image":{"@id":"https:\/\/www.btv.md\/ro\/doc-romania-a-stabilit-noua-lista-a-tarilor-cu-risc-epidemiologic-republica-moldova-se-afla-in-zona-verde\/#primaryimage"},"thumbnailUrl":"https:\/\/www.btv.md\/wp-content\/uploads\/2021\/06\/vama-sculeni.jpg","keywords":["\/DOC\/ Rom\u00e2nia a stabilit noua list\u0103 a \u021b\u0103rilor cu risc epidemiologic. Republica Moldova se afl\u0103 \u00een zona verde"],"articleSection":["Social"],"inLanguage":"ro-RO"},{"@type":"WebPage","@id":"https:\/\/www.btv.md\/ro\/doc-romania-a-stabilit-noua-lista-a-tarilor-cu-risc-epidemiologic-republica-moldova-se-afla-in-zona-verde\/","url":"https:\/\/www.btv.md\/ro\/doc-romania-a-stabilit-noua-lista-a-tarilor-cu-risc-epidemiologic-republica-moldova-se-afla-in-zona-verde\/","name":"\/DOC\/ Rom\u00e2nia a stabilit noua list\u0103 a \u021b\u0103rilor cu risc epidemiologic. Republica Moldova se afl\u0103 \u00een zona verde - BTV","isPartOf":{"@id":"https:\/\/www.btv.md\/#website"},"primaryImageOfPage":{"@id":"https:\/\/www.btv.md\/ro\/doc-romania-a-stabilit-noua-lista-a-tarilor-cu-risc-epidemiologic-republica-moldova-se-afla-in-zona-verde\/#primaryimage"},"image":{"@id":"https:\/\/www.btv.md\/ro\/doc-romania-a-stabilit-noua-lista-a-tarilor-cu-risc-epidemiologic-republica-moldova-se-afla-in-zona-verde\/#primaryimage"},"thumbnailUrl":"https:\/\/www.btv.md\/wp-content\/uploads\/2021\/06\/vama-sculeni.jpg","datePublished":"2021-06-05T07:15:50+00:00","author":{"@id":"https:\/\/www.btv.md\/#\/schema\/person\/8fadce81561b3ce2c34c46dadc4ccbf2"},"inLanguage":"ro-RO","potentialAction":[{"@type":"ReadAction","target":["https:\/\/www.btv.md\/ro\/doc-romania-a-stabilit-noua-lista-a-tarilor-cu-risc-epidemiologic-republica-moldova-se-afla-in-zona-verde\/"]}]},{"@type":"ImageObject","inLanguage":"ro-RO","@id":"https:\/\/www.btv.md\/ro\/doc-romania-a-stabilit-noua-lista-a-tarilor-cu-risc-epidemiologic-republica-moldova-se-afla-in-zona-verde\/#primaryimage","url":"https:\/\/www.btv.md\/wp-content\/uploads\/2021\/06\/vama-sculeni.jpg","contentUrl":"https:\/\/www.btv.md\/wp-content\/uploads\/2021\/06\/vama-sculeni.jpg","width":900,"height":584},{"@type":"WebSite","@id":"https:\/\/www.btv.md\/#website","url":"https:\/\/www.btv.md\/","name":"BTV","description":"\u0411\u0435\u043b\u044c\u0446\u043a\u043e\u0435 \u0442\u0435\u043b\u0435\u0432\u0438\u0434\u0435\u043d\u0438\u0435","potentialAction":[{"@type":"SearchAction","target":{"@type":"EntryPoint","urlTemplate":"https:\/\/www.btv.md\/?s={search_term_string}"},"query-input":{"@type":"PropertyValueSpecification","valueRequired":true,"valueName":"search_term_string"}}],"inLanguage":"ro-RO"},{"@type":"Person","@id":"https:\/\/www.btv.md\/#\/schema\/person\/8fadce81561b3ce2c34c46dadc4ccbf2","name":"admin"}]}},"_links":{"self":[{"href":"https:\/\/www.btv.md\/ro\/wp-json\/wp\/v2\/posts\/130790","targetHints":{"allow":["GET"]}}],"collection":[{"href":"https:\/\/www.btv.md\/ro\/wp-json\/wp\/v2\/posts"}],"about":[{"href":"https:\/\/www.btv.md\/ro\/wp-json\/wp\/v2\/types\/post"}],"author":[{"embeddable":true,"href":"https:\/\/www.btv.md\/ro\/wp-json\/wp\/v2\/users\/4"}],"replies":[{"embeddable":true,"href":"https:\/\/www.btv.md\/ro\/wp-json\/wp\/v2\/comments?post=130790"}],"version-history":[{"count":0,"href":"https:\/\/www.btv.md\/ro\/wp-json\/wp\/v2\/posts\/130790\/revisions"}],"wp:featuredmedia":[{"embeddable":true,"href":"https:\/\/www.btv.md\/ro\/wp-json\/wp\/v2\/media\/130791"}],"wp:attachment":[{"href":"https:\/\/www.btv.md\/ro\/wp-json\/wp\/v2\/media?parent=130790"}],"wp:term":[{"taxonomy":"category","embeddable":true,"href":"https:\/\/www.btv.md\/ro\/wp-json\/wp\/v2\/categories?post=130790"},{"taxonomy":"post_tag","embeddable":true,"href":"https:\/\/www.btv.md\/ro\/wp-json\/wp\/v2\/tags?post=130790"}],"curies":[{"name":"wp","href":"https:\/\/api.w.org\/{rel}","templated":true}]}}