{"id":130794,"date":"2021-06-05T10:37:41","date_gmt":"2021-06-05T07:37:41","guid":{"rendered":"http:\/\/www.btv.md\/?p=130794"},"modified":"2021-06-05T10:37:41","modified_gmt":"2021-06-05T07:37:41","slug":"pandemia-intra-in-declin-a-5-a-saptamana-de-scadere-in-europa-si-asia","status":"publish","type":"post","link":"https:\/\/www.btv.md\/ro\/pandemia-intra-in-declin-a-5-a-saptamana-de-scadere-in-europa-si-asia\/","title":{"rendered":"Pandemia intr\u0103 \u00een declin: A 5-a s\u0103pt\u0103m\u00e2n\u0103 de sc\u0103dere \u00een Europa \u0219i Asia"},"content":{"rendered":"<p data-index=\"1\"><strong>Pandemia de coronavirus a intrat \u00een declin pentru a cincea s\u0103pt\u0103m\u00e2n\u0103 consecutiv, \u00een regiuni de pe tot globul, dar mai ales \u00een Europa \u0219i Asia, transmite <a href=\"https:\/\/www.digi24.ro\/stiri\/actualitate\/pandemia-intra-in-declin-a-cincea-saptamana-consecutiva-de-scadere-in-intensitate-in-europa-si-asia-1552349\">digi24.ro<\/a>.<\/strong><\/p>\n<p data-index=\"2\">Bilan\u021bul infect\u0103rilor din ultima s\u0103pt\u0103m\u00e2n\u0103 a sc\u0103zut cu 15% fa\u021b\u0103 de s\u0103pt\u0103m\u00e2na precedent\u0103, acesta fiind de 466.400 cazuri noi de \u00eemboln\u0103vire la nivel global. Sc\u0103derea cea mai abrupt\u0103 a num\u0103rului de cazuri s-a \u00eenregistrat \u00een Asia, cu 28% mai pu\u021bine cazuri, \u0219i \u00een Europa, cu 13% mai pu\u021bine cazuri, se arat\u0103 \u00eentr-o analiz\u0103 AFP, citat\u0103 de Agerpres.<\/p>\n<p data-index=\"3\">La nivel de \u021bar\u0103, cel mai puternic declin se observ\u0103 \u00een Suedia (sc\u0103dere cu 36%, 1.200 de cazuri noi pe zi), urmat\u0103 de Nepal (sc\u0103dere de 35%, 5.000 de cazuri noi pe zi), India ( sc\u0103dere cu 33%, 153.300 de cazuri noi pe zi), Bahrain (sc\u0103dere cu 32%, 2.200 de cazuri noi pe zi), Italia (sc\u0103dere cu 31%, 2.700 de cazuri noi pe zi), Ucraina (sc\u0103dere cu 30%, 2.300 de cazuri noi pe zi) \u015fi Japonia (sc\u0103dere cu 29%, 3.200 de cazuri noi pe zi).<\/p>\n<p data-index=\"4\">De asemenea, \u00een aceast\u0103 s\u0103pt\u0103m\u00e2n\u0103 pandemia a \u00eencetinit puternic \u00een America de Nord &#8211; SUA \u0219i Canada (sc\u0103deri cu 28%) \u015fi u\u015for \u00een Orientul Mijlociu (sc\u0103dere cu 6%), \u00een timp ce s-a accelerat \u00een Oceania (+51%), \u00een Africa (+18%) \u015fi \u00een America Latin\u0103\/Caraibe (+5%). Afganistanul este \u0163ara \u00een care epidemia s-a accelerat cel mai mult (+86%, 1.100 de cazuri noi pe zi), dintre \u0163\u0103rile care au \u00eenregistrat cel pu\u0163in 1.000 de infec\u0163ii zilnice \u00een ultima s\u0103pt\u0103m\u00e2n\u0103.<\/p>\n<p data-index=\"5\">Urmeaz\u0103 Regatul Unit (+42%, 3.700 de cazuri noi pe zi), Bolivia (+41%, 3.100 de cazuri noi pe zi), Mexic (+ 35%, 3.000 de cazuri noi pe zi) \u015fi Filipine (+ 35%, 6.800 de cazuri noi pe zi).<\/p>\n<p data-index=\"6\">India, \u00een pofida unei noi sc\u0103deri a num\u0103rului de cazuri noi, r\u0103m\u00e2ne de departe \u0163ara care a \u00eenregistrat cel mai mare num\u0103r de noi infect\u0103ri s\u0103pt\u0103m\u00e2na aceasta (cu o medie de 153.300 de cazuri zilnice), \u00eenaintea Braziliei (65.900, +3%), Argentinei (31.600, +2%) \u015fi Columbiei (+19%).<\/p>\n<p data-index=\"7\">Raportat la popula\u0163ie, \u0163ara cu cele mai multe cazuri \u00een aceast\u0103 s\u0103pt\u0103m\u00e2n\u0103 r\u0103m\u00e2ne arhipelagul Maldivelor (1.151 la 100.000 de locuitori), \u00eenaintea statelor Bahrein (897) \u015fi Uruguay (692).<\/p>\n<p data-index=\"8\">India r\u0103m\u00e2ne, de asemenea, \u021bara cu cele mai multe decese zilnice\u00a0(3.300 pe zi pe timpul acestei s\u0103pt\u0103m\u00e2ni, \u00eenaintea Braziliei (1.800), Mexicului (815), Argentinei (530) \u015fi Columbiei (520). La nivel global, decesele zilnice au sc\u0103zut \u00een aceast\u0103 s\u0103pt\u0103m\u00e2n\u0103 (11.165 pe zi, adic\u0103 o sc\u0103dere de 5%).<\/p>\n<p data-index=\"8\">Foto: digi24.ro.<\/p>\n","protected":false},"excerpt":{"rendered":"<p>Pandemia de coronavirus a intrat \u00een declin pentru a cincea s\u0103pt\u0103m\u00e2n\u0103 consecutiv, \u00een regiuni de pe tot globul, dar mai ales \u00een Europa \u0219i Asia, transmite digi24.ro. Bilan\u021bul infect\u0103rilor din ultima s\u0103pt\u0103m\u00e2n\u0103 a sc\u0103zut cu 15% fa\u021b\u0103 de s\u0103pt\u0103m\u00e2na precedent\u0103, acesta fiind de 466.400 cazuri noi de \u00eemboln\u0103vire la nivel global. Sc\u0103derea cea mai abrupt\u0103 [&hellip;]<\/p>\n","protected":false},"author":4,"featured_media":130795,"comment_status":"closed","ping_status":"closed","sticky":false,"template":"","format":"standard","meta":{"footnotes":""},"categories":[6349],"tags":[26103],"class_list":["post-130794","post","type-post","status-publish","format-standard","has-post-thumbnail","hentry","category-social","tag-pandemia-intra-in-declin-a-5-a-saptamana-de-scadere-in-europa-si-asia"],"yoast_head":"<!-- This site is optimized with the Yoast SEO plugin v27.4 - https:\/\/yoast.com\/product\/yoast-seo-wordpress\/ -->\n<title>Pandemia intr\u0103 \u00een declin: A 5-a s\u0103pt\u0103m\u00e2n\u0103 de sc\u0103dere \u00een Europa \u0219i Asia - BTV<\/title>\n<meta name=\"robots\" content=\"index, follow, max-snippet:-1, max-image-preview:large, max-video-preview:-1\" \/>\n<link rel=\"canonical\" href=\"https:\/\/www.btv.md\/ro\/pandemia-intra-in-declin-a-5-a-saptamana-de-scadere-in-europa-si-asia\/\" \/>\n<meta property=\"og:locale\" content=\"ro_RO\" \/>\n<meta property=\"og:type\" content=\"article\" \/>\n<meta property=\"og:title\" content=\"Pandemia intr\u0103 \u00een declin: A 5-a s\u0103pt\u0103m\u00e2n\u0103 de sc\u0103dere \u00een Europa \u0219i Asia - BTV\" \/>\n<meta property=\"og:description\" content=\"Pandemia de coronavirus a intrat \u00een declin pentru a cincea s\u0103pt\u0103m\u00e2n\u0103 consecutiv, \u00een regiuni de pe tot globul, dar mai ales \u00een Europa \u0219i Asia, transmite digi24.ro. Bilan\u021bul infect\u0103rilor din ultima s\u0103pt\u0103m\u00e2n\u0103 a sc\u0103zut cu 15% fa\u021b\u0103 de s\u0103pt\u0103m\u00e2na precedent\u0103, acesta fiind de 466.400 cazuri noi de \u00eemboln\u0103vire la nivel global. Sc\u0103derea cea mai abrupt\u0103 [&hellip;]\" \/>\n<meta property=\"og:url\" content=\"https:\/\/www.btv.md\/ro\/pandemia-intra-in-declin-a-5-a-saptamana-de-scadere-in-europa-si-asia\/\" \/>\n<meta property=\"og:site_name\" content=\"BTV\" \/>\n<meta property=\"article:publisher\" content=\"https:\/\/www.facebook.com\/btvmoldova\/\" \/>\n<meta property=\"article:published_time\" content=\"2021-06-05T07:37:41+00:00\" \/>\n<meta property=\"og:image\" content=\"https:\/\/www.btv.md\/wp-content\/uploads\/2021\/06\/b01d1cad99b4c4106b272af8cd729512.jpg\" \/>\n\t<meta property=\"og:image:width\" content=\"809\" \/>\n\t<meta property=\"og:image:height\" content=\"456\" \/>\n\t<meta property=\"og:image:type\" content=\"image\/jpeg\" \/>\n<meta name=\"author\" content=\"admin\" \/>\n<meta name=\"twitter:label1\" content=\"Scris de\" \/>\n\t<meta name=\"twitter:data1\" content=\"admin\" \/>\n\t<meta name=\"twitter:label2\" content=\"Timp estimat pentru citire\" \/>\n\t<meta name=\"twitter:data2\" content=\"2 minute\" \/>\n<script type=\"application\/ld+json\" class=\"yoast-schema-graph\">{\"@context\":\"https:\\\/\\\/schema.org\",\"@graph\":[{\"@type\":\"Article\",\"@id\":\"https:\\\/\\\/www.btv.md\\\/ro\\\/pandemia-intra-in-declin-a-5-a-saptamana-de-scadere-in-europa-si-asia\\\/#article\",\"isPartOf\":{\"@id\":\"https:\\\/\\\/www.btv.md\\\/ro\\\/pandemia-intra-in-declin-a-5-a-saptamana-de-scadere-in-europa-si-asia\\\/\"},\"author\":{\"name\":\"admin\",\"@id\":\"https:\\\/\\\/www.btv.md\\\/#\\\/schema\\\/person\\\/8fadce81561b3ce2c34c46dadc4ccbf2\"},\"headline\":\"Pandemia intr\u0103 \u00een declin: A 5-a s\u0103pt\u0103m\u00e2n\u0103 de sc\u0103dere \u00een Europa \u0219i Asia\",\"datePublished\":\"2021-06-05T07:37:41+00:00\",\"mainEntityOfPage\":{\"@id\":\"https:\\\/\\\/www.btv.md\\\/ro\\\/pandemia-intra-in-declin-a-5-a-saptamana-de-scadere-in-europa-si-asia\\\/\"},\"wordCount\":428,\"image\":{\"@id\":\"https:\\\/\\\/www.btv.md\\\/ro\\\/pandemia-intra-in-declin-a-5-a-saptamana-de-scadere-in-europa-si-asia\\\/#primaryimage\"},\"thumbnailUrl\":\"https:\\\/\\\/www.btv.md\\\/wp-content\\\/uploads\\\/2021\\\/06\\\/b01d1cad99b4c4106b272af8cd729512.jpg\",\"keywords\":[\"Pandemia intr\u0103 \u00een declin: A 5-a s\u0103pt\u0103m\u00e2n\u0103 de sc\u0103dere \u00een Europa \u0219i Asia\"],\"articleSection\":[\"Social\"],\"inLanguage\":\"ro-RO\"},{\"@type\":\"WebPage\",\"@id\":\"https:\\\/\\\/www.btv.md\\\/ro\\\/pandemia-intra-in-declin-a-5-a-saptamana-de-scadere-in-europa-si-asia\\\/\",\"url\":\"https:\\\/\\\/www.btv.md\\\/ro\\\/pandemia-intra-in-declin-a-5-a-saptamana-de-scadere-in-europa-si-asia\\\/\",\"name\":\"Pandemia intr\u0103 \u00een declin: A 5-a s\u0103pt\u0103m\u00e2n\u0103 de sc\u0103dere \u00een Europa \u0219i Asia - BTV\",\"isPartOf\":{\"@id\":\"https:\\\/\\\/www.btv.md\\\/#website\"},\"primaryImageOfPage\":{\"@id\":\"https:\\\/\\\/www.btv.md\\\/ro\\\/pandemia-intra-in-declin-a-5-a-saptamana-de-scadere-in-europa-si-asia\\\/#primaryimage\"},\"image\":{\"@id\":\"https:\\\/\\\/www.btv.md\\\/ro\\\/pandemia-intra-in-declin-a-5-a-saptamana-de-scadere-in-europa-si-asia\\\/#primaryimage\"},\"thumbnailUrl\":\"https:\\\/\\\/www.btv.md\\\/wp-content\\\/uploads\\\/2021\\\/06\\\/b01d1cad99b4c4106b272af8cd729512.jpg\",\"datePublished\":\"2021-06-05T07:37:41+00:00\",\"author\":{\"@id\":\"https:\\\/\\\/www.btv.md\\\/#\\\/schema\\\/person\\\/8fadce81561b3ce2c34c46dadc4ccbf2\"},\"inLanguage\":\"ro-RO\",\"potentialAction\":[{\"@type\":\"ReadAction\",\"target\":[\"https:\\\/\\\/www.btv.md\\\/ro\\\/pandemia-intra-in-declin-a-5-a-saptamana-de-scadere-in-europa-si-asia\\\/\"]}]},{\"@type\":\"ImageObject\",\"inLanguage\":\"ro-RO\",\"@id\":\"https:\\\/\\\/www.btv.md\\\/ro\\\/pandemia-intra-in-declin-a-5-a-saptamana-de-scadere-in-europa-si-asia\\\/#primaryimage\",\"url\":\"https:\\\/\\\/www.btv.md\\\/wp-content\\\/uploads\\\/2021\\\/06\\\/b01d1cad99b4c4106b272af8cd729512.jpg\",\"contentUrl\":\"https:\\\/\\\/www.btv.md\\\/wp-content\\\/uploads\\\/2021\\\/06\\\/b01d1cad99b4c4106b272af8cd729512.jpg\",\"width\":809,\"height\":456},{\"@type\":\"WebSite\",\"@id\":\"https:\\\/\\\/www.btv.md\\\/#website\",\"url\":\"https:\\\/\\\/www.btv.md\\\/\",\"name\":\"BTV\",\"description\":\"\u0411\u0435\u043b\u044c\u0446\u043a\u043e\u0435 \u0442\u0435\u043b\u0435\u0432\u0438\u0434\u0435\u043d\u0438\u0435\",\"potentialAction\":[{\"@type\":\"SearchAction\",\"target\":{\"@type\":\"EntryPoint\",\"urlTemplate\":\"https:\\\/\\\/www.btv.md\\\/?s={search_term_string}\"},\"query-input\":{\"@type\":\"PropertyValueSpecification\",\"valueRequired\":true,\"valueName\":\"search_term_string\"}}],\"inLanguage\":\"ro-RO\"},{\"@type\":\"Person\",\"@id\":\"https:\\\/\\\/www.btv.md\\\/#\\\/schema\\\/person\\\/8fadce81561b3ce2c34c46dadc4ccbf2\",\"name\":\"admin\"}]}<\/script>\n<!-- \/ Yoast SEO plugin. -->","yoast_head_json":{"title":"Pandemia intr\u0103 \u00een declin: A 5-a s\u0103pt\u0103m\u00e2n\u0103 de sc\u0103dere \u00een Europa \u0219i Asia - BTV","robots":{"index":"index","follow":"follow","max-snippet":"max-snippet:-1","max-image-preview":"max-image-preview:large","max-video-preview":"max-video-preview:-1"},"canonical":"https:\/\/www.btv.md\/ro\/pandemia-intra-in-declin-a-5-a-saptamana-de-scadere-in-europa-si-asia\/","og_locale":"ro_RO","og_type":"article","og_title":"Pandemia intr\u0103 \u00een declin: A 5-a s\u0103pt\u0103m\u00e2n\u0103 de sc\u0103dere \u00een Europa \u0219i Asia - BTV","og_description":"Pandemia de coronavirus a intrat \u00een declin pentru a cincea s\u0103pt\u0103m\u00e2n\u0103 consecutiv, \u00een regiuni de pe tot globul, dar mai ales \u00een Europa \u0219i Asia, transmite digi24.ro. Bilan\u021bul infect\u0103rilor din ultima s\u0103pt\u0103m\u00e2n\u0103 a sc\u0103zut cu 15% fa\u021b\u0103 de s\u0103pt\u0103m\u00e2na precedent\u0103, acesta fiind de 466.400 cazuri noi de \u00eemboln\u0103vire la nivel global. Sc\u0103derea cea mai abrupt\u0103 [&hellip;]","og_url":"https:\/\/www.btv.md\/ro\/pandemia-intra-in-declin-a-5-a-saptamana-de-scadere-in-europa-si-asia\/","og_site_name":"BTV","article_publisher":"https:\/\/www.facebook.com\/btvmoldova\/","article_published_time":"2021-06-05T07:37:41+00:00","og_image":[{"width":809,"height":456,"url":"https:\/\/www.btv.md\/wp-content\/uploads\/2021\/06\/b01d1cad99b4c4106b272af8cd729512.jpg","type":"image\/jpeg"}],"author":"admin","twitter_misc":{"Scris de":"admin","Timp estimat pentru citire":"2 minute"},"schema":{"@context":"https:\/\/schema.org","@graph":[{"@type":"Article","@id":"https:\/\/www.btv.md\/ro\/pandemia-intra-in-declin-a-5-a-saptamana-de-scadere-in-europa-si-asia\/#article","isPartOf":{"@id":"https:\/\/www.btv.md\/ro\/pandemia-intra-in-declin-a-5-a-saptamana-de-scadere-in-europa-si-asia\/"},"author":{"name":"admin","@id":"https:\/\/www.btv.md\/#\/schema\/person\/8fadce81561b3ce2c34c46dadc4ccbf2"},"headline":"Pandemia intr\u0103 \u00een declin: A 5-a s\u0103pt\u0103m\u00e2n\u0103 de sc\u0103dere \u00een Europa \u0219i Asia","datePublished":"2021-06-05T07:37:41+00:00","mainEntityOfPage":{"@id":"https:\/\/www.btv.md\/ro\/pandemia-intra-in-declin-a-5-a-saptamana-de-scadere-in-europa-si-asia\/"},"wordCount":428,"image":{"@id":"https:\/\/www.btv.md\/ro\/pandemia-intra-in-declin-a-5-a-saptamana-de-scadere-in-europa-si-asia\/#primaryimage"},"thumbnailUrl":"https:\/\/www.btv.md\/wp-content\/uploads\/2021\/06\/b01d1cad99b4c4106b272af8cd729512.jpg","keywords":["Pandemia intr\u0103 \u00een declin: A 5-a s\u0103pt\u0103m\u00e2n\u0103 de sc\u0103dere \u00een Europa \u0219i Asia"],"articleSection":["Social"],"inLanguage":"ro-RO"},{"@type":"WebPage","@id":"https:\/\/www.btv.md\/ro\/pandemia-intra-in-declin-a-5-a-saptamana-de-scadere-in-europa-si-asia\/","url":"https:\/\/www.btv.md\/ro\/pandemia-intra-in-declin-a-5-a-saptamana-de-scadere-in-europa-si-asia\/","name":"Pandemia intr\u0103 \u00een declin: A 5-a s\u0103pt\u0103m\u00e2n\u0103 de sc\u0103dere \u00een Europa \u0219i Asia - BTV","isPartOf":{"@id":"https:\/\/www.btv.md\/#website"},"primaryImageOfPage":{"@id":"https:\/\/www.btv.md\/ro\/pandemia-intra-in-declin-a-5-a-saptamana-de-scadere-in-europa-si-asia\/#primaryimage"},"image":{"@id":"https:\/\/www.btv.md\/ro\/pandemia-intra-in-declin-a-5-a-saptamana-de-scadere-in-europa-si-asia\/#primaryimage"},"thumbnailUrl":"https:\/\/www.btv.md\/wp-content\/uploads\/2021\/06\/b01d1cad99b4c4106b272af8cd729512.jpg","datePublished":"2021-06-05T07:37:41+00:00","author":{"@id":"https:\/\/www.btv.md\/#\/schema\/person\/8fadce81561b3ce2c34c46dadc4ccbf2"},"inLanguage":"ro-RO","potentialAction":[{"@type":"ReadAction","target":["https:\/\/www.btv.md\/ro\/pandemia-intra-in-declin-a-5-a-saptamana-de-scadere-in-europa-si-asia\/"]}]},{"@type":"ImageObject","inLanguage":"ro-RO","@id":"https:\/\/www.btv.md\/ro\/pandemia-intra-in-declin-a-5-a-saptamana-de-scadere-in-europa-si-asia\/#primaryimage","url":"https:\/\/www.btv.md\/wp-content\/uploads\/2021\/06\/b01d1cad99b4c4106b272af8cd729512.jpg","contentUrl":"https:\/\/www.btv.md\/wp-content\/uploads\/2021\/06\/b01d1cad99b4c4106b272af8cd729512.jpg","width":809,"height":456},{"@type":"WebSite","@id":"https:\/\/www.btv.md\/#website","url":"https:\/\/www.btv.md\/","name":"BTV","description":"\u0411\u0435\u043b\u044c\u0446\u043a\u043e\u0435 \u0442\u0435\u043b\u0435\u0432\u0438\u0434\u0435\u043d\u0438\u0435","potentialAction":[{"@type":"SearchAction","target":{"@type":"EntryPoint","urlTemplate":"https:\/\/www.btv.md\/?s={search_term_string}"},"query-input":{"@type":"PropertyValueSpecification","valueRequired":true,"valueName":"search_term_string"}}],"inLanguage":"ro-RO"},{"@type":"Person","@id":"https:\/\/www.btv.md\/#\/schema\/person\/8fadce81561b3ce2c34c46dadc4ccbf2","name":"admin"}]}},"_links":{"self":[{"href":"https:\/\/www.btv.md\/ro\/wp-json\/wp\/v2\/posts\/130794","targetHints":{"allow":["GET"]}}],"collection":[{"href":"https:\/\/www.btv.md\/ro\/wp-json\/wp\/v2\/posts"}],"about":[{"href":"https:\/\/www.btv.md\/ro\/wp-json\/wp\/v2\/types\/post"}],"author":[{"embeddable":true,"href":"https:\/\/www.btv.md\/ro\/wp-json\/wp\/v2\/users\/4"}],"replies":[{"embeddable":true,"href":"https:\/\/www.btv.md\/ro\/wp-json\/wp\/v2\/comments?post=130794"}],"version-history":[{"count":0,"href":"https:\/\/www.btv.md\/ro\/wp-json\/wp\/v2\/posts\/130794\/revisions"}],"wp:featuredmedia":[{"embeddable":true,"href":"https:\/\/www.btv.md\/ro\/wp-json\/wp\/v2\/media\/130795"}],"wp:attachment":[{"href":"https:\/\/www.btv.md\/ro\/wp-json\/wp\/v2\/media?parent=130794"}],"wp:term":[{"taxonomy":"category","embeddable":true,"href":"https:\/\/www.btv.md\/ro\/wp-json\/wp\/v2\/categories?post=130794"},{"taxonomy":"post_tag","embeddable":true,"href":"https:\/\/www.btv.md\/ro\/wp-json\/wp\/v2\/tags?post=130794"}],"curies":[{"name":"wp","href":"https:\/\/api.w.org\/{rel}","templated":true}]}}