{"id":130802,"date":"2021-06-05T10:44:52","date_gmt":"2021-06-05T07:44:52","guid":{"rendered":"http:\/\/www.btv.md\/?p=130802"},"modified":"2021-06-05T10:44:52","modified_gmt":"2021-06-05T07:44:52","slug":"maia-sandu-pentru-recuperare-economica-e-nevoie-de-pachete-financiare","status":"publish","type":"post","link":"https:\/\/www.btv.md\/ro\/maia-sandu-pentru-recuperare-economica-e-nevoie-de-pachete-financiare\/","title":{"rendered":"Maia Sandu: Pentru recuperare economic\u0103, e nevoie de pachete financiare"},"content":{"rendered":"<p><strong>Ca stat, trebuie s\u0103 ne asigur\u0103m c\u0103 asemenea fraude nu se mai repet\u0103, iar Banca Na\u021bional\u0103 a Moldovei s\u0103 fie un regulator veritabil \u00een sector, a men\u021bionat Maia Sandu, pre\u0219edintele \u021b\u0103rii, la conferin\u021ba online \u201eRecuperarea economic\u0103 \u00een post-pandemie: realit\u0103\u021bi \u0219i perspective\u201d, dedicat\u0103 celei de-a 30-ea anivers\u0103ri de la crearea B\u0103ncii Na\u021bionale a Moldovei, transmite\u00a0<a href=\"https:\/\/stiri.md\/article\/politica\/maia-sandu-pentru-recuperare-economica-e-nevoie-de-pachete-financiare\">\u0218tiri.md<\/a>.<\/strong><\/p>\n<p>\u0218eful statului a subliniat c\u0103, \u00een contextul actual de criz\u0103 economic\u0103, a\u0219tept\u0103rile de la Banca Na\u021bional\u0103 sunt \u0219i mai mari. Ele \u021bin de interven\u021bii ferme care s\u0103 ajute s\u0103 reziste afaceri mari sau mici, dar \u0219i oamenii nevoia\u0219i sau care \u0219i-au pierdut locurile de munc\u0103.<\/p>\n<p>\u201eDe facto, pentru recuperarea economic\u0103 este nevoie de finan\u021b\u0103ri mai accesibile \u0219i de pachete financiare create pentru oameni, dar \u0219i de un efort comun care, al\u0103turi de sprijinul oferit de c\u0103tre partenerii de dezvoltare, s\u0103 mobilizeze \u0219i resursele interne, \u0219i zecile de miliarde de lei care exist\u0103 \u00een b\u0103ncile comerciale\u201d, a subliniat Maia Sandu.<\/p>\n<p>Pre\u0219edintele \u021b\u0103rii a ad\u0103ugat c\u0103 \u201eavem nevoie de deschidere \u0219i de implicare din partea institu\u021biilor bancare din \u021bar\u0103, ne dorim participarea b\u0103ncilor \u00een proiectele de infrastructur\u0103 na\u021bional\u0103, \u00een proiectele la nivel de municipii \u0219i comunit\u0103\u021bi\u201d.<\/p>\n<p>Prioritare r\u0103m\u00e2n reforma justi\u021biei \u0219i m\u0103surile anticorup\u021bie, ca elemente ce pot s\u0103 garanteze independen\u021ba \u0219i credibilitatea unei institu\u021bii-cheie pentru stat, precum este Banca Na\u021bional\u0103.<\/p>\n<p>\u201eAr trebui s\u0103 existe \u0219i sper c\u0103 exist\u0103 sprijin \u0219i consens pentru reformele majore pe care trebuie s\u0103 le facem \u00een urm\u0103toarele luni \u0219i urm\u0103torii ani\u201d, a punctat Maia Sandu.<\/p>\n<p>Foto: \u0218tiri.md.<\/p>\n","protected":false},"excerpt":{"rendered":"<p>Ca stat, trebuie s\u0103 ne asigur\u0103m c\u0103 asemenea fraude nu se mai repet\u0103, iar Banca Na\u021bional\u0103 a Moldovei s\u0103 fie un regulator veritabil \u00een sector, a men\u021bionat Maia Sandu, pre\u0219edintele \u021b\u0103rii, la conferin\u021ba online \u201eRecuperarea economic\u0103 \u00een post-pandemie: realit\u0103\u021bi \u0219i perspective\u201d, dedicat\u0103 celei de-a 30-ea anivers\u0103ri de la crearea B\u0103ncii Na\u021bionale a Moldovei, transmite\u00a0\u0218tiri.md. \u0218eful [&hellip;]<\/p>\n","protected":false},"author":4,"featured_media":130803,"comment_status":"closed","ping_status":"closed","sticky":false,"template":"","format":"standard","meta":{"footnotes":""},"categories":[6369],"tags":[26106,26105],"class_list":["post-130802","post","type-post","status-publish","format-standard","has-post-thumbnail","hentry","category-economie-ro","tag-e-nevoie-de-pachete-financiare","tag-maia-sandu-pentru-recuperare-economica"],"yoast_head":"<!-- This site is optimized with the Yoast SEO plugin v27.4 - https:\/\/yoast.com\/product\/yoast-seo-wordpress\/ -->\n<title>Maia Sandu: Pentru recuperare economic\u0103, e nevoie de pachete financiare - BTV<\/title>\n<meta name=\"robots\" content=\"index, follow, max-snippet:-1, max-image-preview:large, max-video-preview:-1\" \/>\n<link rel=\"canonical\" href=\"https:\/\/www.btv.md\/ro\/maia-sandu-pentru-recuperare-economica-e-nevoie-de-pachete-financiare\/\" \/>\n<meta property=\"og:locale\" content=\"ro_RO\" \/>\n<meta property=\"og:type\" content=\"article\" \/>\n<meta property=\"og:title\" content=\"Maia Sandu: Pentru recuperare economic\u0103, e nevoie de pachete financiare - BTV\" \/>\n<meta property=\"og:description\" content=\"Ca stat, trebuie s\u0103 ne asigur\u0103m c\u0103 asemenea fraude nu se mai repet\u0103, iar Banca Na\u021bional\u0103 a Moldovei s\u0103 fie un regulator veritabil \u00een sector, a men\u021bionat Maia Sandu, pre\u0219edintele \u021b\u0103rii, la conferin\u021ba online \u201eRecuperarea economic\u0103 \u00een post-pandemie: realit\u0103\u021bi \u0219i perspective\u201d, dedicat\u0103 celei de-a 30-ea anivers\u0103ri de la crearea B\u0103ncii Na\u021bionale a Moldovei, transmite\u00a0\u0218tiri.md. \u0218eful [&hellip;]\" \/>\n<meta property=\"og:url\" content=\"https:\/\/www.btv.md\/ro\/maia-sandu-pentru-recuperare-economica-e-nevoie-de-pachete-financiare\/\" \/>\n<meta property=\"og:site_name\" content=\"BTV\" \/>\n<meta property=\"article:publisher\" content=\"https:\/\/www.facebook.com\/btvmoldova\/\" \/>\n<meta property=\"article:published_time\" content=\"2021-06-05T07:44:52+00:00\" \/>\n<meta property=\"og:image\" content=\"https:\/\/www.btv.md\/wp-content\/uploads\/2021\/06\/e3596a0412ac1f62bb284c86f91f1da1.jpg\" \/>\n\t<meta property=\"og:image:width\" content=\"809\" \/>\n\t<meta property=\"og:image:height\" content=\"456\" \/>\n\t<meta property=\"og:image:type\" content=\"image\/jpeg\" \/>\n<meta name=\"author\" content=\"admin\" \/>\n<meta name=\"twitter:label1\" content=\"Scris de\" \/>\n\t<meta name=\"twitter:data1\" content=\"admin\" \/>\n\t<meta name=\"twitter:label2\" content=\"Timp estimat pentru citire\" \/>\n\t<meta name=\"twitter:data2\" content=\"2 minute\" \/>\n<script type=\"application\/ld+json\" class=\"yoast-schema-graph\">{\"@context\":\"https:\\\/\\\/schema.org\",\"@graph\":[{\"@type\":\"Article\",\"@id\":\"https:\\\/\\\/www.btv.md\\\/ro\\\/maia-sandu-pentru-recuperare-economica-e-nevoie-de-pachete-financiare\\\/#article\",\"isPartOf\":{\"@id\":\"https:\\\/\\\/www.btv.md\\\/ro\\\/maia-sandu-pentru-recuperare-economica-e-nevoie-de-pachete-financiare\\\/\"},\"author\":{\"name\":\"admin\",\"@id\":\"https:\\\/\\\/www.btv.md\\\/#\\\/schema\\\/person\\\/8fadce81561b3ce2c34c46dadc4ccbf2\"},\"headline\":\"Maia Sandu: Pentru recuperare economic\u0103, e nevoie de pachete financiare\",\"datePublished\":\"2021-06-05T07:44:52+00:00\",\"mainEntityOfPage\":{\"@id\":\"https:\\\/\\\/www.btv.md\\\/ro\\\/maia-sandu-pentru-recuperare-economica-e-nevoie-de-pachete-financiare\\\/\"},\"wordCount\":291,\"image\":{\"@id\":\"https:\\\/\\\/www.btv.md\\\/ro\\\/maia-sandu-pentru-recuperare-economica-e-nevoie-de-pachete-financiare\\\/#primaryimage\"},\"thumbnailUrl\":\"https:\\\/\\\/www.btv.md\\\/wp-content\\\/uploads\\\/2021\\\/06\\\/e3596a0412ac1f62bb284c86f91f1da1.jpg\",\"keywords\":[\"e nevoie de pachete financiare\",\"Maia Sandu: Pentru recuperare economic\u0103\"],\"articleSection\":[\"Economie\"],\"inLanguage\":\"ro-RO\"},{\"@type\":\"WebPage\",\"@id\":\"https:\\\/\\\/www.btv.md\\\/ro\\\/maia-sandu-pentru-recuperare-economica-e-nevoie-de-pachete-financiare\\\/\",\"url\":\"https:\\\/\\\/www.btv.md\\\/ro\\\/maia-sandu-pentru-recuperare-economica-e-nevoie-de-pachete-financiare\\\/\",\"name\":\"Maia Sandu: Pentru recuperare economic\u0103, e nevoie de pachete financiare - BTV\",\"isPartOf\":{\"@id\":\"https:\\\/\\\/www.btv.md\\\/#website\"},\"primaryImageOfPage\":{\"@id\":\"https:\\\/\\\/www.btv.md\\\/ro\\\/maia-sandu-pentru-recuperare-economica-e-nevoie-de-pachete-financiare\\\/#primaryimage\"},\"image\":{\"@id\":\"https:\\\/\\\/www.btv.md\\\/ro\\\/maia-sandu-pentru-recuperare-economica-e-nevoie-de-pachete-financiare\\\/#primaryimage\"},\"thumbnailUrl\":\"https:\\\/\\\/www.btv.md\\\/wp-content\\\/uploads\\\/2021\\\/06\\\/e3596a0412ac1f62bb284c86f91f1da1.jpg\",\"datePublished\":\"2021-06-05T07:44:52+00:00\",\"author\":{\"@id\":\"https:\\\/\\\/www.btv.md\\\/#\\\/schema\\\/person\\\/8fadce81561b3ce2c34c46dadc4ccbf2\"},\"inLanguage\":\"ro-RO\",\"potentialAction\":[{\"@type\":\"ReadAction\",\"target\":[\"https:\\\/\\\/www.btv.md\\\/ro\\\/maia-sandu-pentru-recuperare-economica-e-nevoie-de-pachete-financiare\\\/\"]}]},{\"@type\":\"ImageObject\",\"inLanguage\":\"ro-RO\",\"@id\":\"https:\\\/\\\/www.btv.md\\\/ro\\\/maia-sandu-pentru-recuperare-economica-e-nevoie-de-pachete-financiare\\\/#primaryimage\",\"url\":\"https:\\\/\\\/www.btv.md\\\/wp-content\\\/uploads\\\/2021\\\/06\\\/e3596a0412ac1f62bb284c86f91f1da1.jpg\",\"contentUrl\":\"https:\\\/\\\/www.btv.md\\\/wp-content\\\/uploads\\\/2021\\\/06\\\/e3596a0412ac1f62bb284c86f91f1da1.jpg\",\"width\":809,\"height\":456},{\"@type\":\"WebSite\",\"@id\":\"https:\\\/\\\/www.btv.md\\\/#website\",\"url\":\"https:\\\/\\\/www.btv.md\\\/\",\"name\":\"BTV\",\"description\":\"\u0411\u0435\u043b\u044c\u0446\u043a\u043e\u0435 \u0442\u0435\u043b\u0435\u0432\u0438\u0434\u0435\u043d\u0438\u0435\",\"potentialAction\":[{\"@type\":\"SearchAction\",\"target\":{\"@type\":\"EntryPoint\",\"urlTemplate\":\"https:\\\/\\\/www.btv.md\\\/?s={search_term_string}\"},\"query-input\":{\"@type\":\"PropertyValueSpecification\",\"valueRequired\":true,\"valueName\":\"search_term_string\"}}],\"inLanguage\":\"ro-RO\"},{\"@type\":\"Person\",\"@id\":\"https:\\\/\\\/www.btv.md\\\/#\\\/schema\\\/person\\\/8fadce81561b3ce2c34c46dadc4ccbf2\",\"name\":\"admin\"}]}<\/script>\n<!-- \/ Yoast SEO plugin. -->","yoast_head_json":{"title":"Maia Sandu: Pentru recuperare economic\u0103, e nevoie de pachete financiare - BTV","robots":{"index":"index","follow":"follow","max-snippet":"max-snippet:-1","max-image-preview":"max-image-preview:large","max-video-preview":"max-video-preview:-1"},"canonical":"https:\/\/www.btv.md\/ro\/maia-sandu-pentru-recuperare-economica-e-nevoie-de-pachete-financiare\/","og_locale":"ro_RO","og_type":"article","og_title":"Maia Sandu: Pentru recuperare economic\u0103, e nevoie de pachete financiare - BTV","og_description":"Ca stat, trebuie s\u0103 ne asigur\u0103m c\u0103 asemenea fraude nu se mai repet\u0103, iar Banca Na\u021bional\u0103 a Moldovei s\u0103 fie un regulator veritabil \u00een sector, a men\u021bionat Maia Sandu, pre\u0219edintele \u021b\u0103rii, la conferin\u021ba online \u201eRecuperarea economic\u0103 \u00een post-pandemie: realit\u0103\u021bi \u0219i perspective\u201d, dedicat\u0103 celei de-a 30-ea anivers\u0103ri de la crearea B\u0103ncii Na\u021bionale a Moldovei, transmite\u00a0\u0218tiri.md. \u0218eful [&hellip;]","og_url":"https:\/\/www.btv.md\/ro\/maia-sandu-pentru-recuperare-economica-e-nevoie-de-pachete-financiare\/","og_site_name":"BTV","article_publisher":"https:\/\/www.facebook.com\/btvmoldova\/","article_published_time":"2021-06-05T07:44:52+00:00","og_image":[{"width":809,"height":456,"url":"https:\/\/www.btv.md\/wp-content\/uploads\/2021\/06\/e3596a0412ac1f62bb284c86f91f1da1.jpg","type":"image\/jpeg"}],"author":"admin","twitter_misc":{"Scris de":"admin","Timp estimat pentru citire":"2 minute"},"schema":{"@context":"https:\/\/schema.org","@graph":[{"@type":"Article","@id":"https:\/\/www.btv.md\/ro\/maia-sandu-pentru-recuperare-economica-e-nevoie-de-pachete-financiare\/#article","isPartOf":{"@id":"https:\/\/www.btv.md\/ro\/maia-sandu-pentru-recuperare-economica-e-nevoie-de-pachete-financiare\/"},"author":{"name":"admin","@id":"https:\/\/www.btv.md\/#\/schema\/person\/8fadce81561b3ce2c34c46dadc4ccbf2"},"headline":"Maia Sandu: Pentru recuperare economic\u0103, e nevoie de pachete financiare","datePublished":"2021-06-05T07:44:52+00:00","mainEntityOfPage":{"@id":"https:\/\/www.btv.md\/ro\/maia-sandu-pentru-recuperare-economica-e-nevoie-de-pachete-financiare\/"},"wordCount":291,"image":{"@id":"https:\/\/www.btv.md\/ro\/maia-sandu-pentru-recuperare-economica-e-nevoie-de-pachete-financiare\/#primaryimage"},"thumbnailUrl":"https:\/\/www.btv.md\/wp-content\/uploads\/2021\/06\/e3596a0412ac1f62bb284c86f91f1da1.jpg","keywords":["e nevoie de pachete financiare","Maia Sandu: Pentru recuperare economic\u0103"],"articleSection":["Economie"],"inLanguage":"ro-RO"},{"@type":"WebPage","@id":"https:\/\/www.btv.md\/ro\/maia-sandu-pentru-recuperare-economica-e-nevoie-de-pachete-financiare\/","url":"https:\/\/www.btv.md\/ro\/maia-sandu-pentru-recuperare-economica-e-nevoie-de-pachete-financiare\/","name":"Maia Sandu: Pentru recuperare economic\u0103, e nevoie de pachete financiare - BTV","isPartOf":{"@id":"https:\/\/www.btv.md\/#website"},"primaryImageOfPage":{"@id":"https:\/\/www.btv.md\/ro\/maia-sandu-pentru-recuperare-economica-e-nevoie-de-pachete-financiare\/#primaryimage"},"image":{"@id":"https:\/\/www.btv.md\/ro\/maia-sandu-pentru-recuperare-economica-e-nevoie-de-pachete-financiare\/#primaryimage"},"thumbnailUrl":"https:\/\/www.btv.md\/wp-content\/uploads\/2021\/06\/e3596a0412ac1f62bb284c86f91f1da1.jpg","datePublished":"2021-06-05T07:44:52+00:00","author":{"@id":"https:\/\/www.btv.md\/#\/schema\/person\/8fadce81561b3ce2c34c46dadc4ccbf2"},"inLanguage":"ro-RO","potentialAction":[{"@type":"ReadAction","target":["https:\/\/www.btv.md\/ro\/maia-sandu-pentru-recuperare-economica-e-nevoie-de-pachete-financiare\/"]}]},{"@type":"ImageObject","inLanguage":"ro-RO","@id":"https:\/\/www.btv.md\/ro\/maia-sandu-pentru-recuperare-economica-e-nevoie-de-pachete-financiare\/#primaryimage","url":"https:\/\/www.btv.md\/wp-content\/uploads\/2021\/06\/e3596a0412ac1f62bb284c86f91f1da1.jpg","contentUrl":"https:\/\/www.btv.md\/wp-content\/uploads\/2021\/06\/e3596a0412ac1f62bb284c86f91f1da1.jpg","width":809,"height":456},{"@type":"WebSite","@id":"https:\/\/www.btv.md\/#website","url":"https:\/\/www.btv.md\/","name":"BTV","description":"\u0411\u0435\u043b\u044c\u0446\u043a\u043e\u0435 \u0442\u0435\u043b\u0435\u0432\u0438\u0434\u0435\u043d\u0438\u0435","potentialAction":[{"@type":"SearchAction","target":{"@type":"EntryPoint","urlTemplate":"https:\/\/www.btv.md\/?s={search_term_string}"},"query-input":{"@type":"PropertyValueSpecification","valueRequired":true,"valueName":"search_term_string"}}],"inLanguage":"ro-RO"},{"@type":"Person","@id":"https:\/\/www.btv.md\/#\/schema\/person\/8fadce81561b3ce2c34c46dadc4ccbf2","name":"admin"}]}},"_links":{"self":[{"href":"https:\/\/www.btv.md\/ro\/wp-json\/wp\/v2\/posts\/130802","targetHints":{"allow":["GET"]}}],"collection":[{"href":"https:\/\/www.btv.md\/ro\/wp-json\/wp\/v2\/posts"}],"about":[{"href":"https:\/\/www.btv.md\/ro\/wp-json\/wp\/v2\/types\/post"}],"author":[{"embeddable":true,"href":"https:\/\/www.btv.md\/ro\/wp-json\/wp\/v2\/users\/4"}],"replies":[{"embeddable":true,"href":"https:\/\/www.btv.md\/ro\/wp-json\/wp\/v2\/comments?post=130802"}],"version-history":[{"count":0,"href":"https:\/\/www.btv.md\/ro\/wp-json\/wp\/v2\/posts\/130802\/revisions"}],"wp:featuredmedia":[{"embeddable":true,"href":"https:\/\/www.btv.md\/ro\/wp-json\/wp\/v2\/media\/130803"}],"wp:attachment":[{"href":"https:\/\/www.btv.md\/ro\/wp-json\/wp\/v2\/media?parent=130802"}],"wp:term":[{"taxonomy":"category","embeddable":true,"href":"https:\/\/www.btv.md\/ro\/wp-json\/wp\/v2\/categories?post=130802"},{"taxonomy":"post_tag","embeddable":true,"href":"https:\/\/www.btv.md\/ro\/wp-json\/wp\/v2\/tags?post=130802"}],"curies":[{"name":"wp","href":"https:\/\/api.w.org\/{rel}","templated":true}]}}