{"id":130841,"date":"2021-06-05T14:33:06","date_gmt":"2021-06-05T11:33:06","guid":{"rendered":"http:\/\/www.btv.md\/?p=130841"},"modified":"2021-06-05T14:33:06","modified_gmt":"2021-06-05T11:33:06","slug":"cec-a-refuzat-sa-majoreze-numarul-sectiilor-de-votare-pentru-diaspora","status":"publish","type":"post","link":"https:\/\/www.btv.md\/ro\/cec-a-refuzat-sa-majoreze-numarul-sectiilor-de-votare-pentru-diaspora\/","title":{"rendered":"CEC a refuzat s\u0103 majoreze num\u0103rul sec\u021biilor de votare pentru diaspor\u0103"},"content":{"rendered":"<p><strong>Comisia Electoral\u0103 Central\u0103 a adoptat ast\u0103zi decizia privind num\u0103rul sec\u021biilor de votare pentru diaspor\u0103. Astfel, \u00een afara hotarelor R. Moldova, pentru alegerile anticipate din 11 iulie vor fi deschise 139 sec\u021bii de votare, a\u0219a cum a fost la alegerile preziden\u021biale din 2020. Asupra num\u0103rului 139 a insistat secretarul general al CEC-ului, fostul socialist Maxim Lebedinschi, chiar dac\u0103 Ministerul Afacerilor Interne \u0219i Integr\u0103rii Europene a cerut 190 de sec\u021bii de votare, scrie deschide.md.<\/strong><\/p>\n<p>Mai devreme, deputatul PAS, Sergiu Litvinenco, a scris pe pagina sa de Facebook c\u0103 \u201eMaxim Lebedinschi, secretar al CEC de la sociali\u0219ti, comite \u00een aceste momente o fapta pe care personal o calific infrac\u021biune penal\u0103\u201d.<\/p>\n<p><em>\u201eCe face omul lui Dodon? Cu \u00eenc\u0103lcarea unor norme imperative ale Codului electoral (care se refer\u0103 la criteriile care stau la baza deschiderii sec\u021biilor de votare) propune ca num\u0103rul sec\u021biilor de votare s\u0103 fie de doar 139. \u0218i asta cu toate c\u0103 Ministerul de Externe a propus 190 de sec\u021bii de votare. Nu e doar b\u0103taie de joc de diaspora, ci o fapt\u0103 de sorginte penal\u0103. Pentru care tipul va trebui s\u0103 r\u0103spunda cu toat\u0103 ardoarea legii. Si va raspunde\u201d<\/em>, a scris Lebedinschi pe pagina sa de Facebook.<\/p>\n<p>\u00cen cadrul \u0219edin\u021bei, s-a propus, ca solu\u021bie de compromis, deschiderea a 162 de sec\u021bii de votare, \u00eens\u0103 propunerea nu a fost agreat\u0103, Lebedinschi argument\u00e2nd c\u0103 trebuie p\u0103strat num\u0103rul de 139 de sec\u021bii de votare a\u0219a cum a fost la algerile preziden\u021biale. Lebedinschi a insistat pe aceast\u0103 cifr\u0103 chiar dac\u0103 colegii s\u0103i i-au reamintit c\u0103 la alegerile preziden\u021biale mul\u021bi cet\u0103\u021beni din diaspor\u0103 nu au reu\u0219it s\u0103-\u0219i exercite dreptul la vot din cauza num\u0103rului mare de aleg\u0103tori \u0219i din motiv c\u0103 la multe sec\u021bii au fost epuizate buletinele de vot.<\/p>\n<p>\u00cen schimb, Comisia Electoral\u0103 Central\u0103 (CEC) a decis \u00een cadrul \u0219edin\u021bei de ast\u0103zi organizarea a 44 sec\u021bii de votare pentru aleg\u0103torii din regiunea transnistrean\u0103, ceea ce reprezint\u0103 cu dou\u0103 unit\u0103\u021bi mai mult dec\u00e2t la algerile preziden\u021biale din 2020.<\/p>\n<p>Foto: deschide.md.<\/p>\n<div><\/div>\n","protected":false},"excerpt":{"rendered":"<p>Comisia Electoral\u0103 Central\u0103 a adoptat ast\u0103zi decizia privind num\u0103rul sec\u021biilor de votare pentru diaspor\u0103. Astfel, \u00een afara hotarelor R. Moldova, pentru alegerile anticipate din 11 iulie vor fi deschise 139 sec\u021bii de votare, a\u0219a cum a fost la alegerile preziden\u021biale din 2020. Asupra num\u0103rului 139 a insistat secretarul general al CEC-ului, fostul socialist Maxim Lebedinschi, [&hellip;]<\/p>\n","protected":false},"author":4,"featured_media":130842,"comment_status":"closed","ping_status":"closed","sticky":false,"template":"","format":"standard","meta":{"footnotes":""},"categories":[6368],"tags":[26116],"class_list":["post-130841","post","type-post","status-publish","format-standard","has-post-thumbnail","hentry","category-politica-ro","tag-cec-a-refuzat-sa-majoreze-numarul-sectiilor-de-votare-pentru-diaspora"],"yoast_head":"<!-- This site is optimized with the Yoast SEO plugin v27.4 - https:\/\/yoast.com\/product\/yoast-seo-wordpress\/ -->\n<title>CEC a refuzat s\u0103 majoreze num\u0103rul sec\u021biilor de votare pentru diaspor\u0103 - BTV<\/title>\n<meta name=\"robots\" content=\"index, follow, max-snippet:-1, max-image-preview:large, max-video-preview:-1\" \/>\n<link rel=\"canonical\" href=\"https:\/\/www.btv.md\/ro\/cec-a-refuzat-sa-majoreze-numarul-sectiilor-de-votare-pentru-diaspora\/\" \/>\n<meta property=\"og:locale\" content=\"ro_RO\" \/>\n<meta property=\"og:type\" content=\"article\" \/>\n<meta property=\"og:title\" content=\"CEC a refuzat s\u0103 majoreze num\u0103rul sec\u021biilor de votare pentru diaspor\u0103 - BTV\" \/>\n<meta property=\"og:description\" content=\"Comisia Electoral\u0103 Central\u0103 a adoptat ast\u0103zi decizia privind num\u0103rul sec\u021biilor de votare pentru diaspor\u0103. Astfel, \u00een afara hotarelor R. Moldova, pentru alegerile anticipate din 11 iulie vor fi deschise 139 sec\u021bii de votare, a\u0219a cum a fost la alegerile preziden\u021biale din 2020. Asupra num\u0103rului 139 a insistat secretarul general al CEC-ului, fostul socialist Maxim Lebedinschi, [&hellip;]\" \/>\n<meta property=\"og:url\" content=\"https:\/\/www.btv.md\/ro\/cec-a-refuzat-sa-majoreze-numarul-sectiilor-de-votare-pentru-diaspora\/\" \/>\n<meta property=\"og:site_name\" content=\"BTV\" \/>\n<meta property=\"article:publisher\" content=\"https:\/\/www.facebook.com\/btvmoldova\/\" \/>\n<meta property=\"article:published_time\" content=\"2021-06-05T11:33:06+00:00\" \/>\n<meta property=\"og:image\" content=\"https:\/\/www.btv.md\/wp-content\/uploads\/2021\/06\/alegeri-final.jpg\" \/>\n\t<meta property=\"og:image:width\" content=\"1920\" \/>\n\t<meta property=\"og:image:height\" content=\"1020\" \/>\n\t<meta property=\"og:image:type\" content=\"image\/jpeg\" \/>\n<meta name=\"author\" content=\"admin\" \/>\n<meta name=\"twitter:label1\" content=\"Scris de\" \/>\n\t<meta name=\"twitter:data1\" content=\"admin\" \/>\n\t<meta name=\"twitter:label2\" content=\"Timp estimat pentru citire\" \/>\n\t<meta name=\"twitter:data2\" content=\"2 minute\" \/>\n<script type=\"application\/ld+json\" class=\"yoast-schema-graph\">{\"@context\":\"https:\\\/\\\/schema.org\",\"@graph\":[{\"@type\":\"Article\",\"@id\":\"https:\\\/\\\/www.btv.md\\\/ro\\\/cec-a-refuzat-sa-majoreze-numarul-sectiilor-de-votare-pentru-diaspora\\\/#article\",\"isPartOf\":{\"@id\":\"https:\\\/\\\/www.btv.md\\\/ro\\\/cec-a-refuzat-sa-majoreze-numarul-sectiilor-de-votare-pentru-diaspora\\\/\"},\"author\":{\"name\":\"admin\",\"@id\":\"https:\\\/\\\/www.btv.md\\\/#\\\/schema\\\/person\\\/8fadce81561b3ce2c34c46dadc4ccbf2\"},\"headline\":\"CEC a refuzat s\u0103 majoreze num\u0103rul sec\u021biilor de votare pentru diaspor\u0103\",\"datePublished\":\"2021-06-05T11:33:06+00:00\",\"mainEntityOfPage\":{\"@id\":\"https:\\\/\\\/www.btv.md\\\/ro\\\/cec-a-refuzat-sa-majoreze-numarul-sectiilor-de-votare-pentru-diaspora\\\/\"},\"wordCount\":371,\"image\":{\"@id\":\"https:\\\/\\\/www.btv.md\\\/ro\\\/cec-a-refuzat-sa-majoreze-numarul-sectiilor-de-votare-pentru-diaspora\\\/#primaryimage\"},\"thumbnailUrl\":\"https:\\\/\\\/www.btv.md\\\/wp-content\\\/uploads\\\/2021\\\/06\\\/alegeri-final.jpg\",\"keywords\":[\"CEC a refuzat s\u0103 majoreze num\u0103rul sec\u021biilor de votare pentru diaspor\u0103\"],\"articleSection\":[\"Politic\u0103\"],\"inLanguage\":\"ro-RO\"},{\"@type\":\"WebPage\",\"@id\":\"https:\\\/\\\/www.btv.md\\\/ro\\\/cec-a-refuzat-sa-majoreze-numarul-sectiilor-de-votare-pentru-diaspora\\\/\",\"url\":\"https:\\\/\\\/www.btv.md\\\/ro\\\/cec-a-refuzat-sa-majoreze-numarul-sectiilor-de-votare-pentru-diaspora\\\/\",\"name\":\"CEC a refuzat s\u0103 majoreze num\u0103rul sec\u021biilor de votare pentru diaspor\u0103 - BTV\",\"isPartOf\":{\"@id\":\"https:\\\/\\\/www.btv.md\\\/#website\"},\"primaryImageOfPage\":{\"@id\":\"https:\\\/\\\/www.btv.md\\\/ro\\\/cec-a-refuzat-sa-majoreze-numarul-sectiilor-de-votare-pentru-diaspora\\\/#primaryimage\"},\"image\":{\"@id\":\"https:\\\/\\\/www.btv.md\\\/ro\\\/cec-a-refuzat-sa-majoreze-numarul-sectiilor-de-votare-pentru-diaspora\\\/#primaryimage\"},\"thumbnailUrl\":\"https:\\\/\\\/www.btv.md\\\/wp-content\\\/uploads\\\/2021\\\/06\\\/alegeri-final.jpg\",\"datePublished\":\"2021-06-05T11:33:06+00:00\",\"author\":{\"@id\":\"https:\\\/\\\/www.btv.md\\\/#\\\/schema\\\/person\\\/8fadce81561b3ce2c34c46dadc4ccbf2\"},\"inLanguage\":\"ro-RO\",\"potentialAction\":[{\"@type\":\"ReadAction\",\"target\":[\"https:\\\/\\\/www.btv.md\\\/ro\\\/cec-a-refuzat-sa-majoreze-numarul-sectiilor-de-votare-pentru-diaspora\\\/\"]}]},{\"@type\":\"ImageObject\",\"inLanguage\":\"ro-RO\",\"@id\":\"https:\\\/\\\/www.btv.md\\\/ro\\\/cec-a-refuzat-sa-majoreze-numarul-sectiilor-de-votare-pentru-diaspora\\\/#primaryimage\",\"url\":\"https:\\\/\\\/www.btv.md\\\/wp-content\\\/uploads\\\/2021\\\/06\\\/alegeri-final.jpg\",\"contentUrl\":\"https:\\\/\\\/www.btv.md\\\/wp-content\\\/uploads\\\/2021\\\/06\\\/alegeri-final.jpg\",\"width\":1920,\"height\":1020},{\"@type\":\"WebSite\",\"@id\":\"https:\\\/\\\/www.btv.md\\\/#website\",\"url\":\"https:\\\/\\\/www.btv.md\\\/\",\"name\":\"BTV\",\"description\":\"\u0411\u0435\u043b\u044c\u0446\u043a\u043e\u0435 \u0442\u0435\u043b\u0435\u0432\u0438\u0434\u0435\u043d\u0438\u0435\",\"potentialAction\":[{\"@type\":\"SearchAction\",\"target\":{\"@type\":\"EntryPoint\",\"urlTemplate\":\"https:\\\/\\\/www.btv.md\\\/?s={search_term_string}\"},\"query-input\":{\"@type\":\"PropertyValueSpecification\",\"valueRequired\":true,\"valueName\":\"search_term_string\"}}],\"inLanguage\":\"ro-RO\"},{\"@type\":\"Person\",\"@id\":\"https:\\\/\\\/www.btv.md\\\/#\\\/schema\\\/person\\\/8fadce81561b3ce2c34c46dadc4ccbf2\",\"name\":\"admin\"}]}<\/script>\n<!-- \/ Yoast SEO plugin. -->","yoast_head_json":{"title":"CEC a refuzat s\u0103 majoreze num\u0103rul sec\u021biilor de votare pentru diaspor\u0103 - BTV","robots":{"index":"index","follow":"follow","max-snippet":"max-snippet:-1","max-image-preview":"max-image-preview:large","max-video-preview":"max-video-preview:-1"},"canonical":"https:\/\/www.btv.md\/ro\/cec-a-refuzat-sa-majoreze-numarul-sectiilor-de-votare-pentru-diaspora\/","og_locale":"ro_RO","og_type":"article","og_title":"CEC a refuzat s\u0103 majoreze num\u0103rul sec\u021biilor de votare pentru diaspor\u0103 - BTV","og_description":"Comisia Electoral\u0103 Central\u0103 a adoptat ast\u0103zi decizia privind num\u0103rul sec\u021biilor de votare pentru diaspor\u0103. Astfel, \u00een afara hotarelor R. Moldova, pentru alegerile anticipate din 11 iulie vor fi deschise 139 sec\u021bii de votare, a\u0219a cum a fost la alegerile preziden\u021biale din 2020. Asupra num\u0103rului 139 a insistat secretarul general al CEC-ului, fostul socialist Maxim Lebedinschi, [&hellip;]","og_url":"https:\/\/www.btv.md\/ro\/cec-a-refuzat-sa-majoreze-numarul-sectiilor-de-votare-pentru-diaspora\/","og_site_name":"BTV","article_publisher":"https:\/\/www.facebook.com\/btvmoldova\/","article_published_time":"2021-06-05T11:33:06+00:00","og_image":[{"width":1920,"height":1020,"url":"https:\/\/www.btv.md\/wp-content\/uploads\/2021\/06\/alegeri-final.jpg","type":"image\/jpeg"}],"author":"admin","twitter_misc":{"Scris de":"admin","Timp estimat pentru citire":"2 minute"},"schema":{"@context":"https:\/\/schema.org","@graph":[{"@type":"Article","@id":"https:\/\/www.btv.md\/ro\/cec-a-refuzat-sa-majoreze-numarul-sectiilor-de-votare-pentru-diaspora\/#article","isPartOf":{"@id":"https:\/\/www.btv.md\/ro\/cec-a-refuzat-sa-majoreze-numarul-sectiilor-de-votare-pentru-diaspora\/"},"author":{"name":"admin","@id":"https:\/\/www.btv.md\/#\/schema\/person\/8fadce81561b3ce2c34c46dadc4ccbf2"},"headline":"CEC a refuzat s\u0103 majoreze num\u0103rul sec\u021biilor de votare pentru diaspor\u0103","datePublished":"2021-06-05T11:33:06+00:00","mainEntityOfPage":{"@id":"https:\/\/www.btv.md\/ro\/cec-a-refuzat-sa-majoreze-numarul-sectiilor-de-votare-pentru-diaspora\/"},"wordCount":371,"image":{"@id":"https:\/\/www.btv.md\/ro\/cec-a-refuzat-sa-majoreze-numarul-sectiilor-de-votare-pentru-diaspora\/#primaryimage"},"thumbnailUrl":"https:\/\/www.btv.md\/wp-content\/uploads\/2021\/06\/alegeri-final.jpg","keywords":["CEC a refuzat s\u0103 majoreze num\u0103rul sec\u021biilor de votare pentru diaspor\u0103"],"articleSection":["Politic\u0103"],"inLanguage":"ro-RO"},{"@type":"WebPage","@id":"https:\/\/www.btv.md\/ro\/cec-a-refuzat-sa-majoreze-numarul-sectiilor-de-votare-pentru-diaspora\/","url":"https:\/\/www.btv.md\/ro\/cec-a-refuzat-sa-majoreze-numarul-sectiilor-de-votare-pentru-diaspora\/","name":"CEC a refuzat s\u0103 majoreze num\u0103rul sec\u021biilor de votare pentru diaspor\u0103 - BTV","isPartOf":{"@id":"https:\/\/www.btv.md\/#website"},"primaryImageOfPage":{"@id":"https:\/\/www.btv.md\/ro\/cec-a-refuzat-sa-majoreze-numarul-sectiilor-de-votare-pentru-diaspora\/#primaryimage"},"image":{"@id":"https:\/\/www.btv.md\/ro\/cec-a-refuzat-sa-majoreze-numarul-sectiilor-de-votare-pentru-diaspora\/#primaryimage"},"thumbnailUrl":"https:\/\/www.btv.md\/wp-content\/uploads\/2021\/06\/alegeri-final.jpg","datePublished":"2021-06-05T11:33:06+00:00","author":{"@id":"https:\/\/www.btv.md\/#\/schema\/person\/8fadce81561b3ce2c34c46dadc4ccbf2"},"inLanguage":"ro-RO","potentialAction":[{"@type":"ReadAction","target":["https:\/\/www.btv.md\/ro\/cec-a-refuzat-sa-majoreze-numarul-sectiilor-de-votare-pentru-diaspora\/"]}]},{"@type":"ImageObject","inLanguage":"ro-RO","@id":"https:\/\/www.btv.md\/ro\/cec-a-refuzat-sa-majoreze-numarul-sectiilor-de-votare-pentru-diaspora\/#primaryimage","url":"https:\/\/www.btv.md\/wp-content\/uploads\/2021\/06\/alegeri-final.jpg","contentUrl":"https:\/\/www.btv.md\/wp-content\/uploads\/2021\/06\/alegeri-final.jpg","width":1920,"height":1020},{"@type":"WebSite","@id":"https:\/\/www.btv.md\/#website","url":"https:\/\/www.btv.md\/","name":"BTV","description":"\u0411\u0435\u043b\u044c\u0446\u043a\u043e\u0435 \u0442\u0435\u043b\u0435\u0432\u0438\u0434\u0435\u043d\u0438\u0435","potentialAction":[{"@type":"SearchAction","target":{"@type":"EntryPoint","urlTemplate":"https:\/\/www.btv.md\/?s={search_term_string}"},"query-input":{"@type":"PropertyValueSpecification","valueRequired":true,"valueName":"search_term_string"}}],"inLanguage":"ro-RO"},{"@type":"Person","@id":"https:\/\/www.btv.md\/#\/schema\/person\/8fadce81561b3ce2c34c46dadc4ccbf2","name":"admin"}]}},"_links":{"self":[{"href":"https:\/\/www.btv.md\/ro\/wp-json\/wp\/v2\/posts\/130841","targetHints":{"allow":["GET"]}}],"collection":[{"href":"https:\/\/www.btv.md\/ro\/wp-json\/wp\/v2\/posts"}],"about":[{"href":"https:\/\/www.btv.md\/ro\/wp-json\/wp\/v2\/types\/post"}],"author":[{"embeddable":true,"href":"https:\/\/www.btv.md\/ro\/wp-json\/wp\/v2\/users\/4"}],"replies":[{"embeddable":true,"href":"https:\/\/www.btv.md\/ro\/wp-json\/wp\/v2\/comments?post=130841"}],"version-history":[{"count":0,"href":"https:\/\/www.btv.md\/ro\/wp-json\/wp\/v2\/posts\/130841\/revisions"}],"wp:featuredmedia":[{"embeddable":true,"href":"https:\/\/www.btv.md\/ro\/wp-json\/wp\/v2\/media\/130842"}],"wp:attachment":[{"href":"https:\/\/www.btv.md\/ro\/wp-json\/wp\/v2\/media?parent=130841"}],"wp:term":[{"taxonomy":"category","embeddable":true,"href":"https:\/\/www.btv.md\/ro\/wp-json\/wp\/v2\/categories?post=130841"},{"taxonomy":"post_tag","embeddable":true,"href":"https:\/\/www.btv.md\/ro\/wp-json\/wp\/v2\/tags?post=130841"}],"curies":[{"name":"wp","href":"https:\/\/api.w.org\/{rel}","templated":true}]}}