{"id":130848,"date":"2021-06-05T14:48:49","date_gmt":"2021-06-05T11:48:49","guid":{"rendered":"https:\/\/www.btv.md\/?p=130848"},"modified":"2021-06-05T14:48:49","modified_gmt":"2021-06-05T11:48:49","slug":"renovarea-acropolei-motiv-de-controverse-guvernul-grec-este-acuzat-ca-a-deteriorat-monumentul","status":"publish","type":"post","link":"https:\/\/www.btv.md\/ro\/renovarea-acropolei-motiv-de-controverse-guvernul-grec-este-acuzat-ca-a-deteriorat-monumentul\/","title":{"rendered":"Renovarea Acropolei, motiv de controverse. Guvernul grec este acuzat c\u0103 a deteriorat monumentul"},"content":{"rendered":"<p data-index=\"1\"><strong>Proiectul de renovare a Acropolei, celebra st\u00e2nc\u0103 sacr\u0103 a Atenei, inclus\u0103 \u00een Patrimoniul Mondial UNESCO, a reu\u0219it s\u0103 st\u00e2rneasc\u0103 numeroase controverse, dup\u0103 ce guvernul grec a fost acuzat c\u0103 a deteriorat monumentul nepre\u021buit, scrie <a href=\"https:\/\/www.digi24.ro\/stiri\/externe\/renovarea-acropolei-motiv-de-controverse-guvernul-grec-este-acuzat-ca-a-deteriorat-monumentul-1552705\">digi24.ro<\/a>.<\/strong><\/p>\n<p data-index=\"2\">Obiectul principal al nemul\u0163umirilor \u00eel reprezint\u0103 noua pasarel\u0103 de beton inaugurat\u0103 \u00een decembrie 2020, \u00een cadrul unei renov\u0103ri mai ample, prezentat\u0103 drept necesar\u0103 pentru a primi milioane de vizitatori \u00een fiecare an, inclusiv persoane cu mobilitate redus\u0103.<\/p>\n<p data-index=\"3\">Contestatarii lucr\u0103rilor de renovare, finalizate \u00een urm\u0103 cu pu\u0163in peste un an, sus\u0163in c\u0103 acestea au fost realizate f\u0103r\u0103 luarea de precau\u0163ii necesare pentru protejarea emblematicului monument.<\/p>\n<p data-index=\"4\">Renumitul arhitect Tasos Tanoulas, fost membru al echipei de restaurare a Acropolei, a calificat aceast\u0103 nou\u0103 ramp\u0103 drept &#8222;sufocant\u0103&#8221; pentru monumentul din secolul al V-lea \u00ee.Hr., \u00een timp ce liderul opozi\u0163iei, Alexis Tsipras, a vorbit despre &#8222;rele tratamente&#8221; suferite de cel mai faimos sit arheologic al Greciei, potrivit Agerpres.<\/p>\n<p id=\"highlight-1552705-1\"><strong>Cum se ap\u0103r\u0103 guvernul de acuza\u021biile care \u00eei sunt aduse<\/strong><\/p>\n<p data-index=\"5\">\u00cen replic\u0103, guvernul a r\u0103spuns c\u0103 au fost luate toate m\u0103surile de precau\u0163ie necesare \u015fi c\u0103 aceste critici sunt alimentate de opozi\u0163ie. Totodat\u0103, autorit\u0103\u021bile spun c\u0103 renovarea a fost necesar\u0103 deoarece drumurile din jurul Acropolei, concepute \u00een urm\u0103 cu 50 de ani \u015fi reamenajate ultima dat\u0103 \u00een 2012, au provocat sute de accidente \u00een fiecare an.<\/p>\n<p data-index=\"6\">Peste 3,5 milioane de persoane au vizitat Acropola \u00een 2019, \u00eenainte de pandemia de coronavirus.<\/p>\n<p data-index=\"7\">Ministerul Culturii a anun\u0163at s\u0103pt\u0103m\u00e2na aceasta noi dispozitive pe Acropol\u0103 pentru vizitatorii cu dizabilit\u0103\u0163i, \u00een urma discu\u0163iilor cu principalele asocia\u0163ii ale persoanelor cu dizabilit\u0103\u0163i.<\/p>\n<p data-index=\"8\">Panouri \u00een braille vor fi instalate pentru vizitatorii cu deficien\u0163e de vedere, al\u0103turi de balustrade \u015fi de indicatoare de avertizare pentru pante, pentru cei cu mobilitate redus\u0103.<\/p>\n<p id=\"highlight-1552705-2\"><strong>Renovarea Acropolei, proiect de 1,5 miliarde de euro<\/strong><\/p>\n<p data-index=\"9\">Renovarea Acropolei, care a costat circa 1,5 miliarde de euro \u015fi include iluminarea nocturn\u0103 a monumentului \u015fi instalarea unui lift pentru persoanele cu dizabilit\u0103\u0163i, a fost finan\u0163at\u0103 de Funda\u0163ia privat\u0103 Onassis.<\/p>\n<p data-index=\"10\">Lucr\u0103rile au fost realizate de &#8222;exper\u0163i de renume mondial&#8221;, cu o experien\u0163\u0103 de patru decenii, a subliniat ministrul Culturii, Lina Mendoni.<\/p>\n<p data-index=\"11\">\u00cen calitate de semnatar\u0103 a Conven\u0163iei Patrimoniului Mondial UNESCO, Grecia trebuie s\u0103 previn\u0103 organiza\u0163ia &#8222;\u00eenainte de a lua orice decizie care ar fi dificil de inversat&#8221; cu privire la Acropol\u0103, \u00eens\u0103 potrivit ministrului Culturii, nu exist\u0103 nicio obliga\u0163ie de a informa UNESCO cu privire la aceste schimb\u0103ri &#8222;minore&#8221; \u015fi &#8222;complet reversibile&#8221;.<\/p>\n<p data-index=\"12\">Exper\u0163ii UNESCO vor participa la o conferin\u0163\u0103 interna\u0163ional\u0103 la Atena \u00een toamn\u0103, a ad\u0103ugat Mendoni.<\/p>\n<p data-index=\"13\">Pentru autorit\u0103\u0163i, renovarea a fost necesar\u0103 deoarece drumurile din jurul Acropolei, concepute \u00een urm\u0103 cu 50 de ani \u015fi reamenajate ultima dat\u0103 \u00een 2012, au provocat sute de accidente \u00een fiecare an.<\/p>\n<p data-index=\"13\">Foto: digi24.ro.<\/p>\n","protected":false},"excerpt":{"rendered":"<p>Proiectul de renovare a Acropolei, celebra st\u00e2nc\u0103 sacr\u0103 a Atenei, inclus\u0103 \u00een Patrimoniul Mondial UNESCO, a reu\u0219it s\u0103 st\u00e2rneasc\u0103 numeroase controverse, dup\u0103 ce guvernul grec a fost acuzat c\u0103 a deteriorat monumentul nepre\u021buit, scrie digi24.ro. Obiectul principal al nemul\u0163umirilor \u00eel reprezint\u0103 noua pasarel\u0103 de beton inaugurat\u0103 \u00een decembrie 2020, \u00een cadrul unei renov\u0103ri mai ample, [&hellip;]<\/p>\n","protected":false},"author":4,"featured_media":130849,"comment_status":"closed","ping_status":"closed","sticky":false,"template":"","format":"standard","meta":{"footnotes":""},"categories":[6349],"tags":[26118,26117],"class_list":["post-130848","post","type-post","status-publish","format-standard","has-post-thumbnail","hentry","category-social","tag-motiv-de-controverse-guvernul-grec-este-acuzat-ca-a-deteriorat-monumentul","tag-renovarea-acropolei"],"yoast_head":"<!-- This site is optimized with the Yoast SEO plugin v27.4 - https:\/\/yoast.com\/product\/yoast-seo-wordpress\/ -->\n<title>Renovarea Acropolei, motiv de controverse. Guvernul grec este acuzat c\u0103 a deteriorat monumentul - BTV<\/title>\n<meta name=\"robots\" content=\"index, follow, max-snippet:-1, max-image-preview:large, max-video-preview:-1\" \/>\n<link rel=\"canonical\" href=\"https:\/\/www.btv.md\/ro\/renovarea-acropolei-motiv-de-controverse-guvernul-grec-este-acuzat-ca-a-deteriorat-monumentul\/\" \/>\n<meta property=\"og:locale\" content=\"ro_RO\" \/>\n<meta property=\"og:type\" content=\"article\" \/>\n<meta property=\"og:title\" content=\"Renovarea Acropolei, motiv de controverse. Guvernul grec este acuzat c\u0103 a deteriorat monumentul - BTV\" \/>\n<meta property=\"og:description\" content=\"Proiectul de renovare a Acropolei, celebra st\u00e2nc\u0103 sacr\u0103 a Atenei, inclus\u0103 \u00een Patrimoniul Mondial UNESCO, a reu\u0219it s\u0103 st\u00e2rneasc\u0103 numeroase controverse, dup\u0103 ce guvernul grec a fost acuzat c\u0103 a deteriorat monumentul nepre\u021buit, scrie digi24.ro. Obiectul principal al nemul\u0163umirilor \u00eel reprezint\u0103 noua pasarel\u0103 de beton inaugurat\u0103 \u00een decembrie 2020, \u00een cadrul unei renov\u0103ri mai ample, [&hellip;]\" \/>\n<meta property=\"og:url\" content=\"https:\/\/www.btv.md\/ro\/renovarea-acropolei-motiv-de-controverse-guvernul-grec-este-acuzat-ca-a-deteriorat-monumentul\/\" \/>\n<meta property=\"og:site_name\" content=\"BTV\" \/>\n<meta property=\"article:publisher\" content=\"https:\/\/www.facebook.com\/btvmoldova\/\" \/>\n<meta property=\"article:published_time\" content=\"2021-06-05T11:48:49+00:00\" \/>\n<meta property=\"og:image\" content=\"https:\/\/www.btv.md\/wp-content\/uploads\/2021\/06\/ptq0mczoyxnoptu5yti4zjbhngqzmwu2zjzkmjzkogmwmze2otnlywnm.thumb_.jpg\" \/>\n\t<meta property=\"og:image:width\" content=\"780\" \/>\n\t<meta property=\"og:image:height\" content=\"440\" \/>\n\t<meta property=\"og:image:type\" content=\"image\/jpeg\" \/>\n<meta name=\"author\" content=\"admin\" \/>\n<meta name=\"twitter:label1\" content=\"Scris de\" \/>\n\t<meta name=\"twitter:data1\" content=\"admin\" \/>\n\t<meta name=\"twitter:label2\" content=\"Timp estimat pentru citire\" \/>\n\t<meta name=\"twitter:data2\" content=\"2 minute\" \/>\n<script type=\"application\/ld+json\" class=\"yoast-schema-graph\">{\"@context\":\"https:\\\/\\\/schema.org\",\"@graph\":[{\"@type\":\"Article\",\"@id\":\"https:\\\/\\\/www.btv.md\\\/ro\\\/renovarea-acropolei-motiv-de-controverse-guvernul-grec-este-acuzat-ca-a-deteriorat-monumentul\\\/#article\",\"isPartOf\":{\"@id\":\"https:\\\/\\\/www.btv.md\\\/ro\\\/renovarea-acropolei-motiv-de-controverse-guvernul-grec-este-acuzat-ca-a-deteriorat-monumentul\\\/\"},\"author\":{\"name\":\"admin\",\"@id\":\"https:\\\/\\\/www.btv.md\\\/#\\\/schema\\\/person\\\/8fadce81561b3ce2c34c46dadc4ccbf2\"},\"headline\":\"Renovarea Acropolei, motiv de controverse. Guvernul grec este acuzat c\u0103 a deteriorat monumentul\",\"datePublished\":\"2021-06-05T11:48:49+00:00\",\"mainEntityOfPage\":{\"@id\":\"https:\\\/\\\/www.btv.md\\\/ro\\\/renovarea-acropolei-motiv-de-controverse-guvernul-grec-este-acuzat-ca-a-deteriorat-monumentul\\\/\"},\"wordCount\":488,\"image\":{\"@id\":\"https:\\\/\\\/www.btv.md\\\/ro\\\/renovarea-acropolei-motiv-de-controverse-guvernul-grec-este-acuzat-ca-a-deteriorat-monumentul\\\/#primaryimage\"},\"thumbnailUrl\":\"https:\\\/\\\/www.btv.md\\\/wp-content\\\/uploads\\\/2021\\\/06\\\/ptq0mczoyxnoptu5yti4zjbhngqzmwu2zjzkmjzkogmwmze2otnlywnm.thumb_.jpg\",\"keywords\":[\"motiv de controverse. Guvernul grec este acuzat c\u0103 a deteriorat monumentul\",\"Renovarea Acropolei\"],\"articleSection\":[\"Social\"],\"inLanguage\":\"ro-RO\"},{\"@type\":\"WebPage\",\"@id\":\"https:\\\/\\\/www.btv.md\\\/ro\\\/renovarea-acropolei-motiv-de-controverse-guvernul-grec-este-acuzat-ca-a-deteriorat-monumentul\\\/\",\"url\":\"https:\\\/\\\/www.btv.md\\\/ro\\\/renovarea-acropolei-motiv-de-controverse-guvernul-grec-este-acuzat-ca-a-deteriorat-monumentul\\\/\",\"name\":\"Renovarea Acropolei, motiv de controverse. Guvernul grec este acuzat c\u0103 a deteriorat monumentul - BTV\",\"isPartOf\":{\"@id\":\"https:\\\/\\\/www.btv.md\\\/#website\"},\"primaryImageOfPage\":{\"@id\":\"https:\\\/\\\/www.btv.md\\\/ro\\\/renovarea-acropolei-motiv-de-controverse-guvernul-grec-este-acuzat-ca-a-deteriorat-monumentul\\\/#primaryimage\"},\"image\":{\"@id\":\"https:\\\/\\\/www.btv.md\\\/ro\\\/renovarea-acropolei-motiv-de-controverse-guvernul-grec-este-acuzat-ca-a-deteriorat-monumentul\\\/#primaryimage\"},\"thumbnailUrl\":\"https:\\\/\\\/www.btv.md\\\/wp-content\\\/uploads\\\/2021\\\/06\\\/ptq0mczoyxnoptu5yti4zjbhngqzmwu2zjzkmjzkogmwmze2otnlywnm.thumb_.jpg\",\"datePublished\":\"2021-06-05T11:48:49+00:00\",\"author\":{\"@id\":\"https:\\\/\\\/www.btv.md\\\/#\\\/schema\\\/person\\\/8fadce81561b3ce2c34c46dadc4ccbf2\"},\"inLanguage\":\"ro-RO\",\"potentialAction\":[{\"@type\":\"ReadAction\",\"target\":[\"https:\\\/\\\/www.btv.md\\\/ro\\\/renovarea-acropolei-motiv-de-controverse-guvernul-grec-este-acuzat-ca-a-deteriorat-monumentul\\\/\"]}]},{\"@type\":\"ImageObject\",\"inLanguage\":\"ro-RO\",\"@id\":\"https:\\\/\\\/www.btv.md\\\/ro\\\/renovarea-acropolei-motiv-de-controverse-guvernul-grec-este-acuzat-ca-a-deteriorat-monumentul\\\/#primaryimage\",\"url\":\"https:\\\/\\\/www.btv.md\\\/wp-content\\\/uploads\\\/2021\\\/06\\\/ptq0mczoyxnoptu5yti4zjbhngqzmwu2zjzkmjzkogmwmze2otnlywnm.thumb_.jpg\",\"contentUrl\":\"https:\\\/\\\/www.btv.md\\\/wp-content\\\/uploads\\\/2021\\\/06\\\/ptq0mczoyxnoptu5yti4zjbhngqzmwu2zjzkmjzkogmwmze2otnlywnm.thumb_.jpg\",\"width\":780,\"height\":440},{\"@type\":\"WebSite\",\"@id\":\"https:\\\/\\\/www.btv.md\\\/#website\",\"url\":\"https:\\\/\\\/www.btv.md\\\/\",\"name\":\"BTV\",\"description\":\"\u0411\u0435\u043b\u044c\u0446\u043a\u043e\u0435 \u0442\u0435\u043b\u0435\u0432\u0438\u0434\u0435\u043d\u0438\u0435\",\"potentialAction\":[{\"@type\":\"SearchAction\",\"target\":{\"@type\":\"EntryPoint\",\"urlTemplate\":\"https:\\\/\\\/www.btv.md\\\/?s={search_term_string}\"},\"query-input\":{\"@type\":\"PropertyValueSpecification\",\"valueRequired\":true,\"valueName\":\"search_term_string\"}}],\"inLanguage\":\"ro-RO\"},{\"@type\":\"Person\",\"@id\":\"https:\\\/\\\/www.btv.md\\\/#\\\/schema\\\/person\\\/8fadce81561b3ce2c34c46dadc4ccbf2\",\"name\":\"admin\"}]}<\/script>\n<!-- \/ Yoast SEO plugin. -->","yoast_head_json":{"title":"Renovarea Acropolei, motiv de controverse. Guvernul grec este acuzat c\u0103 a deteriorat monumentul - BTV","robots":{"index":"index","follow":"follow","max-snippet":"max-snippet:-1","max-image-preview":"max-image-preview:large","max-video-preview":"max-video-preview:-1"},"canonical":"https:\/\/www.btv.md\/ro\/renovarea-acropolei-motiv-de-controverse-guvernul-grec-este-acuzat-ca-a-deteriorat-monumentul\/","og_locale":"ro_RO","og_type":"article","og_title":"Renovarea Acropolei, motiv de controverse. Guvernul grec este acuzat c\u0103 a deteriorat monumentul - BTV","og_description":"Proiectul de renovare a Acropolei, celebra st\u00e2nc\u0103 sacr\u0103 a Atenei, inclus\u0103 \u00een Patrimoniul Mondial UNESCO, a reu\u0219it s\u0103 st\u00e2rneasc\u0103 numeroase controverse, dup\u0103 ce guvernul grec a fost acuzat c\u0103 a deteriorat monumentul nepre\u021buit, scrie digi24.ro. Obiectul principal al nemul\u0163umirilor \u00eel reprezint\u0103 noua pasarel\u0103 de beton inaugurat\u0103 \u00een decembrie 2020, \u00een cadrul unei renov\u0103ri mai ample, [&hellip;]","og_url":"https:\/\/www.btv.md\/ro\/renovarea-acropolei-motiv-de-controverse-guvernul-grec-este-acuzat-ca-a-deteriorat-monumentul\/","og_site_name":"BTV","article_publisher":"https:\/\/www.facebook.com\/btvmoldova\/","article_published_time":"2021-06-05T11:48:49+00:00","og_image":[{"width":780,"height":440,"url":"https:\/\/www.btv.md\/wp-content\/uploads\/2021\/06\/ptq0mczoyxnoptu5yti4zjbhngqzmwu2zjzkmjzkogmwmze2otnlywnm.thumb_.jpg","type":"image\/jpeg"}],"author":"admin","twitter_misc":{"Scris de":"admin","Timp estimat pentru citire":"2 minute"},"schema":{"@context":"https:\/\/schema.org","@graph":[{"@type":"Article","@id":"https:\/\/www.btv.md\/ro\/renovarea-acropolei-motiv-de-controverse-guvernul-grec-este-acuzat-ca-a-deteriorat-monumentul\/#article","isPartOf":{"@id":"https:\/\/www.btv.md\/ro\/renovarea-acropolei-motiv-de-controverse-guvernul-grec-este-acuzat-ca-a-deteriorat-monumentul\/"},"author":{"name":"admin","@id":"https:\/\/www.btv.md\/#\/schema\/person\/8fadce81561b3ce2c34c46dadc4ccbf2"},"headline":"Renovarea Acropolei, motiv de controverse. Guvernul grec este acuzat c\u0103 a deteriorat monumentul","datePublished":"2021-06-05T11:48:49+00:00","mainEntityOfPage":{"@id":"https:\/\/www.btv.md\/ro\/renovarea-acropolei-motiv-de-controverse-guvernul-grec-este-acuzat-ca-a-deteriorat-monumentul\/"},"wordCount":488,"image":{"@id":"https:\/\/www.btv.md\/ro\/renovarea-acropolei-motiv-de-controverse-guvernul-grec-este-acuzat-ca-a-deteriorat-monumentul\/#primaryimage"},"thumbnailUrl":"https:\/\/www.btv.md\/wp-content\/uploads\/2021\/06\/ptq0mczoyxnoptu5yti4zjbhngqzmwu2zjzkmjzkogmwmze2otnlywnm.thumb_.jpg","keywords":["motiv de controverse. Guvernul grec este acuzat c\u0103 a deteriorat monumentul","Renovarea Acropolei"],"articleSection":["Social"],"inLanguage":"ro-RO"},{"@type":"WebPage","@id":"https:\/\/www.btv.md\/ro\/renovarea-acropolei-motiv-de-controverse-guvernul-grec-este-acuzat-ca-a-deteriorat-monumentul\/","url":"https:\/\/www.btv.md\/ro\/renovarea-acropolei-motiv-de-controverse-guvernul-grec-este-acuzat-ca-a-deteriorat-monumentul\/","name":"Renovarea Acropolei, motiv de controverse. Guvernul grec este acuzat c\u0103 a deteriorat monumentul - BTV","isPartOf":{"@id":"https:\/\/www.btv.md\/#website"},"primaryImageOfPage":{"@id":"https:\/\/www.btv.md\/ro\/renovarea-acropolei-motiv-de-controverse-guvernul-grec-este-acuzat-ca-a-deteriorat-monumentul\/#primaryimage"},"image":{"@id":"https:\/\/www.btv.md\/ro\/renovarea-acropolei-motiv-de-controverse-guvernul-grec-este-acuzat-ca-a-deteriorat-monumentul\/#primaryimage"},"thumbnailUrl":"https:\/\/www.btv.md\/wp-content\/uploads\/2021\/06\/ptq0mczoyxnoptu5yti4zjbhngqzmwu2zjzkmjzkogmwmze2otnlywnm.thumb_.jpg","datePublished":"2021-06-05T11:48:49+00:00","author":{"@id":"https:\/\/www.btv.md\/#\/schema\/person\/8fadce81561b3ce2c34c46dadc4ccbf2"},"inLanguage":"ro-RO","potentialAction":[{"@type":"ReadAction","target":["https:\/\/www.btv.md\/ro\/renovarea-acropolei-motiv-de-controverse-guvernul-grec-este-acuzat-ca-a-deteriorat-monumentul\/"]}]},{"@type":"ImageObject","inLanguage":"ro-RO","@id":"https:\/\/www.btv.md\/ro\/renovarea-acropolei-motiv-de-controverse-guvernul-grec-este-acuzat-ca-a-deteriorat-monumentul\/#primaryimage","url":"https:\/\/www.btv.md\/wp-content\/uploads\/2021\/06\/ptq0mczoyxnoptu5yti4zjbhngqzmwu2zjzkmjzkogmwmze2otnlywnm.thumb_.jpg","contentUrl":"https:\/\/www.btv.md\/wp-content\/uploads\/2021\/06\/ptq0mczoyxnoptu5yti4zjbhngqzmwu2zjzkmjzkogmwmze2otnlywnm.thumb_.jpg","width":780,"height":440},{"@type":"WebSite","@id":"https:\/\/www.btv.md\/#website","url":"https:\/\/www.btv.md\/","name":"BTV","description":"\u0411\u0435\u043b\u044c\u0446\u043a\u043e\u0435 \u0442\u0435\u043b\u0435\u0432\u0438\u0434\u0435\u043d\u0438\u0435","potentialAction":[{"@type":"SearchAction","target":{"@type":"EntryPoint","urlTemplate":"https:\/\/www.btv.md\/?s={search_term_string}"},"query-input":{"@type":"PropertyValueSpecification","valueRequired":true,"valueName":"search_term_string"}}],"inLanguage":"ro-RO"},{"@type":"Person","@id":"https:\/\/www.btv.md\/#\/schema\/person\/8fadce81561b3ce2c34c46dadc4ccbf2","name":"admin"}]}},"_links":{"self":[{"href":"https:\/\/www.btv.md\/ro\/wp-json\/wp\/v2\/posts\/130848","targetHints":{"allow":["GET"]}}],"collection":[{"href":"https:\/\/www.btv.md\/ro\/wp-json\/wp\/v2\/posts"}],"about":[{"href":"https:\/\/www.btv.md\/ro\/wp-json\/wp\/v2\/types\/post"}],"author":[{"embeddable":true,"href":"https:\/\/www.btv.md\/ro\/wp-json\/wp\/v2\/users\/4"}],"replies":[{"embeddable":true,"href":"https:\/\/www.btv.md\/ro\/wp-json\/wp\/v2\/comments?post=130848"}],"version-history":[{"count":0,"href":"https:\/\/www.btv.md\/ro\/wp-json\/wp\/v2\/posts\/130848\/revisions"}],"wp:featuredmedia":[{"embeddable":true,"href":"https:\/\/www.btv.md\/ro\/wp-json\/wp\/v2\/media\/130849"}],"wp:attachment":[{"href":"https:\/\/www.btv.md\/ro\/wp-json\/wp\/v2\/media?parent=130848"}],"wp:term":[{"taxonomy":"category","embeddable":true,"href":"https:\/\/www.btv.md\/ro\/wp-json\/wp\/v2\/categories?post=130848"},{"taxonomy":"post_tag","embeddable":true,"href":"https:\/\/www.btv.md\/ro\/wp-json\/wp\/v2\/tags?post=130848"}],"curies":[{"name":"wp","href":"https:\/\/api.w.org\/{rel}","templated":true}]}}