{"id":130852,"date":"2021-06-05T14:52:09","date_gmt":"2021-06-05T11:52:09","guid":{"rendered":"https:\/\/www.btv.md\/?p=130852"},"modified":"2021-06-05T14:52:09","modified_gmt":"2021-06-05T11:52:09","slug":"tara-care-interzice-twitter-dupa-ce-un-mesaj-publicat-de-presedinte-a-fost-sters","status":"publish","type":"post","link":"https:\/\/www.btv.md\/ro\/tara-care-interzice-twitter-dupa-ce-un-mesaj-publicat-de-presedinte-a-fost-sters\/","title":{"rendered":"\u021aara care interzice Twitter dup\u0103 ce un mesaj publicat de pre\u0219edinte a fost \u0219ters"},"content":{"rendered":"<p><strong>Ministerul informa\u021biilor din guvernul nigerian, Lai Mohammed, spune c\u0103 guvernul a ac\u021bionat din cauza \u201efolosirii persistente a Twitter \u00een activit\u0103\u021bi de natur\u0103 s\u0103 submineze existen\u021ba corporatist\u0103 a Nigeriei\u201d, conform Reuters, transmite\u00a0<a href=\"https:\/\/stiri.md\/article\/international\/tara-care-interzice-twitter-dupa-ce-un-mesaj-publicat-de-presedinte-a-fost-sters\">\u0218tiri.md<\/a>.<\/strong><\/p>\n<p>El nu a precizat, \u00eens\u0103, ce form\u0103 va lua suspendarea platformei \u0219i nici nu a dat alte detalii cu privire la activit\u0103\u021bile men\u021bionate. Ministerul a anun\u021bat suspendarea Twitter chiar printr-o postare pe Twitter.<\/p>\n<p>Re\u021beaua social\u0103 a anun\u021bat c\u0103 investigheaz\u0103 situa\u021bia \u0219i c\u0103 va da mai multe detalii atunci c\u00e2nd va primi mai multe informa\u021bii. Totu\u0219i, \u00een ciuda anun\u021bului, aplica\u021bia \u0219i site-ul web al Twitter au func\u021bionat \u00een continuare \u00een Nigeria, pe parcursul zilei de vineri.<\/p>\n<p>Miercuri, Twitter a anun\u021bat c\u0103 \u0219terge postarea lui Buhari \u00een care pre\u0219edintele amenin\u021ba grup\u0103ri secesioniste pe care le acuza c\u0103 au atacat cl\u0103diri guvernamentale.<\/p>\n<p>Foto: \u0218tiri.md.<\/p>\n","protected":false},"excerpt":{"rendered":"<p>Ministerul informa\u021biilor din guvernul nigerian, Lai Mohammed, spune c\u0103 guvernul a ac\u021bionat din cauza \u201efolosirii persistente a Twitter \u00een activit\u0103\u021bi de natur\u0103 s\u0103 submineze existen\u021ba corporatist\u0103 a Nigeriei\u201d, conform Reuters, transmite\u00a0\u0218tiri.md. El nu a precizat, \u00eens\u0103, ce form\u0103 va lua suspendarea platformei \u0219i nici nu a dat alte detalii cu privire la activit\u0103\u021bile men\u021bionate. Ministerul [&hellip;]<\/p>\n","protected":false},"author":4,"featured_media":130853,"comment_status":"closed","ping_status":"closed","sticky":false,"template":"","format":"standard","meta":{"footnotes":""},"categories":[6349],"tags":[26119],"class_list":["post-130852","post","type-post","status-publish","format-standard","has-post-thumbnail","hentry","category-social","tag-tara-care-interzice-twitter-dupa-ce-un-mesaj-publicat-de-presedinte-a-fost-sters"],"yoast_head":"<!-- This site is optimized with the Yoast SEO plugin v27.4 - https:\/\/yoast.com\/product\/yoast-seo-wordpress\/ -->\n<title>\u021aara care interzice Twitter dup\u0103 ce un mesaj publicat de pre\u0219edinte a fost \u0219ters - BTV<\/title>\n<meta name=\"robots\" content=\"index, follow, max-snippet:-1, max-image-preview:large, max-video-preview:-1\" \/>\n<link rel=\"canonical\" href=\"https:\/\/www.btv.md\/ro\/tara-care-interzice-twitter-dupa-ce-un-mesaj-publicat-de-presedinte-a-fost-sters\/\" \/>\n<meta property=\"og:locale\" content=\"ro_RO\" \/>\n<meta property=\"og:type\" content=\"article\" \/>\n<meta property=\"og:title\" content=\"\u021aara care interzice Twitter dup\u0103 ce un mesaj publicat de pre\u0219edinte a fost \u0219ters - BTV\" \/>\n<meta property=\"og:description\" content=\"Ministerul informa\u021biilor din guvernul nigerian, Lai Mohammed, spune c\u0103 guvernul a ac\u021bionat din cauza \u201efolosirii persistente a Twitter \u00een activit\u0103\u021bi de natur\u0103 s\u0103 submineze existen\u021ba corporatist\u0103 a Nigeriei\u201d, conform Reuters, transmite\u00a0\u0218tiri.md. El nu a precizat, \u00eens\u0103, ce form\u0103 va lua suspendarea platformei \u0219i nici nu a dat alte detalii cu privire la activit\u0103\u021bile men\u021bionate. Ministerul [&hellip;]\" \/>\n<meta property=\"og:url\" content=\"https:\/\/www.btv.md\/ro\/tara-care-interzice-twitter-dupa-ce-un-mesaj-publicat-de-presedinte-a-fost-sters\/\" \/>\n<meta property=\"og:site_name\" content=\"BTV\" \/>\n<meta property=\"article:publisher\" content=\"https:\/\/www.facebook.com\/btvmoldova\/\" \/>\n<meta property=\"article:published_time\" content=\"2021-06-05T11:52:09+00:00\" \/>\n<meta property=\"og:image\" content=\"https:\/\/www.btv.md\/wp-content\/uploads\/2021\/06\/cbaa7997b1cd3ac724fa936585a4164c.jpg\" \/>\n\t<meta property=\"og:image:width\" content=\"809\" \/>\n\t<meta property=\"og:image:height\" content=\"456\" \/>\n\t<meta property=\"og:image:type\" content=\"image\/jpeg\" \/>\n<meta name=\"author\" content=\"admin\" \/>\n<meta name=\"twitter:label1\" content=\"Scris de\" \/>\n\t<meta name=\"twitter:data1\" content=\"admin\" \/>\n\t<meta name=\"twitter:label2\" content=\"Timp estimat pentru citire\" \/>\n\t<meta name=\"twitter:data2\" content=\"1 minut\" \/>\n<script type=\"application\/ld+json\" class=\"yoast-schema-graph\">{\"@context\":\"https:\\\/\\\/schema.org\",\"@graph\":[{\"@type\":\"Article\",\"@id\":\"https:\\\/\\\/www.btv.md\\\/ro\\\/tara-care-interzice-twitter-dupa-ce-un-mesaj-publicat-de-presedinte-a-fost-sters\\\/#article\",\"isPartOf\":{\"@id\":\"https:\\\/\\\/www.btv.md\\\/ro\\\/tara-care-interzice-twitter-dupa-ce-un-mesaj-publicat-de-presedinte-a-fost-sters\\\/\"},\"author\":{\"name\":\"admin\",\"@id\":\"https:\\\/\\\/www.btv.md\\\/#\\\/schema\\\/person\\\/8fadce81561b3ce2c34c46dadc4ccbf2\"},\"headline\":\"\u021aara care interzice Twitter dup\u0103 ce un mesaj publicat de pre\u0219edinte a fost \u0219ters\",\"datePublished\":\"2021-06-05T11:52:09+00:00\",\"mainEntityOfPage\":{\"@id\":\"https:\\\/\\\/www.btv.md\\\/ro\\\/tara-care-interzice-twitter-dupa-ce-un-mesaj-publicat-de-presedinte-a-fost-sters\\\/\"},\"wordCount\":171,\"image\":{\"@id\":\"https:\\\/\\\/www.btv.md\\\/ro\\\/tara-care-interzice-twitter-dupa-ce-un-mesaj-publicat-de-presedinte-a-fost-sters\\\/#primaryimage\"},\"thumbnailUrl\":\"https:\\\/\\\/www.btv.md\\\/wp-content\\\/uploads\\\/2021\\\/06\\\/cbaa7997b1cd3ac724fa936585a4164c.jpg\",\"keywords\":[\"\u021aara care interzice Twitter dup\u0103 ce un mesaj publicat de pre\u0219edinte a fost \u0219ters\"],\"articleSection\":[\"Social\"],\"inLanguage\":\"ro-RO\"},{\"@type\":\"WebPage\",\"@id\":\"https:\\\/\\\/www.btv.md\\\/ro\\\/tara-care-interzice-twitter-dupa-ce-un-mesaj-publicat-de-presedinte-a-fost-sters\\\/\",\"url\":\"https:\\\/\\\/www.btv.md\\\/ro\\\/tara-care-interzice-twitter-dupa-ce-un-mesaj-publicat-de-presedinte-a-fost-sters\\\/\",\"name\":\"\u021aara care interzice Twitter dup\u0103 ce un mesaj publicat de pre\u0219edinte a fost \u0219ters - BTV\",\"isPartOf\":{\"@id\":\"https:\\\/\\\/www.btv.md\\\/#website\"},\"primaryImageOfPage\":{\"@id\":\"https:\\\/\\\/www.btv.md\\\/ro\\\/tara-care-interzice-twitter-dupa-ce-un-mesaj-publicat-de-presedinte-a-fost-sters\\\/#primaryimage\"},\"image\":{\"@id\":\"https:\\\/\\\/www.btv.md\\\/ro\\\/tara-care-interzice-twitter-dupa-ce-un-mesaj-publicat-de-presedinte-a-fost-sters\\\/#primaryimage\"},\"thumbnailUrl\":\"https:\\\/\\\/www.btv.md\\\/wp-content\\\/uploads\\\/2021\\\/06\\\/cbaa7997b1cd3ac724fa936585a4164c.jpg\",\"datePublished\":\"2021-06-05T11:52:09+00:00\",\"author\":{\"@id\":\"https:\\\/\\\/www.btv.md\\\/#\\\/schema\\\/person\\\/8fadce81561b3ce2c34c46dadc4ccbf2\"},\"inLanguage\":\"ro-RO\",\"potentialAction\":[{\"@type\":\"ReadAction\",\"target\":[\"https:\\\/\\\/www.btv.md\\\/ro\\\/tara-care-interzice-twitter-dupa-ce-un-mesaj-publicat-de-presedinte-a-fost-sters\\\/\"]}]},{\"@type\":\"ImageObject\",\"inLanguage\":\"ro-RO\",\"@id\":\"https:\\\/\\\/www.btv.md\\\/ro\\\/tara-care-interzice-twitter-dupa-ce-un-mesaj-publicat-de-presedinte-a-fost-sters\\\/#primaryimage\",\"url\":\"https:\\\/\\\/www.btv.md\\\/wp-content\\\/uploads\\\/2021\\\/06\\\/cbaa7997b1cd3ac724fa936585a4164c.jpg\",\"contentUrl\":\"https:\\\/\\\/www.btv.md\\\/wp-content\\\/uploads\\\/2021\\\/06\\\/cbaa7997b1cd3ac724fa936585a4164c.jpg\",\"width\":809,\"height\":456},{\"@type\":\"WebSite\",\"@id\":\"https:\\\/\\\/www.btv.md\\\/#website\",\"url\":\"https:\\\/\\\/www.btv.md\\\/\",\"name\":\"BTV\",\"description\":\"\u0411\u0435\u043b\u044c\u0446\u043a\u043e\u0435 \u0442\u0435\u043b\u0435\u0432\u0438\u0434\u0435\u043d\u0438\u0435\",\"potentialAction\":[{\"@type\":\"SearchAction\",\"target\":{\"@type\":\"EntryPoint\",\"urlTemplate\":\"https:\\\/\\\/www.btv.md\\\/?s={search_term_string}\"},\"query-input\":{\"@type\":\"PropertyValueSpecification\",\"valueRequired\":true,\"valueName\":\"search_term_string\"}}],\"inLanguage\":\"ro-RO\"},{\"@type\":\"Person\",\"@id\":\"https:\\\/\\\/www.btv.md\\\/#\\\/schema\\\/person\\\/8fadce81561b3ce2c34c46dadc4ccbf2\",\"name\":\"admin\"}]}<\/script>\n<!-- \/ Yoast SEO plugin. -->","yoast_head_json":{"title":"\u021aara care interzice Twitter dup\u0103 ce un mesaj publicat de pre\u0219edinte a fost \u0219ters - BTV","robots":{"index":"index","follow":"follow","max-snippet":"max-snippet:-1","max-image-preview":"max-image-preview:large","max-video-preview":"max-video-preview:-1"},"canonical":"https:\/\/www.btv.md\/ro\/tara-care-interzice-twitter-dupa-ce-un-mesaj-publicat-de-presedinte-a-fost-sters\/","og_locale":"ro_RO","og_type":"article","og_title":"\u021aara care interzice Twitter dup\u0103 ce un mesaj publicat de pre\u0219edinte a fost \u0219ters - BTV","og_description":"Ministerul informa\u021biilor din guvernul nigerian, Lai Mohammed, spune c\u0103 guvernul a ac\u021bionat din cauza \u201efolosirii persistente a Twitter \u00een activit\u0103\u021bi de natur\u0103 s\u0103 submineze existen\u021ba corporatist\u0103 a Nigeriei\u201d, conform Reuters, transmite\u00a0\u0218tiri.md. El nu a precizat, \u00eens\u0103, ce form\u0103 va lua suspendarea platformei \u0219i nici nu a dat alte detalii cu privire la activit\u0103\u021bile men\u021bionate. Ministerul [&hellip;]","og_url":"https:\/\/www.btv.md\/ro\/tara-care-interzice-twitter-dupa-ce-un-mesaj-publicat-de-presedinte-a-fost-sters\/","og_site_name":"BTV","article_publisher":"https:\/\/www.facebook.com\/btvmoldova\/","article_published_time":"2021-06-05T11:52:09+00:00","og_image":[{"width":809,"height":456,"url":"https:\/\/www.btv.md\/wp-content\/uploads\/2021\/06\/cbaa7997b1cd3ac724fa936585a4164c.jpg","type":"image\/jpeg"}],"author":"admin","twitter_misc":{"Scris de":"admin","Timp estimat pentru citire":"1 minut"},"schema":{"@context":"https:\/\/schema.org","@graph":[{"@type":"Article","@id":"https:\/\/www.btv.md\/ro\/tara-care-interzice-twitter-dupa-ce-un-mesaj-publicat-de-presedinte-a-fost-sters\/#article","isPartOf":{"@id":"https:\/\/www.btv.md\/ro\/tara-care-interzice-twitter-dupa-ce-un-mesaj-publicat-de-presedinte-a-fost-sters\/"},"author":{"name":"admin","@id":"https:\/\/www.btv.md\/#\/schema\/person\/8fadce81561b3ce2c34c46dadc4ccbf2"},"headline":"\u021aara care interzice Twitter dup\u0103 ce un mesaj publicat de pre\u0219edinte a fost \u0219ters","datePublished":"2021-06-05T11:52:09+00:00","mainEntityOfPage":{"@id":"https:\/\/www.btv.md\/ro\/tara-care-interzice-twitter-dupa-ce-un-mesaj-publicat-de-presedinte-a-fost-sters\/"},"wordCount":171,"image":{"@id":"https:\/\/www.btv.md\/ro\/tara-care-interzice-twitter-dupa-ce-un-mesaj-publicat-de-presedinte-a-fost-sters\/#primaryimage"},"thumbnailUrl":"https:\/\/www.btv.md\/wp-content\/uploads\/2021\/06\/cbaa7997b1cd3ac724fa936585a4164c.jpg","keywords":["\u021aara care interzice Twitter dup\u0103 ce un mesaj publicat de pre\u0219edinte a fost \u0219ters"],"articleSection":["Social"],"inLanguage":"ro-RO"},{"@type":"WebPage","@id":"https:\/\/www.btv.md\/ro\/tara-care-interzice-twitter-dupa-ce-un-mesaj-publicat-de-presedinte-a-fost-sters\/","url":"https:\/\/www.btv.md\/ro\/tara-care-interzice-twitter-dupa-ce-un-mesaj-publicat-de-presedinte-a-fost-sters\/","name":"\u021aara care interzice Twitter dup\u0103 ce un mesaj publicat de pre\u0219edinte a fost \u0219ters - BTV","isPartOf":{"@id":"https:\/\/www.btv.md\/#website"},"primaryImageOfPage":{"@id":"https:\/\/www.btv.md\/ro\/tara-care-interzice-twitter-dupa-ce-un-mesaj-publicat-de-presedinte-a-fost-sters\/#primaryimage"},"image":{"@id":"https:\/\/www.btv.md\/ro\/tara-care-interzice-twitter-dupa-ce-un-mesaj-publicat-de-presedinte-a-fost-sters\/#primaryimage"},"thumbnailUrl":"https:\/\/www.btv.md\/wp-content\/uploads\/2021\/06\/cbaa7997b1cd3ac724fa936585a4164c.jpg","datePublished":"2021-06-05T11:52:09+00:00","author":{"@id":"https:\/\/www.btv.md\/#\/schema\/person\/8fadce81561b3ce2c34c46dadc4ccbf2"},"inLanguage":"ro-RO","potentialAction":[{"@type":"ReadAction","target":["https:\/\/www.btv.md\/ro\/tara-care-interzice-twitter-dupa-ce-un-mesaj-publicat-de-presedinte-a-fost-sters\/"]}]},{"@type":"ImageObject","inLanguage":"ro-RO","@id":"https:\/\/www.btv.md\/ro\/tara-care-interzice-twitter-dupa-ce-un-mesaj-publicat-de-presedinte-a-fost-sters\/#primaryimage","url":"https:\/\/www.btv.md\/wp-content\/uploads\/2021\/06\/cbaa7997b1cd3ac724fa936585a4164c.jpg","contentUrl":"https:\/\/www.btv.md\/wp-content\/uploads\/2021\/06\/cbaa7997b1cd3ac724fa936585a4164c.jpg","width":809,"height":456},{"@type":"WebSite","@id":"https:\/\/www.btv.md\/#website","url":"https:\/\/www.btv.md\/","name":"BTV","description":"\u0411\u0435\u043b\u044c\u0446\u043a\u043e\u0435 \u0442\u0435\u043b\u0435\u0432\u0438\u0434\u0435\u043d\u0438\u0435","potentialAction":[{"@type":"SearchAction","target":{"@type":"EntryPoint","urlTemplate":"https:\/\/www.btv.md\/?s={search_term_string}"},"query-input":{"@type":"PropertyValueSpecification","valueRequired":true,"valueName":"search_term_string"}}],"inLanguage":"ro-RO"},{"@type":"Person","@id":"https:\/\/www.btv.md\/#\/schema\/person\/8fadce81561b3ce2c34c46dadc4ccbf2","name":"admin"}]}},"_links":{"self":[{"href":"https:\/\/www.btv.md\/ro\/wp-json\/wp\/v2\/posts\/130852","targetHints":{"allow":["GET"]}}],"collection":[{"href":"https:\/\/www.btv.md\/ro\/wp-json\/wp\/v2\/posts"}],"about":[{"href":"https:\/\/www.btv.md\/ro\/wp-json\/wp\/v2\/types\/post"}],"author":[{"embeddable":true,"href":"https:\/\/www.btv.md\/ro\/wp-json\/wp\/v2\/users\/4"}],"replies":[{"embeddable":true,"href":"https:\/\/www.btv.md\/ro\/wp-json\/wp\/v2\/comments?post=130852"}],"version-history":[{"count":0,"href":"https:\/\/www.btv.md\/ro\/wp-json\/wp\/v2\/posts\/130852\/revisions"}],"wp:featuredmedia":[{"embeddable":true,"href":"https:\/\/www.btv.md\/ro\/wp-json\/wp\/v2\/media\/130853"}],"wp:attachment":[{"href":"https:\/\/www.btv.md\/ro\/wp-json\/wp\/v2\/media?parent=130852"}],"wp:term":[{"taxonomy":"category","embeddable":true,"href":"https:\/\/www.btv.md\/ro\/wp-json\/wp\/v2\/categories?post=130852"},{"taxonomy":"post_tag","embeddable":true,"href":"https:\/\/www.btv.md\/ro\/wp-json\/wp\/v2\/tags?post=130852"}],"curies":[{"name":"wp","href":"https:\/\/api.w.org\/{rel}","templated":true}]}}