{"id":130856,"date":"2021-06-05T14:54:20","date_gmt":"2021-06-05T11:54:20","guid":{"rendered":"https:\/\/www.btv.md\/?p=130856"},"modified":"2021-06-05T14:54:20","modified_gmt":"2021-06-05T11:54:20","slug":"in-ce-locatii-se-vor-afla-centrele-mobile-de-vaccinare-anti-covid-19-in-acest-weekend","status":"publish","type":"post","link":"https:\/\/www.btv.md\/ro\/in-ce-locatii-se-vor-afla-centrele-mobile-de-vaccinare-anti-covid-19-in-acest-weekend\/","title":{"rendered":"\u00cen ce loca\u021bii se vor afla centrele mobile de vaccinare anti-COVID-19 \u00een acest weekend"},"content":{"rendered":"<p><strong>Prim\u0103ria municipiului Chi\u0219in\u0103u anun\u021b\u0103 c\u0103, \u00een acest weekend, cele dou\u0103 puncte mobile de vaccinare, un troleibuz \u0219i un autobuz, se vor afla, \u00een intervalul orelor 10:00-18:00, \u00een urm\u0103toarele loca\u021bii: troleibuzul va fi s\u00e2mb\u0103t\u0103 \u00een sectorul Centru, cartierul Telecentru, \u00een preajma Pie\u021bei \u201eDokuceaev&#8221;, iar duminic\u0103 va fi la Buiucani, cartierul Sculeni, \u00een preajma Parcului \u201eLa Izvor&#8221;, scrie <a href=\"https:\/\/deschide.md\/ro\/stiri\/social\/86304\/%C3%8En-ce-loca%C8%9Bii-se-vor-afla-centrele-mobile-de-vaccinare-anti-COVID-19-%C3%AEn-acest-weekend.htm\">deschide.md<\/a>.<\/strong><\/p>\n<p>Totodat\u0103, autobuzul se va deplasa\u00a0s\u00e2mb\u0103t\u0103\u00a0\u00een satul Coloni\u021ba, str. \u0218tefan cel Mare, 35 (\u00een preajma Centrului de Crea\u021bie),\u00a0iar duminic\u0103\u00a0&#8211; \u00een ora\u0219ul Durle\u0219ti, str. T. Vladimirescu, 66, \u00een preajma magazinului \u201eLinella&#8221;.<\/p>\n<p>Cet\u0103\u021benii pot identifica u\u0219or unit\u0103\u021bile, dup\u0103 inscrip\u021biile pe partea exterioar\u0103 a acestora, \u00een sus\u021binerea Campaniei de vaccinare anti COVID-19.<\/p>\n<p>Foto: deschide.md.<\/p>\n","protected":false},"excerpt":{"rendered":"<p>Prim\u0103ria municipiului Chi\u0219in\u0103u anun\u021b\u0103 c\u0103, \u00een acest weekend, cele dou\u0103 puncte mobile de vaccinare, un troleibuz \u0219i un autobuz, se vor afla, \u00een intervalul orelor 10:00-18:00, \u00een urm\u0103toarele loca\u021bii: troleibuzul va fi s\u00e2mb\u0103t\u0103 \u00een sectorul Centru, cartierul Telecentru, \u00een preajma Pie\u021bei \u201eDokuceaev&#8221;, iar duminic\u0103 va fi la Buiucani, cartierul Sculeni, \u00een preajma Parcului \u201eLa Izvor&#8221;, [&hellip;]<\/p>\n","protected":false},"author":4,"featured_media":130857,"comment_status":"closed","ping_status":"closed","sticky":false,"template":"","format":"standard","meta":{"footnotes":""},"categories":[6349],"tags":[26120],"class_list":["post-130856","post","type-post","status-publish","format-standard","has-post-thumbnail","hentry","category-social","tag-in-ce-locatii-se-vor-afla-centrele-mobile-de-vaccinare-anti-covid-19-in-acest-weekend"],"yoast_head":"<!-- This site is optimized with the Yoast SEO plugin v27.4 - https:\/\/yoast.com\/product\/yoast-seo-wordpress\/ -->\n<title>\u00cen ce loca\u021bii se vor afla centrele mobile de vaccinare anti-COVID-19 \u00een acest weekend - BTV<\/title>\n<meta name=\"robots\" content=\"index, follow, max-snippet:-1, max-image-preview:large, max-video-preview:-1\" \/>\n<link rel=\"canonical\" href=\"https:\/\/www.btv.md\/ro\/in-ce-locatii-se-vor-afla-centrele-mobile-de-vaccinare-anti-covid-19-in-acest-weekend\/\" \/>\n<meta property=\"og:locale\" content=\"ro_RO\" \/>\n<meta property=\"og:type\" content=\"article\" \/>\n<meta property=\"og:title\" content=\"\u00cen ce loca\u021bii se vor afla centrele mobile de vaccinare anti-COVID-19 \u00een acest weekend - BTV\" \/>\n<meta property=\"og:description\" content=\"Prim\u0103ria municipiului Chi\u0219in\u0103u anun\u021b\u0103 c\u0103, \u00een acest weekend, cele dou\u0103 puncte mobile de vaccinare, un troleibuz \u0219i un autobuz, se vor afla, \u00een intervalul orelor 10:00-18:00, \u00een urm\u0103toarele loca\u021bii: troleibuzul va fi s\u00e2mb\u0103t\u0103 \u00een sectorul Centru, cartierul Telecentru, \u00een preajma Pie\u021bei \u201eDokuceaev&#8221;, iar duminic\u0103 va fi la Buiucani, cartierul Sculeni, \u00een preajma Parcului \u201eLa Izvor&#8221;, [&hellip;]\" \/>\n<meta property=\"og:url\" content=\"https:\/\/www.btv.md\/ro\/in-ce-locatii-se-vor-afla-centrele-mobile-de-vaccinare-anti-covid-19-in-acest-weekend\/\" \/>\n<meta property=\"og:site_name\" content=\"BTV\" \/>\n<meta property=\"article:publisher\" content=\"https:\/\/www.facebook.com\/btvmoldova\/\" \/>\n<meta property=\"article:published_time\" content=\"2021-06-05T11:54:20+00:00\" \/>\n<meta property=\"og:image\" content=\"https:\/\/www.btv.md\/wp-content\/uploads\/2021\/06\/images_cms-image-000117818.jpg\" \/>\n\t<meta property=\"og:image:width\" content=\"758\" \/>\n\t<meta property=\"og:image:height\" content=\"426\" \/>\n\t<meta property=\"og:image:type\" content=\"image\/jpeg\" \/>\n<meta name=\"author\" content=\"admin\" \/>\n<meta name=\"twitter:label1\" content=\"Scris de\" \/>\n\t<meta name=\"twitter:data1\" content=\"admin\" \/>\n\t<meta name=\"twitter:label2\" content=\"Timp estimat pentru citire\" \/>\n\t<meta name=\"twitter:data2\" content=\"1 minut\" \/>\n<script type=\"application\/ld+json\" class=\"yoast-schema-graph\">{\"@context\":\"https:\\\/\\\/schema.org\",\"@graph\":[{\"@type\":\"Article\",\"@id\":\"https:\\\/\\\/www.btv.md\\\/ro\\\/in-ce-locatii-se-vor-afla-centrele-mobile-de-vaccinare-anti-covid-19-in-acest-weekend\\\/#article\",\"isPartOf\":{\"@id\":\"https:\\\/\\\/www.btv.md\\\/ro\\\/in-ce-locatii-se-vor-afla-centrele-mobile-de-vaccinare-anti-covid-19-in-acest-weekend\\\/\"},\"author\":{\"name\":\"admin\",\"@id\":\"https:\\\/\\\/www.btv.md\\\/#\\\/schema\\\/person\\\/8fadce81561b3ce2c34c46dadc4ccbf2\"},\"headline\":\"\u00cen ce loca\u021bii se vor afla centrele mobile de vaccinare anti-COVID-19 \u00een acest weekend\",\"datePublished\":\"2021-06-05T11:54:20+00:00\",\"mainEntityOfPage\":{\"@id\":\"https:\\\/\\\/www.btv.md\\\/ro\\\/in-ce-locatii-se-vor-afla-centrele-mobile-de-vaccinare-anti-covid-19-in-acest-weekend\\\/\"},\"wordCount\":145,\"image\":{\"@id\":\"https:\\\/\\\/www.btv.md\\\/ro\\\/in-ce-locatii-se-vor-afla-centrele-mobile-de-vaccinare-anti-covid-19-in-acest-weekend\\\/#primaryimage\"},\"thumbnailUrl\":\"https:\\\/\\\/www.btv.md\\\/wp-content\\\/uploads\\\/2021\\\/06\\\/images_cms-image-000117818.jpg\",\"keywords\":[\"\u00cen ce loca\u021bii se vor afla centrele mobile de vaccinare anti-COVID-19 \u00een acest weekend\"],\"articleSection\":[\"Social\"],\"inLanguage\":\"ro-RO\"},{\"@type\":\"WebPage\",\"@id\":\"https:\\\/\\\/www.btv.md\\\/ro\\\/in-ce-locatii-se-vor-afla-centrele-mobile-de-vaccinare-anti-covid-19-in-acest-weekend\\\/\",\"url\":\"https:\\\/\\\/www.btv.md\\\/ro\\\/in-ce-locatii-se-vor-afla-centrele-mobile-de-vaccinare-anti-covid-19-in-acest-weekend\\\/\",\"name\":\"\u00cen ce loca\u021bii se vor afla centrele mobile de vaccinare anti-COVID-19 \u00een acest weekend - BTV\",\"isPartOf\":{\"@id\":\"https:\\\/\\\/www.btv.md\\\/#website\"},\"primaryImageOfPage\":{\"@id\":\"https:\\\/\\\/www.btv.md\\\/ro\\\/in-ce-locatii-se-vor-afla-centrele-mobile-de-vaccinare-anti-covid-19-in-acest-weekend\\\/#primaryimage\"},\"image\":{\"@id\":\"https:\\\/\\\/www.btv.md\\\/ro\\\/in-ce-locatii-se-vor-afla-centrele-mobile-de-vaccinare-anti-covid-19-in-acest-weekend\\\/#primaryimage\"},\"thumbnailUrl\":\"https:\\\/\\\/www.btv.md\\\/wp-content\\\/uploads\\\/2021\\\/06\\\/images_cms-image-000117818.jpg\",\"datePublished\":\"2021-06-05T11:54:20+00:00\",\"author\":{\"@id\":\"https:\\\/\\\/www.btv.md\\\/#\\\/schema\\\/person\\\/8fadce81561b3ce2c34c46dadc4ccbf2\"},\"inLanguage\":\"ro-RO\",\"potentialAction\":[{\"@type\":\"ReadAction\",\"target\":[\"https:\\\/\\\/www.btv.md\\\/ro\\\/in-ce-locatii-se-vor-afla-centrele-mobile-de-vaccinare-anti-covid-19-in-acest-weekend\\\/\"]}]},{\"@type\":\"ImageObject\",\"inLanguage\":\"ro-RO\",\"@id\":\"https:\\\/\\\/www.btv.md\\\/ro\\\/in-ce-locatii-se-vor-afla-centrele-mobile-de-vaccinare-anti-covid-19-in-acest-weekend\\\/#primaryimage\",\"url\":\"https:\\\/\\\/www.btv.md\\\/wp-content\\\/uploads\\\/2021\\\/06\\\/images_cms-image-000117818.jpg\",\"contentUrl\":\"https:\\\/\\\/www.btv.md\\\/wp-content\\\/uploads\\\/2021\\\/06\\\/images_cms-image-000117818.jpg\",\"width\":758,\"height\":426},{\"@type\":\"WebSite\",\"@id\":\"https:\\\/\\\/www.btv.md\\\/#website\",\"url\":\"https:\\\/\\\/www.btv.md\\\/\",\"name\":\"BTV\",\"description\":\"\u0411\u0435\u043b\u044c\u0446\u043a\u043e\u0435 \u0442\u0435\u043b\u0435\u0432\u0438\u0434\u0435\u043d\u0438\u0435\",\"potentialAction\":[{\"@type\":\"SearchAction\",\"target\":{\"@type\":\"EntryPoint\",\"urlTemplate\":\"https:\\\/\\\/www.btv.md\\\/?s={search_term_string}\"},\"query-input\":{\"@type\":\"PropertyValueSpecification\",\"valueRequired\":true,\"valueName\":\"search_term_string\"}}],\"inLanguage\":\"ro-RO\"},{\"@type\":\"Person\",\"@id\":\"https:\\\/\\\/www.btv.md\\\/#\\\/schema\\\/person\\\/8fadce81561b3ce2c34c46dadc4ccbf2\",\"name\":\"admin\"}]}<\/script>\n<!-- \/ Yoast SEO plugin. -->","yoast_head_json":{"title":"\u00cen ce loca\u021bii se vor afla centrele mobile de vaccinare anti-COVID-19 \u00een acest weekend - BTV","robots":{"index":"index","follow":"follow","max-snippet":"max-snippet:-1","max-image-preview":"max-image-preview:large","max-video-preview":"max-video-preview:-1"},"canonical":"https:\/\/www.btv.md\/ro\/in-ce-locatii-se-vor-afla-centrele-mobile-de-vaccinare-anti-covid-19-in-acest-weekend\/","og_locale":"ro_RO","og_type":"article","og_title":"\u00cen ce loca\u021bii se vor afla centrele mobile de vaccinare anti-COVID-19 \u00een acest weekend - BTV","og_description":"Prim\u0103ria municipiului Chi\u0219in\u0103u anun\u021b\u0103 c\u0103, \u00een acest weekend, cele dou\u0103 puncte mobile de vaccinare, un troleibuz \u0219i un autobuz, se vor afla, \u00een intervalul orelor 10:00-18:00, \u00een urm\u0103toarele loca\u021bii: troleibuzul va fi s\u00e2mb\u0103t\u0103 \u00een sectorul Centru, cartierul Telecentru, \u00een preajma Pie\u021bei \u201eDokuceaev&#8221;, iar duminic\u0103 va fi la Buiucani, cartierul Sculeni, \u00een preajma Parcului \u201eLa Izvor&#8221;, [&hellip;]","og_url":"https:\/\/www.btv.md\/ro\/in-ce-locatii-se-vor-afla-centrele-mobile-de-vaccinare-anti-covid-19-in-acest-weekend\/","og_site_name":"BTV","article_publisher":"https:\/\/www.facebook.com\/btvmoldova\/","article_published_time":"2021-06-05T11:54:20+00:00","og_image":[{"width":758,"height":426,"url":"https:\/\/www.btv.md\/wp-content\/uploads\/2021\/06\/images_cms-image-000117818.jpg","type":"image\/jpeg"}],"author":"admin","twitter_misc":{"Scris de":"admin","Timp estimat pentru citire":"1 minut"},"schema":{"@context":"https:\/\/schema.org","@graph":[{"@type":"Article","@id":"https:\/\/www.btv.md\/ro\/in-ce-locatii-se-vor-afla-centrele-mobile-de-vaccinare-anti-covid-19-in-acest-weekend\/#article","isPartOf":{"@id":"https:\/\/www.btv.md\/ro\/in-ce-locatii-se-vor-afla-centrele-mobile-de-vaccinare-anti-covid-19-in-acest-weekend\/"},"author":{"name":"admin","@id":"https:\/\/www.btv.md\/#\/schema\/person\/8fadce81561b3ce2c34c46dadc4ccbf2"},"headline":"\u00cen ce loca\u021bii se vor afla centrele mobile de vaccinare anti-COVID-19 \u00een acest weekend","datePublished":"2021-06-05T11:54:20+00:00","mainEntityOfPage":{"@id":"https:\/\/www.btv.md\/ro\/in-ce-locatii-se-vor-afla-centrele-mobile-de-vaccinare-anti-covid-19-in-acest-weekend\/"},"wordCount":145,"image":{"@id":"https:\/\/www.btv.md\/ro\/in-ce-locatii-se-vor-afla-centrele-mobile-de-vaccinare-anti-covid-19-in-acest-weekend\/#primaryimage"},"thumbnailUrl":"https:\/\/www.btv.md\/wp-content\/uploads\/2021\/06\/images_cms-image-000117818.jpg","keywords":["\u00cen ce loca\u021bii se vor afla centrele mobile de vaccinare anti-COVID-19 \u00een acest weekend"],"articleSection":["Social"],"inLanguage":"ro-RO"},{"@type":"WebPage","@id":"https:\/\/www.btv.md\/ro\/in-ce-locatii-se-vor-afla-centrele-mobile-de-vaccinare-anti-covid-19-in-acest-weekend\/","url":"https:\/\/www.btv.md\/ro\/in-ce-locatii-se-vor-afla-centrele-mobile-de-vaccinare-anti-covid-19-in-acest-weekend\/","name":"\u00cen ce loca\u021bii se vor afla centrele mobile de vaccinare anti-COVID-19 \u00een acest weekend - BTV","isPartOf":{"@id":"https:\/\/www.btv.md\/#website"},"primaryImageOfPage":{"@id":"https:\/\/www.btv.md\/ro\/in-ce-locatii-se-vor-afla-centrele-mobile-de-vaccinare-anti-covid-19-in-acest-weekend\/#primaryimage"},"image":{"@id":"https:\/\/www.btv.md\/ro\/in-ce-locatii-se-vor-afla-centrele-mobile-de-vaccinare-anti-covid-19-in-acest-weekend\/#primaryimage"},"thumbnailUrl":"https:\/\/www.btv.md\/wp-content\/uploads\/2021\/06\/images_cms-image-000117818.jpg","datePublished":"2021-06-05T11:54:20+00:00","author":{"@id":"https:\/\/www.btv.md\/#\/schema\/person\/8fadce81561b3ce2c34c46dadc4ccbf2"},"inLanguage":"ro-RO","potentialAction":[{"@type":"ReadAction","target":["https:\/\/www.btv.md\/ro\/in-ce-locatii-se-vor-afla-centrele-mobile-de-vaccinare-anti-covid-19-in-acest-weekend\/"]}]},{"@type":"ImageObject","inLanguage":"ro-RO","@id":"https:\/\/www.btv.md\/ro\/in-ce-locatii-se-vor-afla-centrele-mobile-de-vaccinare-anti-covid-19-in-acest-weekend\/#primaryimage","url":"https:\/\/www.btv.md\/wp-content\/uploads\/2021\/06\/images_cms-image-000117818.jpg","contentUrl":"https:\/\/www.btv.md\/wp-content\/uploads\/2021\/06\/images_cms-image-000117818.jpg","width":758,"height":426},{"@type":"WebSite","@id":"https:\/\/www.btv.md\/#website","url":"https:\/\/www.btv.md\/","name":"BTV","description":"\u0411\u0435\u043b\u044c\u0446\u043a\u043e\u0435 \u0442\u0435\u043b\u0435\u0432\u0438\u0434\u0435\u043d\u0438\u0435","potentialAction":[{"@type":"SearchAction","target":{"@type":"EntryPoint","urlTemplate":"https:\/\/www.btv.md\/?s={search_term_string}"},"query-input":{"@type":"PropertyValueSpecification","valueRequired":true,"valueName":"search_term_string"}}],"inLanguage":"ro-RO"},{"@type":"Person","@id":"https:\/\/www.btv.md\/#\/schema\/person\/8fadce81561b3ce2c34c46dadc4ccbf2","name":"admin"}]}},"_links":{"self":[{"href":"https:\/\/www.btv.md\/ro\/wp-json\/wp\/v2\/posts\/130856","targetHints":{"allow":["GET"]}}],"collection":[{"href":"https:\/\/www.btv.md\/ro\/wp-json\/wp\/v2\/posts"}],"about":[{"href":"https:\/\/www.btv.md\/ro\/wp-json\/wp\/v2\/types\/post"}],"author":[{"embeddable":true,"href":"https:\/\/www.btv.md\/ro\/wp-json\/wp\/v2\/users\/4"}],"replies":[{"embeddable":true,"href":"https:\/\/www.btv.md\/ro\/wp-json\/wp\/v2\/comments?post=130856"}],"version-history":[{"count":0,"href":"https:\/\/www.btv.md\/ro\/wp-json\/wp\/v2\/posts\/130856\/revisions"}],"wp:featuredmedia":[{"embeddable":true,"href":"https:\/\/www.btv.md\/ro\/wp-json\/wp\/v2\/media\/130857"}],"wp:attachment":[{"href":"https:\/\/www.btv.md\/ro\/wp-json\/wp\/v2\/media?parent=130856"}],"wp:term":[{"taxonomy":"category","embeddable":true,"href":"https:\/\/www.btv.md\/ro\/wp-json\/wp\/v2\/categories?post=130856"},{"taxonomy":"post_tag","embeddable":true,"href":"https:\/\/www.btv.md\/ro\/wp-json\/wp\/v2\/tags?post=130856"}],"curies":[{"name":"wp","href":"https:\/\/api.w.org\/{rel}","templated":true}]}}