{"id":130891,"date":"2021-06-07T11:25:40","date_gmt":"2021-06-07T08:25:40","guid":{"rendered":"https:\/\/www.btv.md\/?p=130891"},"modified":"2021-06-07T11:25:40","modified_gmt":"2021-06-07T08:25:40","slug":"tigari-de-contrabanda-care-urmau-sa-ajunga-in-europa-descoperite-la-vama","status":"publish","type":"post","link":"https:\/\/www.btv.md\/ro\/tigari-de-contrabanda-care-urmau-sa-ajunga-in-europa-descoperite-la-vama\/","title":{"rendered":"\u021aig\u0103ri de contraband\u0103 care urmau s\u0103 ajung\u0103 \u00een Europa, descoperite la vam\u0103"},"content":{"rendered":"<div id=\"articleBody-desk-f67ec086-5ec5-47a5-b560-1a00b827f2a4\" class=\"ArticleContent__Content-pkj4qa-5 dCCnCK\">\n<p><strong>Cazurile au fost \u00eenregistrate la postul vamal Cahul, transmite\u00a0<a href=\"https:\/\/stiri.md\/article\/social\/tigari-de-contrabanda-care-urmau-sa-ajunga-in-europa-descoperite-la-vama\">\u0218tiri.md<\/a>.<\/strong><\/p>\n<p>\u00centr-un comunicat remis presei, Serviciul Vamal men\u021bioneaz\u0103 c\u0103 angaja\u021bii vamali de la Cahul, asista\u021bi de c\u00e2inele de serviciu \u2013 Vert, au contracarat dou\u0103 tentative de scoatere ilegal\u0103 din \u021bar\u0103 a peste 87.000 de \u021bigarete nedeclarate, destinate comercializ\u0103rii ilicite \u00een UE.<\/p>\n<p>Bunurile au fost depistate \u00een dou\u0103 microbuze cu numere de \u00eenmatriculare moldovene\u0219ti, ce se deplasau spre Fran\u021ba.<\/p>\n<p>\u00cen rezultatul verific\u0103rilor efectuate, vame\u0219ii au constatat c\u0103 cele dou\u0103 mijloace de transport au fost modificate cu locuri special amenajate pentru t\u0103inuirea bunurilor de la controlul vamal, de unde au extras mii de \u021bigarete de diverse m\u0103rci.<\/p>\n<p>\u00cen consecin\u021b\u0103, mijloacele de transport au fost indisponibilizate \u00een vederea confisc\u0103rii sau \u00eencas\u0103rii contravalorii acestora, produsele din tutun au fost \u0219i ele confiscate, iar cercet\u0103rile continu\u0103 \u00een vederea elucid\u0103rii tuturor circumstan\u021belor.<\/p>\n<\/div>\n<div class=\"Gallery__Wrapper-sc-4jq663-6 kEInaE\">\n<div class=\"Gallery__Badge-sc-4jq663-9 ermoGs\"><\/div>\n<div class=\"icon-arrow Gallery__ArrowLeft-sc-4jq663-7 bQasJi\"><\/div>\n<p><img decoding=\"async\" class=\"Gallery__AlbumBigImg-sc-4jq663-2 diMjCG lazyload\" data-src=\"https:\/\/i.simpalsmedia.com\/content\/gallery\/original\/a2b244beabbb05190c18e59ec66abbff.jpg\" alt=\"\u021aig\u0103ri de contraband\u0103 care urmau s\u0103 ajung\u0103 \u00een Europa, descoperite la vam\u0103\" src=\"data:image\/svg+xml;base64,PHN2ZyB3aWR0aD0iMSIgaGVpZ2h0PSIxIiB4bWxucz0iaHR0cDovL3d3dy53My5vcmcvMjAwMC9zdmciPjwvc3ZnPg==\" \/><\/p>\n<div class=\"icon-arrow Gallery__ArrowRight-sc-4jq663-8 gUmxBz Gallery__ArrowLeft-sc-4jq663-7 bQasJi\"><\/div>\n<div class=\"Gallery__Badge-sc-4jq663-9 ermoGs\"><\/div>\n<div class=\"icon-arrow Gallery__ArrowLeft-sc-4jq663-7 bQasJi\"><\/div>\n<p><img decoding=\"async\" class=\"Gallery__AlbumBigImg-sc-4jq663-2 diMjCG lazyload\" data-src=\"https:\/\/i.simpalsmedia.com\/content\/gallery\/original\/15c27bb1c6a9a8e03655a10968e58476.jpg\" alt=\"\u021aig\u0103ri de contraband\u0103 care urmau s\u0103 ajung\u0103 \u00een Europa, descoperite la vam\u0103\" src=\"data:image\/svg+xml;base64,PHN2ZyB3aWR0aD0iMSIgaGVpZ2h0PSIxIiB4bWxucz0iaHR0cDovL3d3dy53My5vcmcvMjAwMC9zdmciPjwvc3ZnPg==\" \/><\/p>\n<div class=\"icon-arrow Gallery__ArrowRight-sc-4jq663-8 gUmxBz Gallery__ArrowLeft-sc-4jq663-7 bQasJi\"><\/div>\n<div class=\"Gallery__Badge-sc-4jq663-9 ermoGs\"><\/div>\n<div class=\"icon-arrow Gallery__ArrowLeft-sc-4jq663-7 bQasJi\"><\/div>\n<p><img decoding=\"async\" class=\"Gallery__AlbumBigImg-sc-4jq663-2 diMjCG lazyload\" data-src=\"https:\/\/i.simpalsmedia.com\/content\/gallery\/original\/3544f3212a50d7a81bad62af4a2dbe25.jpg\" alt=\"\u021aig\u0103ri de contraband\u0103 care urmau s\u0103 ajung\u0103 \u00een Europa, descoperite la vam\u0103\" src=\"data:image\/svg+xml;base64,PHN2ZyB3aWR0aD0iMSIgaGVpZ2h0PSIxIiB4bWxucz0iaHR0cDovL3d3dy53My5vcmcvMjAwMC9zdmciPjwvc3ZnPg==\" \/><\/p>\n<div class=\"icon-arrow Gallery__ArrowRight-sc-4jq663-8 gUmxBz Gallery__ArrowLeft-sc-4jq663-7 bQasJi\"><\/div>\n<div class=\"Gallery__Badge-sc-4jq663-9 ermoGs\"><\/div>\n<div class=\"icon-arrow Gallery__ArrowLeft-sc-4jq663-7 bQasJi\"><\/div>\n<p><img decoding=\"async\" class=\"Gallery__AlbumBigImg-sc-4jq663-2 diMjCG lazyload\" data-src=\"https:\/\/i.simpalsmedia.com\/content\/gallery\/original\/c736c6abad62b1676ef0eda07140aaa4.jpg\" alt=\"\u021aig\u0103ri de contraband\u0103 care urmau s\u0103 ajung\u0103 \u00een Europa, descoperite la vam\u0103\" src=\"data:image\/svg+xml;base64,PHN2ZyB3aWR0aD0iMSIgaGVpZ2h0PSIxIiB4bWxucz0iaHR0cDovL3d3dy53My5vcmcvMjAwMC9zdmciPjwvc3ZnPg==\" \/><\/p>\n<div class=\"icon-arrow Gallery__ArrowRight-sc-4jq663-8 gUmxBz Gallery__ArrowLeft-sc-4jq663-7 bQasJi\"><\/div>\n<div class=\"Gallery__Badge-sc-4jq663-9 ermoGs\"><\/div>\n<div class=\"icon-arrow Gallery__ArrowLeft-sc-4jq663-7 bQasJi\"><\/div>\n<p><img decoding=\"async\" class=\"Gallery__AlbumBigImg-sc-4jq663-2 diMjCG lazyload\" data-src=\"https:\/\/i.simpalsmedia.com\/content\/gallery\/original\/85194babcd62b7aea2ac2109b31ff08e.jpg\" alt=\"\u021aig\u0103ri de contraband\u0103 care urmau s\u0103 ajung\u0103 \u00een Europa, descoperite la vam\u0103\" src=\"data:image\/svg+xml;base64,PHN2ZyB3aWR0aD0iMSIgaGVpZ2h0PSIxIiB4bWxucz0iaHR0cDovL3d3dy53My5vcmcvMjAwMC9zdmciPjwvc3ZnPg==\" \/><\/p>\n<div class=\"icon-arrow Gallery__ArrowRight-sc-4jq663-8 gUmxBz Gallery__ArrowLeft-sc-4jq663-7 bQasJi\"><\/div>\n<div class=\"Gallery__BottomWrapper-sc-4jq663-3 ddkVSz\">\n<div class=\"wrapThumbr Gallery__ThumborImages-sc-4jq663-4 lzfvZ\">\n<div class=\"ActiveThumbr Gallery__List-sc-4jq663-10 clUJrZ\">Foto: \u0218tiri.md.<\/div>\n<\/div>\n<\/div>\n<\/div>\n","protected":false},"excerpt":{"rendered":"<p>Cazurile au fost \u00eenregistrate la postul vamal Cahul, transmite\u00a0\u0218tiri.md. \u00centr-un comunicat remis presei, Serviciul Vamal men\u021bioneaz\u0103 c\u0103 angaja\u021bii vamali de la Cahul, asista\u021bi de c\u00e2inele de serviciu \u2013 Vert, au contracarat dou\u0103 tentative de scoatere ilegal\u0103 din \u021bar\u0103 a peste 87.000 de \u021bigarete nedeclarate, destinate comercializ\u0103rii ilicite \u00een UE. Bunurile au fost depistate \u00een dou\u0103 [&hellip;]<\/p>\n","protected":false},"author":4,"featured_media":130892,"comment_status":"closed","ping_status":"closed","sticky":false,"template":"","format":"standard","meta":{"footnotes":""},"categories":[6349],"tags":[26129,26128],"class_list":["post-130891","post","type-post","status-publish","format-standard","has-post-thumbnail","hentry","category-social","tag-descoperite-la-vama","tag-tigari-de-contrabanda-care-urmau-sa-ajunga-in-europa"],"yoast_head":"<!-- This site is optimized with the Yoast SEO plugin v27.4 - https:\/\/yoast.com\/product\/yoast-seo-wordpress\/ -->\n<title>\u021aig\u0103ri de contraband\u0103 care urmau s\u0103 ajung\u0103 \u00een Europa, descoperite la vam\u0103 - BTV<\/title>\n<meta name=\"robots\" content=\"index, follow, max-snippet:-1, max-image-preview:large, max-video-preview:-1\" \/>\n<link rel=\"canonical\" href=\"https:\/\/www.btv.md\/ro\/tigari-de-contrabanda-care-urmau-sa-ajunga-in-europa-descoperite-la-vama\/\" \/>\n<meta property=\"og:locale\" content=\"ro_RO\" \/>\n<meta property=\"og:type\" content=\"article\" \/>\n<meta property=\"og:title\" content=\"\u021aig\u0103ri de contraband\u0103 care urmau s\u0103 ajung\u0103 \u00een Europa, descoperite la vam\u0103 - BTV\" \/>\n<meta property=\"og:description\" content=\"Cazurile au fost \u00eenregistrate la postul vamal Cahul, transmite\u00a0\u0218tiri.md. \u00centr-un comunicat remis presei, Serviciul Vamal men\u021bioneaz\u0103 c\u0103 angaja\u021bii vamali de la Cahul, asista\u021bi de c\u00e2inele de serviciu \u2013 Vert, au contracarat dou\u0103 tentative de scoatere ilegal\u0103 din \u021bar\u0103 a peste 87.000 de \u021bigarete nedeclarate, destinate comercializ\u0103rii ilicite \u00een UE. Bunurile au fost depistate \u00een dou\u0103 [&hellip;]\" \/>\n<meta property=\"og:url\" content=\"https:\/\/www.btv.md\/ro\/tigari-de-contrabanda-care-urmau-sa-ajunga-in-europa-descoperite-la-vama\/\" \/>\n<meta property=\"og:site_name\" content=\"BTV\" \/>\n<meta property=\"article:publisher\" content=\"https:\/\/www.facebook.com\/btvmoldova\/\" \/>\n<meta property=\"article:published_time\" content=\"2021-06-07T08:25:40+00:00\" \/>\n<meta property=\"og:image\" content=\"https:\/\/www.btv.md\/wp-content\/uploads\/2021\/06\/ca3d961482e290d8acf1ae10b0e6feaa.jpg\" \/>\n\t<meta property=\"og:image:width\" content=\"809\" \/>\n\t<meta property=\"og:image:height\" content=\"456\" \/>\n\t<meta property=\"og:image:type\" content=\"image\/jpeg\" \/>\n<meta name=\"author\" content=\"admin\" \/>\n<meta name=\"twitter:label1\" content=\"Scris de\" \/>\n\t<meta name=\"twitter:data1\" content=\"admin\" \/>\n\t<meta name=\"twitter:label2\" content=\"Timp estimat pentru citire\" \/>\n\t<meta name=\"twitter:data2\" content=\"2 minute\" \/>\n<script type=\"application\/ld+json\" class=\"yoast-schema-graph\">{\"@context\":\"https:\\\/\\\/schema.org\",\"@graph\":[{\"@type\":\"Article\",\"@id\":\"https:\\\/\\\/www.btv.md\\\/ro\\\/tigari-de-contrabanda-care-urmau-sa-ajunga-in-europa-descoperite-la-vama\\\/#article\",\"isPartOf\":{\"@id\":\"https:\\\/\\\/www.btv.md\\\/ro\\\/tigari-de-contrabanda-care-urmau-sa-ajunga-in-europa-descoperite-la-vama\\\/\"},\"author\":{\"name\":\"admin\",\"@id\":\"https:\\\/\\\/www.btv.md\\\/#\\\/schema\\\/person\\\/8fadce81561b3ce2c34c46dadc4ccbf2\"},\"headline\":\"\u021aig\u0103ri de contraband\u0103 care urmau s\u0103 ajung\u0103 \u00een Europa, descoperite la vam\u0103\",\"datePublished\":\"2021-06-07T08:25:40+00:00\",\"mainEntityOfPage\":{\"@id\":\"https:\\\/\\\/www.btv.md\\\/ro\\\/tigari-de-contrabanda-care-urmau-sa-ajunga-in-europa-descoperite-la-vama\\\/\"},\"wordCount\":166,\"image\":{\"@id\":\"https:\\\/\\\/www.btv.md\\\/ro\\\/tigari-de-contrabanda-care-urmau-sa-ajunga-in-europa-descoperite-la-vama\\\/#primaryimage\"},\"thumbnailUrl\":\"https:\\\/\\\/www.btv.md\\\/wp-content\\\/uploads\\\/2021\\\/06\\\/ca3d961482e290d8acf1ae10b0e6feaa.jpg\",\"keywords\":[\"descoperite la vam\u0103\",\"\u021aig\u0103ri de contraband\u0103 care urmau s\u0103 ajung\u0103 \u00een Europa\"],\"articleSection\":[\"Social\"],\"inLanguage\":\"ro-RO\"},{\"@type\":\"WebPage\",\"@id\":\"https:\\\/\\\/www.btv.md\\\/ro\\\/tigari-de-contrabanda-care-urmau-sa-ajunga-in-europa-descoperite-la-vama\\\/\",\"url\":\"https:\\\/\\\/www.btv.md\\\/ro\\\/tigari-de-contrabanda-care-urmau-sa-ajunga-in-europa-descoperite-la-vama\\\/\",\"name\":\"\u021aig\u0103ri de contraband\u0103 care urmau s\u0103 ajung\u0103 \u00een Europa, descoperite la vam\u0103 - BTV\",\"isPartOf\":{\"@id\":\"https:\\\/\\\/www.btv.md\\\/#website\"},\"primaryImageOfPage\":{\"@id\":\"https:\\\/\\\/www.btv.md\\\/ro\\\/tigari-de-contrabanda-care-urmau-sa-ajunga-in-europa-descoperite-la-vama\\\/#primaryimage\"},\"image\":{\"@id\":\"https:\\\/\\\/www.btv.md\\\/ro\\\/tigari-de-contrabanda-care-urmau-sa-ajunga-in-europa-descoperite-la-vama\\\/#primaryimage\"},\"thumbnailUrl\":\"https:\\\/\\\/www.btv.md\\\/wp-content\\\/uploads\\\/2021\\\/06\\\/ca3d961482e290d8acf1ae10b0e6feaa.jpg\",\"datePublished\":\"2021-06-07T08:25:40+00:00\",\"author\":{\"@id\":\"https:\\\/\\\/www.btv.md\\\/#\\\/schema\\\/person\\\/8fadce81561b3ce2c34c46dadc4ccbf2\"},\"inLanguage\":\"ro-RO\",\"potentialAction\":[{\"@type\":\"ReadAction\",\"target\":[\"https:\\\/\\\/www.btv.md\\\/ro\\\/tigari-de-contrabanda-care-urmau-sa-ajunga-in-europa-descoperite-la-vama\\\/\"]}]},{\"@type\":\"ImageObject\",\"inLanguage\":\"ro-RO\",\"@id\":\"https:\\\/\\\/www.btv.md\\\/ro\\\/tigari-de-contrabanda-care-urmau-sa-ajunga-in-europa-descoperite-la-vama\\\/#primaryimage\",\"url\":\"https:\\\/\\\/www.btv.md\\\/wp-content\\\/uploads\\\/2021\\\/06\\\/ca3d961482e290d8acf1ae10b0e6feaa.jpg\",\"contentUrl\":\"https:\\\/\\\/www.btv.md\\\/wp-content\\\/uploads\\\/2021\\\/06\\\/ca3d961482e290d8acf1ae10b0e6feaa.jpg\",\"width\":809,\"height\":456},{\"@type\":\"WebSite\",\"@id\":\"https:\\\/\\\/www.btv.md\\\/#website\",\"url\":\"https:\\\/\\\/www.btv.md\\\/\",\"name\":\"BTV\",\"description\":\"\u0411\u0435\u043b\u044c\u0446\u043a\u043e\u0435 \u0442\u0435\u043b\u0435\u0432\u0438\u0434\u0435\u043d\u0438\u0435\",\"potentialAction\":[{\"@type\":\"SearchAction\",\"target\":{\"@type\":\"EntryPoint\",\"urlTemplate\":\"https:\\\/\\\/www.btv.md\\\/?s={search_term_string}\"},\"query-input\":{\"@type\":\"PropertyValueSpecification\",\"valueRequired\":true,\"valueName\":\"search_term_string\"}}],\"inLanguage\":\"ro-RO\"},{\"@type\":\"Person\",\"@id\":\"https:\\\/\\\/www.btv.md\\\/#\\\/schema\\\/person\\\/8fadce81561b3ce2c34c46dadc4ccbf2\",\"name\":\"admin\"}]}<\/script>\n<!-- \/ Yoast SEO plugin. -->","yoast_head_json":{"title":"\u021aig\u0103ri de contraband\u0103 care urmau s\u0103 ajung\u0103 \u00een Europa, descoperite la vam\u0103 - BTV","robots":{"index":"index","follow":"follow","max-snippet":"max-snippet:-1","max-image-preview":"max-image-preview:large","max-video-preview":"max-video-preview:-1"},"canonical":"https:\/\/www.btv.md\/ro\/tigari-de-contrabanda-care-urmau-sa-ajunga-in-europa-descoperite-la-vama\/","og_locale":"ro_RO","og_type":"article","og_title":"\u021aig\u0103ri de contraband\u0103 care urmau s\u0103 ajung\u0103 \u00een Europa, descoperite la vam\u0103 - BTV","og_description":"Cazurile au fost \u00eenregistrate la postul vamal Cahul, transmite\u00a0\u0218tiri.md. \u00centr-un comunicat remis presei, Serviciul Vamal men\u021bioneaz\u0103 c\u0103 angaja\u021bii vamali de la Cahul, asista\u021bi de c\u00e2inele de serviciu \u2013 Vert, au contracarat dou\u0103 tentative de scoatere ilegal\u0103 din \u021bar\u0103 a peste 87.000 de \u021bigarete nedeclarate, destinate comercializ\u0103rii ilicite \u00een UE. Bunurile au fost depistate \u00een dou\u0103 [&hellip;]","og_url":"https:\/\/www.btv.md\/ro\/tigari-de-contrabanda-care-urmau-sa-ajunga-in-europa-descoperite-la-vama\/","og_site_name":"BTV","article_publisher":"https:\/\/www.facebook.com\/btvmoldova\/","article_published_time":"2021-06-07T08:25:40+00:00","og_image":[{"width":809,"height":456,"url":"https:\/\/www.btv.md\/wp-content\/uploads\/2021\/06\/ca3d961482e290d8acf1ae10b0e6feaa.jpg","type":"image\/jpeg"}],"author":"admin","twitter_misc":{"Scris de":"admin","Timp estimat pentru citire":"2 minute"},"schema":{"@context":"https:\/\/schema.org","@graph":[{"@type":"Article","@id":"https:\/\/www.btv.md\/ro\/tigari-de-contrabanda-care-urmau-sa-ajunga-in-europa-descoperite-la-vama\/#article","isPartOf":{"@id":"https:\/\/www.btv.md\/ro\/tigari-de-contrabanda-care-urmau-sa-ajunga-in-europa-descoperite-la-vama\/"},"author":{"name":"admin","@id":"https:\/\/www.btv.md\/#\/schema\/person\/8fadce81561b3ce2c34c46dadc4ccbf2"},"headline":"\u021aig\u0103ri de contraband\u0103 care urmau s\u0103 ajung\u0103 \u00een Europa, descoperite la vam\u0103","datePublished":"2021-06-07T08:25:40+00:00","mainEntityOfPage":{"@id":"https:\/\/www.btv.md\/ro\/tigari-de-contrabanda-care-urmau-sa-ajunga-in-europa-descoperite-la-vama\/"},"wordCount":166,"image":{"@id":"https:\/\/www.btv.md\/ro\/tigari-de-contrabanda-care-urmau-sa-ajunga-in-europa-descoperite-la-vama\/#primaryimage"},"thumbnailUrl":"https:\/\/www.btv.md\/wp-content\/uploads\/2021\/06\/ca3d961482e290d8acf1ae10b0e6feaa.jpg","keywords":["descoperite la vam\u0103","\u021aig\u0103ri de contraband\u0103 care urmau s\u0103 ajung\u0103 \u00een Europa"],"articleSection":["Social"],"inLanguage":"ro-RO"},{"@type":"WebPage","@id":"https:\/\/www.btv.md\/ro\/tigari-de-contrabanda-care-urmau-sa-ajunga-in-europa-descoperite-la-vama\/","url":"https:\/\/www.btv.md\/ro\/tigari-de-contrabanda-care-urmau-sa-ajunga-in-europa-descoperite-la-vama\/","name":"\u021aig\u0103ri de contraband\u0103 care urmau s\u0103 ajung\u0103 \u00een Europa, descoperite la vam\u0103 - BTV","isPartOf":{"@id":"https:\/\/www.btv.md\/#website"},"primaryImageOfPage":{"@id":"https:\/\/www.btv.md\/ro\/tigari-de-contrabanda-care-urmau-sa-ajunga-in-europa-descoperite-la-vama\/#primaryimage"},"image":{"@id":"https:\/\/www.btv.md\/ro\/tigari-de-contrabanda-care-urmau-sa-ajunga-in-europa-descoperite-la-vama\/#primaryimage"},"thumbnailUrl":"https:\/\/www.btv.md\/wp-content\/uploads\/2021\/06\/ca3d961482e290d8acf1ae10b0e6feaa.jpg","datePublished":"2021-06-07T08:25:40+00:00","author":{"@id":"https:\/\/www.btv.md\/#\/schema\/person\/8fadce81561b3ce2c34c46dadc4ccbf2"},"inLanguage":"ro-RO","potentialAction":[{"@type":"ReadAction","target":["https:\/\/www.btv.md\/ro\/tigari-de-contrabanda-care-urmau-sa-ajunga-in-europa-descoperite-la-vama\/"]}]},{"@type":"ImageObject","inLanguage":"ro-RO","@id":"https:\/\/www.btv.md\/ro\/tigari-de-contrabanda-care-urmau-sa-ajunga-in-europa-descoperite-la-vama\/#primaryimage","url":"https:\/\/www.btv.md\/wp-content\/uploads\/2021\/06\/ca3d961482e290d8acf1ae10b0e6feaa.jpg","contentUrl":"https:\/\/www.btv.md\/wp-content\/uploads\/2021\/06\/ca3d961482e290d8acf1ae10b0e6feaa.jpg","width":809,"height":456},{"@type":"WebSite","@id":"https:\/\/www.btv.md\/#website","url":"https:\/\/www.btv.md\/","name":"BTV","description":"\u0411\u0435\u043b\u044c\u0446\u043a\u043e\u0435 \u0442\u0435\u043b\u0435\u0432\u0438\u0434\u0435\u043d\u0438\u0435","potentialAction":[{"@type":"SearchAction","target":{"@type":"EntryPoint","urlTemplate":"https:\/\/www.btv.md\/?s={search_term_string}"},"query-input":{"@type":"PropertyValueSpecification","valueRequired":true,"valueName":"search_term_string"}}],"inLanguage":"ro-RO"},{"@type":"Person","@id":"https:\/\/www.btv.md\/#\/schema\/person\/8fadce81561b3ce2c34c46dadc4ccbf2","name":"admin"}]}},"_links":{"self":[{"href":"https:\/\/www.btv.md\/ro\/wp-json\/wp\/v2\/posts\/130891","targetHints":{"allow":["GET"]}}],"collection":[{"href":"https:\/\/www.btv.md\/ro\/wp-json\/wp\/v2\/posts"}],"about":[{"href":"https:\/\/www.btv.md\/ro\/wp-json\/wp\/v2\/types\/post"}],"author":[{"embeddable":true,"href":"https:\/\/www.btv.md\/ro\/wp-json\/wp\/v2\/users\/4"}],"replies":[{"embeddable":true,"href":"https:\/\/www.btv.md\/ro\/wp-json\/wp\/v2\/comments?post=130891"}],"version-history":[{"count":0,"href":"https:\/\/www.btv.md\/ro\/wp-json\/wp\/v2\/posts\/130891\/revisions"}],"wp:featuredmedia":[{"embeddable":true,"href":"https:\/\/www.btv.md\/ro\/wp-json\/wp\/v2\/media\/130892"}],"wp:attachment":[{"href":"https:\/\/www.btv.md\/ro\/wp-json\/wp\/v2\/media?parent=130891"}],"wp:term":[{"taxonomy":"category","embeddable":true,"href":"https:\/\/www.btv.md\/ro\/wp-json\/wp\/v2\/categories?post=130891"},{"taxonomy":"post_tag","embeddable":true,"href":"https:\/\/www.btv.md\/ro\/wp-json\/wp\/v2\/tags?post=130891"}],"curies":[{"name":"wp","href":"https:\/\/api.w.org\/{rel}","templated":true}]}}