{"id":130915,"date":"2021-06-07T11:57:27","date_gmt":"2021-06-07T08:57:27","guid":{"rendered":"https:\/\/www.btv.md\/?p=130915"},"modified":"2021-06-07T11:57:27","modified_gmt":"2021-06-07T08:57:27","slug":"politistul-de-frontiera-implicat-in-schema-de-contrabanda-cu-tigari-la-briceni-trimis-in-arest-la-domiciliu","status":"publish","type":"post","link":"https:\/\/www.btv.md\/ro\/politistul-de-frontiera-implicat-in-schema-de-contrabanda-cu-tigari-la-briceni-trimis-in-arest-la-domiciliu\/","title":{"rendered":"Poli\u021bistul de Frontier\u0103, implicat \u00een schema de contraband\u0103 cu \u021big\u0103ri la Briceni, trimis \u00een arest la domiciliu"},"content":{"rendered":"<p><strong>\u0218eful de post din cadrul Inspectoratului General al Poli\u021biei de Frontier\u0103, implicat \u00een schema de contraband\u0103 cu 35 de mii de pachete de \u021big\u0103ri, pe malul r\u00e2ului Prut, \u00een perimetrul satului \u0218ir\u0103u\u021bi, raionul Briceni, a fost trimis \u00een arest la domiciliu, scrie <a href=\"https:\/\/deschide.md\/ro\/stiri\/social\/86378\/Poli%C8%9Bistul-de-Frontier%C4%83-implicat-%C3%AEn-schema-de-contraband%C4%83-cu-%C8%9Big%C4%83ri-la-Briceni-trimis-%C3%AEn-arest-la-domiciliu.htm\">deschide.md.<\/a><\/strong><\/p>\n<p>Potrivit lui Emil Gaitur, ofi\u021berul de pres\u0103 al PCCOCS, vineri, 4 iunie 2021, magistra\u021bii de la Judec\u0103toria Chi\u0219in\u0103u, sediul Ciocana, au admis par\u021bial demersul procurorilor PCCOCS \u00een privin\u021ba \u0219efului de sector al Poli\u021biei de Frontier\u0103, \u0219i au dispus plasarea acestuia \u00een arest pentru 30 de zile, \u00eens\u0103 nu \u00een arest preventiv, cum au solicitat procurorii PCCOCS, ci \u00een arest la domiciliu.<\/p>\n<blockquote><p><em>\u201eDrept reac\u021bie, luni, 7 iunie 2021, PCCOCS a contestat \u00eencheierea judec\u0103torului de instruc\u021bie la Curtea de Apel Chi\u0219in\u0103u \u0219i a insistat pe aplicarea arestului preventiv pentru 30 de zile, astfel \u00eenc\u00e2t \u00eenvinuitul s\u0103 nu se poat\u0103 eschiva, iar investiga\u021biile s\u0103 fie rezultative\u201d, ne-a spus Gaitur.<\/em><\/p><\/blockquote>\n<p>Amintim c\u0103 acesta a fost re\u021binut \u00een urma unei opera\u021biuni demarate de SPIA \u0219i PCCOCS, la sf\u00e2r\u0219itul lunii aprilie anul curent.\u00a0\u00cen momentul descinderii, figuran\u021bii au reu\u0219it s\u0103 p\u0103r\u0103seasc\u0103 locul faptei cu mijlocul de transportul (un microbuz). La fa\u021ba locului, au fost depistate: 70 de cutii, a c\u00e2te 50 de blocuri de \u021big\u0103ri \u00een fiecare de marca Ashima fabricate \u00een China \u0219i Ritm \u2013 de produc\u021bie autohton\u0103, valoarea c\u0103rora ar fi de aproximativ 0,5 milioane lei. Tot acolo, au mai fost depistate: o barc\u0103 din cauciuc gonflabil\u0103 cu motor, pomp\u0103 pentru umflarea b\u0103rcii \u0219i o v\u00e2sl\u0103.<\/p>\n<p>\u00cen cadrul cercet\u0103rii la fa\u021ba locului, prin implicarea expertului criminalist, a fost posibil\u0103 fixarea urmelor de \u00eenc\u0103l\u021b\u0103minte \u0219i de cauciuc l\u0103sate de automobil. La scurt timp, pe urme fierbin\u021bi, a fost identificat microbuzul care, ca \u0219i obiectele indicate supra, a fost recunoscut \u00een calitate de corp delict, \u00een scopul posibilei ulterioare confisc\u0103ri.<\/p>\n<p>Tot noaptea, a fost identificat \u0219i re\u021binut pentru 72 de ore unul dintre liderii grup\u0103rii criminale. Dup\u0103 \u00eenaintarea \u00eenvinuirii, procurorii vor solicita mandat de arest pentru un termen de 30 de zile.<\/p>\n<p>Potrivit legii penale, faptele comise sunt pedepsite cu \u00eenchisoare de la 4 la 10 ani, iar persoana juridic\u0103 se pedepse\u015fte cu amend\u0103 \u00een m\u0103rime de la 8000 la 12000 unit\u0103\u0163i conven\u0163ionale cu privarea de dreptul de a exercita o anumit\u0103 activitate.<\/p>\n<p>Foto: deschide.md.<\/p>\n","protected":false},"excerpt":{"rendered":"<p>\u0218eful de post din cadrul Inspectoratului General al Poli\u021biei de Frontier\u0103, implicat \u00een schema de contraband\u0103 cu 35 de mii de pachete de \u021big\u0103ri, pe malul r\u00e2ului Prut, \u00een perimetrul satului \u0218ir\u0103u\u021bi, raionul Briceni, a fost trimis \u00een arest la domiciliu, scrie deschide.md. Potrivit lui Emil Gaitur, ofi\u021berul de pres\u0103 al PCCOCS, vineri, 4 iunie [&hellip;]<\/p>\n","protected":false},"author":4,"featured_media":130916,"comment_status":"closed","ping_status":"closed","sticky":false,"template":"","format":"standard","meta":{"footnotes":""},"categories":[6349],"tags":[26136,26135,26137],"class_list":["post-130915","post","type-post","status-publish","format-standard","has-post-thumbnail","hentry","category-social","tag-implicat-in-schema-de-contrabanda-cu-tigari-la-briceni","tag-politistul-de-frontiera","tag-trimis-in-arest-la-domiciliu"],"yoast_head":"<!-- This site is optimized with the Yoast SEO plugin v27.4 - https:\/\/yoast.com\/product\/yoast-seo-wordpress\/ -->\n<title>Poli\u021bistul de Frontier\u0103, implicat \u00een schema de contraband\u0103 cu \u021big\u0103ri la Briceni, trimis \u00een arest la domiciliu - BTV<\/title>\n<meta name=\"robots\" content=\"index, follow, max-snippet:-1, max-image-preview:large, max-video-preview:-1\" \/>\n<link rel=\"canonical\" href=\"https:\/\/www.btv.md\/ro\/politistul-de-frontiera-implicat-in-schema-de-contrabanda-cu-tigari-la-briceni-trimis-in-arest-la-domiciliu\/\" \/>\n<meta property=\"og:locale\" content=\"ro_RO\" \/>\n<meta property=\"og:type\" content=\"article\" \/>\n<meta property=\"og:title\" content=\"Poli\u021bistul de Frontier\u0103, implicat \u00een schema de contraband\u0103 cu \u021big\u0103ri la Briceni, trimis \u00een arest la domiciliu - BTV\" \/>\n<meta property=\"og:description\" content=\"\u0218eful de post din cadrul Inspectoratului General al Poli\u021biei de Frontier\u0103, implicat \u00een schema de contraband\u0103 cu 35 de mii de pachete de \u021big\u0103ri, pe malul r\u00e2ului Prut, \u00een perimetrul satului \u0218ir\u0103u\u021bi, raionul Briceni, a fost trimis \u00een arest la domiciliu, scrie deschide.md. Potrivit lui Emil Gaitur, ofi\u021berul de pres\u0103 al PCCOCS, vineri, 4 iunie [&hellip;]\" \/>\n<meta property=\"og:url\" content=\"https:\/\/www.btv.md\/ro\/politistul-de-frontiera-implicat-in-schema-de-contrabanda-cu-tigari-la-briceni-trimis-in-arest-la-domiciliu\/\" \/>\n<meta property=\"og:site_name\" content=\"BTV\" \/>\n<meta property=\"article:publisher\" content=\"https:\/\/www.facebook.com\/btvmoldova\/\" \/>\n<meta property=\"article:published_time\" content=\"2021-06-07T08:57:27+00:00\" \/>\n<meta property=\"og:image\" content=\"https:\/\/www.btv.md\/wp-content\/uploads\/2021\/06\/images_cms-image-000117913.jpg\" \/>\n\t<meta property=\"og:image:width\" content=\"758\" \/>\n\t<meta property=\"og:image:height\" content=\"426\" \/>\n\t<meta property=\"og:image:type\" content=\"image\/jpeg\" \/>\n<meta name=\"author\" content=\"admin\" \/>\n<meta name=\"twitter:label1\" content=\"Scris de\" \/>\n\t<meta name=\"twitter:data1\" content=\"admin\" \/>\n\t<meta name=\"twitter:label2\" content=\"Timp estimat pentru citire\" \/>\n\t<meta name=\"twitter:data2\" content=\"2 minute\" \/>\n<script type=\"application\/ld+json\" class=\"yoast-schema-graph\">{\"@context\":\"https:\\\/\\\/schema.org\",\"@graph\":[{\"@type\":\"Article\",\"@id\":\"https:\\\/\\\/www.btv.md\\\/ro\\\/politistul-de-frontiera-implicat-in-schema-de-contrabanda-cu-tigari-la-briceni-trimis-in-arest-la-domiciliu\\\/#article\",\"isPartOf\":{\"@id\":\"https:\\\/\\\/www.btv.md\\\/ro\\\/politistul-de-frontiera-implicat-in-schema-de-contrabanda-cu-tigari-la-briceni-trimis-in-arest-la-domiciliu\\\/\"},\"author\":{\"name\":\"admin\",\"@id\":\"https:\\\/\\\/www.btv.md\\\/#\\\/schema\\\/person\\\/8fadce81561b3ce2c34c46dadc4ccbf2\"},\"headline\":\"Poli\u021bistul de Frontier\u0103, implicat \u00een schema de contraband\u0103 cu \u021big\u0103ri la Briceni, trimis \u00een arest la domiciliu\",\"datePublished\":\"2021-06-07T08:57:27+00:00\",\"mainEntityOfPage\":{\"@id\":\"https:\\\/\\\/www.btv.md\\\/ro\\\/politistul-de-frontiera-implicat-in-schema-de-contrabanda-cu-tigari-la-briceni-trimis-in-arest-la-domiciliu\\\/\"},\"wordCount\":424,\"image\":{\"@id\":\"https:\\\/\\\/www.btv.md\\\/ro\\\/politistul-de-frontiera-implicat-in-schema-de-contrabanda-cu-tigari-la-briceni-trimis-in-arest-la-domiciliu\\\/#primaryimage\"},\"thumbnailUrl\":\"https:\\\/\\\/www.btv.md\\\/wp-content\\\/uploads\\\/2021\\\/06\\\/images_cms-image-000117913.jpg\",\"keywords\":[\"implicat \u00een schema de contraband\u0103 cu \u021big\u0103ri la Briceni\",\"Poli\u021bistul de Frontier\u0103\",\"trimis \u00een arest la domiciliu\"],\"articleSection\":[\"Social\"],\"inLanguage\":\"ro-RO\"},{\"@type\":\"WebPage\",\"@id\":\"https:\\\/\\\/www.btv.md\\\/ro\\\/politistul-de-frontiera-implicat-in-schema-de-contrabanda-cu-tigari-la-briceni-trimis-in-arest-la-domiciliu\\\/\",\"url\":\"https:\\\/\\\/www.btv.md\\\/ro\\\/politistul-de-frontiera-implicat-in-schema-de-contrabanda-cu-tigari-la-briceni-trimis-in-arest-la-domiciliu\\\/\",\"name\":\"Poli\u021bistul de Frontier\u0103, implicat \u00een schema de contraband\u0103 cu \u021big\u0103ri la Briceni, trimis \u00een arest la domiciliu - BTV\",\"isPartOf\":{\"@id\":\"https:\\\/\\\/www.btv.md\\\/#website\"},\"primaryImageOfPage\":{\"@id\":\"https:\\\/\\\/www.btv.md\\\/ro\\\/politistul-de-frontiera-implicat-in-schema-de-contrabanda-cu-tigari-la-briceni-trimis-in-arest-la-domiciliu\\\/#primaryimage\"},\"image\":{\"@id\":\"https:\\\/\\\/www.btv.md\\\/ro\\\/politistul-de-frontiera-implicat-in-schema-de-contrabanda-cu-tigari-la-briceni-trimis-in-arest-la-domiciliu\\\/#primaryimage\"},\"thumbnailUrl\":\"https:\\\/\\\/www.btv.md\\\/wp-content\\\/uploads\\\/2021\\\/06\\\/images_cms-image-000117913.jpg\",\"datePublished\":\"2021-06-07T08:57:27+00:00\",\"author\":{\"@id\":\"https:\\\/\\\/www.btv.md\\\/#\\\/schema\\\/person\\\/8fadce81561b3ce2c34c46dadc4ccbf2\"},\"inLanguage\":\"ro-RO\",\"potentialAction\":[{\"@type\":\"ReadAction\",\"target\":[\"https:\\\/\\\/www.btv.md\\\/ro\\\/politistul-de-frontiera-implicat-in-schema-de-contrabanda-cu-tigari-la-briceni-trimis-in-arest-la-domiciliu\\\/\"]}]},{\"@type\":\"ImageObject\",\"inLanguage\":\"ro-RO\",\"@id\":\"https:\\\/\\\/www.btv.md\\\/ro\\\/politistul-de-frontiera-implicat-in-schema-de-contrabanda-cu-tigari-la-briceni-trimis-in-arest-la-domiciliu\\\/#primaryimage\",\"url\":\"https:\\\/\\\/www.btv.md\\\/wp-content\\\/uploads\\\/2021\\\/06\\\/images_cms-image-000117913.jpg\",\"contentUrl\":\"https:\\\/\\\/www.btv.md\\\/wp-content\\\/uploads\\\/2021\\\/06\\\/images_cms-image-000117913.jpg\",\"width\":758,\"height\":426},{\"@type\":\"WebSite\",\"@id\":\"https:\\\/\\\/www.btv.md\\\/#website\",\"url\":\"https:\\\/\\\/www.btv.md\\\/\",\"name\":\"BTV\",\"description\":\"\u0411\u0435\u043b\u044c\u0446\u043a\u043e\u0435 \u0442\u0435\u043b\u0435\u0432\u0438\u0434\u0435\u043d\u0438\u0435\",\"potentialAction\":[{\"@type\":\"SearchAction\",\"target\":{\"@type\":\"EntryPoint\",\"urlTemplate\":\"https:\\\/\\\/www.btv.md\\\/?s={search_term_string}\"},\"query-input\":{\"@type\":\"PropertyValueSpecification\",\"valueRequired\":true,\"valueName\":\"search_term_string\"}}],\"inLanguage\":\"ro-RO\"},{\"@type\":\"Person\",\"@id\":\"https:\\\/\\\/www.btv.md\\\/#\\\/schema\\\/person\\\/8fadce81561b3ce2c34c46dadc4ccbf2\",\"name\":\"admin\"}]}<\/script>\n<!-- \/ Yoast SEO plugin. -->","yoast_head_json":{"title":"Poli\u021bistul de Frontier\u0103, implicat \u00een schema de contraband\u0103 cu \u021big\u0103ri la Briceni, trimis \u00een arest la domiciliu - BTV","robots":{"index":"index","follow":"follow","max-snippet":"max-snippet:-1","max-image-preview":"max-image-preview:large","max-video-preview":"max-video-preview:-1"},"canonical":"https:\/\/www.btv.md\/ro\/politistul-de-frontiera-implicat-in-schema-de-contrabanda-cu-tigari-la-briceni-trimis-in-arest-la-domiciliu\/","og_locale":"ro_RO","og_type":"article","og_title":"Poli\u021bistul de Frontier\u0103, implicat \u00een schema de contraband\u0103 cu \u021big\u0103ri la Briceni, trimis \u00een arest la domiciliu - BTV","og_description":"\u0218eful de post din cadrul Inspectoratului General al Poli\u021biei de Frontier\u0103, implicat \u00een schema de contraband\u0103 cu 35 de mii de pachete de \u021big\u0103ri, pe malul r\u00e2ului Prut, \u00een perimetrul satului \u0218ir\u0103u\u021bi, raionul Briceni, a fost trimis \u00een arest la domiciliu, scrie deschide.md. Potrivit lui Emil Gaitur, ofi\u021berul de pres\u0103 al PCCOCS, vineri, 4 iunie [&hellip;]","og_url":"https:\/\/www.btv.md\/ro\/politistul-de-frontiera-implicat-in-schema-de-contrabanda-cu-tigari-la-briceni-trimis-in-arest-la-domiciliu\/","og_site_name":"BTV","article_publisher":"https:\/\/www.facebook.com\/btvmoldova\/","article_published_time":"2021-06-07T08:57:27+00:00","og_image":[{"width":758,"height":426,"url":"https:\/\/www.btv.md\/wp-content\/uploads\/2021\/06\/images_cms-image-000117913.jpg","type":"image\/jpeg"}],"author":"admin","twitter_misc":{"Scris de":"admin","Timp estimat pentru citire":"2 minute"},"schema":{"@context":"https:\/\/schema.org","@graph":[{"@type":"Article","@id":"https:\/\/www.btv.md\/ro\/politistul-de-frontiera-implicat-in-schema-de-contrabanda-cu-tigari-la-briceni-trimis-in-arest-la-domiciliu\/#article","isPartOf":{"@id":"https:\/\/www.btv.md\/ro\/politistul-de-frontiera-implicat-in-schema-de-contrabanda-cu-tigari-la-briceni-trimis-in-arest-la-domiciliu\/"},"author":{"name":"admin","@id":"https:\/\/www.btv.md\/#\/schema\/person\/8fadce81561b3ce2c34c46dadc4ccbf2"},"headline":"Poli\u021bistul de Frontier\u0103, implicat \u00een schema de contraband\u0103 cu \u021big\u0103ri la Briceni, trimis \u00een arest la domiciliu","datePublished":"2021-06-07T08:57:27+00:00","mainEntityOfPage":{"@id":"https:\/\/www.btv.md\/ro\/politistul-de-frontiera-implicat-in-schema-de-contrabanda-cu-tigari-la-briceni-trimis-in-arest-la-domiciliu\/"},"wordCount":424,"image":{"@id":"https:\/\/www.btv.md\/ro\/politistul-de-frontiera-implicat-in-schema-de-contrabanda-cu-tigari-la-briceni-trimis-in-arest-la-domiciliu\/#primaryimage"},"thumbnailUrl":"https:\/\/www.btv.md\/wp-content\/uploads\/2021\/06\/images_cms-image-000117913.jpg","keywords":["implicat \u00een schema de contraband\u0103 cu \u021big\u0103ri la Briceni","Poli\u021bistul de Frontier\u0103","trimis \u00een arest la domiciliu"],"articleSection":["Social"],"inLanguage":"ro-RO"},{"@type":"WebPage","@id":"https:\/\/www.btv.md\/ro\/politistul-de-frontiera-implicat-in-schema-de-contrabanda-cu-tigari-la-briceni-trimis-in-arest-la-domiciliu\/","url":"https:\/\/www.btv.md\/ro\/politistul-de-frontiera-implicat-in-schema-de-contrabanda-cu-tigari-la-briceni-trimis-in-arest-la-domiciliu\/","name":"Poli\u021bistul de Frontier\u0103, implicat \u00een schema de contraband\u0103 cu \u021big\u0103ri la Briceni, trimis \u00een arest la domiciliu - BTV","isPartOf":{"@id":"https:\/\/www.btv.md\/#website"},"primaryImageOfPage":{"@id":"https:\/\/www.btv.md\/ro\/politistul-de-frontiera-implicat-in-schema-de-contrabanda-cu-tigari-la-briceni-trimis-in-arest-la-domiciliu\/#primaryimage"},"image":{"@id":"https:\/\/www.btv.md\/ro\/politistul-de-frontiera-implicat-in-schema-de-contrabanda-cu-tigari-la-briceni-trimis-in-arest-la-domiciliu\/#primaryimage"},"thumbnailUrl":"https:\/\/www.btv.md\/wp-content\/uploads\/2021\/06\/images_cms-image-000117913.jpg","datePublished":"2021-06-07T08:57:27+00:00","author":{"@id":"https:\/\/www.btv.md\/#\/schema\/person\/8fadce81561b3ce2c34c46dadc4ccbf2"},"inLanguage":"ro-RO","potentialAction":[{"@type":"ReadAction","target":["https:\/\/www.btv.md\/ro\/politistul-de-frontiera-implicat-in-schema-de-contrabanda-cu-tigari-la-briceni-trimis-in-arest-la-domiciliu\/"]}]},{"@type":"ImageObject","inLanguage":"ro-RO","@id":"https:\/\/www.btv.md\/ro\/politistul-de-frontiera-implicat-in-schema-de-contrabanda-cu-tigari-la-briceni-trimis-in-arest-la-domiciliu\/#primaryimage","url":"https:\/\/www.btv.md\/wp-content\/uploads\/2021\/06\/images_cms-image-000117913.jpg","contentUrl":"https:\/\/www.btv.md\/wp-content\/uploads\/2021\/06\/images_cms-image-000117913.jpg","width":758,"height":426},{"@type":"WebSite","@id":"https:\/\/www.btv.md\/#website","url":"https:\/\/www.btv.md\/","name":"BTV","description":"\u0411\u0435\u043b\u044c\u0446\u043a\u043e\u0435 \u0442\u0435\u043b\u0435\u0432\u0438\u0434\u0435\u043d\u0438\u0435","potentialAction":[{"@type":"SearchAction","target":{"@type":"EntryPoint","urlTemplate":"https:\/\/www.btv.md\/?s={search_term_string}"},"query-input":{"@type":"PropertyValueSpecification","valueRequired":true,"valueName":"search_term_string"}}],"inLanguage":"ro-RO"},{"@type":"Person","@id":"https:\/\/www.btv.md\/#\/schema\/person\/8fadce81561b3ce2c34c46dadc4ccbf2","name":"admin"}]}},"_links":{"self":[{"href":"https:\/\/www.btv.md\/ro\/wp-json\/wp\/v2\/posts\/130915","targetHints":{"allow":["GET"]}}],"collection":[{"href":"https:\/\/www.btv.md\/ro\/wp-json\/wp\/v2\/posts"}],"about":[{"href":"https:\/\/www.btv.md\/ro\/wp-json\/wp\/v2\/types\/post"}],"author":[{"embeddable":true,"href":"https:\/\/www.btv.md\/ro\/wp-json\/wp\/v2\/users\/4"}],"replies":[{"embeddable":true,"href":"https:\/\/www.btv.md\/ro\/wp-json\/wp\/v2\/comments?post=130915"}],"version-history":[{"count":0,"href":"https:\/\/www.btv.md\/ro\/wp-json\/wp\/v2\/posts\/130915\/revisions"}],"wp:featuredmedia":[{"embeddable":true,"href":"https:\/\/www.btv.md\/ro\/wp-json\/wp\/v2\/media\/130916"}],"wp:attachment":[{"href":"https:\/\/www.btv.md\/ro\/wp-json\/wp\/v2\/media?parent=130915"}],"wp:term":[{"taxonomy":"category","embeddable":true,"href":"https:\/\/www.btv.md\/ro\/wp-json\/wp\/v2\/categories?post=130915"},{"taxonomy":"post_tag","embeddable":true,"href":"https:\/\/www.btv.md\/ro\/wp-json\/wp\/v2\/tags?post=130915"}],"curies":[{"name":"wp","href":"https:\/\/api.w.org\/{rel}","templated":true}]}}