{"id":130946,"date":"2021-06-07T13:42:29","date_gmt":"2021-06-07T10:42:29","guid":{"rendered":"https:\/\/www.btv.md\/?p=130946"},"modified":"2021-06-07T13:42:29","modified_gmt":"2021-06-07T10:42:29","slug":"tragedie-in-raionul-rezina-un-barbat-gasit-inecat-intr-un-iaz-din-aproprierea-localitatii","status":"publish","type":"post","link":"https:\/\/www.btv.md\/ro\/tragedie-in-raionul-rezina-un-barbat-gasit-inecat-intr-un-iaz-din-aproprierea-localitatii\/","title":{"rendered":"Tragedie \u00een raionul Rezina. Un b\u0103rbat, g\u0103sit \u00eenecat \u00eentr-un iaz din aproprierea localit\u0103\u021bii"},"content":{"rendered":"<p><strong>Tragedie \u00een satul Peci\u0219te din raionul Rezina. Un b\u0103rbat de 50 de ani a fost g\u0103sit \u00eenecat \u00eentr-un iaz din aproprierea localit\u0103\u021bii. Corpul ne\u00eensufle\u021bit a fost g\u0103sit duminic\u0103 seara de un minor, care a sunat la 112, scrie <a href=\"https:\/\/www.publika.md\/tragedie-in-raionul-rezina-un-barbat-gasit-inecat-intr-un-iaz-din-aproprierea-localitatii_3103864.html\">publika.md<\/a>.<\/strong><\/p>\n<p>Adolescentul de 14 ani a scos victima la mal p\u00e2n\u0103 la venirea poli\u021biei.<\/p>\n<p>Pe corpul b\u0103rbatului nu au fost depistate semne de violen\u021b\u0103. Acesta locuia de unul singur \u0219i muncea cu ziua prin localitate.<\/p>\n<p>Potrivit localnicilor, b\u0103rbatul, care consuma alcool \u00een exces, a fost v\u0103zut ultima dat\u0103 \u00een amiaza zilei de ieri, fiind \u00een stare de ebrietate. Acesta nu se afla \u00een conflict cu nimeni.<\/p>\n<p>Oamenii legii urmeaz\u0103 s\u0103 stabileasc\u0103 toate circumstan\u021bele tragediei.<\/p>\n<p>Foto: publika.md.<\/p>\n","protected":false},"excerpt":{"rendered":"<p>Tragedie \u00een satul Peci\u0219te din raionul Rezina. Un b\u0103rbat de 50 de ani a fost g\u0103sit \u00eenecat \u00eentr-un iaz din aproprierea localit\u0103\u021bii. Corpul ne\u00eensufle\u021bit a fost g\u0103sit duminic\u0103 seara de un minor, care a sunat la 112, scrie publika.md. Adolescentul de 14 ani a scos victima la mal p\u00e2n\u0103 la venirea poli\u021biei. Pe corpul b\u0103rbatului [&hellip;]<\/p>\n","protected":false},"author":4,"featured_media":130947,"comment_status":"closed","ping_status":"closed","sticky":false,"template":"","format":"standard","meta":{"footnotes":""},"categories":[6349],"tags":[26146,26145],"class_list":["post-130946","post","type-post","status-publish","format-standard","has-post-thumbnail","hentry","category-social","tag-gasit-inecat-intr-un-iaz-din-aproprierea-localitatii","tag-tragedie-in-raionul-rezina-un-barbat"],"yoast_head":"<!-- This site is optimized with the Yoast SEO plugin v27.4 - https:\/\/yoast.com\/product\/yoast-seo-wordpress\/ -->\n<title>Tragedie \u00een raionul Rezina. Un b\u0103rbat, g\u0103sit \u00eenecat \u00eentr-un iaz din aproprierea localit\u0103\u021bii - BTV<\/title>\n<meta name=\"robots\" content=\"index, follow, max-snippet:-1, max-image-preview:large, max-video-preview:-1\" \/>\n<link rel=\"canonical\" href=\"https:\/\/www.btv.md\/ro\/amp\/tragedie-in-raionul-rezina-un-barbat-gasit-inecat-intr-un-iaz-din-aproprierea-localitatii\/\" \/>\n<meta property=\"og:locale\" content=\"ro_RO\" \/>\n<meta property=\"og:type\" content=\"article\" \/>\n<meta property=\"og:title\" content=\"Tragedie \u00een raionul Rezina. Un b\u0103rbat, g\u0103sit \u00eenecat \u00eentr-un iaz din aproprierea localit\u0103\u021bii - BTV\" \/>\n<meta property=\"og:description\" content=\"Tragedie \u00een satul Peci\u0219te din raionul Rezina. Un b\u0103rbat de 50 de ani a fost g\u0103sit \u00eenecat \u00eentr-un iaz din aproprierea localit\u0103\u021bii. Corpul ne\u00eensufle\u021bit a fost g\u0103sit duminic\u0103 seara de un minor, care a sunat la 112, scrie publika.md. Adolescentul de 14 ani a scos victima la mal p\u00e2n\u0103 la venirea poli\u021biei. Pe corpul b\u0103rbatului [&hellip;]\" \/>\n<meta property=\"og:url\" content=\"https:\/\/www.btv.md\/ro\/amp\/tragedie-in-raionul-rezina-un-barbat-gasit-inecat-intr-un-iaz-din-aproprierea-localitatii\/\" \/>\n<meta property=\"og:site_name\" content=\"BTV\" \/>\n<meta property=\"article:publisher\" content=\"https:\/\/www.facebook.com\/btvmoldova\/\" \/>\n<meta property=\"article:published_time\" content=\"2021-06-07T10:42:29+00:00\" \/>\n<meta property=\"og:image\" content=\"https:\/\/www.btv.md\/wp-content\/uploads\/2021\/06\/mg_7121_62361900_58479100.jpg\" \/>\n\t<meta property=\"og:image:width\" content=\"720\" \/>\n\t<meta property=\"og:image:height\" content=\"405\" \/>\n\t<meta property=\"og:image:type\" content=\"image\/jpeg\" \/>\n<meta name=\"author\" content=\"admin\" \/>\n<meta name=\"twitter:label1\" content=\"Scris de\" \/>\n\t<meta name=\"twitter:data1\" content=\"admin\" \/>\n\t<meta name=\"twitter:label2\" content=\"Timp estimat pentru citire\" \/>\n\t<meta name=\"twitter:data2\" content=\"1 minut\" \/>\n<script type=\"application\/ld+json\" class=\"yoast-schema-graph\">{\"@context\":\"https:\\\/\\\/schema.org\",\"@graph\":[{\"@type\":\"Article\",\"@id\":\"https:\\\/\\\/www.btv.md\\\/ro\\\/amp\\\/tragedie-in-raionul-rezina-un-barbat-gasit-inecat-intr-un-iaz-din-aproprierea-localitatii\\\/#article\",\"isPartOf\":{\"@id\":\"https:\\\/\\\/www.btv.md\\\/ro\\\/amp\\\/tragedie-in-raionul-rezina-un-barbat-gasit-inecat-intr-un-iaz-din-aproprierea-localitatii\\\/\"},\"author\":{\"name\":\"admin\",\"@id\":\"https:\\\/\\\/www.btv.md\\\/#\\\/schema\\\/person\\\/8fadce81561b3ce2c34c46dadc4ccbf2\"},\"headline\":\"Tragedie \u00een raionul Rezina. Un b\u0103rbat, g\u0103sit \u00eenecat \u00eentr-un iaz din aproprierea localit\u0103\u021bii\",\"datePublished\":\"2021-06-07T10:42:29+00:00\",\"mainEntityOfPage\":{\"@id\":\"https:\\\/\\\/www.btv.md\\\/ro\\\/amp\\\/tragedie-in-raionul-rezina-un-barbat-gasit-inecat-intr-un-iaz-din-aproprierea-localitatii\\\/\"},\"wordCount\":142,\"image\":{\"@id\":\"https:\\\/\\\/www.btv.md\\\/ro\\\/amp\\\/tragedie-in-raionul-rezina-un-barbat-gasit-inecat-intr-un-iaz-din-aproprierea-localitatii\\\/#primaryimage\"},\"thumbnailUrl\":\"https:\\\/\\\/www.btv.md\\\/wp-content\\\/uploads\\\/2021\\\/06\\\/mg_7121_62361900_58479100.jpg\",\"keywords\":[\"g\u0103sit \u00eenecat \u00eentr-un iaz din aproprierea localit\u0103\u021bii\",\"Tragedie \u00een raionul Rezina. Un b\u0103rbat\"],\"articleSection\":[\"Social\"],\"inLanguage\":\"ro-RO\"},{\"@type\":\"WebPage\",\"@id\":\"https:\\\/\\\/www.btv.md\\\/ro\\\/amp\\\/tragedie-in-raionul-rezina-un-barbat-gasit-inecat-intr-un-iaz-din-aproprierea-localitatii\\\/\",\"url\":\"https:\\\/\\\/www.btv.md\\\/ro\\\/amp\\\/tragedie-in-raionul-rezina-un-barbat-gasit-inecat-intr-un-iaz-din-aproprierea-localitatii\\\/\",\"name\":\"Tragedie \u00een raionul Rezina. Un b\u0103rbat, g\u0103sit \u00eenecat \u00eentr-un iaz din aproprierea localit\u0103\u021bii - BTV\",\"isPartOf\":{\"@id\":\"https:\\\/\\\/www.btv.md\\\/#website\"},\"primaryImageOfPage\":{\"@id\":\"https:\\\/\\\/www.btv.md\\\/ro\\\/amp\\\/tragedie-in-raionul-rezina-un-barbat-gasit-inecat-intr-un-iaz-din-aproprierea-localitatii\\\/#primaryimage\"},\"image\":{\"@id\":\"https:\\\/\\\/www.btv.md\\\/ro\\\/amp\\\/tragedie-in-raionul-rezina-un-barbat-gasit-inecat-intr-un-iaz-din-aproprierea-localitatii\\\/#primaryimage\"},\"thumbnailUrl\":\"https:\\\/\\\/www.btv.md\\\/wp-content\\\/uploads\\\/2021\\\/06\\\/mg_7121_62361900_58479100.jpg\",\"datePublished\":\"2021-06-07T10:42:29+00:00\",\"author\":{\"@id\":\"https:\\\/\\\/www.btv.md\\\/#\\\/schema\\\/person\\\/8fadce81561b3ce2c34c46dadc4ccbf2\"},\"inLanguage\":\"ro-RO\",\"potentialAction\":[{\"@type\":\"ReadAction\",\"target\":[\"https:\\\/\\\/www.btv.md\\\/ro\\\/amp\\\/tragedie-in-raionul-rezina-un-barbat-gasit-inecat-intr-un-iaz-din-aproprierea-localitatii\\\/\"]}]},{\"@type\":\"ImageObject\",\"inLanguage\":\"ro-RO\",\"@id\":\"https:\\\/\\\/www.btv.md\\\/ro\\\/amp\\\/tragedie-in-raionul-rezina-un-barbat-gasit-inecat-intr-un-iaz-din-aproprierea-localitatii\\\/#primaryimage\",\"url\":\"https:\\\/\\\/www.btv.md\\\/wp-content\\\/uploads\\\/2021\\\/06\\\/mg_7121_62361900_58479100.jpg\",\"contentUrl\":\"https:\\\/\\\/www.btv.md\\\/wp-content\\\/uploads\\\/2021\\\/06\\\/mg_7121_62361900_58479100.jpg\",\"width\":720,\"height\":405},{\"@type\":\"WebSite\",\"@id\":\"https:\\\/\\\/www.btv.md\\\/#website\",\"url\":\"https:\\\/\\\/www.btv.md\\\/\",\"name\":\"BTV\",\"description\":\"\u0411\u0435\u043b\u044c\u0446\u043a\u043e\u0435 \u0442\u0435\u043b\u0435\u0432\u0438\u0434\u0435\u043d\u0438\u0435\",\"potentialAction\":[{\"@type\":\"SearchAction\",\"target\":{\"@type\":\"EntryPoint\",\"urlTemplate\":\"https:\\\/\\\/www.btv.md\\\/?s={search_term_string}\"},\"query-input\":{\"@type\":\"PropertyValueSpecification\",\"valueRequired\":true,\"valueName\":\"search_term_string\"}}],\"inLanguage\":\"ro-RO\"},{\"@type\":\"Person\",\"@id\":\"https:\\\/\\\/www.btv.md\\\/#\\\/schema\\\/person\\\/8fadce81561b3ce2c34c46dadc4ccbf2\",\"name\":\"admin\"}]}<\/script>\n<!-- \/ Yoast SEO plugin. -->","yoast_head_json":{"title":"Tragedie \u00een raionul Rezina. Un b\u0103rbat, g\u0103sit \u00eenecat \u00eentr-un iaz din aproprierea localit\u0103\u021bii - BTV","robots":{"index":"index","follow":"follow","max-snippet":"max-snippet:-1","max-image-preview":"max-image-preview:large","max-video-preview":"max-video-preview:-1"},"canonical":"https:\/\/www.btv.md\/ro\/amp\/tragedie-in-raionul-rezina-un-barbat-gasit-inecat-intr-un-iaz-din-aproprierea-localitatii\/","og_locale":"ro_RO","og_type":"article","og_title":"Tragedie \u00een raionul Rezina. Un b\u0103rbat, g\u0103sit \u00eenecat \u00eentr-un iaz din aproprierea localit\u0103\u021bii - BTV","og_description":"Tragedie \u00een satul Peci\u0219te din raionul Rezina. Un b\u0103rbat de 50 de ani a fost g\u0103sit \u00eenecat \u00eentr-un iaz din aproprierea localit\u0103\u021bii. Corpul ne\u00eensufle\u021bit a fost g\u0103sit duminic\u0103 seara de un minor, care a sunat la 112, scrie publika.md. Adolescentul de 14 ani a scos victima la mal p\u00e2n\u0103 la venirea poli\u021biei. Pe corpul b\u0103rbatului [&hellip;]","og_url":"https:\/\/www.btv.md\/ro\/amp\/tragedie-in-raionul-rezina-un-barbat-gasit-inecat-intr-un-iaz-din-aproprierea-localitatii\/","og_site_name":"BTV","article_publisher":"https:\/\/www.facebook.com\/btvmoldova\/","article_published_time":"2021-06-07T10:42:29+00:00","og_image":[{"width":720,"height":405,"url":"https:\/\/www.btv.md\/wp-content\/uploads\/2021\/06\/mg_7121_62361900_58479100.jpg","type":"image\/jpeg"}],"author":"admin","twitter_misc":{"Scris de":"admin","Timp estimat pentru citire":"1 minut"},"schema":{"@context":"https:\/\/schema.org","@graph":[{"@type":"Article","@id":"https:\/\/www.btv.md\/ro\/amp\/tragedie-in-raionul-rezina-un-barbat-gasit-inecat-intr-un-iaz-din-aproprierea-localitatii\/#article","isPartOf":{"@id":"https:\/\/www.btv.md\/ro\/amp\/tragedie-in-raionul-rezina-un-barbat-gasit-inecat-intr-un-iaz-din-aproprierea-localitatii\/"},"author":{"name":"admin","@id":"https:\/\/www.btv.md\/#\/schema\/person\/8fadce81561b3ce2c34c46dadc4ccbf2"},"headline":"Tragedie \u00een raionul Rezina. Un b\u0103rbat, g\u0103sit \u00eenecat \u00eentr-un iaz din aproprierea localit\u0103\u021bii","datePublished":"2021-06-07T10:42:29+00:00","mainEntityOfPage":{"@id":"https:\/\/www.btv.md\/ro\/amp\/tragedie-in-raionul-rezina-un-barbat-gasit-inecat-intr-un-iaz-din-aproprierea-localitatii\/"},"wordCount":142,"image":{"@id":"https:\/\/www.btv.md\/ro\/amp\/tragedie-in-raionul-rezina-un-barbat-gasit-inecat-intr-un-iaz-din-aproprierea-localitatii\/#primaryimage"},"thumbnailUrl":"https:\/\/www.btv.md\/wp-content\/uploads\/2021\/06\/mg_7121_62361900_58479100.jpg","keywords":["g\u0103sit \u00eenecat \u00eentr-un iaz din aproprierea localit\u0103\u021bii","Tragedie \u00een raionul Rezina. Un b\u0103rbat"],"articleSection":["Social"],"inLanguage":"ro-RO"},{"@type":"WebPage","@id":"https:\/\/www.btv.md\/ro\/amp\/tragedie-in-raionul-rezina-un-barbat-gasit-inecat-intr-un-iaz-din-aproprierea-localitatii\/","url":"https:\/\/www.btv.md\/ro\/amp\/tragedie-in-raionul-rezina-un-barbat-gasit-inecat-intr-un-iaz-din-aproprierea-localitatii\/","name":"Tragedie \u00een raionul Rezina. Un b\u0103rbat, g\u0103sit \u00eenecat \u00eentr-un iaz din aproprierea localit\u0103\u021bii - BTV","isPartOf":{"@id":"https:\/\/www.btv.md\/#website"},"primaryImageOfPage":{"@id":"https:\/\/www.btv.md\/ro\/amp\/tragedie-in-raionul-rezina-un-barbat-gasit-inecat-intr-un-iaz-din-aproprierea-localitatii\/#primaryimage"},"image":{"@id":"https:\/\/www.btv.md\/ro\/amp\/tragedie-in-raionul-rezina-un-barbat-gasit-inecat-intr-un-iaz-din-aproprierea-localitatii\/#primaryimage"},"thumbnailUrl":"https:\/\/www.btv.md\/wp-content\/uploads\/2021\/06\/mg_7121_62361900_58479100.jpg","datePublished":"2021-06-07T10:42:29+00:00","author":{"@id":"https:\/\/www.btv.md\/#\/schema\/person\/8fadce81561b3ce2c34c46dadc4ccbf2"},"inLanguage":"ro-RO","potentialAction":[{"@type":"ReadAction","target":["https:\/\/www.btv.md\/ro\/amp\/tragedie-in-raionul-rezina-un-barbat-gasit-inecat-intr-un-iaz-din-aproprierea-localitatii\/"]}]},{"@type":"ImageObject","inLanguage":"ro-RO","@id":"https:\/\/www.btv.md\/ro\/amp\/tragedie-in-raionul-rezina-un-barbat-gasit-inecat-intr-un-iaz-din-aproprierea-localitatii\/#primaryimage","url":"https:\/\/www.btv.md\/wp-content\/uploads\/2021\/06\/mg_7121_62361900_58479100.jpg","contentUrl":"https:\/\/www.btv.md\/wp-content\/uploads\/2021\/06\/mg_7121_62361900_58479100.jpg","width":720,"height":405},{"@type":"WebSite","@id":"https:\/\/www.btv.md\/#website","url":"https:\/\/www.btv.md\/","name":"BTV","description":"\u0411\u0435\u043b\u044c\u0446\u043a\u043e\u0435 \u0442\u0435\u043b\u0435\u0432\u0438\u0434\u0435\u043d\u0438\u0435","potentialAction":[{"@type":"SearchAction","target":{"@type":"EntryPoint","urlTemplate":"https:\/\/www.btv.md\/?s={search_term_string}"},"query-input":{"@type":"PropertyValueSpecification","valueRequired":true,"valueName":"search_term_string"}}],"inLanguage":"ro-RO"},{"@type":"Person","@id":"https:\/\/www.btv.md\/#\/schema\/person\/8fadce81561b3ce2c34c46dadc4ccbf2","name":"admin"}]}},"_links":{"self":[{"href":"https:\/\/www.btv.md\/ro\/wp-json\/wp\/v2\/posts\/130946","targetHints":{"allow":["GET"]}}],"collection":[{"href":"https:\/\/www.btv.md\/ro\/wp-json\/wp\/v2\/posts"}],"about":[{"href":"https:\/\/www.btv.md\/ro\/wp-json\/wp\/v2\/types\/post"}],"author":[{"embeddable":true,"href":"https:\/\/www.btv.md\/ro\/wp-json\/wp\/v2\/users\/4"}],"replies":[{"embeddable":true,"href":"https:\/\/www.btv.md\/ro\/wp-json\/wp\/v2\/comments?post=130946"}],"version-history":[{"count":0,"href":"https:\/\/www.btv.md\/ro\/wp-json\/wp\/v2\/posts\/130946\/revisions"}],"wp:featuredmedia":[{"embeddable":true,"href":"https:\/\/www.btv.md\/ro\/wp-json\/wp\/v2\/media\/130947"}],"wp:attachment":[{"href":"https:\/\/www.btv.md\/ro\/wp-json\/wp\/v2\/media?parent=130946"}],"wp:term":[{"taxonomy":"category","embeddable":true,"href":"https:\/\/www.btv.md\/ro\/wp-json\/wp\/v2\/categories?post=130946"},{"taxonomy":"post_tag","embeddable":true,"href":"https:\/\/www.btv.md\/ro\/wp-json\/wp\/v2\/tags?post=130946"}],"curies":[{"name":"wp","href":"https:\/\/api.w.org\/{rel}","templated":true}]}}