{"id":130950,"date":"2021-06-07T13:45:00","date_gmt":"2021-06-07T10:45:00","guid":{"rendered":"https:\/\/www.btv.md\/?p=130950"},"modified":"2021-06-07T13:45:00","modified_gmt":"2021-06-07T10:45:00","slug":"video-inalt-oficial-al-sua-dezvaluie-care-sunt-asteptarile-washingtonului-de-la-alegerile-anticipate-din-11-iulie","status":"publish","type":"post","link":"https:\/\/www.btv.md\/ro\/video-inalt-oficial-al-sua-dezvaluie-care-sunt-asteptarile-washingtonului-de-la-alegerile-anticipate-din-11-iulie\/","title":{"rendered":"VIDEO \/\/ \u00cenalt oficial al SUA dezv\u0103luie care sunt a\u0219tept\u0103rile Washingtonului de la alegerile anticipate din 11 iulie"},"content":{"rendered":"<p dir=\"ltr\"><strong>Asistentul adjunct al Secretarului de stat al SUA, George Kent a declarat \u00een cadrul unui interviu la Moldova 1 c\u0103 pentru Washington nu este important cine va forma viitorul Guvern, important este ca alegerile s\u0103 fie libere, democratice \u0219i f\u0103r\u0103 imixtiunea din partea altor \u021b\u0103ri. SUA sunt disponibile de a lucra cu orice Guvern care va lucra pentru ca Republica Moldova s\u0103 aib\u0103 succes, scrie <a href=\"https:\/\/deschide.md\/ro\/stiri\/politic\/86394\/VIDEO--%C3%8Enalt-oficial-al-SUA-dezv%C4%83luie-care-sunt-a%C8%99tept%C4%83rile-Washingtonului-de-la-alegerile-anticipate-din-11-iulie.htm\">deschide.md<\/a>.<\/strong><\/p>\n<p dir=\"ltr\">\u201eCel mai important este s\u0103 avem un proces liber \u0219i corect, f\u0103r\u0103 interven\u021bie extern\u0103. Dreptul de a vota \u00een cadrul unor alegeri este un drept democratic, fundamental. Ne a\u0219tept\u0103m la un proces liber \u0219i corect. Dup\u0103 aceasta, sper\u0103m c\u0103 va fi un Guvern care va stabili o direc\u021bie pentru \u021bar\u0103, iar Statele Unite vor fi gata s\u0103 sprijine un Guvern de succes. Pentru noi nu este important cine este \u00een acest Guvern, pentru noi este important ca ei s\u0103 fie ale\u0219i legitim \u0219i s\u0103-\u0219i doreasc\u0103 o \u021bar\u0103 de succes. Vom fi un partener \u00een succesul Republicii Moldova\u201d, a declarat George Kent.<\/p>\n<p dir=\"ltr\"><iframe data-src=\"https:\/\/www.facebook.com\/plugins\/video.php?height=314&amp;href=https%3A%2F%2Fwww.facebook.com%2Ftvmoldova1%2Fvideos%2F564217054942394%2F&amp;show_text=false&amp;width=560&amp;t=0\" width=\"560\" height=\"314\" frameborder=\"0\" scrolling=\"no\" allowfullscreen=\"allowfullscreen\" data-mce-fragment=\"1\" src=\"data:image\/svg+xml;base64,PHN2ZyB3aWR0aD0iMSIgaGVpZ2h0PSIxIiB4bWxucz0iaHR0cDovL3d3dy53My5vcmcvMjAwMC9zdmciPjwvc3ZnPg==\" class=\"lazyload\" data-load-mode=\"1\"><\/iframe><\/p>\n<p dir=\"ltr\">Referindu-se la rezolvarea conflictului transnistrean, Kent a declarat c\u0103 scopul principal al\u00a0 SUA \u00een procesul de reglementare este de a sprijini integritatea teritorial\u0103, suveranitatea \u0219i grani\u021bele recunoscute interna\u021bional ale R. Moldova cu un statut special pentru regiunea transnistrean\u0103. \u201e<\/p>\n<p dir=\"ltr\">Provocarea este cum ajungem acolo. Avem 30 de ani de la \u00eenceperea acestui proces. Acum lucr\u0103m asupra pa\u0219ilor mici pentru a consolida \u00eencrederea, Scopul final este de a avea un proces politic, discu\u021bii \u00eentre Chi\u0219in\u0103u \u0219i Tiraspol, pentru a ajunge la o solu\u021bie cu respectarea grani\u021belor recunoscute oficial\u201d, a conchis Kent.<\/p>\n<p dir=\"ltr\">Foto: deschide.md.<\/p>\n","protected":false},"excerpt":{"rendered":"<p>Asistentul adjunct al Secretarului de stat al SUA, George Kent a declarat \u00een cadrul unui interviu la Moldova 1 c\u0103 pentru Washington nu este important cine va forma viitorul Guvern, important este ca alegerile s\u0103 fie libere, democratice \u0219i f\u0103r\u0103 imixtiunea din partea altor \u021b\u0103ri. SUA sunt disponibile de a lucra cu orice Guvern care [&hellip;]<\/p>\n","protected":false},"author":4,"featured_media":130953,"comment_status":"closed","ping_status":"closed","sticky":false,"template":"","format":"standard","meta":{"footnotes":""},"categories":[6368],"tags":[26147],"class_list":["post-130950","post","type-post","status-publish","format-standard","has-post-thumbnail","hentry","category-politica-ro","tag-video-inalt-oficial-al-sua-dezvaluie-care-sunt-asteptarile-washingtonului-de-la-alegerile-anticipate-din-11-iulie"],"yoast_head":"<!-- This site is optimized with the Yoast SEO plugin v27.4 - https:\/\/yoast.com\/product\/yoast-seo-wordpress\/ -->\n<title>VIDEO \/\/ \u00cenalt oficial al SUA dezv\u0103luie care sunt a\u0219tept\u0103rile Washingtonului de la alegerile anticipate din 11 iulie - BTV<\/title>\n<meta name=\"robots\" content=\"index, follow, max-snippet:-1, max-image-preview:large, max-video-preview:-1\" \/>\n<link rel=\"canonical\" href=\"https:\/\/www.btv.md\/ro\/video-inalt-oficial-al-sua-dezvaluie-care-sunt-asteptarile-washingtonului-de-la-alegerile-anticipate-din-11-iulie\/\" \/>\n<meta property=\"og:locale\" content=\"ro_RO\" \/>\n<meta property=\"og:type\" content=\"article\" \/>\n<meta property=\"og:title\" content=\"VIDEO \/\/ \u00cenalt oficial al SUA dezv\u0103luie care sunt a\u0219tept\u0103rile Washingtonului de la alegerile anticipate din 11 iulie - BTV\" \/>\n<meta property=\"og:description\" content=\"Asistentul adjunct al Secretarului de stat al SUA, George Kent a declarat \u00een cadrul unui interviu la Moldova 1 c\u0103 pentru Washington nu este important cine va forma viitorul Guvern, important este ca alegerile s\u0103 fie libere, democratice \u0219i f\u0103r\u0103 imixtiunea din partea altor \u021b\u0103ri. SUA sunt disponibile de a lucra cu orice Guvern care [&hellip;]\" \/>\n<meta property=\"og:url\" content=\"https:\/\/www.btv.md\/ro\/video-inalt-oficial-al-sua-dezvaluie-care-sunt-asteptarile-washingtonului-de-la-alegerile-anticipate-din-11-iulie\/\" \/>\n<meta property=\"og:site_name\" content=\"BTV\" \/>\n<meta property=\"article:publisher\" content=\"https:\/\/www.facebook.com\/btvmoldova\/\" \/>\n<meta property=\"article:published_time\" content=\"2021-06-07T10:45:00+00:00\" \/>\n<meta property=\"og:image\" content=\"https:\/\/www.btv.md\/wp-content\/uploads\/2021\/06\/images_cms-image-000117932.jpg\" \/>\n\t<meta property=\"og:image:width\" content=\"758\" \/>\n\t<meta property=\"og:image:height\" content=\"426\" \/>\n\t<meta property=\"og:image:type\" content=\"image\/jpeg\" \/>\n<meta name=\"author\" content=\"admin\" \/>\n<meta name=\"twitter:label1\" content=\"Scris de\" \/>\n\t<meta name=\"twitter:data1\" content=\"admin\" \/>\n\t<meta name=\"twitter:label2\" content=\"Timp estimat pentru citire\" \/>\n\t<meta name=\"twitter:data2\" content=\"2 minute\" \/>\n<script type=\"application\/ld+json\" class=\"yoast-schema-graph\">{\"@context\":\"https:\\\/\\\/schema.org\",\"@graph\":[{\"@type\":\"Article\",\"@id\":\"https:\\\/\\\/www.btv.md\\\/ro\\\/video-inalt-oficial-al-sua-dezvaluie-care-sunt-asteptarile-washingtonului-de-la-alegerile-anticipate-din-11-iulie\\\/#article\",\"isPartOf\":{\"@id\":\"https:\\\/\\\/www.btv.md\\\/ro\\\/video-inalt-oficial-al-sua-dezvaluie-care-sunt-asteptarile-washingtonului-de-la-alegerile-anticipate-din-11-iulie\\\/\"},\"author\":{\"name\":\"admin\",\"@id\":\"https:\\\/\\\/www.btv.md\\\/#\\\/schema\\\/person\\\/8fadce81561b3ce2c34c46dadc4ccbf2\"},\"headline\":\"VIDEO \\\/\\\/ \u00cenalt oficial al SUA dezv\u0103luie care sunt a\u0219tept\u0103rile Washingtonului de la alegerile anticipate din 11 iulie\",\"datePublished\":\"2021-06-07T10:45:00+00:00\",\"mainEntityOfPage\":{\"@id\":\"https:\\\/\\\/www.btv.md\\\/ro\\\/video-inalt-oficial-al-sua-dezvaluie-care-sunt-asteptarile-washingtonului-de-la-alegerile-anticipate-din-11-iulie\\\/\"},\"wordCount\":296,\"image\":{\"@id\":\"https:\\\/\\\/www.btv.md\\\/ro\\\/video-inalt-oficial-al-sua-dezvaluie-care-sunt-asteptarile-washingtonului-de-la-alegerile-anticipate-din-11-iulie\\\/#primaryimage\"},\"thumbnailUrl\":\"https:\\\/\\\/www.btv.md\\\/wp-content\\\/uploads\\\/2021\\\/06\\\/images_cms-image-000117932.jpg\",\"keywords\":[\"VIDEO \\\/\\\/ \u00cenalt oficial al SUA dezv\u0103luie care sunt a\u0219tept\u0103rile Washingtonului de la alegerile anticipate din 11 iulie\"],\"articleSection\":[\"Politic\u0103\"],\"inLanguage\":\"ro-RO\"},{\"@type\":\"WebPage\",\"@id\":\"https:\\\/\\\/www.btv.md\\\/ro\\\/video-inalt-oficial-al-sua-dezvaluie-care-sunt-asteptarile-washingtonului-de-la-alegerile-anticipate-din-11-iulie\\\/\",\"url\":\"https:\\\/\\\/www.btv.md\\\/ro\\\/video-inalt-oficial-al-sua-dezvaluie-care-sunt-asteptarile-washingtonului-de-la-alegerile-anticipate-din-11-iulie\\\/\",\"name\":\"VIDEO \\\/\\\/ \u00cenalt oficial al SUA dezv\u0103luie care sunt a\u0219tept\u0103rile Washingtonului de la alegerile anticipate din 11 iulie - BTV\",\"isPartOf\":{\"@id\":\"https:\\\/\\\/www.btv.md\\\/#website\"},\"primaryImageOfPage\":{\"@id\":\"https:\\\/\\\/www.btv.md\\\/ro\\\/video-inalt-oficial-al-sua-dezvaluie-care-sunt-asteptarile-washingtonului-de-la-alegerile-anticipate-din-11-iulie\\\/#primaryimage\"},\"image\":{\"@id\":\"https:\\\/\\\/www.btv.md\\\/ro\\\/video-inalt-oficial-al-sua-dezvaluie-care-sunt-asteptarile-washingtonului-de-la-alegerile-anticipate-din-11-iulie\\\/#primaryimage\"},\"thumbnailUrl\":\"https:\\\/\\\/www.btv.md\\\/wp-content\\\/uploads\\\/2021\\\/06\\\/images_cms-image-000117932.jpg\",\"datePublished\":\"2021-06-07T10:45:00+00:00\",\"author\":{\"@id\":\"https:\\\/\\\/www.btv.md\\\/#\\\/schema\\\/person\\\/8fadce81561b3ce2c34c46dadc4ccbf2\"},\"inLanguage\":\"ro-RO\",\"potentialAction\":[{\"@type\":\"ReadAction\",\"target\":[\"https:\\\/\\\/www.btv.md\\\/ro\\\/video-inalt-oficial-al-sua-dezvaluie-care-sunt-asteptarile-washingtonului-de-la-alegerile-anticipate-din-11-iulie\\\/\"]}]},{\"@type\":\"ImageObject\",\"inLanguage\":\"ro-RO\",\"@id\":\"https:\\\/\\\/www.btv.md\\\/ro\\\/video-inalt-oficial-al-sua-dezvaluie-care-sunt-asteptarile-washingtonului-de-la-alegerile-anticipate-din-11-iulie\\\/#primaryimage\",\"url\":\"https:\\\/\\\/www.btv.md\\\/wp-content\\\/uploads\\\/2021\\\/06\\\/images_cms-image-000117932.jpg\",\"contentUrl\":\"https:\\\/\\\/www.btv.md\\\/wp-content\\\/uploads\\\/2021\\\/06\\\/images_cms-image-000117932.jpg\",\"width\":758,\"height\":426},{\"@type\":\"WebSite\",\"@id\":\"https:\\\/\\\/www.btv.md\\\/#website\",\"url\":\"https:\\\/\\\/www.btv.md\\\/\",\"name\":\"BTV\",\"description\":\"\u0411\u0435\u043b\u044c\u0446\u043a\u043e\u0435 \u0442\u0435\u043b\u0435\u0432\u0438\u0434\u0435\u043d\u0438\u0435\",\"potentialAction\":[{\"@type\":\"SearchAction\",\"target\":{\"@type\":\"EntryPoint\",\"urlTemplate\":\"https:\\\/\\\/www.btv.md\\\/?s={search_term_string}\"},\"query-input\":{\"@type\":\"PropertyValueSpecification\",\"valueRequired\":true,\"valueName\":\"search_term_string\"}}],\"inLanguage\":\"ro-RO\"},{\"@type\":\"Person\",\"@id\":\"https:\\\/\\\/www.btv.md\\\/#\\\/schema\\\/person\\\/8fadce81561b3ce2c34c46dadc4ccbf2\",\"name\":\"admin\"}]}<\/script>\n<!-- \/ Yoast SEO plugin. -->","yoast_head_json":{"title":"VIDEO \/\/ \u00cenalt oficial al SUA dezv\u0103luie care sunt a\u0219tept\u0103rile Washingtonului de la alegerile anticipate din 11 iulie - BTV","robots":{"index":"index","follow":"follow","max-snippet":"max-snippet:-1","max-image-preview":"max-image-preview:large","max-video-preview":"max-video-preview:-1"},"canonical":"https:\/\/www.btv.md\/ro\/video-inalt-oficial-al-sua-dezvaluie-care-sunt-asteptarile-washingtonului-de-la-alegerile-anticipate-din-11-iulie\/","og_locale":"ro_RO","og_type":"article","og_title":"VIDEO \/\/ \u00cenalt oficial al SUA dezv\u0103luie care sunt a\u0219tept\u0103rile Washingtonului de la alegerile anticipate din 11 iulie - BTV","og_description":"Asistentul adjunct al Secretarului de stat al SUA, George Kent a declarat \u00een cadrul unui interviu la Moldova 1 c\u0103 pentru Washington nu este important cine va forma viitorul Guvern, important este ca alegerile s\u0103 fie libere, democratice \u0219i f\u0103r\u0103 imixtiunea din partea altor \u021b\u0103ri. SUA sunt disponibile de a lucra cu orice Guvern care [&hellip;]","og_url":"https:\/\/www.btv.md\/ro\/video-inalt-oficial-al-sua-dezvaluie-care-sunt-asteptarile-washingtonului-de-la-alegerile-anticipate-din-11-iulie\/","og_site_name":"BTV","article_publisher":"https:\/\/www.facebook.com\/btvmoldova\/","article_published_time":"2021-06-07T10:45:00+00:00","og_image":[{"width":758,"height":426,"url":"https:\/\/www.btv.md\/wp-content\/uploads\/2021\/06\/images_cms-image-000117932.jpg","type":"image\/jpeg"}],"author":"admin","twitter_misc":{"Scris de":"admin","Timp estimat pentru citire":"2 minute"},"schema":{"@context":"https:\/\/schema.org","@graph":[{"@type":"Article","@id":"https:\/\/www.btv.md\/ro\/video-inalt-oficial-al-sua-dezvaluie-care-sunt-asteptarile-washingtonului-de-la-alegerile-anticipate-din-11-iulie\/#article","isPartOf":{"@id":"https:\/\/www.btv.md\/ro\/video-inalt-oficial-al-sua-dezvaluie-care-sunt-asteptarile-washingtonului-de-la-alegerile-anticipate-din-11-iulie\/"},"author":{"name":"admin","@id":"https:\/\/www.btv.md\/#\/schema\/person\/8fadce81561b3ce2c34c46dadc4ccbf2"},"headline":"VIDEO \/\/ \u00cenalt oficial al SUA dezv\u0103luie care sunt a\u0219tept\u0103rile Washingtonului de la alegerile anticipate din 11 iulie","datePublished":"2021-06-07T10:45:00+00:00","mainEntityOfPage":{"@id":"https:\/\/www.btv.md\/ro\/video-inalt-oficial-al-sua-dezvaluie-care-sunt-asteptarile-washingtonului-de-la-alegerile-anticipate-din-11-iulie\/"},"wordCount":296,"image":{"@id":"https:\/\/www.btv.md\/ro\/video-inalt-oficial-al-sua-dezvaluie-care-sunt-asteptarile-washingtonului-de-la-alegerile-anticipate-din-11-iulie\/#primaryimage"},"thumbnailUrl":"https:\/\/www.btv.md\/wp-content\/uploads\/2021\/06\/images_cms-image-000117932.jpg","keywords":["VIDEO \/\/ \u00cenalt oficial al SUA dezv\u0103luie care sunt a\u0219tept\u0103rile Washingtonului de la alegerile anticipate din 11 iulie"],"articleSection":["Politic\u0103"],"inLanguage":"ro-RO"},{"@type":"WebPage","@id":"https:\/\/www.btv.md\/ro\/video-inalt-oficial-al-sua-dezvaluie-care-sunt-asteptarile-washingtonului-de-la-alegerile-anticipate-din-11-iulie\/","url":"https:\/\/www.btv.md\/ro\/video-inalt-oficial-al-sua-dezvaluie-care-sunt-asteptarile-washingtonului-de-la-alegerile-anticipate-din-11-iulie\/","name":"VIDEO \/\/ \u00cenalt oficial al SUA dezv\u0103luie care sunt a\u0219tept\u0103rile Washingtonului de la alegerile anticipate din 11 iulie - BTV","isPartOf":{"@id":"https:\/\/www.btv.md\/#website"},"primaryImageOfPage":{"@id":"https:\/\/www.btv.md\/ro\/video-inalt-oficial-al-sua-dezvaluie-care-sunt-asteptarile-washingtonului-de-la-alegerile-anticipate-din-11-iulie\/#primaryimage"},"image":{"@id":"https:\/\/www.btv.md\/ro\/video-inalt-oficial-al-sua-dezvaluie-care-sunt-asteptarile-washingtonului-de-la-alegerile-anticipate-din-11-iulie\/#primaryimage"},"thumbnailUrl":"https:\/\/www.btv.md\/wp-content\/uploads\/2021\/06\/images_cms-image-000117932.jpg","datePublished":"2021-06-07T10:45:00+00:00","author":{"@id":"https:\/\/www.btv.md\/#\/schema\/person\/8fadce81561b3ce2c34c46dadc4ccbf2"},"inLanguage":"ro-RO","potentialAction":[{"@type":"ReadAction","target":["https:\/\/www.btv.md\/ro\/video-inalt-oficial-al-sua-dezvaluie-care-sunt-asteptarile-washingtonului-de-la-alegerile-anticipate-din-11-iulie\/"]}]},{"@type":"ImageObject","inLanguage":"ro-RO","@id":"https:\/\/www.btv.md\/ro\/video-inalt-oficial-al-sua-dezvaluie-care-sunt-asteptarile-washingtonului-de-la-alegerile-anticipate-din-11-iulie\/#primaryimage","url":"https:\/\/www.btv.md\/wp-content\/uploads\/2021\/06\/images_cms-image-000117932.jpg","contentUrl":"https:\/\/www.btv.md\/wp-content\/uploads\/2021\/06\/images_cms-image-000117932.jpg","width":758,"height":426},{"@type":"WebSite","@id":"https:\/\/www.btv.md\/#website","url":"https:\/\/www.btv.md\/","name":"BTV","description":"\u0411\u0435\u043b\u044c\u0446\u043a\u043e\u0435 \u0442\u0435\u043b\u0435\u0432\u0438\u0434\u0435\u043d\u0438\u0435","potentialAction":[{"@type":"SearchAction","target":{"@type":"EntryPoint","urlTemplate":"https:\/\/www.btv.md\/?s={search_term_string}"},"query-input":{"@type":"PropertyValueSpecification","valueRequired":true,"valueName":"search_term_string"}}],"inLanguage":"ro-RO"},{"@type":"Person","@id":"https:\/\/www.btv.md\/#\/schema\/person\/8fadce81561b3ce2c34c46dadc4ccbf2","name":"admin"}]}},"_links":{"self":[{"href":"https:\/\/www.btv.md\/ro\/wp-json\/wp\/v2\/posts\/130950","targetHints":{"allow":["GET"]}}],"collection":[{"href":"https:\/\/www.btv.md\/ro\/wp-json\/wp\/v2\/posts"}],"about":[{"href":"https:\/\/www.btv.md\/ro\/wp-json\/wp\/v2\/types\/post"}],"author":[{"embeddable":true,"href":"https:\/\/www.btv.md\/ro\/wp-json\/wp\/v2\/users\/4"}],"replies":[{"embeddable":true,"href":"https:\/\/www.btv.md\/ro\/wp-json\/wp\/v2\/comments?post=130950"}],"version-history":[{"count":0,"href":"https:\/\/www.btv.md\/ro\/wp-json\/wp\/v2\/posts\/130950\/revisions"}],"wp:featuredmedia":[{"embeddable":true,"href":"https:\/\/www.btv.md\/ro\/wp-json\/wp\/v2\/media\/130953"}],"wp:attachment":[{"href":"https:\/\/www.btv.md\/ro\/wp-json\/wp\/v2\/media?parent=130950"}],"wp:term":[{"taxonomy":"category","embeddable":true,"href":"https:\/\/www.btv.md\/ro\/wp-json\/wp\/v2\/categories?post=130950"},{"taxonomy":"post_tag","embeddable":true,"href":"https:\/\/www.btv.md\/ro\/wp-json\/wp\/v2\/tags?post=130950"}],"curies":[{"name":"wp","href":"https:\/\/api.w.org\/{rel}","templated":true}]}}