{"id":130994,"date":"2021-06-07T17:36:31","date_gmt":"2021-06-07T14:36:31","guid":{"rendered":"https:\/\/www.btv.md\/?p=130994"},"modified":"2021-06-07T17:36:31","modified_gmt":"2021-06-07T14:36:31","slug":"biletul-de-adio-al-lui-iurie-sadovnic-ultimele-cuvinte-scrise-de-artist","status":"publish","type":"post","link":"https:\/\/www.btv.md\/ro\/biletul-de-adio-al-lui-iurie-sadovnic-ultimele-cuvinte-scrise-de-artist\/","title":{"rendered":"Biletul de adio al lui Iurie Sadovnic: Ultimele cuvinte scrise de artist"},"content":{"rendered":"<p><strong>Interpretul Iurie Sadovnic, \u00eenainte de a se \u00eempu\u0219ca cu o arm\u0103 de\u021binut\u0103 legal, a l\u0103sat un bile\u021bel de adio \u00een care scrie c\u0103 a obosit de boli \u0219i nu vrea s\u0103 fie pentru nimeni o povar\u0103, scrie <a href=\"https:\/\/deschide.md\/ro\/stiri\/social\/86415\/EXCLUSIV-(FOTO)--Biletul-de-adio-l%C4%83sat-de-Iurie-Sadovnic-%E2%80%9ENu-vreau-s%C4%83-fiu-nim%C4%83nui-povar%C4%83%E2%80%9D.htm\">deschide.md<\/a>.<\/strong><\/p>\n<div class=\"cs_img \">\n<p><a class=\"photoViewer\" title=\"\" href=\"https:\/\/deschide.md\/images\/cms-image-000117957.jpg\"><img decoding=\"async\" src=\"https:\/\/deschide.md\/get_img?ImageWidth=828&amp;ImageHeight=612&amp;ImageId=117957\" border=\"0\" \/><\/a><\/p>\n<\/div>\n<p>&nbsp;<\/p>\n<p>Amintim c\u0103 trupul ne\u00eensufle\u021bit al interpretului Iurie Sadovnic, \u00een v\u00e2rst\u0103 de 69 de ani, a fost g\u0103sit \u00een apartamentul s\u0103u de pe strada Cuza Vod\u0103, din sectorul Botanica, \u00een aceast\u0103 dup\u0103-amiaz\u0103, de c\u0103tre so\u021bia sa care a \u0219i alertat poli\u021bia.<\/p>\n<p>Iurie Sadovnic s-a n\u0103scut pe 14 decembrie 1951, \u00een localitatea Jura, raionul R\u00eebni\u021ba, RSSM. A fost un muzician \u0219i c\u00e2nt\u0103re\u021b de muzic\u0103 u\u0219oar\u0103 \u0219i folk din Republica Moldova. A fost bine-cunoscut pentru stilul s\u0103u de interpretare \u00een care pune accentul pe chitar\u0103. A activat ca solist al forma\u021biilor vocal-instrumentale \u201eHaiducii din Susleni\u201d, forma\u021bia \u201eHaiducii\u201d a Institutului de Arte (1968\u20141973), forma\u021bia \u201eSonor\u201d (1973\u20141976), forma\u021bia de jazz din Nikolaev (\u00een perioada serviciului militar, 1970\u20141972), \u201eContemporanul\u201d (1977-1978) \u0219i \u201eBucuria\u201d (1979-1982) ale Filarmonicii din Chi\u0219in\u0103u. \u00cen 1983 a fondat forma\u021bia \u201eLegenda\u201d, care a activat p\u00e2n\u0103 \u00een 1993. A fost membru PCUS.<\/p>\n<p>\u00cen 1999 a lansat volumul de poezie \u201eAm s\u0103 plec \u00een Codru verde\u201d.<\/p>\n<p>A fost distins cu titlul de Artist emerit al RSSM (1984), cu Medalia \u201eMeritul Civic\u201d (1993), cu medalia \u201eMihai Eminescu\u201d (2000) \u0219i cu titlul de Artist al Poporului al Republicii Moldova (2011) \u0219i Ordinul Republicii (2015).<\/p>\n<p>Interpretul a c\u00e2ntat bine cunoscutele \u0219lag\u0103re:\u00a0Drag\u0103 o Tee; M\u00e2ndro, cui m\u0103 la\u0219i pe mine; Noi pace vrem; Demnitate \u0219i altele.<\/p>\n<p>Foto: deschide.md.<\/p>\n","protected":false},"excerpt":{"rendered":"<p>Interpretul Iurie Sadovnic, \u00eenainte de a se \u00eempu\u0219ca cu o arm\u0103 de\u021binut\u0103 legal, a l\u0103sat un bile\u021bel de adio \u00een care scrie c\u0103 a obosit de boli \u0219i nu vrea s\u0103 fie pentru nimeni o povar\u0103, scrie deschide.md. &nbsp; Amintim c\u0103 trupul ne\u00eensufle\u021bit al interpretului Iurie Sadovnic, \u00een v\u00e2rst\u0103 de 69 de ani, a fost [&hellip;]<\/p>\n","protected":false},"author":4,"featured_media":130995,"comment_status":"closed","ping_status":"closed","sticky":false,"template":"","format":"standard","meta":{"footnotes":""},"categories":[6349],"tags":[26159],"class_list":["post-130994","post","type-post","status-publish","format-standard","has-post-thumbnail","hentry","category-social","tag-biletul-de-adio-al-lui-iurie-sadovnic-ultimele-cuvinte-scrise-de-artist"],"yoast_head":"<!-- This site is optimized with the Yoast SEO plugin v27.4 - https:\/\/yoast.com\/product\/yoast-seo-wordpress\/ -->\n<title>Biletul de adio al lui Iurie Sadovnic: Ultimele cuvinte scrise de artist - BTV<\/title>\n<meta name=\"robots\" content=\"index, follow, max-snippet:-1, max-image-preview:large, max-video-preview:-1\" \/>\n<link rel=\"canonical\" href=\"https:\/\/www.btv.md\/ro\/amp\/biletul-de-adio-al-lui-iurie-sadovnic-ultimele-cuvinte-scrise-de-artist\/\" \/>\n<meta property=\"og:locale\" content=\"ro_RO\" \/>\n<meta property=\"og:type\" content=\"article\" \/>\n<meta property=\"og:title\" content=\"Biletul de adio al lui Iurie Sadovnic: Ultimele cuvinte scrise de artist - BTV\" \/>\n<meta property=\"og:description\" content=\"Interpretul Iurie Sadovnic, \u00eenainte de a se \u00eempu\u0219ca cu o arm\u0103 de\u021binut\u0103 legal, a l\u0103sat un bile\u021bel de adio \u00een care scrie c\u0103 a obosit de boli \u0219i nu vrea s\u0103 fie pentru nimeni o povar\u0103, scrie deschide.md. &nbsp; Amintim c\u0103 trupul ne\u00eensufle\u021bit al interpretului Iurie Sadovnic, \u00een v\u00e2rst\u0103 de 69 de ani, a fost [&hellip;]\" \/>\n<meta property=\"og:url\" content=\"https:\/\/www.btv.md\/ro\/amp\/biletul-de-adio-al-lui-iurie-sadovnic-ultimele-cuvinte-scrise-de-artist\/\" \/>\n<meta property=\"og:site_name\" content=\"BTV\" \/>\n<meta property=\"article:publisher\" content=\"https:\/\/www.facebook.com\/btvmoldova\/\" \/>\n<meta property=\"article:published_time\" content=\"2021-06-07T14:36:31+00:00\" \/>\n<meta property=\"og:image\" content=\"https:\/\/www.btv.md\/wp-content\/uploads\/2021\/06\/f5b9628e65b25196c398e81555783335.jpg\" \/>\n\t<meta property=\"og:image:width\" content=\"809\" \/>\n\t<meta property=\"og:image:height\" content=\"456\" \/>\n\t<meta property=\"og:image:type\" content=\"image\/jpeg\" \/>\n<meta name=\"author\" content=\"admin\" \/>\n<meta name=\"twitter:label1\" content=\"Scris de\" \/>\n\t<meta name=\"twitter:data1\" content=\"admin\" \/>\n\t<meta name=\"twitter:label2\" content=\"Timp estimat pentru citire\" \/>\n\t<meta name=\"twitter:data2\" content=\"2 minute\" \/>\n<script type=\"application\/ld+json\" class=\"yoast-schema-graph\">{\"@context\":\"https:\\\/\\\/schema.org\",\"@graph\":[{\"@type\":\"Article\",\"@id\":\"https:\\\/\\\/www.btv.md\\\/ro\\\/amp\\\/biletul-de-adio-al-lui-iurie-sadovnic-ultimele-cuvinte-scrise-de-artist\\\/#article\",\"isPartOf\":{\"@id\":\"https:\\\/\\\/www.btv.md\\\/ro\\\/amp\\\/biletul-de-adio-al-lui-iurie-sadovnic-ultimele-cuvinte-scrise-de-artist\\\/\"},\"author\":{\"name\":\"admin\",\"@id\":\"https:\\\/\\\/www.btv.md\\\/#\\\/schema\\\/person\\\/8fadce81561b3ce2c34c46dadc4ccbf2\"},\"headline\":\"Biletul de adio al lui Iurie Sadovnic: Ultimele cuvinte scrise de artist\",\"datePublished\":\"2021-06-07T14:36:31+00:00\",\"mainEntityOfPage\":{\"@id\":\"https:\\\/\\\/www.btv.md\\\/ro\\\/amp\\\/biletul-de-adio-al-lui-iurie-sadovnic-ultimele-cuvinte-scrise-de-artist\\\/\"},\"wordCount\":280,\"image\":{\"@id\":\"https:\\\/\\\/www.btv.md\\\/ro\\\/amp\\\/biletul-de-adio-al-lui-iurie-sadovnic-ultimele-cuvinte-scrise-de-artist\\\/#primaryimage\"},\"thumbnailUrl\":\"https:\\\/\\\/www.btv.md\\\/wp-content\\\/uploads\\\/2021\\\/06\\\/f5b9628e65b25196c398e81555783335.jpg\",\"keywords\":[\"Biletul de adio al lui Iurie Sadovnic: Ultimele cuvinte scrise de artist\"],\"articleSection\":[\"Social\"],\"inLanguage\":\"ro-RO\"},{\"@type\":\"WebPage\",\"@id\":\"https:\\\/\\\/www.btv.md\\\/ro\\\/amp\\\/biletul-de-adio-al-lui-iurie-sadovnic-ultimele-cuvinte-scrise-de-artist\\\/\",\"url\":\"https:\\\/\\\/www.btv.md\\\/ro\\\/amp\\\/biletul-de-adio-al-lui-iurie-sadovnic-ultimele-cuvinte-scrise-de-artist\\\/\",\"name\":\"Biletul de adio al lui Iurie Sadovnic: Ultimele cuvinte scrise de artist - BTV\",\"isPartOf\":{\"@id\":\"https:\\\/\\\/www.btv.md\\\/#website\"},\"primaryImageOfPage\":{\"@id\":\"https:\\\/\\\/www.btv.md\\\/ro\\\/amp\\\/biletul-de-adio-al-lui-iurie-sadovnic-ultimele-cuvinte-scrise-de-artist\\\/#primaryimage\"},\"image\":{\"@id\":\"https:\\\/\\\/www.btv.md\\\/ro\\\/amp\\\/biletul-de-adio-al-lui-iurie-sadovnic-ultimele-cuvinte-scrise-de-artist\\\/#primaryimage\"},\"thumbnailUrl\":\"https:\\\/\\\/www.btv.md\\\/wp-content\\\/uploads\\\/2021\\\/06\\\/f5b9628e65b25196c398e81555783335.jpg\",\"datePublished\":\"2021-06-07T14:36:31+00:00\",\"author\":{\"@id\":\"https:\\\/\\\/www.btv.md\\\/#\\\/schema\\\/person\\\/8fadce81561b3ce2c34c46dadc4ccbf2\"},\"inLanguage\":\"ro-RO\",\"potentialAction\":[{\"@type\":\"ReadAction\",\"target\":[\"https:\\\/\\\/www.btv.md\\\/ro\\\/amp\\\/biletul-de-adio-al-lui-iurie-sadovnic-ultimele-cuvinte-scrise-de-artist\\\/\"]}]},{\"@type\":\"ImageObject\",\"inLanguage\":\"ro-RO\",\"@id\":\"https:\\\/\\\/www.btv.md\\\/ro\\\/amp\\\/biletul-de-adio-al-lui-iurie-sadovnic-ultimele-cuvinte-scrise-de-artist\\\/#primaryimage\",\"url\":\"https:\\\/\\\/www.btv.md\\\/wp-content\\\/uploads\\\/2021\\\/06\\\/f5b9628e65b25196c398e81555783335.jpg\",\"contentUrl\":\"https:\\\/\\\/www.btv.md\\\/wp-content\\\/uploads\\\/2021\\\/06\\\/f5b9628e65b25196c398e81555783335.jpg\",\"width\":809,\"height\":456},{\"@type\":\"WebSite\",\"@id\":\"https:\\\/\\\/www.btv.md\\\/#website\",\"url\":\"https:\\\/\\\/www.btv.md\\\/\",\"name\":\"BTV\",\"description\":\"\u0411\u0435\u043b\u044c\u0446\u043a\u043e\u0435 \u0442\u0435\u043b\u0435\u0432\u0438\u0434\u0435\u043d\u0438\u0435\",\"potentialAction\":[{\"@type\":\"SearchAction\",\"target\":{\"@type\":\"EntryPoint\",\"urlTemplate\":\"https:\\\/\\\/www.btv.md\\\/?s={search_term_string}\"},\"query-input\":{\"@type\":\"PropertyValueSpecification\",\"valueRequired\":true,\"valueName\":\"search_term_string\"}}],\"inLanguage\":\"ro-RO\"},{\"@type\":\"Person\",\"@id\":\"https:\\\/\\\/www.btv.md\\\/#\\\/schema\\\/person\\\/8fadce81561b3ce2c34c46dadc4ccbf2\",\"name\":\"admin\"}]}<\/script>\n<!-- \/ Yoast SEO plugin. -->","yoast_head_json":{"title":"Biletul de adio al lui Iurie Sadovnic: Ultimele cuvinte scrise de artist - BTV","robots":{"index":"index","follow":"follow","max-snippet":"max-snippet:-1","max-image-preview":"max-image-preview:large","max-video-preview":"max-video-preview:-1"},"canonical":"https:\/\/www.btv.md\/ro\/amp\/biletul-de-adio-al-lui-iurie-sadovnic-ultimele-cuvinte-scrise-de-artist\/","og_locale":"ro_RO","og_type":"article","og_title":"Biletul de adio al lui Iurie Sadovnic: Ultimele cuvinte scrise de artist - BTV","og_description":"Interpretul Iurie Sadovnic, \u00eenainte de a se \u00eempu\u0219ca cu o arm\u0103 de\u021binut\u0103 legal, a l\u0103sat un bile\u021bel de adio \u00een care scrie c\u0103 a obosit de boli \u0219i nu vrea s\u0103 fie pentru nimeni o povar\u0103, scrie deschide.md. &nbsp; Amintim c\u0103 trupul ne\u00eensufle\u021bit al interpretului Iurie Sadovnic, \u00een v\u00e2rst\u0103 de 69 de ani, a fost [&hellip;]","og_url":"https:\/\/www.btv.md\/ro\/amp\/biletul-de-adio-al-lui-iurie-sadovnic-ultimele-cuvinte-scrise-de-artist\/","og_site_name":"BTV","article_publisher":"https:\/\/www.facebook.com\/btvmoldova\/","article_published_time":"2021-06-07T14:36:31+00:00","og_image":[{"width":809,"height":456,"url":"https:\/\/www.btv.md\/wp-content\/uploads\/2021\/06\/f5b9628e65b25196c398e81555783335.jpg","type":"image\/jpeg"}],"author":"admin","twitter_misc":{"Scris de":"admin","Timp estimat pentru citire":"2 minute"},"schema":{"@context":"https:\/\/schema.org","@graph":[{"@type":"Article","@id":"https:\/\/www.btv.md\/ro\/amp\/biletul-de-adio-al-lui-iurie-sadovnic-ultimele-cuvinte-scrise-de-artist\/#article","isPartOf":{"@id":"https:\/\/www.btv.md\/ro\/amp\/biletul-de-adio-al-lui-iurie-sadovnic-ultimele-cuvinte-scrise-de-artist\/"},"author":{"name":"admin","@id":"https:\/\/www.btv.md\/#\/schema\/person\/8fadce81561b3ce2c34c46dadc4ccbf2"},"headline":"Biletul de adio al lui Iurie Sadovnic: Ultimele cuvinte scrise de artist","datePublished":"2021-06-07T14:36:31+00:00","mainEntityOfPage":{"@id":"https:\/\/www.btv.md\/ro\/amp\/biletul-de-adio-al-lui-iurie-sadovnic-ultimele-cuvinte-scrise-de-artist\/"},"wordCount":280,"image":{"@id":"https:\/\/www.btv.md\/ro\/amp\/biletul-de-adio-al-lui-iurie-sadovnic-ultimele-cuvinte-scrise-de-artist\/#primaryimage"},"thumbnailUrl":"https:\/\/www.btv.md\/wp-content\/uploads\/2021\/06\/f5b9628e65b25196c398e81555783335.jpg","keywords":["Biletul de adio al lui Iurie Sadovnic: Ultimele cuvinte scrise de artist"],"articleSection":["Social"],"inLanguage":"ro-RO"},{"@type":"WebPage","@id":"https:\/\/www.btv.md\/ro\/amp\/biletul-de-adio-al-lui-iurie-sadovnic-ultimele-cuvinte-scrise-de-artist\/","url":"https:\/\/www.btv.md\/ro\/amp\/biletul-de-adio-al-lui-iurie-sadovnic-ultimele-cuvinte-scrise-de-artist\/","name":"Biletul de adio al lui Iurie Sadovnic: Ultimele cuvinte scrise de artist - BTV","isPartOf":{"@id":"https:\/\/www.btv.md\/#website"},"primaryImageOfPage":{"@id":"https:\/\/www.btv.md\/ro\/amp\/biletul-de-adio-al-lui-iurie-sadovnic-ultimele-cuvinte-scrise-de-artist\/#primaryimage"},"image":{"@id":"https:\/\/www.btv.md\/ro\/amp\/biletul-de-adio-al-lui-iurie-sadovnic-ultimele-cuvinte-scrise-de-artist\/#primaryimage"},"thumbnailUrl":"https:\/\/www.btv.md\/wp-content\/uploads\/2021\/06\/f5b9628e65b25196c398e81555783335.jpg","datePublished":"2021-06-07T14:36:31+00:00","author":{"@id":"https:\/\/www.btv.md\/#\/schema\/person\/8fadce81561b3ce2c34c46dadc4ccbf2"},"inLanguage":"ro-RO","potentialAction":[{"@type":"ReadAction","target":["https:\/\/www.btv.md\/ro\/amp\/biletul-de-adio-al-lui-iurie-sadovnic-ultimele-cuvinte-scrise-de-artist\/"]}]},{"@type":"ImageObject","inLanguage":"ro-RO","@id":"https:\/\/www.btv.md\/ro\/amp\/biletul-de-adio-al-lui-iurie-sadovnic-ultimele-cuvinte-scrise-de-artist\/#primaryimage","url":"https:\/\/www.btv.md\/wp-content\/uploads\/2021\/06\/f5b9628e65b25196c398e81555783335.jpg","contentUrl":"https:\/\/www.btv.md\/wp-content\/uploads\/2021\/06\/f5b9628e65b25196c398e81555783335.jpg","width":809,"height":456},{"@type":"WebSite","@id":"https:\/\/www.btv.md\/#website","url":"https:\/\/www.btv.md\/","name":"BTV","description":"\u0411\u0435\u043b\u044c\u0446\u043a\u043e\u0435 \u0442\u0435\u043b\u0435\u0432\u0438\u0434\u0435\u043d\u0438\u0435","potentialAction":[{"@type":"SearchAction","target":{"@type":"EntryPoint","urlTemplate":"https:\/\/www.btv.md\/?s={search_term_string}"},"query-input":{"@type":"PropertyValueSpecification","valueRequired":true,"valueName":"search_term_string"}}],"inLanguage":"ro-RO"},{"@type":"Person","@id":"https:\/\/www.btv.md\/#\/schema\/person\/8fadce81561b3ce2c34c46dadc4ccbf2","name":"admin"}]}},"_links":{"self":[{"href":"https:\/\/www.btv.md\/ro\/wp-json\/wp\/v2\/posts\/130994","targetHints":{"allow":["GET"]}}],"collection":[{"href":"https:\/\/www.btv.md\/ro\/wp-json\/wp\/v2\/posts"}],"about":[{"href":"https:\/\/www.btv.md\/ro\/wp-json\/wp\/v2\/types\/post"}],"author":[{"embeddable":true,"href":"https:\/\/www.btv.md\/ro\/wp-json\/wp\/v2\/users\/4"}],"replies":[{"embeddable":true,"href":"https:\/\/www.btv.md\/ro\/wp-json\/wp\/v2\/comments?post=130994"}],"version-history":[{"count":0,"href":"https:\/\/www.btv.md\/ro\/wp-json\/wp\/v2\/posts\/130994\/revisions"}],"wp:featuredmedia":[{"embeddable":true,"href":"https:\/\/www.btv.md\/ro\/wp-json\/wp\/v2\/media\/130995"}],"wp:attachment":[{"href":"https:\/\/www.btv.md\/ro\/wp-json\/wp\/v2\/media?parent=130994"}],"wp:term":[{"taxonomy":"category","embeddable":true,"href":"https:\/\/www.btv.md\/ro\/wp-json\/wp\/v2\/categories?post=130994"},{"taxonomy":"post_tag","embeddable":true,"href":"https:\/\/www.btv.md\/ro\/wp-json\/wp\/v2\/tags?post=130994"}],"curies":[{"name":"wp","href":"https:\/\/api.w.org\/{rel}","templated":true}]}}