{"id":130998,"date":"2021-06-07T17:39:10","date_gmt":"2021-06-07T14:39:10","guid":{"rendered":"https:\/\/www.btv.md\/?p=130998"},"modified":"2021-06-07T17:39:10","modified_gmt":"2021-06-07T14:39:10","slug":"cadavrul-unui-copil-disparut-in-canalul-manecii-gasit-pe-o-plaja-din-norvegia","status":"publish","type":"post","link":"https:\/\/www.btv.md\/ro\/cadavrul-unui-copil-disparut-in-canalul-manecii-gasit-pe-o-plaja-din-norvegia\/","title":{"rendered":"Cadavrul unui copil disp\u0103rut \u00een Canalul M\u00e2necii, g\u0103sit pe o plaj\u0103 din Norvegia"},"content":{"rendered":"<p data-index=\"1\"><strong>Trupul unui copil kurd de 15 luni, care a disp\u0103rut anul trecut \u00een octombrie \u00een apele din Canalul M\u00e2necii, \u00een timp ce familia sa \u00eencerca s\u0103 treac\u0103 din Fran\u021ba \u00een Marea Britnie, a fost purtat de curen\u021bi p\u00e2n\u0103 pe \u021b\u0103rmul norvegian, scrie <a href=\"https:\/\/www.digi24.ro\/stiri\/externe\/cadavrul-unui-copil-disparut-in-canalul-manecii-gasit-pe-o-plaja-din-norvegia-1554809\">digi24.ro<\/a>.<\/strong><\/p>\n<p data-index=\"2\">Poli\u021bia din Norvegia a anun\u021bat, luni, c\u0103 trupul g\u0103sit pe malul de sud-vest al \u021b\u0103rii, l\u00e2ng\u0103 Karmoy, de doi ofi\u021beri \u00een ziua de Anul Nou, este al unui copil, pe nume Artin, care a murit \u00eempreun\u0103 cu patru membri ai familiei c\u00e2nd barca \u00een care c\u0103l\u0103toreau s-a scufundat \u00een octombrie.<\/p>\n<p data-index=\"3\">Familia kurd\u0103-iranian\u0103 \u00eencercase s\u0103 ajung\u0103 \u00een Marea Britanie din Fran\u021ba. Acum r\u0103m\u0103\u0219i\u021bele copilului vor fi transportate \u00eenapoi \u00een Iran pentru a fi \u00eengropate.<\/p>\n<p data-index=\"4\">Dup\u0103 mai multe luni \u00een care poli\u021bia din Norvegia a \u00eencercat s\u0103 indentifice trupul copilului, ace\u0219tia au ob\u021binut un profil ADN.<\/p>\n<p data-index=\"5\">\u201eNu a fost raportat niciun bebelu\u0219 disp\u0103rut \u00een Norvegia \u0219i nicio familie nu a luat leg\u0103tura cu poli\u021bia\u201d, a declarat Camilla Tjelle Waage, cel care s-a ocupat de investiga\u021bie, pentru\u00a0BBC.<\/p>\n<p data-index=\"6\">\u201eProfesioni\u0219ti califica\u021bi din departamentul de \u0219tiin\u021be medico-legale de la Spitalul Universitar din Oslo au reu\u0219it s\u0103 recupereze profiluri de ADN potrivite\u201d, se arat\u0103 \u00een declara\u021bia poli\u021biei.<\/p>\n<p data-index=\"7\">Barca ce transporta familia lui Artin s-a scufundat \u00een Canalul M\u00e2necii pe 27 octombrie.\u00a0Rasoul Iran-Nejad, 35 de ani, Shiva Mohammad Panahi, 35, Anita, 9 ani \u0219i Armin, 6, au murit.\u00a0Familia era din ora\u0219ul Sardasht din vestul Iranului, aproape de grani\u021ba cu Irakul.<\/p>\n<p data-index=\"8\">Al\u021bi cincisprezece migran\u021bi au fost du\u0219i la spital \u0219i o anchet\u0103 privind scufundarea b\u0103rcii a fost deschis\u0103 la Dunkerque, de c\u0103tre procuratura francez\u0103.<\/p>\n<p data-index=\"9\">Mii de refugia\u021bi iraniano-kurzi \u00ee\u0219i pun via\u021ba lor \u0219i a familiilor \u00een m\u00e2inile c\u0103l\u0103uzelor \u0219i pleac\u0103 \u00een Europa \u00een fiecare an.<\/p>\n<p data-index=\"9\">Foto: digi24.ro.<\/p>\n","protected":false},"excerpt":{"rendered":"<p>Trupul unui copil kurd de 15 luni, care a disp\u0103rut anul trecut \u00een octombrie \u00een apele din Canalul M\u00e2necii, \u00een timp ce familia sa \u00eencerca s\u0103 treac\u0103 din Fran\u021ba \u00een Marea Britnie, a fost purtat de curen\u021bi p\u00e2n\u0103 pe \u021b\u0103rmul norvegian, scrie digi24.ro. Poli\u021bia din Norvegia a anun\u021bat, luni, c\u0103 trupul g\u0103sit pe malul de [&hellip;]<\/p>\n","protected":false},"author":4,"featured_media":130999,"comment_status":"closed","ping_status":"closed","sticky":false,"template":"","format":"standard","meta":{"footnotes":""},"categories":[6349],"tags":[26160,26161],"class_list":["post-130998","post","type-post","status-publish","format-standard","has-post-thumbnail","hentry","category-social","tag-cadavrul-unui-copil-disparut-in-canalul-manecii","tag-gasit-pe-o-plaja-din-norvegia"],"yoast_head":"<!-- This site is optimized with the Yoast SEO plugin v27.4 - https:\/\/yoast.com\/product\/yoast-seo-wordpress\/ -->\n<title>Cadavrul unui copil disp\u0103rut \u00een Canalul M\u00e2necii, g\u0103sit pe o plaj\u0103 din Norvegia - BTV<\/title>\n<meta name=\"robots\" content=\"index, follow, max-snippet:-1, max-image-preview:large, max-video-preview:-1\" \/>\n<link rel=\"canonical\" href=\"https:\/\/www.btv.md\/ro\/cadavrul-unui-copil-disparut-in-canalul-manecii-gasit-pe-o-plaja-din-norvegia\/\" \/>\n<meta property=\"og:locale\" content=\"ro_RO\" \/>\n<meta property=\"og:type\" content=\"article\" \/>\n<meta property=\"og:title\" content=\"Cadavrul unui copil disp\u0103rut \u00een Canalul M\u00e2necii, g\u0103sit pe o plaj\u0103 din Norvegia - BTV\" \/>\n<meta property=\"og:description\" content=\"Trupul unui copil kurd de 15 luni, care a disp\u0103rut anul trecut \u00een octombrie \u00een apele din Canalul M\u00e2necii, \u00een timp ce familia sa \u00eencerca s\u0103 treac\u0103 din Fran\u021ba \u00een Marea Britnie, a fost purtat de curen\u021bi p\u00e2n\u0103 pe \u021b\u0103rmul norvegian, scrie digi24.ro. Poli\u021bia din Norvegia a anun\u021bat, luni, c\u0103 trupul g\u0103sit pe malul de [&hellip;]\" \/>\n<meta property=\"og:url\" content=\"https:\/\/www.btv.md\/ro\/cadavrul-unui-copil-disparut-in-canalul-manecii-gasit-pe-o-plaja-din-norvegia\/\" \/>\n<meta property=\"og:site_name\" content=\"BTV\" \/>\n<meta property=\"article:publisher\" content=\"https:\/\/www.facebook.com\/btvmoldova\/\" \/>\n<meta property=\"article:published_time\" content=\"2021-06-07T14:39:10+00:00\" \/>\n<meta property=\"og:image\" content=\"https:\/\/www.btv.md\/wp-content\/uploads\/2021\/06\/ndqwjmhhc2g9mdi1zjjkmduym2u4nzvjztm2yteyotfkzdlindvmmda.thumb_.jpg\" \/>\n\t<meta property=\"og:image:width\" content=\"780\" \/>\n\t<meta property=\"og:image:height\" content=\"440\" \/>\n\t<meta property=\"og:image:type\" content=\"image\/jpeg\" \/>\n<meta name=\"author\" content=\"admin\" \/>\n<meta name=\"twitter:label1\" content=\"Scris de\" \/>\n\t<meta name=\"twitter:data1\" content=\"admin\" \/>\n\t<meta name=\"twitter:label2\" content=\"Timp estimat pentru citire\" \/>\n\t<meta name=\"twitter:data2\" content=\"2 minute\" \/>\n<script type=\"application\/ld+json\" class=\"yoast-schema-graph\">{\"@context\":\"https:\\\/\\\/schema.org\",\"@graph\":[{\"@type\":\"Article\",\"@id\":\"https:\\\/\\\/www.btv.md\\\/ro\\\/cadavrul-unui-copil-disparut-in-canalul-manecii-gasit-pe-o-plaja-din-norvegia\\\/#article\",\"isPartOf\":{\"@id\":\"https:\\\/\\\/www.btv.md\\\/ro\\\/cadavrul-unui-copil-disparut-in-canalul-manecii-gasit-pe-o-plaja-din-norvegia\\\/\"},\"author\":{\"name\":\"admin\",\"@id\":\"https:\\\/\\\/www.btv.md\\\/#\\\/schema\\\/person\\\/8fadce81561b3ce2c34c46dadc4ccbf2\"},\"headline\":\"Cadavrul unui copil disp\u0103rut \u00een Canalul M\u00e2necii, g\u0103sit pe o plaj\u0103 din Norvegia\",\"datePublished\":\"2021-06-07T14:39:10+00:00\",\"mainEntityOfPage\":{\"@id\":\"https:\\\/\\\/www.btv.md\\\/ro\\\/cadavrul-unui-copil-disparut-in-canalul-manecii-gasit-pe-o-plaja-din-norvegia\\\/\"},\"wordCount\":340,\"image\":{\"@id\":\"https:\\\/\\\/www.btv.md\\\/ro\\\/cadavrul-unui-copil-disparut-in-canalul-manecii-gasit-pe-o-plaja-din-norvegia\\\/#primaryimage\"},\"thumbnailUrl\":\"https:\\\/\\\/www.btv.md\\\/wp-content\\\/uploads\\\/2021\\\/06\\\/ndqwjmhhc2g9mdi1zjjkmduym2u4nzvjztm2yteyotfkzdlindvmmda.thumb_.jpg\",\"keywords\":[\"Cadavrul unui copil disp\u0103rut \u00een Canalul M\u00e2necii\",\"g\u0103sit pe o plaj\u0103 din Norvegia\"],\"articleSection\":[\"Social\"],\"inLanguage\":\"ro-RO\"},{\"@type\":\"WebPage\",\"@id\":\"https:\\\/\\\/www.btv.md\\\/ro\\\/cadavrul-unui-copil-disparut-in-canalul-manecii-gasit-pe-o-plaja-din-norvegia\\\/\",\"url\":\"https:\\\/\\\/www.btv.md\\\/ro\\\/cadavrul-unui-copil-disparut-in-canalul-manecii-gasit-pe-o-plaja-din-norvegia\\\/\",\"name\":\"Cadavrul unui copil disp\u0103rut \u00een Canalul M\u00e2necii, g\u0103sit pe o plaj\u0103 din Norvegia - BTV\",\"isPartOf\":{\"@id\":\"https:\\\/\\\/www.btv.md\\\/#website\"},\"primaryImageOfPage\":{\"@id\":\"https:\\\/\\\/www.btv.md\\\/ro\\\/cadavrul-unui-copil-disparut-in-canalul-manecii-gasit-pe-o-plaja-din-norvegia\\\/#primaryimage\"},\"image\":{\"@id\":\"https:\\\/\\\/www.btv.md\\\/ro\\\/cadavrul-unui-copil-disparut-in-canalul-manecii-gasit-pe-o-plaja-din-norvegia\\\/#primaryimage\"},\"thumbnailUrl\":\"https:\\\/\\\/www.btv.md\\\/wp-content\\\/uploads\\\/2021\\\/06\\\/ndqwjmhhc2g9mdi1zjjkmduym2u4nzvjztm2yteyotfkzdlindvmmda.thumb_.jpg\",\"datePublished\":\"2021-06-07T14:39:10+00:00\",\"author\":{\"@id\":\"https:\\\/\\\/www.btv.md\\\/#\\\/schema\\\/person\\\/8fadce81561b3ce2c34c46dadc4ccbf2\"},\"inLanguage\":\"ro-RO\",\"potentialAction\":[{\"@type\":\"ReadAction\",\"target\":[\"https:\\\/\\\/www.btv.md\\\/ro\\\/cadavrul-unui-copil-disparut-in-canalul-manecii-gasit-pe-o-plaja-din-norvegia\\\/\"]}]},{\"@type\":\"ImageObject\",\"inLanguage\":\"ro-RO\",\"@id\":\"https:\\\/\\\/www.btv.md\\\/ro\\\/cadavrul-unui-copil-disparut-in-canalul-manecii-gasit-pe-o-plaja-din-norvegia\\\/#primaryimage\",\"url\":\"https:\\\/\\\/www.btv.md\\\/wp-content\\\/uploads\\\/2021\\\/06\\\/ndqwjmhhc2g9mdi1zjjkmduym2u4nzvjztm2yteyotfkzdlindvmmda.thumb_.jpg\",\"contentUrl\":\"https:\\\/\\\/www.btv.md\\\/wp-content\\\/uploads\\\/2021\\\/06\\\/ndqwjmhhc2g9mdi1zjjkmduym2u4nzvjztm2yteyotfkzdlindvmmda.thumb_.jpg\",\"width\":780,\"height\":440},{\"@type\":\"WebSite\",\"@id\":\"https:\\\/\\\/www.btv.md\\\/#website\",\"url\":\"https:\\\/\\\/www.btv.md\\\/\",\"name\":\"BTV\",\"description\":\"\u0411\u0435\u043b\u044c\u0446\u043a\u043e\u0435 \u0442\u0435\u043b\u0435\u0432\u0438\u0434\u0435\u043d\u0438\u0435\",\"potentialAction\":[{\"@type\":\"SearchAction\",\"target\":{\"@type\":\"EntryPoint\",\"urlTemplate\":\"https:\\\/\\\/www.btv.md\\\/?s={search_term_string}\"},\"query-input\":{\"@type\":\"PropertyValueSpecification\",\"valueRequired\":true,\"valueName\":\"search_term_string\"}}],\"inLanguage\":\"ro-RO\"},{\"@type\":\"Person\",\"@id\":\"https:\\\/\\\/www.btv.md\\\/#\\\/schema\\\/person\\\/8fadce81561b3ce2c34c46dadc4ccbf2\",\"name\":\"admin\"}]}<\/script>\n<!-- \/ Yoast SEO plugin. -->","yoast_head_json":{"title":"Cadavrul unui copil disp\u0103rut \u00een Canalul M\u00e2necii, g\u0103sit pe o plaj\u0103 din Norvegia - BTV","robots":{"index":"index","follow":"follow","max-snippet":"max-snippet:-1","max-image-preview":"max-image-preview:large","max-video-preview":"max-video-preview:-1"},"canonical":"https:\/\/www.btv.md\/ro\/cadavrul-unui-copil-disparut-in-canalul-manecii-gasit-pe-o-plaja-din-norvegia\/","og_locale":"ro_RO","og_type":"article","og_title":"Cadavrul unui copil disp\u0103rut \u00een Canalul M\u00e2necii, g\u0103sit pe o plaj\u0103 din Norvegia - BTV","og_description":"Trupul unui copil kurd de 15 luni, care a disp\u0103rut anul trecut \u00een octombrie \u00een apele din Canalul M\u00e2necii, \u00een timp ce familia sa \u00eencerca s\u0103 treac\u0103 din Fran\u021ba \u00een Marea Britnie, a fost purtat de curen\u021bi p\u00e2n\u0103 pe \u021b\u0103rmul norvegian, scrie digi24.ro. Poli\u021bia din Norvegia a anun\u021bat, luni, c\u0103 trupul g\u0103sit pe malul de [&hellip;]","og_url":"https:\/\/www.btv.md\/ro\/cadavrul-unui-copil-disparut-in-canalul-manecii-gasit-pe-o-plaja-din-norvegia\/","og_site_name":"BTV","article_publisher":"https:\/\/www.facebook.com\/btvmoldova\/","article_published_time":"2021-06-07T14:39:10+00:00","og_image":[{"width":780,"height":440,"url":"https:\/\/www.btv.md\/wp-content\/uploads\/2021\/06\/ndqwjmhhc2g9mdi1zjjkmduym2u4nzvjztm2yteyotfkzdlindvmmda.thumb_.jpg","type":"image\/jpeg"}],"author":"admin","twitter_misc":{"Scris de":"admin","Timp estimat pentru citire":"2 minute"},"schema":{"@context":"https:\/\/schema.org","@graph":[{"@type":"Article","@id":"https:\/\/www.btv.md\/ro\/cadavrul-unui-copil-disparut-in-canalul-manecii-gasit-pe-o-plaja-din-norvegia\/#article","isPartOf":{"@id":"https:\/\/www.btv.md\/ro\/cadavrul-unui-copil-disparut-in-canalul-manecii-gasit-pe-o-plaja-din-norvegia\/"},"author":{"name":"admin","@id":"https:\/\/www.btv.md\/#\/schema\/person\/8fadce81561b3ce2c34c46dadc4ccbf2"},"headline":"Cadavrul unui copil disp\u0103rut \u00een Canalul M\u00e2necii, g\u0103sit pe o plaj\u0103 din Norvegia","datePublished":"2021-06-07T14:39:10+00:00","mainEntityOfPage":{"@id":"https:\/\/www.btv.md\/ro\/cadavrul-unui-copil-disparut-in-canalul-manecii-gasit-pe-o-plaja-din-norvegia\/"},"wordCount":340,"image":{"@id":"https:\/\/www.btv.md\/ro\/cadavrul-unui-copil-disparut-in-canalul-manecii-gasit-pe-o-plaja-din-norvegia\/#primaryimage"},"thumbnailUrl":"https:\/\/www.btv.md\/wp-content\/uploads\/2021\/06\/ndqwjmhhc2g9mdi1zjjkmduym2u4nzvjztm2yteyotfkzdlindvmmda.thumb_.jpg","keywords":["Cadavrul unui copil disp\u0103rut \u00een Canalul M\u00e2necii","g\u0103sit pe o plaj\u0103 din Norvegia"],"articleSection":["Social"],"inLanguage":"ro-RO"},{"@type":"WebPage","@id":"https:\/\/www.btv.md\/ro\/cadavrul-unui-copil-disparut-in-canalul-manecii-gasit-pe-o-plaja-din-norvegia\/","url":"https:\/\/www.btv.md\/ro\/cadavrul-unui-copil-disparut-in-canalul-manecii-gasit-pe-o-plaja-din-norvegia\/","name":"Cadavrul unui copil disp\u0103rut \u00een Canalul M\u00e2necii, g\u0103sit pe o plaj\u0103 din Norvegia - BTV","isPartOf":{"@id":"https:\/\/www.btv.md\/#website"},"primaryImageOfPage":{"@id":"https:\/\/www.btv.md\/ro\/cadavrul-unui-copil-disparut-in-canalul-manecii-gasit-pe-o-plaja-din-norvegia\/#primaryimage"},"image":{"@id":"https:\/\/www.btv.md\/ro\/cadavrul-unui-copil-disparut-in-canalul-manecii-gasit-pe-o-plaja-din-norvegia\/#primaryimage"},"thumbnailUrl":"https:\/\/www.btv.md\/wp-content\/uploads\/2021\/06\/ndqwjmhhc2g9mdi1zjjkmduym2u4nzvjztm2yteyotfkzdlindvmmda.thumb_.jpg","datePublished":"2021-06-07T14:39:10+00:00","author":{"@id":"https:\/\/www.btv.md\/#\/schema\/person\/8fadce81561b3ce2c34c46dadc4ccbf2"},"inLanguage":"ro-RO","potentialAction":[{"@type":"ReadAction","target":["https:\/\/www.btv.md\/ro\/cadavrul-unui-copil-disparut-in-canalul-manecii-gasit-pe-o-plaja-din-norvegia\/"]}]},{"@type":"ImageObject","inLanguage":"ro-RO","@id":"https:\/\/www.btv.md\/ro\/cadavrul-unui-copil-disparut-in-canalul-manecii-gasit-pe-o-plaja-din-norvegia\/#primaryimage","url":"https:\/\/www.btv.md\/wp-content\/uploads\/2021\/06\/ndqwjmhhc2g9mdi1zjjkmduym2u4nzvjztm2yteyotfkzdlindvmmda.thumb_.jpg","contentUrl":"https:\/\/www.btv.md\/wp-content\/uploads\/2021\/06\/ndqwjmhhc2g9mdi1zjjkmduym2u4nzvjztm2yteyotfkzdlindvmmda.thumb_.jpg","width":780,"height":440},{"@type":"WebSite","@id":"https:\/\/www.btv.md\/#website","url":"https:\/\/www.btv.md\/","name":"BTV","description":"\u0411\u0435\u043b\u044c\u0446\u043a\u043e\u0435 \u0442\u0435\u043b\u0435\u0432\u0438\u0434\u0435\u043d\u0438\u0435","potentialAction":[{"@type":"SearchAction","target":{"@type":"EntryPoint","urlTemplate":"https:\/\/www.btv.md\/?s={search_term_string}"},"query-input":{"@type":"PropertyValueSpecification","valueRequired":true,"valueName":"search_term_string"}}],"inLanguage":"ro-RO"},{"@type":"Person","@id":"https:\/\/www.btv.md\/#\/schema\/person\/8fadce81561b3ce2c34c46dadc4ccbf2","name":"admin"}]}},"_links":{"self":[{"href":"https:\/\/www.btv.md\/ro\/wp-json\/wp\/v2\/posts\/130998","targetHints":{"allow":["GET"]}}],"collection":[{"href":"https:\/\/www.btv.md\/ro\/wp-json\/wp\/v2\/posts"}],"about":[{"href":"https:\/\/www.btv.md\/ro\/wp-json\/wp\/v2\/types\/post"}],"author":[{"embeddable":true,"href":"https:\/\/www.btv.md\/ro\/wp-json\/wp\/v2\/users\/4"}],"replies":[{"embeddable":true,"href":"https:\/\/www.btv.md\/ro\/wp-json\/wp\/v2\/comments?post=130998"}],"version-history":[{"count":0,"href":"https:\/\/www.btv.md\/ro\/wp-json\/wp\/v2\/posts\/130998\/revisions"}],"wp:featuredmedia":[{"embeddable":true,"href":"https:\/\/www.btv.md\/ro\/wp-json\/wp\/v2\/media\/130999"}],"wp:attachment":[{"href":"https:\/\/www.btv.md\/ro\/wp-json\/wp\/v2\/media?parent=130998"}],"wp:term":[{"taxonomy":"category","embeddable":true,"href":"https:\/\/www.btv.md\/ro\/wp-json\/wp\/v2\/categories?post=130998"},{"taxonomy":"post_tag","embeddable":true,"href":"https:\/\/www.btv.md\/ro\/wp-json\/wp\/v2\/tags?post=130998"}],"curies":[{"name":"wp","href":"https:\/\/api.w.org\/{rel}","templated":true}]}}