{"id":131002,"date":"2021-06-07T17:42:58","date_gmt":"2021-06-07T14:42:58","guid":{"rendered":"https:\/\/www.btv.md\/?p=131002"},"modified":"2021-06-07T17:42:58","modified_gmt":"2021-06-07T14:42:58","slug":"alexei-navalnii-a-fost-transferat-de-la-spital-in-colonia-penitenciara-pokrov","status":"publish","type":"post","link":"https:\/\/www.btv.md\/ro\/alexei-navalnii-a-fost-transferat-de-la-spital-in-colonia-penitenciara-pokrov\/","title":{"rendered":"Alexei Navaln\u00eei a fost transferat de la spital \u00een colonia penitenciar\u0103 Pokrov"},"content":{"rendered":"<p><strong>Opozantul rus Aleksei Navaln\u00eei a fost adus \u00eenapoi \u00een colonia penitenciar\u0103 Pokrov, de unde fusese transferat la mijlocul lui aprilie la un spital penitenciar dup\u0103 ce a \u0163inut\u00a0greva foamei, au anun\u0163at luni apropia\u0163i ai s\u0103i \u015fi autorit\u0103\u0163ile ruse, transmit AFP \u015fi Reuters, scrie <a href=\"https:\/\/www.publika.md\/alexei-navalnii-a-fost-transferat-de-la-spital-in-colonia-penitenciara-pokrov_3103875.html\">publika.md<\/a>.<\/strong><\/p>\n<p>&#8222;Bloggerul Navaln\u00eei a fost transferat c\u0103tre colonia penitenciar\u0103 Pokrov&#8221;, a anun\u0163at un purt\u0103tor de cuv\u00e2nt al serviciilor penitenciare ruse FSIN, citat de agen\u0163ia TASS. Informa\u0163ia a fost confirmat\u0103 pe Twitter de echipa opozantului.<\/p>\n<p>Navaln\u00eei este \u00eenchis de mai multe luni \u00eentr-o colonie penitenciar\u0103, la circa 100 km est de Moscova. El a fost arestat pe 17 ianuarie pe un aeroport din Moscova, la revenirea \u00een \u0163ar\u0103 dup\u0103 ce a fost tratat \u00een Germania \u00een urma tentativei de asasinare cu agentul neurotoxic Noviciok, din august anul trecut.<\/p>\n<p>Disidentul, cel mai marcant critic din Rusia al pre\u015fedintelui Vladimir Putin, a denun\u0163at ca motivate politic acuza\u0163iile de fraud\u0103 dat\u00e2nd din 2014 pentru care a fost condamnat la o pedeaps\u0103 de 2 ani \u015fi jum\u0103tate, verdict criticat de altfel \u015fi pe plan interna\u0163ional.<\/p>\n<p>Serviciile penitenciare ruse au anun\u0163at la 19 aprilie c\u0103 au decis s\u0103-l transfere pe Navaln\u00eei, care era de trei s\u0103pt\u0103m\u00e2ni \u00een greva foamei, la un spital pentru de\u0163inu\u0163i, apreciind c\u0103 starea sa de s\u0103n\u0103tate este &#8222;satisf\u0103c\u0103toare&#8221;. Potrivit aceleia\u015fi surse, &#8222;cu acordul pacientului, i s-a prescris o terapie pe baz\u0103 de vitamine&#8221;. Navaln\u00eei anun\u0163ase la 31 martie c\u0103 \u00eenceteaz\u0103 s\u0103 mai m\u0103n\u00e2nce \u00een semn de protest pentru c\u0103 i se refuz\u0103 accesul la un medic din afara \u00eenchisorii, \u00een care s\u0103 aib\u0103 \u00eencredere \u015fi care s\u0103-l trateze pentru dureri acute de spate.<\/p>\n<p>Foto: publika.md.<\/p>\n","protected":false},"excerpt":{"rendered":"<p>Opozantul rus Aleksei Navaln\u00eei a fost adus \u00eenapoi \u00een colonia penitenciar\u0103 Pokrov, de unde fusese transferat la mijlocul lui aprilie la un spital penitenciar dup\u0103 ce a \u0163inut\u00a0greva foamei, au anun\u0163at luni apropia\u0163i ai s\u0103i \u015fi autorit\u0103\u0163ile ruse, transmit AFP \u015fi Reuters, scrie publika.md. &#8222;Bloggerul Navaln\u00eei a fost transferat c\u0103tre colonia penitenciar\u0103 Pokrov&#8221;, a anun\u0163at [&hellip;]<\/p>\n","protected":false},"author":4,"featured_media":131003,"comment_status":"closed","ping_status":"closed","sticky":false,"template":"","format":"standard","meta":{"footnotes":""},"categories":[6368],"tags":[26162],"class_list":["post-131002","post","type-post","status-publish","format-standard","has-post-thumbnail","hentry","category-politica-ro","tag-alexei-navalnii-a-fost-transferat-de-la-spital-in-colonia-penitenciara-pokrov"],"yoast_head":"<!-- This site is optimized with the Yoast SEO plugin v27.4 - https:\/\/yoast.com\/product\/yoast-seo-wordpress\/ -->\n<title>Alexei Navaln\u00eei a fost transferat de la spital \u00een colonia penitenciar\u0103 Pokrov - BTV<\/title>\n<meta name=\"robots\" content=\"index, follow, max-snippet:-1, max-image-preview:large, max-video-preview:-1\" \/>\n<link rel=\"canonical\" href=\"https:\/\/www.btv.md\/ro\/alexei-navalnii-a-fost-transferat-de-la-spital-in-colonia-penitenciara-pokrov\/\" \/>\n<meta property=\"og:locale\" content=\"ro_RO\" \/>\n<meta property=\"og:type\" content=\"article\" \/>\n<meta property=\"og:title\" content=\"Alexei Navaln\u00eei a fost transferat de la spital \u00een colonia penitenciar\u0103 Pokrov - BTV\" \/>\n<meta property=\"og:description\" content=\"Opozantul rus Aleksei Navaln\u00eei a fost adus \u00eenapoi \u00een colonia penitenciar\u0103 Pokrov, de unde fusese transferat la mijlocul lui aprilie la un spital penitenciar dup\u0103 ce a \u0163inut\u00a0greva foamei, au anun\u0163at luni apropia\u0163i ai s\u0103i \u015fi autorit\u0103\u0163ile ruse, transmit AFP \u015fi Reuters, scrie publika.md. &#8222;Bloggerul Navaln\u00eei a fost transferat c\u0103tre colonia penitenciar\u0103 Pokrov&#8221;, a anun\u0163at [&hellip;]\" \/>\n<meta property=\"og:url\" content=\"https:\/\/www.btv.md\/ro\/alexei-navalnii-a-fost-transferat-de-la-spital-in-colonia-penitenciara-pokrov\/\" \/>\n<meta property=\"og:site_name\" content=\"BTV\" \/>\n<meta property=\"article:publisher\" content=\"https:\/\/www.facebook.com\/btvmoldova\/\" \/>\n<meta property=\"article:published_time\" content=\"2021-06-07T14:42:58+00:00\" \/>\n<meta property=\"og:image\" content=\"https:\/\/www.btv.md\/wp-content\/uploads\/2021\/06\/navalnii_32823400_13427100.jpg\" \/>\n\t<meta property=\"og:image:width\" content=\"720\" \/>\n\t<meta property=\"og:image:height\" content=\"405\" \/>\n\t<meta property=\"og:image:type\" content=\"image\/jpeg\" \/>\n<meta name=\"author\" content=\"admin\" \/>\n<meta name=\"twitter:label1\" content=\"Scris de\" \/>\n\t<meta name=\"twitter:data1\" content=\"admin\" \/>\n\t<meta name=\"twitter:label2\" content=\"Timp estimat pentru citire\" \/>\n\t<meta name=\"twitter:data2\" content=\"2 minute\" \/>\n<script type=\"application\/ld+json\" class=\"yoast-schema-graph\">{\"@context\":\"https:\\\/\\\/schema.org\",\"@graph\":[{\"@type\":\"Article\",\"@id\":\"https:\\\/\\\/www.btv.md\\\/ro\\\/alexei-navalnii-a-fost-transferat-de-la-spital-in-colonia-penitenciara-pokrov\\\/#article\",\"isPartOf\":{\"@id\":\"https:\\\/\\\/www.btv.md\\\/ro\\\/alexei-navalnii-a-fost-transferat-de-la-spital-in-colonia-penitenciara-pokrov\\\/\"},\"author\":{\"name\":\"admin\",\"@id\":\"https:\\\/\\\/www.btv.md\\\/#\\\/schema\\\/person\\\/8fadce81561b3ce2c34c46dadc4ccbf2\"},\"headline\":\"Alexei Navaln\u00eei a fost transferat de la spital \u00een colonia penitenciar\u0103 Pokrov\",\"datePublished\":\"2021-06-07T14:42:58+00:00\",\"mainEntityOfPage\":{\"@id\":\"https:\\\/\\\/www.btv.md\\\/ro\\\/alexei-navalnii-a-fost-transferat-de-la-spital-in-colonia-penitenciara-pokrov\\\/\"},\"wordCount\":313,\"image\":{\"@id\":\"https:\\\/\\\/www.btv.md\\\/ro\\\/alexei-navalnii-a-fost-transferat-de-la-spital-in-colonia-penitenciara-pokrov\\\/#primaryimage\"},\"thumbnailUrl\":\"https:\\\/\\\/www.btv.md\\\/wp-content\\\/uploads\\\/2021\\\/06\\\/navalnii_32823400_13427100.jpg\",\"keywords\":[\"Alexei Navaln\u00eei a fost transferat de la spital \u00een colonia penitenciar\u0103 Pokrov\"],\"articleSection\":[\"Politic\u0103\"],\"inLanguage\":\"ro-RO\"},{\"@type\":\"WebPage\",\"@id\":\"https:\\\/\\\/www.btv.md\\\/ro\\\/alexei-navalnii-a-fost-transferat-de-la-spital-in-colonia-penitenciara-pokrov\\\/\",\"url\":\"https:\\\/\\\/www.btv.md\\\/ro\\\/alexei-navalnii-a-fost-transferat-de-la-spital-in-colonia-penitenciara-pokrov\\\/\",\"name\":\"Alexei Navaln\u00eei a fost transferat de la spital \u00een colonia penitenciar\u0103 Pokrov - BTV\",\"isPartOf\":{\"@id\":\"https:\\\/\\\/www.btv.md\\\/#website\"},\"primaryImageOfPage\":{\"@id\":\"https:\\\/\\\/www.btv.md\\\/ro\\\/alexei-navalnii-a-fost-transferat-de-la-spital-in-colonia-penitenciara-pokrov\\\/#primaryimage\"},\"image\":{\"@id\":\"https:\\\/\\\/www.btv.md\\\/ro\\\/alexei-navalnii-a-fost-transferat-de-la-spital-in-colonia-penitenciara-pokrov\\\/#primaryimage\"},\"thumbnailUrl\":\"https:\\\/\\\/www.btv.md\\\/wp-content\\\/uploads\\\/2021\\\/06\\\/navalnii_32823400_13427100.jpg\",\"datePublished\":\"2021-06-07T14:42:58+00:00\",\"author\":{\"@id\":\"https:\\\/\\\/www.btv.md\\\/#\\\/schema\\\/person\\\/8fadce81561b3ce2c34c46dadc4ccbf2\"},\"inLanguage\":\"ro-RO\",\"potentialAction\":[{\"@type\":\"ReadAction\",\"target\":[\"https:\\\/\\\/www.btv.md\\\/ro\\\/alexei-navalnii-a-fost-transferat-de-la-spital-in-colonia-penitenciara-pokrov\\\/\"]}]},{\"@type\":\"ImageObject\",\"inLanguage\":\"ro-RO\",\"@id\":\"https:\\\/\\\/www.btv.md\\\/ro\\\/alexei-navalnii-a-fost-transferat-de-la-spital-in-colonia-penitenciara-pokrov\\\/#primaryimage\",\"url\":\"https:\\\/\\\/www.btv.md\\\/wp-content\\\/uploads\\\/2021\\\/06\\\/navalnii_32823400_13427100.jpg\",\"contentUrl\":\"https:\\\/\\\/www.btv.md\\\/wp-content\\\/uploads\\\/2021\\\/06\\\/navalnii_32823400_13427100.jpg\",\"width\":720,\"height\":405},{\"@type\":\"WebSite\",\"@id\":\"https:\\\/\\\/www.btv.md\\\/#website\",\"url\":\"https:\\\/\\\/www.btv.md\\\/\",\"name\":\"BTV\",\"description\":\"\u0411\u0435\u043b\u044c\u0446\u043a\u043e\u0435 \u0442\u0435\u043b\u0435\u0432\u0438\u0434\u0435\u043d\u0438\u0435\",\"potentialAction\":[{\"@type\":\"SearchAction\",\"target\":{\"@type\":\"EntryPoint\",\"urlTemplate\":\"https:\\\/\\\/www.btv.md\\\/?s={search_term_string}\"},\"query-input\":{\"@type\":\"PropertyValueSpecification\",\"valueRequired\":true,\"valueName\":\"search_term_string\"}}],\"inLanguage\":\"ro-RO\"},{\"@type\":\"Person\",\"@id\":\"https:\\\/\\\/www.btv.md\\\/#\\\/schema\\\/person\\\/8fadce81561b3ce2c34c46dadc4ccbf2\",\"name\":\"admin\"}]}<\/script>\n<!-- \/ Yoast SEO plugin. -->","yoast_head_json":{"title":"Alexei Navaln\u00eei a fost transferat de la spital \u00een colonia penitenciar\u0103 Pokrov - BTV","robots":{"index":"index","follow":"follow","max-snippet":"max-snippet:-1","max-image-preview":"max-image-preview:large","max-video-preview":"max-video-preview:-1"},"canonical":"https:\/\/www.btv.md\/ro\/alexei-navalnii-a-fost-transferat-de-la-spital-in-colonia-penitenciara-pokrov\/","og_locale":"ro_RO","og_type":"article","og_title":"Alexei Navaln\u00eei a fost transferat de la spital \u00een colonia penitenciar\u0103 Pokrov - BTV","og_description":"Opozantul rus Aleksei Navaln\u00eei a fost adus \u00eenapoi \u00een colonia penitenciar\u0103 Pokrov, de unde fusese transferat la mijlocul lui aprilie la un spital penitenciar dup\u0103 ce a \u0163inut\u00a0greva foamei, au anun\u0163at luni apropia\u0163i ai s\u0103i \u015fi autorit\u0103\u0163ile ruse, transmit AFP \u015fi Reuters, scrie publika.md. &#8222;Bloggerul Navaln\u00eei a fost transferat c\u0103tre colonia penitenciar\u0103 Pokrov&#8221;, a anun\u0163at [&hellip;]","og_url":"https:\/\/www.btv.md\/ro\/alexei-navalnii-a-fost-transferat-de-la-spital-in-colonia-penitenciara-pokrov\/","og_site_name":"BTV","article_publisher":"https:\/\/www.facebook.com\/btvmoldova\/","article_published_time":"2021-06-07T14:42:58+00:00","og_image":[{"width":720,"height":405,"url":"https:\/\/www.btv.md\/wp-content\/uploads\/2021\/06\/navalnii_32823400_13427100.jpg","type":"image\/jpeg"}],"author":"admin","twitter_misc":{"Scris de":"admin","Timp estimat pentru citire":"2 minute"},"schema":{"@context":"https:\/\/schema.org","@graph":[{"@type":"Article","@id":"https:\/\/www.btv.md\/ro\/alexei-navalnii-a-fost-transferat-de-la-spital-in-colonia-penitenciara-pokrov\/#article","isPartOf":{"@id":"https:\/\/www.btv.md\/ro\/alexei-navalnii-a-fost-transferat-de-la-spital-in-colonia-penitenciara-pokrov\/"},"author":{"name":"admin","@id":"https:\/\/www.btv.md\/#\/schema\/person\/8fadce81561b3ce2c34c46dadc4ccbf2"},"headline":"Alexei Navaln\u00eei a fost transferat de la spital \u00een colonia penitenciar\u0103 Pokrov","datePublished":"2021-06-07T14:42:58+00:00","mainEntityOfPage":{"@id":"https:\/\/www.btv.md\/ro\/alexei-navalnii-a-fost-transferat-de-la-spital-in-colonia-penitenciara-pokrov\/"},"wordCount":313,"image":{"@id":"https:\/\/www.btv.md\/ro\/alexei-navalnii-a-fost-transferat-de-la-spital-in-colonia-penitenciara-pokrov\/#primaryimage"},"thumbnailUrl":"https:\/\/www.btv.md\/wp-content\/uploads\/2021\/06\/navalnii_32823400_13427100.jpg","keywords":["Alexei Navaln\u00eei a fost transferat de la spital \u00een colonia penitenciar\u0103 Pokrov"],"articleSection":["Politic\u0103"],"inLanguage":"ro-RO"},{"@type":"WebPage","@id":"https:\/\/www.btv.md\/ro\/alexei-navalnii-a-fost-transferat-de-la-spital-in-colonia-penitenciara-pokrov\/","url":"https:\/\/www.btv.md\/ro\/alexei-navalnii-a-fost-transferat-de-la-spital-in-colonia-penitenciara-pokrov\/","name":"Alexei Navaln\u00eei a fost transferat de la spital \u00een colonia penitenciar\u0103 Pokrov - BTV","isPartOf":{"@id":"https:\/\/www.btv.md\/#website"},"primaryImageOfPage":{"@id":"https:\/\/www.btv.md\/ro\/alexei-navalnii-a-fost-transferat-de-la-spital-in-colonia-penitenciara-pokrov\/#primaryimage"},"image":{"@id":"https:\/\/www.btv.md\/ro\/alexei-navalnii-a-fost-transferat-de-la-spital-in-colonia-penitenciara-pokrov\/#primaryimage"},"thumbnailUrl":"https:\/\/www.btv.md\/wp-content\/uploads\/2021\/06\/navalnii_32823400_13427100.jpg","datePublished":"2021-06-07T14:42:58+00:00","author":{"@id":"https:\/\/www.btv.md\/#\/schema\/person\/8fadce81561b3ce2c34c46dadc4ccbf2"},"inLanguage":"ro-RO","potentialAction":[{"@type":"ReadAction","target":["https:\/\/www.btv.md\/ro\/alexei-navalnii-a-fost-transferat-de-la-spital-in-colonia-penitenciara-pokrov\/"]}]},{"@type":"ImageObject","inLanguage":"ro-RO","@id":"https:\/\/www.btv.md\/ro\/alexei-navalnii-a-fost-transferat-de-la-spital-in-colonia-penitenciara-pokrov\/#primaryimage","url":"https:\/\/www.btv.md\/wp-content\/uploads\/2021\/06\/navalnii_32823400_13427100.jpg","contentUrl":"https:\/\/www.btv.md\/wp-content\/uploads\/2021\/06\/navalnii_32823400_13427100.jpg","width":720,"height":405},{"@type":"WebSite","@id":"https:\/\/www.btv.md\/#website","url":"https:\/\/www.btv.md\/","name":"BTV","description":"\u0411\u0435\u043b\u044c\u0446\u043a\u043e\u0435 \u0442\u0435\u043b\u0435\u0432\u0438\u0434\u0435\u043d\u0438\u0435","potentialAction":[{"@type":"SearchAction","target":{"@type":"EntryPoint","urlTemplate":"https:\/\/www.btv.md\/?s={search_term_string}"},"query-input":{"@type":"PropertyValueSpecification","valueRequired":true,"valueName":"search_term_string"}}],"inLanguage":"ro-RO"},{"@type":"Person","@id":"https:\/\/www.btv.md\/#\/schema\/person\/8fadce81561b3ce2c34c46dadc4ccbf2","name":"admin"}]}},"_links":{"self":[{"href":"https:\/\/www.btv.md\/ro\/wp-json\/wp\/v2\/posts\/131002","targetHints":{"allow":["GET"]}}],"collection":[{"href":"https:\/\/www.btv.md\/ro\/wp-json\/wp\/v2\/posts"}],"about":[{"href":"https:\/\/www.btv.md\/ro\/wp-json\/wp\/v2\/types\/post"}],"author":[{"embeddable":true,"href":"https:\/\/www.btv.md\/ro\/wp-json\/wp\/v2\/users\/4"}],"replies":[{"embeddable":true,"href":"https:\/\/www.btv.md\/ro\/wp-json\/wp\/v2\/comments?post=131002"}],"version-history":[{"count":0,"href":"https:\/\/www.btv.md\/ro\/wp-json\/wp\/v2\/posts\/131002\/revisions"}],"wp:featuredmedia":[{"embeddable":true,"href":"https:\/\/www.btv.md\/ro\/wp-json\/wp\/v2\/media\/131003"}],"wp:attachment":[{"href":"https:\/\/www.btv.md\/ro\/wp-json\/wp\/v2\/media?parent=131002"}],"wp:term":[{"taxonomy":"category","embeddable":true,"href":"https:\/\/www.btv.md\/ro\/wp-json\/wp\/v2\/categories?post=131002"},{"taxonomy":"post_tag","embeddable":true,"href":"https:\/\/www.btv.md\/ro\/wp-json\/wp\/v2\/tags?post=131002"}],"curies":[{"name":"wp","href":"https:\/\/api.w.org\/{rel}","templated":true}]}}