{"id":131006,"date":"2021-06-07T17:48:40","date_gmt":"2021-06-07T14:48:40","guid":{"rendered":"https:\/\/www.btv.md\/?p=131006"},"modified":"2021-06-07T17:48:40","modified_gmt":"2021-06-07T14:48:40","slug":"a-fost-alexei-onoico-numit-pe-criterii-politice-la-sefia-parcului-industrial-raut","status":"publish","type":"post","link":"https:\/\/www.btv.md\/ro\/a-fost-alexei-onoico-numit-pe-criterii-politice-la-sefia-parcului-industrial-raut\/","title":{"rendered":"A fost Alexei Onoico, numit pe criterii politice la \u0219efia Parcului Industrial R\u0103ut?"},"content":{"rendered":"<p><strong>S\u0103pt\u0103m\u00e2na a \u00eenceput la B\u0103l\u021bi, cu investirea noului \u0219ef \u00a0la Parcul Industrial ,,R\u0103ut\u201d. Pentru al prezenta colectivului, de la Chi\u0219in\u0103u a venit Ghenadie \u021aapordei, Directorul Agen\u021biei Propriet\u0103\u021bi Publice. De\u0219i la concursul pentru func\u021bia de director interimar a aplicat cu cerere doar Alexei Onoico, personal, \u021aapordei nu ne-a putut spune dac\u0103 noul \u0219ef numit, are competen\u021bele necesare pentru a c\u00e2rmui institu\u021bia.<\/strong><\/p>\n<p><a href=\"http:\/\/iframe%20src=https:\/\/www.facebook.com\/plugins\/video.php?height=314&amp;href=https%3A%2F%2Fwww.facebook.com%2Fbtvmoldova%2Fvideos%2F1635618713310767%2F&amp;show_text=false&amp;width=560&amp;t=0%20width=560%20height=314%20style=border:none;overflow:hidden%20scrolling=no%20frameborder=0%20allowfullscreen=true%20allow=autoplay;%20clipboard-write;%20encrypted-media;%20picture-in-picture;%20web-share%20allowFullScreen=true\/iframe\"><iframe style=\"border: none; overflow: hidden;\" data-src=\"https:\/\/www.facebook.com\/plugins\/video.php?height=314&amp;href=https%3A%2F%2Fwww.facebook.com%2Fbtvmoldova%2Fvideos%2F1635618713310767%2F&amp;show_text=false&amp;width=560&amp;t=0\" width=\"560\" height=\"314\" frameborder=\"0\" scrolling=\"no\" allowfullscreen=\"allowfullscreen\" src=\"data:image\/svg+xml;base64,PHN2ZyB3aWR0aD0iMSIgaGVpZ2h0PSIxIiB4bWxucz0iaHR0cDovL3d3dy53My5vcmcvMjAwMC9zdmciPjwvc3ZnPg==\" class=\"lazyload\" data-load-mode=\"1\"><\/iframe><\/a><\/p>\n<p>Onoico, care este \u0219i consilierul deputatului socialist Alexandr Nesterovschi, iar \u00een trecut un sus\u021bin\u0103tor aprig al democra\u021bilor c\u00e2nd erau condu\u0219i de fugarul Vladimir Plahotniuc, spune c\u0103 nu poate fi inclus la capitolul numiri politice, doar pentru c\u0103 are multe rela\u021bii de cuno\u0219tin\u021be cu mai multe nume de politicieni.<\/p>\n<p>Amimtim, c\u0103 p\u00e2n\u0103 acum, mai multe func\u021bii la companii de stat au fost preluate de oamenii sociali\u0219tilor. Cel mai proasp\u0103t este Iurii Prisacari, numit \u00een luna mai recent, \u0219ef al oficiului teritorial B\u0103l\u021bi al Cancelarieii de Stat, tot el fost consilier municpal de B\u0103l\u021bi, din partea Partidului Sociali\u0219tilor. \u00cen aprilie, Vitalii Prisacari, feciroul primului men\u021bionat, prin concurs a c\u00e2\u0219tigat func\u021bia de director general la SA ,,RED-Nord\u201d.\u00a0 Un alt socialist c\u00e2\u0219tig\u0103tor a postului de director general, de aceast\u0103 dat\u0103 la ,,FEE- Nord\u201d a devenit Serghei Gramma, un alt consilier municipal socialist de B\u0103l\u021bi \u0219i fost consilier al deputatului Alexandr Nesterovschi. Iar ast\u0103zi pe l\u00e2ng\u0103 Alexei Onoico la uzina ,,R\u0103ut\u201d, un alt socialist Alexandr Usat\u00eei, a fost prezentat echipei de la SA ,,Barza Alb\u0103\u201d. Potrivit portalului Nord-News, angaja\u021bii de acolo au amenin\u021bat, c\u0103 vor intra \u00een grev\u0103 , dup\u0103 prezentarea lui Usat\u00eei \u00een noua func\u021bie, pe care la-au numit be\u021biv \u0219i \u00eel consider\u0103 incompetent.<\/p>\n","protected":false},"excerpt":{"rendered":"<p>S\u0103pt\u0103m\u00e2na a \u00eenceput la B\u0103l\u021bi, cu investirea noului \u0219ef \u00a0la Parcul Industrial ,,R\u0103ut\u201d. Pentru al prezenta colectivului, de la Chi\u0219in\u0103u a venit Ghenadie \u021aapordei, Directorul Agen\u021biei Propriet\u0103\u021bi Publice. De\u0219i la concursul pentru func\u021bia de director interimar a aplicat cu cerere doar Alexei Onoico, personal, \u021aapordei nu ne-a putut spune dac\u0103 noul \u0219ef numit, are competen\u021bele [&hellip;]<\/p>\n","protected":false},"author":4,"featured_media":131007,"comment_status":"closed","ping_status":"closed","sticky":false,"template":"","format":"standard","meta":{"footnotes":""},"categories":[6353],"tags":[26163,26164],"class_list":["post-131006","post","type-post","status-publish","format-standard","has-post-thumbnail","hentry","category-oras","tag-a-fost-alexei-onoico","tag-numit-pe-criterii-politice-la-sefia-parcului-industrial-raut"],"yoast_head":"<!-- This site is optimized with the Yoast SEO plugin v27.4 - https:\/\/yoast.com\/product\/yoast-seo-wordpress\/ -->\n<title>A fost Alexei Onoico, numit pe criterii politice la \u0219efia Parcului Industrial R\u0103ut? - BTV<\/title>\n<meta name=\"robots\" content=\"index, follow, max-snippet:-1, max-image-preview:large, max-video-preview:-1\" \/>\n<link rel=\"canonical\" href=\"https:\/\/www.btv.md\/ro\/a-fost-alexei-onoico-numit-pe-criterii-politice-la-sefia-parcului-industrial-raut\/\" \/>\n<meta property=\"og:locale\" content=\"ro_RO\" \/>\n<meta property=\"og:type\" content=\"article\" \/>\n<meta property=\"og:title\" content=\"A fost Alexei Onoico, numit pe criterii politice la \u0219efia Parcului Industrial R\u0103ut? - BTV\" \/>\n<meta property=\"og:description\" content=\"S\u0103pt\u0103m\u00e2na a \u00eenceput la B\u0103l\u021bi, cu investirea noului \u0219ef \u00a0la Parcul Industrial ,,R\u0103ut\u201d. Pentru al prezenta colectivului, de la Chi\u0219in\u0103u a venit Ghenadie \u021aapordei, Directorul Agen\u021biei Propriet\u0103\u021bi Publice. De\u0219i la concursul pentru func\u021bia de director interimar a aplicat cu cerere doar Alexei Onoico, personal, \u021aapordei nu ne-a putut spune dac\u0103 noul \u0219ef numit, are competen\u021bele [&hellip;]\" \/>\n<meta property=\"og:url\" content=\"https:\/\/www.btv.md\/ro\/a-fost-alexei-onoico-numit-pe-criterii-politice-la-sefia-parcului-industrial-raut\/\" \/>\n<meta property=\"og:site_name\" content=\"BTV\" \/>\n<meta property=\"article:publisher\" content=\"https:\/\/www.facebook.com\/btvmoldova\/\" \/>\n<meta property=\"article:published_time\" content=\"2021-06-07T14:48:40+00:00\" \/>\n<meta property=\"og:image\" content=\"https:\/\/www.btv.md\/wp-content\/uploads\/2021\/06\/ono.jpg\" \/>\n\t<meta property=\"og:image:width\" content=\"1920\" \/>\n\t<meta property=\"og:image:height\" content=\"1080\" \/>\n\t<meta property=\"og:image:type\" content=\"image\/jpeg\" \/>\n<meta name=\"author\" content=\"admin\" \/>\n<meta name=\"twitter:label1\" content=\"Scris de\" \/>\n\t<meta name=\"twitter:data1\" content=\"admin\" \/>\n\t<meta name=\"twitter:label2\" content=\"Timp estimat pentru citire\" \/>\n\t<meta name=\"twitter:data2\" content=\"2 minute\" \/>\n<script type=\"application\/ld+json\" class=\"yoast-schema-graph\">{\"@context\":\"https:\\\/\\\/schema.org\",\"@graph\":[{\"@type\":\"Article\",\"@id\":\"https:\\\/\\\/www.btv.md\\\/ro\\\/a-fost-alexei-onoico-numit-pe-criterii-politice-la-sefia-parcului-industrial-raut\\\/#article\",\"isPartOf\":{\"@id\":\"https:\\\/\\\/www.btv.md\\\/ro\\\/a-fost-alexei-onoico-numit-pe-criterii-politice-la-sefia-parcului-industrial-raut\\\/\"},\"author\":{\"name\":\"admin\",\"@id\":\"https:\\\/\\\/www.btv.md\\\/#\\\/schema\\\/person\\\/8fadce81561b3ce2c34c46dadc4ccbf2\"},\"headline\":\"A fost Alexei Onoico, numit pe criterii politice la \u0219efia Parcului Industrial R\u0103ut?\",\"datePublished\":\"2021-06-07T14:48:40+00:00\",\"mainEntityOfPage\":{\"@id\":\"https:\\\/\\\/www.btv.md\\\/ro\\\/a-fost-alexei-onoico-numit-pe-criterii-politice-la-sefia-parcului-industrial-raut\\\/\"},\"wordCount\":321,\"image\":{\"@id\":\"https:\\\/\\\/www.btv.md\\\/ro\\\/a-fost-alexei-onoico-numit-pe-criterii-politice-la-sefia-parcului-industrial-raut\\\/#primaryimage\"},\"thumbnailUrl\":\"https:\\\/\\\/www.btv.md\\\/wp-content\\\/uploads\\\/2021\\\/06\\\/ono.jpg\",\"keywords\":[\"A fost Alexei Onoico\",\"numit pe criterii politice la \u0219efia Parcului Industrial R\u0103ut?\"],\"articleSection\":[\"Ora\u0219\"],\"inLanguage\":\"ro-RO\"},{\"@type\":\"WebPage\",\"@id\":\"https:\\\/\\\/www.btv.md\\\/ro\\\/a-fost-alexei-onoico-numit-pe-criterii-politice-la-sefia-parcului-industrial-raut\\\/\",\"url\":\"https:\\\/\\\/www.btv.md\\\/ro\\\/a-fost-alexei-onoico-numit-pe-criterii-politice-la-sefia-parcului-industrial-raut\\\/\",\"name\":\"A fost Alexei Onoico, numit pe criterii politice la \u0219efia Parcului Industrial R\u0103ut? - BTV\",\"isPartOf\":{\"@id\":\"https:\\\/\\\/www.btv.md\\\/#website\"},\"primaryImageOfPage\":{\"@id\":\"https:\\\/\\\/www.btv.md\\\/ro\\\/a-fost-alexei-onoico-numit-pe-criterii-politice-la-sefia-parcului-industrial-raut\\\/#primaryimage\"},\"image\":{\"@id\":\"https:\\\/\\\/www.btv.md\\\/ro\\\/a-fost-alexei-onoico-numit-pe-criterii-politice-la-sefia-parcului-industrial-raut\\\/#primaryimage\"},\"thumbnailUrl\":\"https:\\\/\\\/www.btv.md\\\/wp-content\\\/uploads\\\/2021\\\/06\\\/ono.jpg\",\"datePublished\":\"2021-06-07T14:48:40+00:00\",\"author\":{\"@id\":\"https:\\\/\\\/www.btv.md\\\/#\\\/schema\\\/person\\\/8fadce81561b3ce2c34c46dadc4ccbf2\"},\"inLanguage\":\"ro-RO\",\"potentialAction\":[{\"@type\":\"ReadAction\",\"target\":[\"https:\\\/\\\/www.btv.md\\\/ro\\\/a-fost-alexei-onoico-numit-pe-criterii-politice-la-sefia-parcului-industrial-raut\\\/\"]}]},{\"@type\":\"ImageObject\",\"inLanguage\":\"ro-RO\",\"@id\":\"https:\\\/\\\/www.btv.md\\\/ro\\\/a-fost-alexei-onoico-numit-pe-criterii-politice-la-sefia-parcului-industrial-raut\\\/#primaryimage\",\"url\":\"https:\\\/\\\/www.btv.md\\\/wp-content\\\/uploads\\\/2021\\\/06\\\/ono.jpg\",\"contentUrl\":\"https:\\\/\\\/www.btv.md\\\/wp-content\\\/uploads\\\/2021\\\/06\\\/ono.jpg\",\"width\":1920,\"height\":1080},{\"@type\":\"WebSite\",\"@id\":\"https:\\\/\\\/www.btv.md\\\/#website\",\"url\":\"https:\\\/\\\/www.btv.md\\\/\",\"name\":\"BTV\",\"description\":\"\u0411\u0435\u043b\u044c\u0446\u043a\u043e\u0435 \u0442\u0435\u043b\u0435\u0432\u0438\u0434\u0435\u043d\u0438\u0435\",\"potentialAction\":[{\"@type\":\"SearchAction\",\"target\":{\"@type\":\"EntryPoint\",\"urlTemplate\":\"https:\\\/\\\/www.btv.md\\\/?s={search_term_string}\"},\"query-input\":{\"@type\":\"PropertyValueSpecification\",\"valueRequired\":true,\"valueName\":\"search_term_string\"}}],\"inLanguage\":\"ro-RO\"},{\"@type\":\"Person\",\"@id\":\"https:\\\/\\\/www.btv.md\\\/#\\\/schema\\\/person\\\/8fadce81561b3ce2c34c46dadc4ccbf2\",\"name\":\"admin\"}]}<\/script>\n<!-- \/ Yoast SEO plugin. -->","yoast_head_json":{"title":"A fost Alexei Onoico, numit pe criterii politice la \u0219efia Parcului Industrial R\u0103ut? - BTV","robots":{"index":"index","follow":"follow","max-snippet":"max-snippet:-1","max-image-preview":"max-image-preview:large","max-video-preview":"max-video-preview:-1"},"canonical":"https:\/\/www.btv.md\/ro\/a-fost-alexei-onoico-numit-pe-criterii-politice-la-sefia-parcului-industrial-raut\/","og_locale":"ro_RO","og_type":"article","og_title":"A fost Alexei Onoico, numit pe criterii politice la \u0219efia Parcului Industrial R\u0103ut? - BTV","og_description":"S\u0103pt\u0103m\u00e2na a \u00eenceput la B\u0103l\u021bi, cu investirea noului \u0219ef \u00a0la Parcul Industrial ,,R\u0103ut\u201d. Pentru al prezenta colectivului, de la Chi\u0219in\u0103u a venit Ghenadie \u021aapordei, Directorul Agen\u021biei Propriet\u0103\u021bi Publice. De\u0219i la concursul pentru func\u021bia de director interimar a aplicat cu cerere doar Alexei Onoico, personal, \u021aapordei nu ne-a putut spune dac\u0103 noul \u0219ef numit, are competen\u021bele [&hellip;]","og_url":"https:\/\/www.btv.md\/ro\/a-fost-alexei-onoico-numit-pe-criterii-politice-la-sefia-parcului-industrial-raut\/","og_site_name":"BTV","article_publisher":"https:\/\/www.facebook.com\/btvmoldova\/","article_published_time":"2021-06-07T14:48:40+00:00","og_image":[{"width":1920,"height":1080,"url":"https:\/\/www.btv.md\/wp-content\/uploads\/2021\/06\/ono.jpg","type":"image\/jpeg"}],"author":"admin","twitter_misc":{"Scris de":"admin","Timp estimat pentru citire":"2 minute"},"schema":{"@context":"https:\/\/schema.org","@graph":[{"@type":"Article","@id":"https:\/\/www.btv.md\/ro\/a-fost-alexei-onoico-numit-pe-criterii-politice-la-sefia-parcului-industrial-raut\/#article","isPartOf":{"@id":"https:\/\/www.btv.md\/ro\/a-fost-alexei-onoico-numit-pe-criterii-politice-la-sefia-parcului-industrial-raut\/"},"author":{"name":"admin","@id":"https:\/\/www.btv.md\/#\/schema\/person\/8fadce81561b3ce2c34c46dadc4ccbf2"},"headline":"A fost Alexei Onoico, numit pe criterii politice la \u0219efia Parcului Industrial R\u0103ut?","datePublished":"2021-06-07T14:48:40+00:00","mainEntityOfPage":{"@id":"https:\/\/www.btv.md\/ro\/a-fost-alexei-onoico-numit-pe-criterii-politice-la-sefia-parcului-industrial-raut\/"},"wordCount":321,"image":{"@id":"https:\/\/www.btv.md\/ro\/a-fost-alexei-onoico-numit-pe-criterii-politice-la-sefia-parcului-industrial-raut\/#primaryimage"},"thumbnailUrl":"https:\/\/www.btv.md\/wp-content\/uploads\/2021\/06\/ono.jpg","keywords":["A fost Alexei Onoico","numit pe criterii politice la \u0219efia Parcului Industrial R\u0103ut?"],"articleSection":["Ora\u0219"],"inLanguage":"ro-RO"},{"@type":"WebPage","@id":"https:\/\/www.btv.md\/ro\/a-fost-alexei-onoico-numit-pe-criterii-politice-la-sefia-parcului-industrial-raut\/","url":"https:\/\/www.btv.md\/ro\/a-fost-alexei-onoico-numit-pe-criterii-politice-la-sefia-parcului-industrial-raut\/","name":"A fost Alexei Onoico, numit pe criterii politice la \u0219efia Parcului Industrial R\u0103ut? - BTV","isPartOf":{"@id":"https:\/\/www.btv.md\/#website"},"primaryImageOfPage":{"@id":"https:\/\/www.btv.md\/ro\/a-fost-alexei-onoico-numit-pe-criterii-politice-la-sefia-parcului-industrial-raut\/#primaryimage"},"image":{"@id":"https:\/\/www.btv.md\/ro\/a-fost-alexei-onoico-numit-pe-criterii-politice-la-sefia-parcului-industrial-raut\/#primaryimage"},"thumbnailUrl":"https:\/\/www.btv.md\/wp-content\/uploads\/2021\/06\/ono.jpg","datePublished":"2021-06-07T14:48:40+00:00","author":{"@id":"https:\/\/www.btv.md\/#\/schema\/person\/8fadce81561b3ce2c34c46dadc4ccbf2"},"inLanguage":"ro-RO","potentialAction":[{"@type":"ReadAction","target":["https:\/\/www.btv.md\/ro\/a-fost-alexei-onoico-numit-pe-criterii-politice-la-sefia-parcului-industrial-raut\/"]}]},{"@type":"ImageObject","inLanguage":"ro-RO","@id":"https:\/\/www.btv.md\/ro\/a-fost-alexei-onoico-numit-pe-criterii-politice-la-sefia-parcului-industrial-raut\/#primaryimage","url":"https:\/\/www.btv.md\/wp-content\/uploads\/2021\/06\/ono.jpg","contentUrl":"https:\/\/www.btv.md\/wp-content\/uploads\/2021\/06\/ono.jpg","width":1920,"height":1080},{"@type":"WebSite","@id":"https:\/\/www.btv.md\/#website","url":"https:\/\/www.btv.md\/","name":"BTV","description":"\u0411\u0435\u043b\u044c\u0446\u043a\u043e\u0435 \u0442\u0435\u043b\u0435\u0432\u0438\u0434\u0435\u043d\u0438\u0435","potentialAction":[{"@type":"SearchAction","target":{"@type":"EntryPoint","urlTemplate":"https:\/\/www.btv.md\/?s={search_term_string}"},"query-input":{"@type":"PropertyValueSpecification","valueRequired":true,"valueName":"search_term_string"}}],"inLanguage":"ro-RO"},{"@type":"Person","@id":"https:\/\/www.btv.md\/#\/schema\/person\/8fadce81561b3ce2c34c46dadc4ccbf2","name":"admin"}]}},"_links":{"self":[{"href":"https:\/\/www.btv.md\/ro\/wp-json\/wp\/v2\/posts\/131006","targetHints":{"allow":["GET"]}}],"collection":[{"href":"https:\/\/www.btv.md\/ro\/wp-json\/wp\/v2\/posts"}],"about":[{"href":"https:\/\/www.btv.md\/ro\/wp-json\/wp\/v2\/types\/post"}],"author":[{"embeddable":true,"href":"https:\/\/www.btv.md\/ro\/wp-json\/wp\/v2\/users\/4"}],"replies":[{"embeddable":true,"href":"https:\/\/www.btv.md\/ro\/wp-json\/wp\/v2\/comments?post=131006"}],"version-history":[{"count":0,"href":"https:\/\/www.btv.md\/ro\/wp-json\/wp\/v2\/posts\/131006\/revisions"}],"wp:featuredmedia":[{"embeddable":true,"href":"https:\/\/www.btv.md\/ro\/wp-json\/wp\/v2\/media\/131007"}],"wp:attachment":[{"href":"https:\/\/www.btv.md\/ro\/wp-json\/wp\/v2\/media?parent=131006"}],"wp:term":[{"taxonomy":"category","embeddable":true,"href":"https:\/\/www.btv.md\/ro\/wp-json\/wp\/v2\/categories?post=131006"},{"taxonomy":"post_tag","embeddable":true,"href":"https:\/\/www.btv.md\/ro\/wp-json\/wp\/v2\/tags?post=131006"}],"curies":[{"name":"wp","href":"https:\/\/api.w.org\/{rel}","templated":true}]}}