{"id":131010,"date":"2021-06-07T17:58:19","date_gmt":"2021-06-07T14:58:19","guid":{"rendered":"https:\/\/www.btv.md\/?p=131010"},"modified":"2021-06-07T17:58:19","modified_gmt":"2021-06-07T14:58:19","slug":"baltenii-pot-beneficia-de-servicii-medicale-gratuite-in-cadrul-unui-centru-al-medicilor-de-familie-privat","status":"publish","type":"post","link":"https:\/\/www.btv.md\/ro\/baltenii-pot-beneficia-de-servicii-medicale-gratuite-in-cadrul-unui-centru-al-medicilor-de-familie-privat\/","title":{"rendered":"B\u0103l\u021benii pot beneficia de servicii medicale gratuite \u00een cadrul unui centru al medicilor de familie privat"},"content":{"rendered":"<p><strong>Serviciile medicale prestate de medicii de familie priva\u021bi, \u00a0pot fi gratuite, dac\u0103 \u00eencheia\u021bi un acord cu o clinic\u0103 privat\u0103 din ora\u0219. De aceast\u0103 oportunitate pot beneficia, doar persoanele asigurate, deoarece plata pentru consulta\u021bii este compensat\u0103 ulteriror de c\u0103tre\u00a0 Fondul Na\u021bional de Asigur\u0103ri \u00een Medicin\u0103. \u0218efa sec\u021biei de s\u0103n\u0103tate, \u00a0Feodora Rodiucova a declarat c\u0103 municipiul B\u0103l\u021bi se confrunt\u0103 cu o lips\u0103 acut\u0103 de personal medical. Pentru moment ora\u0219ul are nevoie de peste 90 de medici de familie. \u00cen unele sectoare, precum B\u0103l\u021biul Nou, situa\u021bia este \u0219i mai dificil\u0103, unde nu exist\u0103 nici o institu\u021bie medical\u0103.<\/strong><\/p>\n<p><iframe style=\"border: none; overflow: hidden;\" data-src=\"https:\/\/www.facebook.com\/plugins\/video.php?height=314&amp;href=https%3A%2F%2Fwww.facebook.com%2Fbtvmoldova%2Fvideos%2F856591378294230%2F&amp;show_text=false&amp;width=560&amp;t=0\" width=\"560\" height=\"314\" frameborder=\"0\" scrolling=\"no\" allowfullscreen=\"allowfullscreen\" src=\"data:image\/svg+xml;base64,PHN2ZyB3aWR0aD0iMSIgaGVpZ2h0PSIxIiB4bWxucz0iaHR0cDovL3d3dy53My5vcmcvMjAwMC9zdmciPjwvc3ZnPg==\" class=\"lazyload\" data-load-mode=\"1\"><\/iframe><\/p>\n<p>\u00cen cur\u00e2nd \u00een municipiul B\u0103l\u021bi, va fi inaugurat un centru privat al medicilor de familie, care va presta servicii contra plat\u0103 \u0219i unele gratuite. Centrul Sf. Panteleimon \u00ee\u0219i desf\u0103\u0219oara activitatea, \u00een special pentru locuitorii sectorului B\u0103l\u021biul Nou, fiecare cet\u0103\u021bean asigurat din B\u0103l\u021bi poate beneficia de servicii gratuite, \u00een baza unui acord individual cu centrul medical.<\/p>\n<p>Semion \u021aurcan, directorul Centrului Sf. Panteleimon, consider\u0103 c\u0103 situa\u021bia epidemiologic\u0103 din \u021bar\u0103 nu ar trebui s\u0103 afecteze calitatea prest\u0103rii serviciilor de asisten\u021b\u0103 medical\u0103. Institu\u021bia Medical\u0103 va sprijini activitatea clinicilor de stat, care sunt sub o presiune enorm\u0103 din cauza pandemiei.<\/p>\n","protected":false},"excerpt":{"rendered":"<p>Serviciile medicale prestate de medicii de familie priva\u021bi, \u00a0pot fi gratuite, dac\u0103 \u00eencheia\u021bi un acord cu o clinic\u0103 privat\u0103 din ora\u0219. De aceast\u0103 oportunitate pot beneficia, doar persoanele asigurate, deoarece plata pentru consulta\u021bii este compensat\u0103 ulteriror de c\u0103tre\u00a0 Fondul Na\u021bional de Asigur\u0103ri \u00een Medicin\u0103. \u0218efa sec\u021biei de s\u0103n\u0103tate, \u00a0Feodora Rodiucova a declarat c\u0103 municipiul B\u0103l\u021bi [&hellip;]<\/p>\n","protected":false},"author":4,"featured_media":131011,"comment_status":"closed","ping_status":"closed","sticky":false,"template":"","format":"standard","meta":{"footnotes":""},"categories":[6353],"tags":[26165],"class_list":["post-131010","post","type-post","status-publish","format-standard","has-post-thumbnail","hentry","category-oras","tag-baltenii-pot-beneficia-de-servicii-medicale-gratuite-in-cadrul-unui-centru-al-medicilor-de-familie-privat"],"yoast_head":"<!-- This site is optimized with the Yoast SEO plugin v27.4 - https:\/\/yoast.com\/product\/yoast-seo-wordpress\/ -->\n<title>B\u0103l\u021benii pot beneficia de servicii medicale gratuite \u00een cadrul unui centru al medicilor de familie privat - BTV<\/title>\n<meta name=\"robots\" content=\"index, follow, max-snippet:-1, max-image-preview:large, max-video-preview:-1\" \/>\n<link rel=\"canonical\" href=\"https:\/\/www.btv.md\/ro\/baltenii-pot-beneficia-de-servicii-medicale-gratuite-in-cadrul-unui-centru-al-medicilor-de-familie-privat\/\" \/>\n<meta property=\"og:locale\" content=\"ro_RO\" \/>\n<meta property=\"og:type\" content=\"article\" \/>\n<meta property=\"og:title\" content=\"B\u0103l\u021benii pot beneficia de servicii medicale gratuite \u00een cadrul unui centru al medicilor de familie privat - BTV\" \/>\n<meta property=\"og:description\" content=\"Serviciile medicale prestate de medicii de familie priva\u021bi, \u00a0pot fi gratuite, dac\u0103 \u00eencheia\u021bi un acord cu o clinic\u0103 privat\u0103 din ora\u0219. De aceast\u0103 oportunitate pot beneficia, doar persoanele asigurate, deoarece plata pentru consulta\u021bii este compensat\u0103 ulteriror de c\u0103tre\u00a0 Fondul Na\u021bional de Asigur\u0103ri \u00een Medicin\u0103. \u0218efa sec\u021biei de s\u0103n\u0103tate, \u00a0Feodora Rodiucova a declarat c\u0103 municipiul B\u0103l\u021bi [&hellip;]\" \/>\n<meta property=\"og:url\" content=\"https:\/\/www.btv.md\/ro\/baltenii-pot-beneficia-de-servicii-medicale-gratuite-in-cadrul-unui-centru-al-medicilor-de-familie-privat\/\" \/>\n<meta property=\"og:site_name\" content=\"BTV\" \/>\n<meta property=\"article:publisher\" content=\"https:\/\/www.facebook.com\/btvmoldova\/\" \/>\n<meta property=\"article:published_time\" content=\"2021-06-07T14:58:19+00:00\" \/>\n<meta property=\"og:image\" content=\"https:\/\/www.btv.md\/wp-content\/uploads\/2021\/06\/pant2.jpg\" \/>\n\t<meta property=\"og:image:width\" content=\"1920\" \/>\n\t<meta property=\"og:image:height\" content=\"1080\" \/>\n\t<meta property=\"og:image:type\" content=\"image\/jpeg\" \/>\n<meta name=\"author\" content=\"admin\" \/>\n<meta name=\"twitter:label1\" content=\"Scris de\" \/>\n\t<meta name=\"twitter:data1\" content=\"admin\" \/>\n\t<meta name=\"twitter:label2\" content=\"Timp estimat pentru citire\" \/>\n\t<meta name=\"twitter:data2\" content=\"1 minut\" \/>\n<script type=\"application\/ld+json\" class=\"yoast-schema-graph\">{\"@context\":\"https:\\\/\\\/schema.org\",\"@graph\":[{\"@type\":\"Article\",\"@id\":\"https:\\\/\\\/www.btv.md\\\/ro\\\/baltenii-pot-beneficia-de-servicii-medicale-gratuite-in-cadrul-unui-centru-al-medicilor-de-familie-privat\\\/#article\",\"isPartOf\":{\"@id\":\"https:\\\/\\\/www.btv.md\\\/ro\\\/baltenii-pot-beneficia-de-servicii-medicale-gratuite-in-cadrul-unui-centru-al-medicilor-de-familie-privat\\\/\"},\"author\":{\"name\":\"admin\",\"@id\":\"https:\\\/\\\/www.btv.md\\\/#\\\/schema\\\/person\\\/8fadce81561b3ce2c34c46dadc4ccbf2\"},\"headline\":\"B\u0103l\u021benii pot beneficia de servicii medicale gratuite \u00een cadrul unui centru al medicilor de familie privat\",\"datePublished\":\"2021-06-07T14:58:19+00:00\",\"mainEntityOfPage\":{\"@id\":\"https:\\\/\\\/www.btv.md\\\/ro\\\/baltenii-pot-beneficia-de-servicii-medicale-gratuite-in-cadrul-unui-centru-al-medicilor-de-familie-privat\\\/\"},\"wordCount\":234,\"image\":{\"@id\":\"https:\\\/\\\/www.btv.md\\\/ro\\\/baltenii-pot-beneficia-de-servicii-medicale-gratuite-in-cadrul-unui-centru-al-medicilor-de-familie-privat\\\/#primaryimage\"},\"thumbnailUrl\":\"https:\\\/\\\/www.btv.md\\\/wp-content\\\/uploads\\\/2021\\\/06\\\/pant2.jpg\",\"keywords\":[\"B\u0103l\u021benii pot beneficia de servicii medicale gratuite \u00een cadrul unui centru al medicilor de familie privat\"],\"articleSection\":[\"Ora\u0219\"],\"inLanguage\":\"ro-RO\"},{\"@type\":\"WebPage\",\"@id\":\"https:\\\/\\\/www.btv.md\\\/ro\\\/baltenii-pot-beneficia-de-servicii-medicale-gratuite-in-cadrul-unui-centru-al-medicilor-de-familie-privat\\\/\",\"url\":\"https:\\\/\\\/www.btv.md\\\/ro\\\/baltenii-pot-beneficia-de-servicii-medicale-gratuite-in-cadrul-unui-centru-al-medicilor-de-familie-privat\\\/\",\"name\":\"B\u0103l\u021benii pot beneficia de servicii medicale gratuite \u00een cadrul unui centru al medicilor de familie privat - BTV\",\"isPartOf\":{\"@id\":\"https:\\\/\\\/www.btv.md\\\/#website\"},\"primaryImageOfPage\":{\"@id\":\"https:\\\/\\\/www.btv.md\\\/ro\\\/baltenii-pot-beneficia-de-servicii-medicale-gratuite-in-cadrul-unui-centru-al-medicilor-de-familie-privat\\\/#primaryimage\"},\"image\":{\"@id\":\"https:\\\/\\\/www.btv.md\\\/ro\\\/baltenii-pot-beneficia-de-servicii-medicale-gratuite-in-cadrul-unui-centru-al-medicilor-de-familie-privat\\\/#primaryimage\"},\"thumbnailUrl\":\"https:\\\/\\\/www.btv.md\\\/wp-content\\\/uploads\\\/2021\\\/06\\\/pant2.jpg\",\"datePublished\":\"2021-06-07T14:58:19+00:00\",\"author\":{\"@id\":\"https:\\\/\\\/www.btv.md\\\/#\\\/schema\\\/person\\\/8fadce81561b3ce2c34c46dadc4ccbf2\"},\"inLanguage\":\"ro-RO\",\"potentialAction\":[{\"@type\":\"ReadAction\",\"target\":[\"https:\\\/\\\/www.btv.md\\\/ro\\\/baltenii-pot-beneficia-de-servicii-medicale-gratuite-in-cadrul-unui-centru-al-medicilor-de-familie-privat\\\/\"]}]},{\"@type\":\"ImageObject\",\"inLanguage\":\"ro-RO\",\"@id\":\"https:\\\/\\\/www.btv.md\\\/ro\\\/baltenii-pot-beneficia-de-servicii-medicale-gratuite-in-cadrul-unui-centru-al-medicilor-de-familie-privat\\\/#primaryimage\",\"url\":\"https:\\\/\\\/www.btv.md\\\/wp-content\\\/uploads\\\/2021\\\/06\\\/pant2.jpg\",\"contentUrl\":\"https:\\\/\\\/www.btv.md\\\/wp-content\\\/uploads\\\/2021\\\/06\\\/pant2.jpg\",\"width\":1920,\"height\":1080},{\"@type\":\"WebSite\",\"@id\":\"https:\\\/\\\/www.btv.md\\\/#website\",\"url\":\"https:\\\/\\\/www.btv.md\\\/\",\"name\":\"BTV\",\"description\":\"\u0411\u0435\u043b\u044c\u0446\u043a\u043e\u0435 \u0442\u0435\u043b\u0435\u0432\u0438\u0434\u0435\u043d\u0438\u0435\",\"potentialAction\":[{\"@type\":\"SearchAction\",\"target\":{\"@type\":\"EntryPoint\",\"urlTemplate\":\"https:\\\/\\\/www.btv.md\\\/?s={search_term_string}\"},\"query-input\":{\"@type\":\"PropertyValueSpecification\",\"valueRequired\":true,\"valueName\":\"search_term_string\"}}],\"inLanguage\":\"ro-RO\"},{\"@type\":\"Person\",\"@id\":\"https:\\\/\\\/www.btv.md\\\/#\\\/schema\\\/person\\\/8fadce81561b3ce2c34c46dadc4ccbf2\",\"name\":\"admin\"}]}<\/script>\n<!-- \/ Yoast SEO plugin. -->","yoast_head_json":{"title":"B\u0103l\u021benii pot beneficia de servicii medicale gratuite \u00een cadrul unui centru al medicilor de familie privat - BTV","robots":{"index":"index","follow":"follow","max-snippet":"max-snippet:-1","max-image-preview":"max-image-preview:large","max-video-preview":"max-video-preview:-1"},"canonical":"https:\/\/www.btv.md\/ro\/baltenii-pot-beneficia-de-servicii-medicale-gratuite-in-cadrul-unui-centru-al-medicilor-de-familie-privat\/","og_locale":"ro_RO","og_type":"article","og_title":"B\u0103l\u021benii pot beneficia de servicii medicale gratuite \u00een cadrul unui centru al medicilor de familie privat - BTV","og_description":"Serviciile medicale prestate de medicii de familie priva\u021bi, \u00a0pot fi gratuite, dac\u0103 \u00eencheia\u021bi un acord cu o clinic\u0103 privat\u0103 din ora\u0219. De aceast\u0103 oportunitate pot beneficia, doar persoanele asigurate, deoarece plata pentru consulta\u021bii este compensat\u0103 ulteriror de c\u0103tre\u00a0 Fondul Na\u021bional de Asigur\u0103ri \u00een Medicin\u0103. \u0218efa sec\u021biei de s\u0103n\u0103tate, \u00a0Feodora Rodiucova a declarat c\u0103 municipiul B\u0103l\u021bi [&hellip;]","og_url":"https:\/\/www.btv.md\/ro\/baltenii-pot-beneficia-de-servicii-medicale-gratuite-in-cadrul-unui-centru-al-medicilor-de-familie-privat\/","og_site_name":"BTV","article_publisher":"https:\/\/www.facebook.com\/btvmoldova\/","article_published_time":"2021-06-07T14:58:19+00:00","og_image":[{"width":1920,"height":1080,"url":"https:\/\/www.btv.md\/wp-content\/uploads\/2021\/06\/pant2.jpg","type":"image\/jpeg"}],"author":"admin","twitter_misc":{"Scris de":"admin","Timp estimat pentru citire":"1 minut"},"schema":{"@context":"https:\/\/schema.org","@graph":[{"@type":"Article","@id":"https:\/\/www.btv.md\/ro\/baltenii-pot-beneficia-de-servicii-medicale-gratuite-in-cadrul-unui-centru-al-medicilor-de-familie-privat\/#article","isPartOf":{"@id":"https:\/\/www.btv.md\/ro\/baltenii-pot-beneficia-de-servicii-medicale-gratuite-in-cadrul-unui-centru-al-medicilor-de-familie-privat\/"},"author":{"name":"admin","@id":"https:\/\/www.btv.md\/#\/schema\/person\/8fadce81561b3ce2c34c46dadc4ccbf2"},"headline":"B\u0103l\u021benii pot beneficia de servicii medicale gratuite \u00een cadrul unui centru al medicilor de familie privat","datePublished":"2021-06-07T14:58:19+00:00","mainEntityOfPage":{"@id":"https:\/\/www.btv.md\/ro\/baltenii-pot-beneficia-de-servicii-medicale-gratuite-in-cadrul-unui-centru-al-medicilor-de-familie-privat\/"},"wordCount":234,"image":{"@id":"https:\/\/www.btv.md\/ro\/baltenii-pot-beneficia-de-servicii-medicale-gratuite-in-cadrul-unui-centru-al-medicilor-de-familie-privat\/#primaryimage"},"thumbnailUrl":"https:\/\/www.btv.md\/wp-content\/uploads\/2021\/06\/pant2.jpg","keywords":["B\u0103l\u021benii pot beneficia de servicii medicale gratuite \u00een cadrul unui centru al medicilor de familie privat"],"articleSection":["Ora\u0219"],"inLanguage":"ro-RO"},{"@type":"WebPage","@id":"https:\/\/www.btv.md\/ro\/baltenii-pot-beneficia-de-servicii-medicale-gratuite-in-cadrul-unui-centru-al-medicilor-de-familie-privat\/","url":"https:\/\/www.btv.md\/ro\/baltenii-pot-beneficia-de-servicii-medicale-gratuite-in-cadrul-unui-centru-al-medicilor-de-familie-privat\/","name":"B\u0103l\u021benii pot beneficia de servicii medicale gratuite \u00een cadrul unui centru al medicilor de familie privat - BTV","isPartOf":{"@id":"https:\/\/www.btv.md\/#website"},"primaryImageOfPage":{"@id":"https:\/\/www.btv.md\/ro\/baltenii-pot-beneficia-de-servicii-medicale-gratuite-in-cadrul-unui-centru-al-medicilor-de-familie-privat\/#primaryimage"},"image":{"@id":"https:\/\/www.btv.md\/ro\/baltenii-pot-beneficia-de-servicii-medicale-gratuite-in-cadrul-unui-centru-al-medicilor-de-familie-privat\/#primaryimage"},"thumbnailUrl":"https:\/\/www.btv.md\/wp-content\/uploads\/2021\/06\/pant2.jpg","datePublished":"2021-06-07T14:58:19+00:00","author":{"@id":"https:\/\/www.btv.md\/#\/schema\/person\/8fadce81561b3ce2c34c46dadc4ccbf2"},"inLanguage":"ro-RO","potentialAction":[{"@type":"ReadAction","target":["https:\/\/www.btv.md\/ro\/baltenii-pot-beneficia-de-servicii-medicale-gratuite-in-cadrul-unui-centru-al-medicilor-de-familie-privat\/"]}]},{"@type":"ImageObject","inLanguage":"ro-RO","@id":"https:\/\/www.btv.md\/ro\/baltenii-pot-beneficia-de-servicii-medicale-gratuite-in-cadrul-unui-centru-al-medicilor-de-familie-privat\/#primaryimage","url":"https:\/\/www.btv.md\/wp-content\/uploads\/2021\/06\/pant2.jpg","contentUrl":"https:\/\/www.btv.md\/wp-content\/uploads\/2021\/06\/pant2.jpg","width":1920,"height":1080},{"@type":"WebSite","@id":"https:\/\/www.btv.md\/#website","url":"https:\/\/www.btv.md\/","name":"BTV","description":"\u0411\u0435\u043b\u044c\u0446\u043a\u043e\u0435 \u0442\u0435\u043b\u0435\u0432\u0438\u0434\u0435\u043d\u0438\u0435","potentialAction":[{"@type":"SearchAction","target":{"@type":"EntryPoint","urlTemplate":"https:\/\/www.btv.md\/?s={search_term_string}"},"query-input":{"@type":"PropertyValueSpecification","valueRequired":true,"valueName":"search_term_string"}}],"inLanguage":"ro-RO"},{"@type":"Person","@id":"https:\/\/www.btv.md\/#\/schema\/person\/8fadce81561b3ce2c34c46dadc4ccbf2","name":"admin"}]}},"_links":{"self":[{"href":"https:\/\/www.btv.md\/ro\/wp-json\/wp\/v2\/posts\/131010","targetHints":{"allow":["GET"]}}],"collection":[{"href":"https:\/\/www.btv.md\/ro\/wp-json\/wp\/v2\/posts"}],"about":[{"href":"https:\/\/www.btv.md\/ro\/wp-json\/wp\/v2\/types\/post"}],"author":[{"embeddable":true,"href":"https:\/\/www.btv.md\/ro\/wp-json\/wp\/v2\/users\/4"}],"replies":[{"embeddable":true,"href":"https:\/\/www.btv.md\/ro\/wp-json\/wp\/v2\/comments?post=131010"}],"version-history":[{"count":0,"href":"https:\/\/www.btv.md\/ro\/wp-json\/wp\/v2\/posts\/131010\/revisions"}],"wp:featuredmedia":[{"embeddable":true,"href":"https:\/\/www.btv.md\/ro\/wp-json\/wp\/v2\/media\/131011"}],"wp:attachment":[{"href":"https:\/\/www.btv.md\/ro\/wp-json\/wp\/v2\/media?parent=131010"}],"wp:term":[{"taxonomy":"category","embeddable":true,"href":"https:\/\/www.btv.md\/ro\/wp-json\/wp\/v2\/categories?post=131010"},{"taxonomy":"post_tag","embeddable":true,"href":"https:\/\/www.btv.md\/ro\/wp-json\/wp\/v2\/tags?post=131010"}],"curies":[{"name":"wp","href":"https:\/\/api.w.org\/{rel}","templated":true}]}}