{"id":131018,"date":"2021-06-07T18:30:02","date_gmt":"2021-06-07T15:30:02","guid":{"rendered":"https:\/\/www.btv.md\/?p=131018"},"modified":"2021-06-07T18:30:02","modified_gmt":"2021-06-07T15:30:02","slug":"zeci-de-comercianti-din-balti-au-protestat-de-frica-ca-vor-fi-dati-afara-din-magazinul-unic","status":"publish","type":"post","link":"https:\/\/www.btv.md\/ro\/zeci-de-comercianti-din-balti-au-protestat-de-frica-ca-vor-fi-dati-afara-din-magazinul-unic\/","title":{"rendered":"Zeci de comercian\u021bi din B\u0103l\u021bi, au protestat de frica c\u0103 vor fi da\u021bi afar\u0103 din magazinul UNIC"},"content":{"rendered":"<p><strong>Zeci de comercian\u021bi ai magazinului Unic din B\u0103l\u021bi au ie\u0219it la protest \u00een fa\u021ba prim\u0103riei. Acestora le este fric\u0103, c\u0103 \u00eencep\u00e2nd cu luna august, ar putea fi da\u021bi afar\u0103 din incinta centrului comercial, \u00een care ar urma s\u0103 \u00eenceap\u0103 lucr\u0103ri de reconstruc\u021bie. De\u0219i contractele de arend\u0103 ar fi valabile p\u00e2n\u0103 \u00een 2022, administra\u021bia \u00eei oblig\u0103 pe v\u00e2nz\u0103tori s\u0103 rezilieze contractele. A\u0219a cum proprietarii sunt de neg\u0103sit, oamenii au venit s\u0103 cear\u0103 ajutor de la autorit\u0103\u021bile locale.<\/strong><\/p>\n<p><a href=\"http:\/\/iframe%20src=https:\/\/www.facebook.com\/plugins\/video.php?height=314&amp;href=https%3A%2F%2Fwww.facebook.com%2Fbtvmoldova%2Fvideos%2F221735839555013%2F&amp;show_text=false&amp;width=560&amp;t=0%20width=560%20height=314%20style=border:none;overflow:hidden%20scrolling=no%20frameborder=0%20allowfullscreen=true%20allow=autoplay;%20clipboard-write;%20encrypted-media;%20picture-in-picture;%20web-share%20allowFullScreen=true\/iframe\"><iframe style=\"border: none; overflow: hidden;\" data-src=\"https:\/\/www.facebook.com\/plugins\/video.php?height=314&amp;href=https%3A%2F%2Fwww.facebook.com%2Fbtvmoldova%2Fvideos%2F221735839555013%2F&amp;show_text=false&amp;width=560&amp;t=0\" width=\"560\" height=\"314\" frameborder=\"0\" scrolling=\"no\" allowfullscreen=\"allowfullscreen\" src=\"data:image\/svg+xml;base64,PHN2ZyB3aWR0aD0iMSIgaGVpZ2h0PSIxIiB4bWxucz0iaHR0cDovL3d3dy53My5vcmcvMjAwMC9zdmciPjwvc3ZnPg==\" class=\"lazyload\" data-load-mode=\"1\"><\/iframe><\/a><\/p>\n<p>Oamenii cer un r\u0103gaz jum\u0103tate de an pentru a-\u0219i putea g\u0103si alte locuri, unde s\u0103-\u0219i v\u00e2nd\u0103 m\u0103rfurile.<\/p>\n<p>Administra\u021bia local\u0103 a promis oamenilor, c\u0103 nu va emite nici un document pentru a permite careva lucr\u0103ri de reconstruc\u021bie, p\u00e2n\u0103 nu v-a fi g\u0103sit\u0103 vreo solu\u021bie.<\/p>\n<p>\u00cen centrul comercial Unic, lucreaz\u0103 peste 250 de oameni.<\/p>\n","protected":false},"excerpt":{"rendered":"<p>Zeci de comercian\u021bi ai magazinului Unic din B\u0103l\u021bi au ie\u0219it la protest \u00een fa\u021ba prim\u0103riei. Acestora le este fric\u0103, c\u0103 \u00eencep\u00e2nd cu luna august, ar putea fi da\u021bi afar\u0103 din incinta centrului comercial, \u00een care ar urma s\u0103 \u00eenceap\u0103 lucr\u0103ri de reconstruc\u021bie. De\u0219i contractele de arend\u0103 ar fi valabile p\u00e2n\u0103 \u00een 2022, administra\u021bia \u00eei oblig\u0103 [&hellip;]<\/p>\n","protected":false},"author":4,"featured_media":131019,"comment_status":"closed","ping_status":"closed","sticky":false,"template":"","format":"standard","meta":{"footnotes":""},"categories":[6353],"tags":[26168,26167],"class_list":["post-131018","post","type-post","status-publish","format-standard","has-post-thumbnail","hentry","category-oras","tag-au-protestat-de-frica-ca-vor-fi-dati-afara-din-magazinul-unic","tag-zeci-de-comercianti-din-balti"],"yoast_head":"<!-- This site is optimized with the Yoast SEO plugin v27.4 - https:\/\/yoast.com\/product\/yoast-seo-wordpress\/ -->\n<title>Zeci de comercian\u021bi din B\u0103l\u021bi, au protestat de frica c\u0103 vor fi da\u021bi afar\u0103 din magazinul UNIC - BTV<\/title>\n<meta name=\"robots\" content=\"index, follow, max-snippet:-1, max-image-preview:large, max-video-preview:-1\" \/>\n<link rel=\"canonical\" href=\"https:\/\/www.btv.md\/ro\/zeci-de-comercianti-din-balti-au-protestat-de-frica-ca-vor-fi-dati-afara-din-magazinul-unic\/\" \/>\n<meta property=\"og:locale\" content=\"ro_RO\" \/>\n<meta property=\"og:type\" content=\"article\" \/>\n<meta property=\"og:title\" content=\"Zeci de comercian\u021bi din B\u0103l\u021bi, au protestat de frica c\u0103 vor fi da\u021bi afar\u0103 din magazinul UNIC - BTV\" \/>\n<meta property=\"og:description\" content=\"Zeci de comercian\u021bi ai magazinului Unic din B\u0103l\u021bi au ie\u0219it la protest \u00een fa\u021ba prim\u0103riei. Acestora le este fric\u0103, c\u0103 \u00eencep\u00e2nd cu luna august, ar putea fi da\u021bi afar\u0103 din incinta centrului comercial, \u00een care ar urma s\u0103 \u00eenceap\u0103 lucr\u0103ri de reconstruc\u021bie. De\u0219i contractele de arend\u0103 ar fi valabile p\u00e2n\u0103 \u00een 2022, administra\u021bia \u00eei oblig\u0103 [&hellip;]\" \/>\n<meta property=\"og:url\" content=\"https:\/\/www.btv.md\/ro\/zeci-de-comercianti-din-balti-au-protestat-de-frica-ca-vor-fi-dati-afara-din-magazinul-unic\/\" \/>\n<meta property=\"og:site_name\" content=\"BTV\" \/>\n<meta property=\"article:publisher\" content=\"https:\/\/www.facebook.com\/btvmoldova\/\" \/>\n<meta property=\"article:published_time\" content=\"2021-06-07T15:30:02+00:00\" \/>\n<meta property=\"og:image\" content=\"https:\/\/www.btv.md\/wp-content\/uploads\/2021\/06\/uni.jpg\" \/>\n\t<meta property=\"og:image:width\" content=\"1920\" \/>\n\t<meta property=\"og:image:height\" content=\"1080\" \/>\n\t<meta property=\"og:image:type\" content=\"image\/jpeg\" \/>\n<meta name=\"author\" content=\"admin\" \/>\n<meta name=\"twitter:label1\" content=\"Scris de\" \/>\n\t<meta name=\"twitter:data1\" content=\"admin\" \/>\n\t<meta name=\"twitter:label2\" content=\"Timp estimat pentru citire\" \/>\n\t<meta name=\"twitter:data2\" content=\"1 minut\" \/>\n<script type=\"application\/ld+json\" class=\"yoast-schema-graph\">{\"@context\":\"https:\\\/\\\/schema.org\",\"@graph\":[{\"@type\":\"Article\",\"@id\":\"https:\\\/\\\/www.btv.md\\\/ro\\\/zeci-de-comercianti-din-balti-au-protestat-de-frica-ca-vor-fi-dati-afara-din-magazinul-unic\\\/#article\",\"isPartOf\":{\"@id\":\"https:\\\/\\\/www.btv.md\\\/ro\\\/zeci-de-comercianti-din-balti-au-protestat-de-frica-ca-vor-fi-dati-afara-din-magazinul-unic\\\/\"},\"author\":{\"name\":\"admin\",\"@id\":\"https:\\\/\\\/www.btv.md\\\/#\\\/schema\\\/person\\\/8fadce81561b3ce2c34c46dadc4ccbf2\"},\"headline\":\"Zeci de comercian\u021bi din B\u0103l\u021bi, au protestat de frica c\u0103 vor fi da\u021bi afar\u0103 din magazinul UNIC\",\"datePublished\":\"2021-06-07T15:30:02+00:00\",\"mainEntityOfPage\":{\"@id\":\"https:\\\/\\\/www.btv.md\\\/ro\\\/zeci-de-comercianti-din-balti-au-protestat-de-frica-ca-vor-fi-dati-afara-din-magazinul-unic\\\/\"},\"wordCount\":179,\"image\":{\"@id\":\"https:\\\/\\\/www.btv.md\\\/ro\\\/zeci-de-comercianti-din-balti-au-protestat-de-frica-ca-vor-fi-dati-afara-din-magazinul-unic\\\/#primaryimage\"},\"thumbnailUrl\":\"https:\\\/\\\/www.btv.md\\\/wp-content\\\/uploads\\\/2021\\\/06\\\/uni.jpg\",\"keywords\":[\"au protestat de frica c\u0103 vor fi da\u021bi afar\u0103 din magazinul UNIC\",\"Zeci de comercian\u021bi din B\u0103l\u021bi\"],\"articleSection\":[\"Ora\u0219\"],\"inLanguage\":\"ro-RO\"},{\"@type\":\"WebPage\",\"@id\":\"https:\\\/\\\/www.btv.md\\\/ro\\\/zeci-de-comercianti-din-balti-au-protestat-de-frica-ca-vor-fi-dati-afara-din-magazinul-unic\\\/\",\"url\":\"https:\\\/\\\/www.btv.md\\\/ro\\\/zeci-de-comercianti-din-balti-au-protestat-de-frica-ca-vor-fi-dati-afara-din-magazinul-unic\\\/\",\"name\":\"Zeci de comercian\u021bi din B\u0103l\u021bi, au protestat de frica c\u0103 vor fi da\u021bi afar\u0103 din magazinul UNIC - BTV\",\"isPartOf\":{\"@id\":\"https:\\\/\\\/www.btv.md\\\/#website\"},\"primaryImageOfPage\":{\"@id\":\"https:\\\/\\\/www.btv.md\\\/ro\\\/zeci-de-comercianti-din-balti-au-protestat-de-frica-ca-vor-fi-dati-afara-din-magazinul-unic\\\/#primaryimage\"},\"image\":{\"@id\":\"https:\\\/\\\/www.btv.md\\\/ro\\\/zeci-de-comercianti-din-balti-au-protestat-de-frica-ca-vor-fi-dati-afara-din-magazinul-unic\\\/#primaryimage\"},\"thumbnailUrl\":\"https:\\\/\\\/www.btv.md\\\/wp-content\\\/uploads\\\/2021\\\/06\\\/uni.jpg\",\"datePublished\":\"2021-06-07T15:30:02+00:00\",\"author\":{\"@id\":\"https:\\\/\\\/www.btv.md\\\/#\\\/schema\\\/person\\\/8fadce81561b3ce2c34c46dadc4ccbf2\"},\"inLanguage\":\"ro-RO\",\"potentialAction\":[{\"@type\":\"ReadAction\",\"target\":[\"https:\\\/\\\/www.btv.md\\\/ro\\\/zeci-de-comercianti-din-balti-au-protestat-de-frica-ca-vor-fi-dati-afara-din-magazinul-unic\\\/\"]}]},{\"@type\":\"ImageObject\",\"inLanguage\":\"ro-RO\",\"@id\":\"https:\\\/\\\/www.btv.md\\\/ro\\\/zeci-de-comercianti-din-balti-au-protestat-de-frica-ca-vor-fi-dati-afara-din-magazinul-unic\\\/#primaryimage\",\"url\":\"https:\\\/\\\/www.btv.md\\\/wp-content\\\/uploads\\\/2021\\\/06\\\/uni.jpg\",\"contentUrl\":\"https:\\\/\\\/www.btv.md\\\/wp-content\\\/uploads\\\/2021\\\/06\\\/uni.jpg\",\"width\":1920,\"height\":1080},{\"@type\":\"WebSite\",\"@id\":\"https:\\\/\\\/www.btv.md\\\/#website\",\"url\":\"https:\\\/\\\/www.btv.md\\\/\",\"name\":\"BTV\",\"description\":\"\u0411\u0435\u043b\u044c\u0446\u043a\u043e\u0435 \u0442\u0435\u043b\u0435\u0432\u0438\u0434\u0435\u043d\u0438\u0435\",\"potentialAction\":[{\"@type\":\"SearchAction\",\"target\":{\"@type\":\"EntryPoint\",\"urlTemplate\":\"https:\\\/\\\/www.btv.md\\\/?s={search_term_string}\"},\"query-input\":{\"@type\":\"PropertyValueSpecification\",\"valueRequired\":true,\"valueName\":\"search_term_string\"}}],\"inLanguage\":\"ro-RO\"},{\"@type\":\"Person\",\"@id\":\"https:\\\/\\\/www.btv.md\\\/#\\\/schema\\\/person\\\/8fadce81561b3ce2c34c46dadc4ccbf2\",\"name\":\"admin\"}]}<\/script>\n<!-- \/ Yoast SEO plugin. -->","yoast_head_json":{"title":"Zeci de comercian\u021bi din B\u0103l\u021bi, au protestat de frica c\u0103 vor fi da\u021bi afar\u0103 din magazinul UNIC - BTV","robots":{"index":"index","follow":"follow","max-snippet":"max-snippet:-1","max-image-preview":"max-image-preview:large","max-video-preview":"max-video-preview:-1"},"canonical":"https:\/\/www.btv.md\/ro\/zeci-de-comercianti-din-balti-au-protestat-de-frica-ca-vor-fi-dati-afara-din-magazinul-unic\/","og_locale":"ro_RO","og_type":"article","og_title":"Zeci de comercian\u021bi din B\u0103l\u021bi, au protestat de frica c\u0103 vor fi da\u021bi afar\u0103 din magazinul UNIC - BTV","og_description":"Zeci de comercian\u021bi ai magazinului Unic din B\u0103l\u021bi au ie\u0219it la protest \u00een fa\u021ba prim\u0103riei. Acestora le este fric\u0103, c\u0103 \u00eencep\u00e2nd cu luna august, ar putea fi da\u021bi afar\u0103 din incinta centrului comercial, \u00een care ar urma s\u0103 \u00eenceap\u0103 lucr\u0103ri de reconstruc\u021bie. De\u0219i contractele de arend\u0103 ar fi valabile p\u00e2n\u0103 \u00een 2022, administra\u021bia \u00eei oblig\u0103 [&hellip;]","og_url":"https:\/\/www.btv.md\/ro\/zeci-de-comercianti-din-balti-au-protestat-de-frica-ca-vor-fi-dati-afara-din-magazinul-unic\/","og_site_name":"BTV","article_publisher":"https:\/\/www.facebook.com\/btvmoldova\/","article_published_time":"2021-06-07T15:30:02+00:00","og_image":[{"width":1920,"height":1080,"url":"https:\/\/www.btv.md\/wp-content\/uploads\/2021\/06\/uni.jpg","type":"image\/jpeg"}],"author":"admin","twitter_misc":{"Scris de":"admin","Timp estimat pentru citire":"1 minut"},"schema":{"@context":"https:\/\/schema.org","@graph":[{"@type":"Article","@id":"https:\/\/www.btv.md\/ro\/zeci-de-comercianti-din-balti-au-protestat-de-frica-ca-vor-fi-dati-afara-din-magazinul-unic\/#article","isPartOf":{"@id":"https:\/\/www.btv.md\/ro\/zeci-de-comercianti-din-balti-au-protestat-de-frica-ca-vor-fi-dati-afara-din-magazinul-unic\/"},"author":{"name":"admin","@id":"https:\/\/www.btv.md\/#\/schema\/person\/8fadce81561b3ce2c34c46dadc4ccbf2"},"headline":"Zeci de comercian\u021bi din B\u0103l\u021bi, au protestat de frica c\u0103 vor fi da\u021bi afar\u0103 din magazinul UNIC","datePublished":"2021-06-07T15:30:02+00:00","mainEntityOfPage":{"@id":"https:\/\/www.btv.md\/ro\/zeci-de-comercianti-din-balti-au-protestat-de-frica-ca-vor-fi-dati-afara-din-magazinul-unic\/"},"wordCount":179,"image":{"@id":"https:\/\/www.btv.md\/ro\/zeci-de-comercianti-din-balti-au-protestat-de-frica-ca-vor-fi-dati-afara-din-magazinul-unic\/#primaryimage"},"thumbnailUrl":"https:\/\/www.btv.md\/wp-content\/uploads\/2021\/06\/uni.jpg","keywords":["au protestat de frica c\u0103 vor fi da\u021bi afar\u0103 din magazinul UNIC","Zeci de comercian\u021bi din B\u0103l\u021bi"],"articleSection":["Ora\u0219"],"inLanguage":"ro-RO"},{"@type":"WebPage","@id":"https:\/\/www.btv.md\/ro\/zeci-de-comercianti-din-balti-au-protestat-de-frica-ca-vor-fi-dati-afara-din-magazinul-unic\/","url":"https:\/\/www.btv.md\/ro\/zeci-de-comercianti-din-balti-au-protestat-de-frica-ca-vor-fi-dati-afara-din-magazinul-unic\/","name":"Zeci de comercian\u021bi din B\u0103l\u021bi, au protestat de frica c\u0103 vor fi da\u021bi afar\u0103 din magazinul UNIC - BTV","isPartOf":{"@id":"https:\/\/www.btv.md\/#website"},"primaryImageOfPage":{"@id":"https:\/\/www.btv.md\/ro\/zeci-de-comercianti-din-balti-au-protestat-de-frica-ca-vor-fi-dati-afara-din-magazinul-unic\/#primaryimage"},"image":{"@id":"https:\/\/www.btv.md\/ro\/zeci-de-comercianti-din-balti-au-protestat-de-frica-ca-vor-fi-dati-afara-din-magazinul-unic\/#primaryimage"},"thumbnailUrl":"https:\/\/www.btv.md\/wp-content\/uploads\/2021\/06\/uni.jpg","datePublished":"2021-06-07T15:30:02+00:00","author":{"@id":"https:\/\/www.btv.md\/#\/schema\/person\/8fadce81561b3ce2c34c46dadc4ccbf2"},"inLanguage":"ro-RO","potentialAction":[{"@type":"ReadAction","target":["https:\/\/www.btv.md\/ro\/zeci-de-comercianti-din-balti-au-protestat-de-frica-ca-vor-fi-dati-afara-din-magazinul-unic\/"]}]},{"@type":"ImageObject","inLanguage":"ro-RO","@id":"https:\/\/www.btv.md\/ro\/zeci-de-comercianti-din-balti-au-protestat-de-frica-ca-vor-fi-dati-afara-din-magazinul-unic\/#primaryimage","url":"https:\/\/www.btv.md\/wp-content\/uploads\/2021\/06\/uni.jpg","contentUrl":"https:\/\/www.btv.md\/wp-content\/uploads\/2021\/06\/uni.jpg","width":1920,"height":1080},{"@type":"WebSite","@id":"https:\/\/www.btv.md\/#website","url":"https:\/\/www.btv.md\/","name":"BTV","description":"\u0411\u0435\u043b\u044c\u0446\u043a\u043e\u0435 \u0442\u0435\u043b\u0435\u0432\u0438\u0434\u0435\u043d\u0438\u0435","potentialAction":[{"@type":"SearchAction","target":{"@type":"EntryPoint","urlTemplate":"https:\/\/www.btv.md\/?s={search_term_string}"},"query-input":{"@type":"PropertyValueSpecification","valueRequired":true,"valueName":"search_term_string"}}],"inLanguage":"ro-RO"},{"@type":"Person","@id":"https:\/\/www.btv.md\/#\/schema\/person\/8fadce81561b3ce2c34c46dadc4ccbf2","name":"admin"}]}},"_links":{"self":[{"href":"https:\/\/www.btv.md\/ro\/wp-json\/wp\/v2\/posts\/131018","targetHints":{"allow":["GET"]}}],"collection":[{"href":"https:\/\/www.btv.md\/ro\/wp-json\/wp\/v2\/posts"}],"about":[{"href":"https:\/\/www.btv.md\/ro\/wp-json\/wp\/v2\/types\/post"}],"author":[{"embeddable":true,"href":"https:\/\/www.btv.md\/ro\/wp-json\/wp\/v2\/users\/4"}],"replies":[{"embeddable":true,"href":"https:\/\/www.btv.md\/ro\/wp-json\/wp\/v2\/comments?post=131018"}],"version-history":[{"count":0,"href":"https:\/\/www.btv.md\/ro\/wp-json\/wp\/v2\/posts\/131018\/revisions"}],"wp:featuredmedia":[{"embeddable":true,"href":"https:\/\/www.btv.md\/ro\/wp-json\/wp\/v2\/media\/131019"}],"wp:attachment":[{"href":"https:\/\/www.btv.md\/ro\/wp-json\/wp\/v2\/media?parent=131018"}],"wp:term":[{"taxonomy":"category","embeddable":true,"href":"https:\/\/www.btv.md\/ro\/wp-json\/wp\/v2\/categories?post=131018"},{"taxonomy":"post_tag","embeddable":true,"href":"https:\/\/www.btv.md\/ro\/wp-json\/wp\/v2\/tags?post=131018"}],"curies":[{"name":"wp","href":"https:\/\/api.w.org\/{rel}","templated":true}]}}