{"id":131022,"date":"2021-06-07T18:32:45","date_gmt":"2021-06-07T15:32:45","guid":{"rendered":"https:\/\/www.btv.md\/?p=131022"},"modified":"2021-06-07T18:32:45","modified_gmt":"2021-06-07T15:32:45","slug":"krasnoselski-intrebat-daca-se-mai-vede-lider-la-tiraspol","status":"publish","type":"post","link":"https:\/\/www.btv.md\/ro\/krasnoselski-intrebat-daca-se-mai-vede-lider-la-tiraspol\/","title":{"rendered":"Krasnoselski, \u00eentrebat dac\u0103 se mai vede lider la Tiraspol"},"content":{"rendered":"<p><strong>R\u0103spunz\u00e2nd la \u00eentrebarea ziarului &#8222;Pridnestrovie&#8221; despre planurile de a candida pentru al doilea mandat, el a spus c\u0103 &#8222;totul \u00ee\u015fi are timpul s\u0103u&#8221; \u015fi cu siguran\u0163\u0103 c\u0103 transnistrenii &#8222;vor afla personal de la el, dac\u0103 va fi luat\u0103 o asemenea decizie&#8221;, transmite\u00a0<a href=\"https:\/\/stiri.md\/article\/politica\/krasnoselski-intrebat-daca-se-mai-vede-lider-la-tiraspol\">\u0218tiri.md<\/a>.<\/strong><\/p>\n<p>&#8222;P\u00e2n\u0103 acum pot spune un singur lucru: echipa actual\u0103 este eficient\u0103.<\/p>\n<p>Este consolidat\u0103 puternic, unit\u0103 din punct de vedere a pozi\u0163iei, obiectivelor \u015fi sarcinilor, \u00een\u0163eleg\u00e2nd c\u0103 Transnistria este demn\u0103 de dezvoltare \u015fi, cel mai important, exist\u0103 o viziune a modului de a ob\u0163ine tot ce-i mai bine pentru \u0163ar\u0103.<\/p>\n<p>Echipa actual\u0103 este constituit\u0103 din oameni de ac\u0163iune&#8221;, a subliniat Krasnoselski.<\/p>\n<p>Foto: \u0218tiri.md.<\/p>\n","protected":false},"excerpt":{"rendered":"<p>R\u0103spunz\u00e2nd la \u00eentrebarea ziarului &#8222;Pridnestrovie&#8221; despre planurile de a candida pentru al doilea mandat, el a spus c\u0103 &#8222;totul \u00ee\u015fi are timpul s\u0103u&#8221; \u015fi cu siguran\u0163\u0103 c\u0103 transnistrenii &#8222;vor afla personal de la el, dac\u0103 va fi luat\u0103 o asemenea decizie&#8221;, transmite\u00a0\u0218tiri.md. &#8222;P\u00e2n\u0103 acum pot spune un singur lucru: echipa actual\u0103 este eficient\u0103. Este consolidat\u0103 [&hellip;]<\/p>\n","protected":false},"author":4,"featured_media":131023,"comment_status":"closed","ping_status":"closed","sticky":false,"template":"","format":"standard","meta":{"footnotes":""},"categories":[6368],"tags":[26169,26170],"class_list":["post-131022","post","type-post","status-publish","format-standard","has-post-thumbnail","hentry","category-politica-ro","tag-intrebat-daca-se-mai-vede-lider-la-tiraspol","tag-krasnoselski-ro"],"yoast_head":"<!-- This site is optimized with the Yoast SEO plugin v27.4 - https:\/\/yoast.com\/product\/yoast-seo-wordpress\/ -->\n<title>Krasnoselski, \u00eentrebat dac\u0103 se mai vede lider la Tiraspol - BTV<\/title>\n<meta name=\"robots\" content=\"index, follow, max-snippet:-1, max-image-preview:large, max-video-preview:-1\" \/>\n<link rel=\"canonical\" href=\"https:\/\/www.btv.md\/ro\/krasnoselski-intrebat-daca-se-mai-vede-lider-la-tiraspol\/\" \/>\n<meta property=\"og:locale\" content=\"ro_RO\" \/>\n<meta property=\"og:type\" content=\"article\" \/>\n<meta property=\"og:title\" content=\"Krasnoselski, \u00eentrebat dac\u0103 se mai vede lider la Tiraspol - BTV\" \/>\n<meta property=\"og:description\" content=\"R\u0103spunz\u00e2nd la \u00eentrebarea ziarului &#8222;Pridnestrovie&#8221; despre planurile de a candida pentru al doilea mandat, el a spus c\u0103 &#8222;totul \u00ee\u015fi are timpul s\u0103u&#8221; \u015fi cu siguran\u0163\u0103 c\u0103 transnistrenii &#8222;vor afla personal de la el, dac\u0103 va fi luat\u0103 o asemenea decizie&#8221;, transmite\u00a0\u0218tiri.md. &#8222;P\u00e2n\u0103 acum pot spune un singur lucru: echipa actual\u0103 este eficient\u0103. Este consolidat\u0103 [&hellip;]\" \/>\n<meta property=\"og:url\" content=\"https:\/\/www.btv.md\/ro\/krasnoselski-intrebat-daca-se-mai-vede-lider-la-tiraspol\/\" \/>\n<meta property=\"og:site_name\" content=\"BTV\" \/>\n<meta property=\"article:publisher\" content=\"https:\/\/www.facebook.com\/btvmoldova\/\" \/>\n<meta property=\"article:published_time\" content=\"2021-06-07T15:32:45+00:00\" \/>\n<meta property=\"og:image\" content=\"https:\/\/www.btv.md\/wp-content\/uploads\/2021\/06\/6e09f32b6dc089d515ac83c2fb72b418.jpg\" \/>\n\t<meta property=\"og:image:width\" content=\"809\" \/>\n\t<meta property=\"og:image:height\" content=\"456\" \/>\n\t<meta property=\"og:image:type\" content=\"image\/jpeg\" \/>\n<meta name=\"author\" content=\"admin\" \/>\n<meta name=\"twitter:label1\" content=\"Scris de\" \/>\n\t<meta name=\"twitter:data1\" content=\"admin\" \/>\n\t<meta name=\"twitter:label2\" content=\"Timp estimat pentru citire\" \/>\n\t<meta name=\"twitter:data2\" content=\"1 minut\" \/>\n<script type=\"application\/ld+json\" class=\"yoast-schema-graph\">{\"@context\":\"https:\\\/\\\/schema.org\",\"@graph\":[{\"@type\":\"Article\",\"@id\":\"https:\\\/\\\/www.btv.md\\\/ro\\\/krasnoselski-intrebat-daca-se-mai-vede-lider-la-tiraspol\\\/#article\",\"isPartOf\":{\"@id\":\"https:\\\/\\\/www.btv.md\\\/ro\\\/krasnoselski-intrebat-daca-se-mai-vede-lider-la-tiraspol\\\/\"},\"author\":{\"name\":\"admin\",\"@id\":\"https:\\\/\\\/www.btv.md\\\/#\\\/schema\\\/person\\\/8fadce81561b3ce2c34c46dadc4ccbf2\"},\"headline\":\"Krasnoselski, \u00eentrebat dac\u0103 se mai vede lider la Tiraspol\",\"datePublished\":\"2021-06-07T15:32:45+00:00\",\"mainEntityOfPage\":{\"@id\":\"https:\\\/\\\/www.btv.md\\\/ro\\\/krasnoselski-intrebat-daca-se-mai-vede-lider-la-tiraspol\\\/\"},\"wordCount\":125,\"image\":{\"@id\":\"https:\\\/\\\/www.btv.md\\\/ro\\\/krasnoselski-intrebat-daca-se-mai-vede-lider-la-tiraspol\\\/#primaryimage\"},\"thumbnailUrl\":\"https:\\\/\\\/www.btv.md\\\/wp-content\\\/uploads\\\/2021\\\/06\\\/6e09f32b6dc089d515ac83c2fb72b418.jpg\",\"keywords\":[\"\u00eentrebat dac\u0103 se mai vede lider la Tiraspol\",\"Krasnoselski\"],\"articleSection\":[\"Politic\u0103\"],\"inLanguage\":\"ro-RO\"},{\"@type\":\"WebPage\",\"@id\":\"https:\\\/\\\/www.btv.md\\\/ro\\\/krasnoselski-intrebat-daca-se-mai-vede-lider-la-tiraspol\\\/\",\"url\":\"https:\\\/\\\/www.btv.md\\\/ro\\\/krasnoselski-intrebat-daca-se-mai-vede-lider-la-tiraspol\\\/\",\"name\":\"Krasnoselski, \u00eentrebat dac\u0103 se mai vede lider la Tiraspol - BTV\",\"isPartOf\":{\"@id\":\"https:\\\/\\\/www.btv.md\\\/#website\"},\"primaryImageOfPage\":{\"@id\":\"https:\\\/\\\/www.btv.md\\\/ro\\\/krasnoselski-intrebat-daca-se-mai-vede-lider-la-tiraspol\\\/#primaryimage\"},\"image\":{\"@id\":\"https:\\\/\\\/www.btv.md\\\/ro\\\/krasnoselski-intrebat-daca-se-mai-vede-lider-la-tiraspol\\\/#primaryimage\"},\"thumbnailUrl\":\"https:\\\/\\\/www.btv.md\\\/wp-content\\\/uploads\\\/2021\\\/06\\\/6e09f32b6dc089d515ac83c2fb72b418.jpg\",\"datePublished\":\"2021-06-07T15:32:45+00:00\",\"author\":{\"@id\":\"https:\\\/\\\/www.btv.md\\\/#\\\/schema\\\/person\\\/8fadce81561b3ce2c34c46dadc4ccbf2\"},\"inLanguage\":\"ro-RO\",\"potentialAction\":[{\"@type\":\"ReadAction\",\"target\":[\"https:\\\/\\\/www.btv.md\\\/ro\\\/krasnoselski-intrebat-daca-se-mai-vede-lider-la-tiraspol\\\/\"]}]},{\"@type\":\"ImageObject\",\"inLanguage\":\"ro-RO\",\"@id\":\"https:\\\/\\\/www.btv.md\\\/ro\\\/krasnoselski-intrebat-daca-se-mai-vede-lider-la-tiraspol\\\/#primaryimage\",\"url\":\"https:\\\/\\\/www.btv.md\\\/wp-content\\\/uploads\\\/2021\\\/06\\\/6e09f32b6dc089d515ac83c2fb72b418.jpg\",\"contentUrl\":\"https:\\\/\\\/www.btv.md\\\/wp-content\\\/uploads\\\/2021\\\/06\\\/6e09f32b6dc089d515ac83c2fb72b418.jpg\",\"width\":809,\"height\":456},{\"@type\":\"WebSite\",\"@id\":\"https:\\\/\\\/www.btv.md\\\/#website\",\"url\":\"https:\\\/\\\/www.btv.md\\\/\",\"name\":\"BTV\",\"description\":\"\u0411\u0435\u043b\u044c\u0446\u043a\u043e\u0435 \u0442\u0435\u043b\u0435\u0432\u0438\u0434\u0435\u043d\u0438\u0435\",\"potentialAction\":[{\"@type\":\"SearchAction\",\"target\":{\"@type\":\"EntryPoint\",\"urlTemplate\":\"https:\\\/\\\/www.btv.md\\\/?s={search_term_string}\"},\"query-input\":{\"@type\":\"PropertyValueSpecification\",\"valueRequired\":true,\"valueName\":\"search_term_string\"}}],\"inLanguage\":\"ro-RO\"},{\"@type\":\"Person\",\"@id\":\"https:\\\/\\\/www.btv.md\\\/#\\\/schema\\\/person\\\/8fadce81561b3ce2c34c46dadc4ccbf2\",\"name\":\"admin\"}]}<\/script>\n<!-- \/ Yoast SEO plugin. -->","yoast_head_json":{"title":"Krasnoselski, \u00eentrebat dac\u0103 se mai vede lider la Tiraspol - BTV","robots":{"index":"index","follow":"follow","max-snippet":"max-snippet:-1","max-image-preview":"max-image-preview:large","max-video-preview":"max-video-preview:-1"},"canonical":"https:\/\/www.btv.md\/ro\/krasnoselski-intrebat-daca-se-mai-vede-lider-la-tiraspol\/","og_locale":"ro_RO","og_type":"article","og_title":"Krasnoselski, \u00eentrebat dac\u0103 se mai vede lider la Tiraspol - BTV","og_description":"R\u0103spunz\u00e2nd la \u00eentrebarea ziarului &#8222;Pridnestrovie&#8221; despre planurile de a candida pentru al doilea mandat, el a spus c\u0103 &#8222;totul \u00ee\u015fi are timpul s\u0103u&#8221; \u015fi cu siguran\u0163\u0103 c\u0103 transnistrenii &#8222;vor afla personal de la el, dac\u0103 va fi luat\u0103 o asemenea decizie&#8221;, transmite\u00a0\u0218tiri.md. &#8222;P\u00e2n\u0103 acum pot spune un singur lucru: echipa actual\u0103 este eficient\u0103. Este consolidat\u0103 [&hellip;]","og_url":"https:\/\/www.btv.md\/ro\/krasnoselski-intrebat-daca-se-mai-vede-lider-la-tiraspol\/","og_site_name":"BTV","article_publisher":"https:\/\/www.facebook.com\/btvmoldova\/","article_published_time":"2021-06-07T15:32:45+00:00","og_image":[{"width":809,"height":456,"url":"https:\/\/www.btv.md\/wp-content\/uploads\/2021\/06\/6e09f32b6dc089d515ac83c2fb72b418.jpg","type":"image\/jpeg"}],"author":"admin","twitter_misc":{"Scris de":"admin","Timp estimat pentru citire":"1 minut"},"schema":{"@context":"https:\/\/schema.org","@graph":[{"@type":"Article","@id":"https:\/\/www.btv.md\/ro\/krasnoselski-intrebat-daca-se-mai-vede-lider-la-tiraspol\/#article","isPartOf":{"@id":"https:\/\/www.btv.md\/ro\/krasnoselski-intrebat-daca-se-mai-vede-lider-la-tiraspol\/"},"author":{"name":"admin","@id":"https:\/\/www.btv.md\/#\/schema\/person\/8fadce81561b3ce2c34c46dadc4ccbf2"},"headline":"Krasnoselski, \u00eentrebat dac\u0103 se mai vede lider la Tiraspol","datePublished":"2021-06-07T15:32:45+00:00","mainEntityOfPage":{"@id":"https:\/\/www.btv.md\/ro\/krasnoselski-intrebat-daca-se-mai-vede-lider-la-tiraspol\/"},"wordCount":125,"image":{"@id":"https:\/\/www.btv.md\/ro\/krasnoselski-intrebat-daca-se-mai-vede-lider-la-tiraspol\/#primaryimage"},"thumbnailUrl":"https:\/\/www.btv.md\/wp-content\/uploads\/2021\/06\/6e09f32b6dc089d515ac83c2fb72b418.jpg","keywords":["\u00eentrebat dac\u0103 se mai vede lider la Tiraspol","Krasnoselski"],"articleSection":["Politic\u0103"],"inLanguage":"ro-RO"},{"@type":"WebPage","@id":"https:\/\/www.btv.md\/ro\/krasnoselski-intrebat-daca-se-mai-vede-lider-la-tiraspol\/","url":"https:\/\/www.btv.md\/ro\/krasnoselski-intrebat-daca-se-mai-vede-lider-la-tiraspol\/","name":"Krasnoselski, \u00eentrebat dac\u0103 se mai vede lider la Tiraspol - BTV","isPartOf":{"@id":"https:\/\/www.btv.md\/#website"},"primaryImageOfPage":{"@id":"https:\/\/www.btv.md\/ro\/krasnoselski-intrebat-daca-se-mai-vede-lider-la-tiraspol\/#primaryimage"},"image":{"@id":"https:\/\/www.btv.md\/ro\/krasnoselski-intrebat-daca-se-mai-vede-lider-la-tiraspol\/#primaryimage"},"thumbnailUrl":"https:\/\/www.btv.md\/wp-content\/uploads\/2021\/06\/6e09f32b6dc089d515ac83c2fb72b418.jpg","datePublished":"2021-06-07T15:32:45+00:00","author":{"@id":"https:\/\/www.btv.md\/#\/schema\/person\/8fadce81561b3ce2c34c46dadc4ccbf2"},"inLanguage":"ro-RO","potentialAction":[{"@type":"ReadAction","target":["https:\/\/www.btv.md\/ro\/krasnoselski-intrebat-daca-se-mai-vede-lider-la-tiraspol\/"]}]},{"@type":"ImageObject","inLanguage":"ro-RO","@id":"https:\/\/www.btv.md\/ro\/krasnoselski-intrebat-daca-se-mai-vede-lider-la-tiraspol\/#primaryimage","url":"https:\/\/www.btv.md\/wp-content\/uploads\/2021\/06\/6e09f32b6dc089d515ac83c2fb72b418.jpg","contentUrl":"https:\/\/www.btv.md\/wp-content\/uploads\/2021\/06\/6e09f32b6dc089d515ac83c2fb72b418.jpg","width":809,"height":456},{"@type":"WebSite","@id":"https:\/\/www.btv.md\/#website","url":"https:\/\/www.btv.md\/","name":"BTV","description":"\u0411\u0435\u043b\u044c\u0446\u043a\u043e\u0435 \u0442\u0435\u043b\u0435\u0432\u0438\u0434\u0435\u043d\u0438\u0435","potentialAction":[{"@type":"SearchAction","target":{"@type":"EntryPoint","urlTemplate":"https:\/\/www.btv.md\/?s={search_term_string}"},"query-input":{"@type":"PropertyValueSpecification","valueRequired":true,"valueName":"search_term_string"}}],"inLanguage":"ro-RO"},{"@type":"Person","@id":"https:\/\/www.btv.md\/#\/schema\/person\/8fadce81561b3ce2c34c46dadc4ccbf2","name":"admin"}]}},"_links":{"self":[{"href":"https:\/\/www.btv.md\/ro\/wp-json\/wp\/v2\/posts\/131022","targetHints":{"allow":["GET"]}}],"collection":[{"href":"https:\/\/www.btv.md\/ro\/wp-json\/wp\/v2\/posts"}],"about":[{"href":"https:\/\/www.btv.md\/ro\/wp-json\/wp\/v2\/types\/post"}],"author":[{"embeddable":true,"href":"https:\/\/www.btv.md\/ro\/wp-json\/wp\/v2\/users\/4"}],"replies":[{"embeddable":true,"href":"https:\/\/www.btv.md\/ro\/wp-json\/wp\/v2\/comments?post=131022"}],"version-history":[{"count":0,"href":"https:\/\/www.btv.md\/ro\/wp-json\/wp\/v2\/posts\/131022\/revisions"}],"wp:featuredmedia":[{"embeddable":true,"href":"https:\/\/www.btv.md\/ro\/wp-json\/wp\/v2\/media\/131023"}],"wp:attachment":[{"href":"https:\/\/www.btv.md\/ro\/wp-json\/wp\/v2\/media?parent=131022"}],"wp:term":[{"taxonomy":"category","embeddable":true,"href":"https:\/\/www.btv.md\/ro\/wp-json\/wp\/v2\/categories?post=131022"},{"taxonomy":"post_tag","embeddable":true,"href":"https:\/\/www.btv.md\/ro\/wp-json\/wp\/v2\/tags?post=131022"}],"curies":[{"name":"wp","href":"https:\/\/api.w.org\/{rel}","templated":true}]}}