{"id":131052,"date":"2021-06-08T09:09:07","date_gmt":"2021-06-08T06:09:07","guid":{"rendered":"https:\/\/www.btv.md\/?p=131052"},"modified":"2021-06-08T09:09:07","modified_gmt":"2021-06-08T06:09:07","slug":"ucraina-permite-cetatenilor-straini-sa-intre-in-tara-fara-necesitatea-de-a-sta-in-carantina","status":"publish","type":"post","link":"https:\/\/www.btv.md\/ro\/ucraina-permite-cetatenilor-straini-sa-intre-in-tara-fara-necesitatea-de-a-sta-in-carantina\/","title":{"rendered":"Ucraina permite cet\u0103\u0163enilor str\u0103ini s\u0103 intre \u00een \u0163ar\u0103 f\u0103r\u0103 necesitatea de a sta \u00een carantin\u0103"},"content":{"rendered":"<p><strong>Veste bun\u0103 pentru moldovenii care inten\u0163ioneaz\u0103 s\u0103 c\u0103l\u0103toreasc\u0103 \u00een Ucraina. \u0162ara vecin\u0103 a permis cet\u0103\u0163enilor s\u0103i, dar \u015fi tuturor turi\u015ftilor, s\u0103 intre \u00een Ucraina f\u0103r\u0103 necesitatea de a sta \u00een carantin\u0103. Astfel, persoanele care vor prezenta certificatul de vaccinare anti-COVID cu ambele doze, cu orice ser inclus de OMS \u00een lista vaccinurilor aprobate pentru utilizare \u00een situa\u021bii de urgen\u021b\u0103, vor fi scuti\u0163i de prezentarea testului, dar \u015fi de autoizolare, scrie <a href=\"https:\/\/www.publika.md\/veste-buna-ucraina-permite-cetatenilor-straini-sa-intre-in-tara-fara-necesitatea-de-a-sta-in-carantina-vezi-care-sunt-conditiile_3103908.html\">publika.md<\/a>.<\/strong><\/p>\n<p>Potrivit presei locale, persoanele neimunizate \u00eempotriva noului tip de coronavirus vor trebui s\u0103 prezinte la frontier\u0103 rezultatul negativ al unui test la COVID-19, efectuat cu cel mult 72 de ore \u00eenainte de intrare \u00een \u0163ar\u0103.<\/p>\n<p>\u00cen acela\u015fi timp, pentru cet\u0103\u021benii str\u0103ini r\u0103m\u00e2ne \u00een vigoare cerin\u021ba de a avea o poli\u021b\u0103 de asigurare valabil\u0103 cu acoperire pentru tratamentul COVID-19 .<\/p>\n<p>De men\u0163ionat c\u0103, certificatele de testare \u0219i vaccinare nu sunt necesare copiilor cu v\u00e2rsta sub 12 ani.<\/p>\n<p>Foto: publika.md.<\/p>\n","protected":false},"excerpt":{"rendered":"<p>Veste bun\u0103 pentru moldovenii care inten\u0163ioneaz\u0103 s\u0103 c\u0103l\u0103toreasc\u0103 \u00een Ucraina. \u0162ara vecin\u0103 a permis cet\u0103\u0163enilor s\u0103i, dar \u015fi tuturor turi\u015ftilor, s\u0103 intre \u00een Ucraina f\u0103r\u0103 necesitatea de a sta \u00een carantin\u0103. Astfel, persoanele care vor prezenta certificatul de vaccinare anti-COVID cu ambele doze, cu orice ser inclus de OMS \u00een lista vaccinurilor aprobate pentru utilizare [&hellip;]<\/p>\n","protected":false},"author":4,"featured_media":131053,"comment_status":"closed","ping_status":"closed","sticky":false,"template":"","format":"standard","meta":{"footnotes":""},"categories":[6349],"tags":[26177],"class_list":["post-131052","post","type-post","status-publish","format-standard","has-post-thumbnail","hentry","category-social","tag-ucraina-permite-cetatenilor-straini-sa-intre-in-tara-fara-necesitatea-de-a-sta-in-carantina"],"yoast_head":"<!-- This site is optimized with the Yoast SEO plugin v27.4 - https:\/\/yoast.com\/product\/yoast-seo-wordpress\/ -->\n<title>Ucraina permite cet\u0103\u0163enilor str\u0103ini s\u0103 intre \u00een \u0163ar\u0103 f\u0103r\u0103 necesitatea de a sta \u00een carantin\u0103 - BTV<\/title>\n<meta name=\"robots\" content=\"index, follow, max-snippet:-1, max-image-preview:large, max-video-preview:-1\" \/>\n<link rel=\"canonical\" href=\"https:\/\/www.btv.md\/ro\/ucraina-permite-cetatenilor-straini-sa-intre-in-tara-fara-necesitatea-de-a-sta-in-carantina\/\" \/>\n<meta property=\"og:locale\" content=\"ro_RO\" \/>\n<meta property=\"og:type\" content=\"article\" \/>\n<meta property=\"og:title\" content=\"Ucraina permite cet\u0103\u0163enilor str\u0103ini s\u0103 intre \u00een \u0163ar\u0103 f\u0103r\u0103 necesitatea de a sta \u00een carantin\u0103 - BTV\" \/>\n<meta property=\"og:description\" content=\"Veste bun\u0103 pentru moldovenii care inten\u0163ioneaz\u0103 s\u0103 c\u0103l\u0103toreasc\u0103 \u00een Ucraina. \u0162ara vecin\u0103 a permis cet\u0103\u0163enilor s\u0103i, dar \u015fi tuturor turi\u015ftilor, s\u0103 intre \u00een Ucraina f\u0103r\u0103 necesitatea de a sta \u00een carantin\u0103. Astfel, persoanele care vor prezenta certificatul de vaccinare anti-COVID cu ambele doze, cu orice ser inclus de OMS \u00een lista vaccinurilor aprobate pentru utilizare [&hellip;]\" \/>\n<meta property=\"og:url\" content=\"https:\/\/www.btv.md\/ro\/ucraina-permite-cetatenilor-straini-sa-intre-in-tara-fara-necesitatea-de-a-sta-in-carantina\/\" \/>\n<meta property=\"og:site_name\" content=\"BTV\" \/>\n<meta property=\"article:publisher\" content=\"https:\/\/www.facebook.com\/btvmoldova\/\" \/>\n<meta property=\"article:published_time\" content=\"2021-06-08T06:09:07+00:00\" \/>\n<meta property=\"og:image\" content=\"https:\/\/www.btv.md\/wp-content\/uploads\/2021\/06\/vama-ucraina_88450300.jpg\" \/>\n\t<meta property=\"og:image:width\" content=\"720\" \/>\n\t<meta property=\"og:image:height\" content=\"405\" \/>\n\t<meta property=\"og:image:type\" content=\"image\/jpeg\" \/>\n<meta name=\"author\" content=\"admin\" \/>\n<meta name=\"twitter:label1\" content=\"Scris de\" \/>\n\t<meta name=\"twitter:data1\" content=\"admin\" \/>\n\t<meta name=\"twitter:label2\" content=\"Timp estimat pentru citire\" \/>\n\t<meta name=\"twitter:data2\" content=\"1 minut\" \/>\n<script type=\"application\/ld+json\" class=\"yoast-schema-graph\">{\"@context\":\"https:\\\/\\\/schema.org\",\"@graph\":[{\"@type\":\"Article\",\"@id\":\"https:\\\/\\\/www.btv.md\\\/ro\\\/ucraina-permite-cetatenilor-straini-sa-intre-in-tara-fara-necesitatea-de-a-sta-in-carantina\\\/#article\",\"isPartOf\":{\"@id\":\"https:\\\/\\\/www.btv.md\\\/ro\\\/ucraina-permite-cetatenilor-straini-sa-intre-in-tara-fara-necesitatea-de-a-sta-in-carantina\\\/\"},\"author\":{\"name\":\"admin\",\"@id\":\"https:\\\/\\\/www.btv.md\\\/#\\\/schema\\\/person\\\/8fadce81561b3ce2c34c46dadc4ccbf2\"},\"headline\":\"Ucraina permite cet\u0103\u0163enilor str\u0103ini s\u0103 intre \u00een \u0163ar\u0103 f\u0103r\u0103 necesitatea de a sta \u00een carantin\u0103\",\"datePublished\":\"2021-06-08T06:09:07+00:00\",\"mainEntityOfPage\":{\"@id\":\"https:\\\/\\\/www.btv.md\\\/ro\\\/ucraina-permite-cetatenilor-straini-sa-intre-in-tara-fara-necesitatea-de-a-sta-in-carantina\\\/\"},\"wordCount\":183,\"image\":{\"@id\":\"https:\\\/\\\/www.btv.md\\\/ro\\\/ucraina-permite-cetatenilor-straini-sa-intre-in-tara-fara-necesitatea-de-a-sta-in-carantina\\\/#primaryimage\"},\"thumbnailUrl\":\"https:\\\/\\\/www.btv.md\\\/wp-content\\\/uploads\\\/2021\\\/06\\\/vama-ucraina_88450300.jpg\",\"keywords\":[\"Ucraina permite cet\u0103\u0163enilor str\u0103ini s\u0103 intre \u00een \u0163ar\u0103 f\u0103r\u0103 necesitatea de a sta \u00een carantin\u0103\"],\"articleSection\":[\"Social\"],\"inLanguage\":\"ro-RO\"},{\"@type\":\"WebPage\",\"@id\":\"https:\\\/\\\/www.btv.md\\\/ro\\\/ucraina-permite-cetatenilor-straini-sa-intre-in-tara-fara-necesitatea-de-a-sta-in-carantina\\\/\",\"url\":\"https:\\\/\\\/www.btv.md\\\/ro\\\/ucraina-permite-cetatenilor-straini-sa-intre-in-tara-fara-necesitatea-de-a-sta-in-carantina\\\/\",\"name\":\"Ucraina permite cet\u0103\u0163enilor str\u0103ini s\u0103 intre \u00een \u0163ar\u0103 f\u0103r\u0103 necesitatea de a sta \u00een carantin\u0103 - BTV\",\"isPartOf\":{\"@id\":\"https:\\\/\\\/www.btv.md\\\/#website\"},\"primaryImageOfPage\":{\"@id\":\"https:\\\/\\\/www.btv.md\\\/ro\\\/ucraina-permite-cetatenilor-straini-sa-intre-in-tara-fara-necesitatea-de-a-sta-in-carantina\\\/#primaryimage\"},\"image\":{\"@id\":\"https:\\\/\\\/www.btv.md\\\/ro\\\/ucraina-permite-cetatenilor-straini-sa-intre-in-tara-fara-necesitatea-de-a-sta-in-carantina\\\/#primaryimage\"},\"thumbnailUrl\":\"https:\\\/\\\/www.btv.md\\\/wp-content\\\/uploads\\\/2021\\\/06\\\/vama-ucraina_88450300.jpg\",\"datePublished\":\"2021-06-08T06:09:07+00:00\",\"author\":{\"@id\":\"https:\\\/\\\/www.btv.md\\\/#\\\/schema\\\/person\\\/8fadce81561b3ce2c34c46dadc4ccbf2\"},\"inLanguage\":\"ro-RO\",\"potentialAction\":[{\"@type\":\"ReadAction\",\"target\":[\"https:\\\/\\\/www.btv.md\\\/ro\\\/ucraina-permite-cetatenilor-straini-sa-intre-in-tara-fara-necesitatea-de-a-sta-in-carantina\\\/\"]}]},{\"@type\":\"ImageObject\",\"inLanguage\":\"ro-RO\",\"@id\":\"https:\\\/\\\/www.btv.md\\\/ro\\\/ucraina-permite-cetatenilor-straini-sa-intre-in-tara-fara-necesitatea-de-a-sta-in-carantina\\\/#primaryimage\",\"url\":\"https:\\\/\\\/www.btv.md\\\/wp-content\\\/uploads\\\/2021\\\/06\\\/vama-ucraina_88450300.jpg\",\"contentUrl\":\"https:\\\/\\\/www.btv.md\\\/wp-content\\\/uploads\\\/2021\\\/06\\\/vama-ucraina_88450300.jpg\",\"width\":720,\"height\":405},{\"@type\":\"WebSite\",\"@id\":\"https:\\\/\\\/www.btv.md\\\/#website\",\"url\":\"https:\\\/\\\/www.btv.md\\\/\",\"name\":\"BTV\",\"description\":\"\u0411\u0435\u043b\u044c\u0446\u043a\u043e\u0435 \u0442\u0435\u043b\u0435\u0432\u0438\u0434\u0435\u043d\u0438\u0435\",\"potentialAction\":[{\"@type\":\"SearchAction\",\"target\":{\"@type\":\"EntryPoint\",\"urlTemplate\":\"https:\\\/\\\/www.btv.md\\\/?s={search_term_string}\"},\"query-input\":{\"@type\":\"PropertyValueSpecification\",\"valueRequired\":true,\"valueName\":\"search_term_string\"}}],\"inLanguage\":\"ro-RO\"},{\"@type\":\"Person\",\"@id\":\"https:\\\/\\\/www.btv.md\\\/#\\\/schema\\\/person\\\/8fadce81561b3ce2c34c46dadc4ccbf2\",\"name\":\"admin\"}]}<\/script>\n<!-- \/ Yoast SEO plugin. -->","yoast_head_json":{"title":"Ucraina permite cet\u0103\u0163enilor str\u0103ini s\u0103 intre \u00een \u0163ar\u0103 f\u0103r\u0103 necesitatea de a sta \u00een carantin\u0103 - BTV","robots":{"index":"index","follow":"follow","max-snippet":"max-snippet:-1","max-image-preview":"max-image-preview:large","max-video-preview":"max-video-preview:-1"},"canonical":"https:\/\/www.btv.md\/ro\/ucraina-permite-cetatenilor-straini-sa-intre-in-tara-fara-necesitatea-de-a-sta-in-carantina\/","og_locale":"ro_RO","og_type":"article","og_title":"Ucraina permite cet\u0103\u0163enilor str\u0103ini s\u0103 intre \u00een \u0163ar\u0103 f\u0103r\u0103 necesitatea de a sta \u00een carantin\u0103 - BTV","og_description":"Veste bun\u0103 pentru moldovenii care inten\u0163ioneaz\u0103 s\u0103 c\u0103l\u0103toreasc\u0103 \u00een Ucraina. \u0162ara vecin\u0103 a permis cet\u0103\u0163enilor s\u0103i, dar \u015fi tuturor turi\u015ftilor, s\u0103 intre \u00een Ucraina f\u0103r\u0103 necesitatea de a sta \u00een carantin\u0103. Astfel, persoanele care vor prezenta certificatul de vaccinare anti-COVID cu ambele doze, cu orice ser inclus de OMS \u00een lista vaccinurilor aprobate pentru utilizare [&hellip;]","og_url":"https:\/\/www.btv.md\/ro\/ucraina-permite-cetatenilor-straini-sa-intre-in-tara-fara-necesitatea-de-a-sta-in-carantina\/","og_site_name":"BTV","article_publisher":"https:\/\/www.facebook.com\/btvmoldova\/","article_published_time":"2021-06-08T06:09:07+00:00","og_image":[{"width":720,"height":405,"url":"https:\/\/www.btv.md\/wp-content\/uploads\/2021\/06\/vama-ucraina_88450300.jpg","type":"image\/jpeg"}],"author":"admin","twitter_misc":{"Scris de":"admin","Timp estimat pentru citire":"1 minut"},"schema":{"@context":"https:\/\/schema.org","@graph":[{"@type":"Article","@id":"https:\/\/www.btv.md\/ro\/ucraina-permite-cetatenilor-straini-sa-intre-in-tara-fara-necesitatea-de-a-sta-in-carantina\/#article","isPartOf":{"@id":"https:\/\/www.btv.md\/ro\/ucraina-permite-cetatenilor-straini-sa-intre-in-tara-fara-necesitatea-de-a-sta-in-carantina\/"},"author":{"name":"admin","@id":"https:\/\/www.btv.md\/#\/schema\/person\/8fadce81561b3ce2c34c46dadc4ccbf2"},"headline":"Ucraina permite cet\u0103\u0163enilor str\u0103ini s\u0103 intre \u00een \u0163ar\u0103 f\u0103r\u0103 necesitatea de a sta \u00een carantin\u0103","datePublished":"2021-06-08T06:09:07+00:00","mainEntityOfPage":{"@id":"https:\/\/www.btv.md\/ro\/ucraina-permite-cetatenilor-straini-sa-intre-in-tara-fara-necesitatea-de-a-sta-in-carantina\/"},"wordCount":183,"image":{"@id":"https:\/\/www.btv.md\/ro\/ucraina-permite-cetatenilor-straini-sa-intre-in-tara-fara-necesitatea-de-a-sta-in-carantina\/#primaryimage"},"thumbnailUrl":"https:\/\/www.btv.md\/wp-content\/uploads\/2021\/06\/vama-ucraina_88450300.jpg","keywords":["Ucraina permite cet\u0103\u0163enilor str\u0103ini s\u0103 intre \u00een \u0163ar\u0103 f\u0103r\u0103 necesitatea de a sta \u00een carantin\u0103"],"articleSection":["Social"],"inLanguage":"ro-RO"},{"@type":"WebPage","@id":"https:\/\/www.btv.md\/ro\/ucraina-permite-cetatenilor-straini-sa-intre-in-tara-fara-necesitatea-de-a-sta-in-carantina\/","url":"https:\/\/www.btv.md\/ro\/ucraina-permite-cetatenilor-straini-sa-intre-in-tara-fara-necesitatea-de-a-sta-in-carantina\/","name":"Ucraina permite cet\u0103\u0163enilor str\u0103ini s\u0103 intre \u00een \u0163ar\u0103 f\u0103r\u0103 necesitatea de a sta \u00een carantin\u0103 - BTV","isPartOf":{"@id":"https:\/\/www.btv.md\/#website"},"primaryImageOfPage":{"@id":"https:\/\/www.btv.md\/ro\/ucraina-permite-cetatenilor-straini-sa-intre-in-tara-fara-necesitatea-de-a-sta-in-carantina\/#primaryimage"},"image":{"@id":"https:\/\/www.btv.md\/ro\/ucraina-permite-cetatenilor-straini-sa-intre-in-tara-fara-necesitatea-de-a-sta-in-carantina\/#primaryimage"},"thumbnailUrl":"https:\/\/www.btv.md\/wp-content\/uploads\/2021\/06\/vama-ucraina_88450300.jpg","datePublished":"2021-06-08T06:09:07+00:00","author":{"@id":"https:\/\/www.btv.md\/#\/schema\/person\/8fadce81561b3ce2c34c46dadc4ccbf2"},"inLanguage":"ro-RO","potentialAction":[{"@type":"ReadAction","target":["https:\/\/www.btv.md\/ro\/ucraina-permite-cetatenilor-straini-sa-intre-in-tara-fara-necesitatea-de-a-sta-in-carantina\/"]}]},{"@type":"ImageObject","inLanguage":"ro-RO","@id":"https:\/\/www.btv.md\/ro\/ucraina-permite-cetatenilor-straini-sa-intre-in-tara-fara-necesitatea-de-a-sta-in-carantina\/#primaryimage","url":"https:\/\/www.btv.md\/wp-content\/uploads\/2021\/06\/vama-ucraina_88450300.jpg","contentUrl":"https:\/\/www.btv.md\/wp-content\/uploads\/2021\/06\/vama-ucraina_88450300.jpg","width":720,"height":405},{"@type":"WebSite","@id":"https:\/\/www.btv.md\/#website","url":"https:\/\/www.btv.md\/","name":"BTV","description":"\u0411\u0435\u043b\u044c\u0446\u043a\u043e\u0435 \u0442\u0435\u043b\u0435\u0432\u0438\u0434\u0435\u043d\u0438\u0435","potentialAction":[{"@type":"SearchAction","target":{"@type":"EntryPoint","urlTemplate":"https:\/\/www.btv.md\/?s={search_term_string}"},"query-input":{"@type":"PropertyValueSpecification","valueRequired":true,"valueName":"search_term_string"}}],"inLanguage":"ro-RO"},{"@type":"Person","@id":"https:\/\/www.btv.md\/#\/schema\/person\/8fadce81561b3ce2c34c46dadc4ccbf2","name":"admin"}]}},"_links":{"self":[{"href":"https:\/\/www.btv.md\/ro\/wp-json\/wp\/v2\/posts\/131052","targetHints":{"allow":["GET"]}}],"collection":[{"href":"https:\/\/www.btv.md\/ro\/wp-json\/wp\/v2\/posts"}],"about":[{"href":"https:\/\/www.btv.md\/ro\/wp-json\/wp\/v2\/types\/post"}],"author":[{"embeddable":true,"href":"https:\/\/www.btv.md\/ro\/wp-json\/wp\/v2\/users\/4"}],"replies":[{"embeddable":true,"href":"https:\/\/www.btv.md\/ro\/wp-json\/wp\/v2\/comments?post=131052"}],"version-history":[{"count":0,"href":"https:\/\/www.btv.md\/ro\/wp-json\/wp\/v2\/posts\/131052\/revisions"}],"wp:featuredmedia":[{"embeddable":true,"href":"https:\/\/www.btv.md\/ro\/wp-json\/wp\/v2\/media\/131053"}],"wp:attachment":[{"href":"https:\/\/www.btv.md\/ro\/wp-json\/wp\/v2\/media?parent=131052"}],"wp:term":[{"taxonomy":"category","embeddable":true,"href":"https:\/\/www.btv.md\/ro\/wp-json\/wp\/v2\/categories?post=131052"},{"taxonomy":"post_tag","embeddable":true,"href":"https:\/\/www.btv.md\/ro\/wp-json\/wp\/v2\/tags?post=131052"}],"curies":[{"name":"wp","href":"https:\/\/api.w.org\/{rel}","templated":true}]}}