{"id":131113,"date":"2021-06-08T11:40:18","date_gmt":"2021-06-08T08:40:18","guid":{"rendered":"https:\/\/www.btv.md\/?p=131113"},"modified":"2021-06-08T11:41:07","modified_gmt":"2021-06-08T08:41:07","slug":"presedintele-maia-sandu-a-discutat-cu-inaltul-comisar-al-osce-pentru-minoritati-nationale-kairat-abdrakhman","status":"publish","type":"post","link":"https:\/\/www.btv.md\/ro\/presedintele-maia-sandu-a-discutat-cu-inaltul-comisar-al-osce-pentru-minoritati-nationale-kairat-abdrakhman\/","title":{"rendered":"Pre\u0219edintele Maia Sandu a discutat cu \u00cenaltul Comisar al OSCE pentru Minorit\u0103\u021bi Na\u021bionale, Kairat Abdrakhman"},"content":{"rendered":"<p><strong>Integrarea comunit\u0103\u021bilor culturale, valorificarea diversit\u0103\u021bii etnice \u0219i lingvistice, promovarea unei societ\u0103\u021bi tolerante \u0219i ac\u021biunile necesare \u00een acest scop &#8211; sunt doar c\u00e2teva dintre subiectele pe care Pre\u0219edintele Republicii Moldova, Maia Sandu, le-a abordat ieri \u00een cadrul videoconferin\u021bei cu \u00cenaltul Comisar al OSCE pentru Minorit\u0103\u021bi Na\u021bionale, Kairat Abdrakhmanov, scrie <a href=\"https:\/\/deschide.md\/ro\/stiri\/politic\/86441\/Pre%C8%99edintele-Maia-Sandu-a-discutat-cu-%C3%8Enaltul-Comisar-al-OSCE-pentru-Minorit%C4%83%C8%9Bi-Na%C8%9Bionale-Kairat-Abdrakhman.htm\">deschide.md<\/a>.<\/strong><\/p>\n<blockquote><p><em>\u201eAm \u021binut s\u0103 men\u021bionez c\u0103 scopul meu ca Pre\u0219edinte este s\u0103 consolidez societatea \u0219i s\u0103 unesc oamenii, asigur\u00e2nd un mediu \u00een care fiecare cet\u0103\u021bean se simte \u00een siguran\u021b\u0103, se simte respectat \u0219i are oportunit\u0103\u021bi egale de dezvoltare. Ca priorit\u0103\u021bi, am subliniat c\u0103 ne dorim s\u0103 elabor\u0103m mai multe programe &#8211; educa\u021bionale, pentru tineri, jurnalistice -, care s\u0103-i motiveze pe cet\u0103\u021benii no\u0219tri s\u0103 \u00eenve\u021be mai multe unul despre altul&#8221;,<\/em>\u00a0a spus \u0219efa statului dup\u0103 \u00eencheierea discu\u021biei.<\/p><\/blockquote>\n<p>Astfel, un accent aparte va fi pus pe dezvoltarea \u00eenv\u0103\u021b\u0103m\u00e2ntului bilingv \u00een regiunile populate de grupuri etnice, un poten\u021bial mare \u00een acest sens fiind UTA G\u0103g\u0103uzia \u0219i raionul Taraclia.<\/p>\n<p>Pre\u0219edintele Maia Sandu a mul\u021bumit oficialului OSCE pentru asisten\u021ba acordata\u0306 \u00een procesul de preluare, de c\u0103tre \u021bara noastr\u0103, a bunelor practici interna\u021bionale \u00een domeniul minorit\u0103\u021bilor na\u021bionale \u0219i \u0219i-a exprimat convingerea c\u0103 diferen\u021bele ne pot face mai puternici.<\/p>\n<p>Foto: deschide.md.<\/p>\n","protected":false},"excerpt":{"rendered":"<p>Integrarea comunit\u0103\u021bilor culturale, valorificarea diversit\u0103\u021bii etnice \u0219i lingvistice, promovarea unei societ\u0103\u021bi tolerante \u0219i ac\u021biunile necesare \u00een acest scop &#8211; sunt doar c\u00e2teva dintre subiectele pe care Pre\u0219edintele Republicii Moldova, Maia Sandu, le-a abordat ieri \u00een cadrul videoconferin\u021bei cu \u00cenaltul Comisar al OSCE pentru Minorit\u0103\u021bi Na\u021bionale, Kairat Abdrakhmanov, scrie deschide.md. \u201eAm \u021binut s\u0103 men\u021bionez c\u0103 scopul [&hellip;]<\/p>\n","protected":false},"author":4,"featured_media":131114,"comment_status":"closed","ping_status":"closed","sticky":false,"template":"","format":"standard","meta":{"footnotes":""},"categories":[6368],"tags":[26192,26191],"class_list":["post-131113","post","type-post","status-publish","format-standard","has-post-thumbnail","hentry","category-politica-ro","tag-kairat-abdrakhman","tag-presedintele-maia-sandu-a-discutat-cu-inaltul-comisar-al-osce-pentru-minoritati-nationale"],"yoast_head":"<!-- This site is optimized with the Yoast SEO plugin v27.4 - https:\/\/yoast.com\/product\/yoast-seo-wordpress\/ -->\n<title>Pre\u0219edintele Maia Sandu a discutat cu \u00cenaltul Comisar al OSCE pentru Minorit\u0103\u021bi Na\u021bionale, Kairat Abdrakhman - BTV<\/title>\n<meta name=\"robots\" content=\"index, follow, max-snippet:-1, max-image-preview:large, max-video-preview:-1\" \/>\n<link rel=\"canonical\" href=\"https:\/\/www.btv.md\/ro\/presedintele-maia-sandu-a-discutat-cu-inaltul-comisar-al-osce-pentru-minoritati-nationale-kairat-abdrakhman\/\" \/>\n<meta property=\"og:locale\" content=\"ro_RO\" \/>\n<meta property=\"og:type\" content=\"article\" \/>\n<meta property=\"og:title\" content=\"Pre\u0219edintele Maia Sandu a discutat cu \u00cenaltul Comisar al OSCE pentru Minorit\u0103\u021bi Na\u021bionale, Kairat Abdrakhman - BTV\" \/>\n<meta property=\"og:description\" content=\"Integrarea comunit\u0103\u021bilor culturale, valorificarea diversit\u0103\u021bii etnice \u0219i lingvistice, promovarea unei societ\u0103\u021bi tolerante \u0219i ac\u021biunile necesare \u00een acest scop &#8211; sunt doar c\u00e2teva dintre subiectele pe care Pre\u0219edintele Republicii Moldova, Maia Sandu, le-a abordat ieri \u00een cadrul videoconferin\u021bei cu \u00cenaltul Comisar al OSCE pentru Minorit\u0103\u021bi Na\u021bionale, Kairat Abdrakhmanov, scrie deschide.md. \u201eAm \u021binut s\u0103 men\u021bionez c\u0103 scopul [&hellip;]\" \/>\n<meta property=\"og:url\" content=\"https:\/\/www.btv.md\/ro\/presedintele-maia-sandu-a-discutat-cu-inaltul-comisar-al-osce-pentru-minoritati-nationale-kairat-abdrakhman\/\" \/>\n<meta property=\"og:site_name\" content=\"BTV\" \/>\n<meta property=\"article:publisher\" content=\"https:\/\/www.facebook.com\/btvmoldova\/\" \/>\n<meta property=\"article:published_time\" content=\"2021-06-08T08:40:18+00:00\" \/>\n<meta property=\"article:modified_time\" content=\"2021-06-08T08:41:07+00:00\" \/>\n<meta property=\"og:image\" content=\"https:\/\/www.btv.md\/wp-content\/uploads\/2021\/06\/images_cms-image-000117987.jpg\" \/>\n\t<meta property=\"og:image:width\" content=\"758\" \/>\n\t<meta property=\"og:image:height\" content=\"426\" \/>\n\t<meta property=\"og:image:type\" content=\"image\/jpeg\" \/>\n<meta name=\"author\" content=\"admin\" \/>\n<meta name=\"twitter:label1\" content=\"Scris de\" \/>\n\t<meta name=\"twitter:data1\" content=\"admin\" \/>\n\t<meta name=\"twitter:label2\" content=\"Timp estimat pentru citire\" \/>\n\t<meta name=\"twitter:data2\" content=\"1 minut\" \/>\n<script type=\"application\/ld+json\" class=\"yoast-schema-graph\">{\"@context\":\"https:\\\/\\\/schema.org\",\"@graph\":[{\"@type\":\"Article\",\"@id\":\"https:\\\/\\\/www.btv.md\\\/ro\\\/presedintele-maia-sandu-a-discutat-cu-inaltul-comisar-al-osce-pentru-minoritati-nationale-kairat-abdrakhman\\\/#article\",\"isPartOf\":{\"@id\":\"https:\\\/\\\/www.btv.md\\\/ro\\\/presedintele-maia-sandu-a-discutat-cu-inaltul-comisar-al-osce-pentru-minoritati-nationale-kairat-abdrakhman\\\/\"},\"author\":{\"name\":\"admin\",\"@id\":\"https:\\\/\\\/www.btv.md\\\/#\\\/schema\\\/person\\\/8fadce81561b3ce2c34c46dadc4ccbf2\"},\"headline\":\"Pre\u0219edintele Maia Sandu a discutat cu \u00cenaltul Comisar al OSCE pentru Minorit\u0103\u021bi Na\u021bionale, Kairat Abdrakhman\",\"datePublished\":\"2021-06-08T08:40:18+00:00\",\"dateModified\":\"2021-06-08T08:41:07+00:00\",\"mainEntityOfPage\":{\"@id\":\"https:\\\/\\\/www.btv.md\\\/ro\\\/presedintele-maia-sandu-a-discutat-cu-inaltul-comisar-al-osce-pentru-minoritati-nationale-kairat-abdrakhman\\\/\"},\"wordCount\":247,\"image\":{\"@id\":\"https:\\\/\\\/www.btv.md\\\/ro\\\/presedintele-maia-sandu-a-discutat-cu-inaltul-comisar-al-osce-pentru-minoritati-nationale-kairat-abdrakhman\\\/#primaryimage\"},\"thumbnailUrl\":\"https:\\\/\\\/www.btv.md\\\/wp-content\\\/uploads\\\/2021\\\/06\\\/images_cms-image-000117987.jpg\",\"keywords\":[\"Kairat Abdrakhman\",\"Pre\u0219edintele Maia Sandu a discutat cu \u00cenaltul Comisar al OSCE pentru Minorit\u0103\u021bi Na\u021bionale\"],\"articleSection\":[\"Politic\u0103\"],\"inLanguage\":\"ro-RO\"},{\"@type\":\"WebPage\",\"@id\":\"https:\\\/\\\/www.btv.md\\\/ro\\\/presedintele-maia-sandu-a-discutat-cu-inaltul-comisar-al-osce-pentru-minoritati-nationale-kairat-abdrakhman\\\/\",\"url\":\"https:\\\/\\\/www.btv.md\\\/ro\\\/presedintele-maia-sandu-a-discutat-cu-inaltul-comisar-al-osce-pentru-minoritati-nationale-kairat-abdrakhman\\\/\",\"name\":\"Pre\u0219edintele Maia Sandu a discutat cu \u00cenaltul Comisar al OSCE pentru Minorit\u0103\u021bi Na\u021bionale, Kairat Abdrakhman - BTV\",\"isPartOf\":{\"@id\":\"https:\\\/\\\/www.btv.md\\\/#website\"},\"primaryImageOfPage\":{\"@id\":\"https:\\\/\\\/www.btv.md\\\/ro\\\/presedintele-maia-sandu-a-discutat-cu-inaltul-comisar-al-osce-pentru-minoritati-nationale-kairat-abdrakhman\\\/#primaryimage\"},\"image\":{\"@id\":\"https:\\\/\\\/www.btv.md\\\/ro\\\/presedintele-maia-sandu-a-discutat-cu-inaltul-comisar-al-osce-pentru-minoritati-nationale-kairat-abdrakhman\\\/#primaryimage\"},\"thumbnailUrl\":\"https:\\\/\\\/www.btv.md\\\/wp-content\\\/uploads\\\/2021\\\/06\\\/images_cms-image-000117987.jpg\",\"datePublished\":\"2021-06-08T08:40:18+00:00\",\"dateModified\":\"2021-06-08T08:41:07+00:00\",\"author\":{\"@id\":\"https:\\\/\\\/www.btv.md\\\/#\\\/schema\\\/person\\\/8fadce81561b3ce2c34c46dadc4ccbf2\"},\"inLanguage\":\"ro-RO\",\"potentialAction\":[{\"@type\":\"ReadAction\",\"target\":[\"https:\\\/\\\/www.btv.md\\\/ro\\\/presedintele-maia-sandu-a-discutat-cu-inaltul-comisar-al-osce-pentru-minoritati-nationale-kairat-abdrakhman\\\/\"]}]},{\"@type\":\"ImageObject\",\"inLanguage\":\"ro-RO\",\"@id\":\"https:\\\/\\\/www.btv.md\\\/ro\\\/presedintele-maia-sandu-a-discutat-cu-inaltul-comisar-al-osce-pentru-minoritati-nationale-kairat-abdrakhman\\\/#primaryimage\",\"url\":\"https:\\\/\\\/www.btv.md\\\/wp-content\\\/uploads\\\/2021\\\/06\\\/images_cms-image-000117987.jpg\",\"contentUrl\":\"https:\\\/\\\/www.btv.md\\\/wp-content\\\/uploads\\\/2021\\\/06\\\/images_cms-image-000117987.jpg\",\"width\":758,\"height\":426},{\"@type\":\"WebSite\",\"@id\":\"https:\\\/\\\/www.btv.md\\\/#website\",\"url\":\"https:\\\/\\\/www.btv.md\\\/\",\"name\":\"BTV\",\"description\":\"\u0411\u0435\u043b\u044c\u0446\u043a\u043e\u0435 \u0442\u0435\u043b\u0435\u0432\u0438\u0434\u0435\u043d\u0438\u0435\",\"potentialAction\":[{\"@type\":\"SearchAction\",\"target\":{\"@type\":\"EntryPoint\",\"urlTemplate\":\"https:\\\/\\\/www.btv.md\\\/?s={search_term_string}\"},\"query-input\":{\"@type\":\"PropertyValueSpecification\",\"valueRequired\":true,\"valueName\":\"search_term_string\"}}],\"inLanguage\":\"ro-RO\"},{\"@type\":\"Person\",\"@id\":\"https:\\\/\\\/www.btv.md\\\/#\\\/schema\\\/person\\\/8fadce81561b3ce2c34c46dadc4ccbf2\",\"name\":\"admin\"}]}<\/script>\n<!-- \/ Yoast SEO plugin. -->","yoast_head_json":{"title":"Pre\u0219edintele Maia Sandu a discutat cu \u00cenaltul Comisar al OSCE pentru Minorit\u0103\u021bi Na\u021bionale, Kairat Abdrakhman - BTV","robots":{"index":"index","follow":"follow","max-snippet":"max-snippet:-1","max-image-preview":"max-image-preview:large","max-video-preview":"max-video-preview:-1"},"canonical":"https:\/\/www.btv.md\/ro\/presedintele-maia-sandu-a-discutat-cu-inaltul-comisar-al-osce-pentru-minoritati-nationale-kairat-abdrakhman\/","og_locale":"ro_RO","og_type":"article","og_title":"Pre\u0219edintele Maia Sandu a discutat cu \u00cenaltul Comisar al OSCE pentru Minorit\u0103\u021bi Na\u021bionale, Kairat Abdrakhman - BTV","og_description":"Integrarea comunit\u0103\u021bilor culturale, valorificarea diversit\u0103\u021bii etnice \u0219i lingvistice, promovarea unei societ\u0103\u021bi tolerante \u0219i ac\u021biunile necesare \u00een acest scop &#8211; sunt doar c\u00e2teva dintre subiectele pe care Pre\u0219edintele Republicii Moldova, Maia Sandu, le-a abordat ieri \u00een cadrul videoconferin\u021bei cu \u00cenaltul Comisar al OSCE pentru Minorit\u0103\u021bi Na\u021bionale, Kairat Abdrakhmanov, scrie deschide.md. \u201eAm \u021binut s\u0103 men\u021bionez c\u0103 scopul [&hellip;]","og_url":"https:\/\/www.btv.md\/ro\/presedintele-maia-sandu-a-discutat-cu-inaltul-comisar-al-osce-pentru-minoritati-nationale-kairat-abdrakhman\/","og_site_name":"BTV","article_publisher":"https:\/\/www.facebook.com\/btvmoldova\/","article_published_time":"2021-06-08T08:40:18+00:00","article_modified_time":"2021-06-08T08:41:07+00:00","og_image":[{"width":758,"height":426,"url":"https:\/\/www.btv.md\/wp-content\/uploads\/2021\/06\/images_cms-image-000117987.jpg","type":"image\/jpeg"}],"author":"admin","twitter_misc":{"Scris de":"admin","Timp estimat pentru citire":"1 minut"},"schema":{"@context":"https:\/\/schema.org","@graph":[{"@type":"Article","@id":"https:\/\/www.btv.md\/ro\/presedintele-maia-sandu-a-discutat-cu-inaltul-comisar-al-osce-pentru-minoritati-nationale-kairat-abdrakhman\/#article","isPartOf":{"@id":"https:\/\/www.btv.md\/ro\/presedintele-maia-sandu-a-discutat-cu-inaltul-comisar-al-osce-pentru-minoritati-nationale-kairat-abdrakhman\/"},"author":{"name":"admin","@id":"https:\/\/www.btv.md\/#\/schema\/person\/8fadce81561b3ce2c34c46dadc4ccbf2"},"headline":"Pre\u0219edintele Maia Sandu a discutat cu \u00cenaltul Comisar al OSCE pentru Minorit\u0103\u021bi Na\u021bionale, Kairat Abdrakhman","datePublished":"2021-06-08T08:40:18+00:00","dateModified":"2021-06-08T08:41:07+00:00","mainEntityOfPage":{"@id":"https:\/\/www.btv.md\/ro\/presedintele-maia-sandu-a-discutat-cu-inaltul-comisar-al-osce-pentru-minoritati-nationale-kairat-abdrakhman\/"},"wordCount":247,"image":{"@id":"https:\/\/www.btv.md\/ro\/presedintele-maia-sandu-a-discutat-cu-inaltul-comisar-al-osce-pentru-minoritati-nationale-kairat-abdrakhman\/#primaryimage"},"thumbnailUrl":"https:\/\/www.btv.md\/wp-content\/uploads\/2021\/06\/images_cms-image-000117987.jpg","keywords":["Kairat Abdrakhman","Pre\u0219edintele Maia Sandu a discutat cu \u00cenaltul Comisar al OSCE pentru Minorit\u0103\u021bi Na\u021bionale"],"articleSection":["Politic\u0103"],"inLanguage":"ro-RO"},{"@type":"WebPage","@id":"https:\/\/www.btv.md\/ro\/presedintele-maia-sandu-a-discutat-cu-inaltul-comisar-al-osce-pentru-minoritati-nationale-kairat-abdrakhman\/","url":"https:\/\/www.btv.md\/ro\/presedintele-maia-sandu-a-discutat-cu-inaltul-comisar-al-osce-pentru-minoritati-nationale-kairat-abdrakhman\/","name":"Pre\u0219edintele Maia Sandu a discutat cu \u00cenaltul Comisar al OSCE pentru Minorit\u0103\u021bi Na\u021bionale, Kairat Abdrakhman - BTV","isPartOf":{"@id":"https:\/\/www.btv.md\/#website"},"primaryImageOfPage":{"@id":"https:\/\/www.btv.md\/ro\/presedintele-maia-sandu-a-discutat-cu-inaltul-comisar-al-osce-pentru-minoritati-nationale-kairat-abdrakhman\/#primaryimage"},"image":{"@id":"https:\/\/www.btv.md\/ro\/presedintele-maia-sandu-a-discutat-cu-inaltul-comisar-al-osce-pentru-minoritati-nationale-kairat-abdrakhman\/#primaryimage"},"thumbnailUrl":"https:\/\/www.btv.md\/wp-content\/uploads\/2021\/06\/images_cms-image-000117987.jpg","datePublished":"2021-06-08T08:40:18+00:00","dateModified":"2021-06-08T08:41:07+00:00","author":{"@id":"https:\/\/www.btv.md\/#\/schema\/person\/8fadce81561b3ce2c34c46dadc4ccbf2"},"inLanguage":"ro-RO","potentialAction":[{"@type":"ReadAction","target":["https:\/\/www.btv.md\/ro\/presedintele-maia-sandu-a-discutat-cu-inaltul-comisar-al-osce-pentru-minoritati-nationale-kairat-abdrakhman\/"]}]},{"@type":"ImageObject","inLanguage":"ro-RO","@id":"https:\/\/www.btv.md\/ro\/presedintele-maia-sandu-a-discutat-cu-inaltul-comisar-al-osce-pentru-minoritati-nationale-kairat-abdrakhman\/#primaryimage","url":"https:\/\/www.btv.md\/wp-content\/uploads\/2021\/06\/images_cms-image-000117987.jpg","contentUrl":"https:\/\/www.btv.md\/wp-content\/uploads\/2021\/06\/images_cms-image-000117987.jpg","width":758,"height":426},{"@type":"WebSite","@id":"https:\/\/www.btv.md\/#website","url":"https:\/\/www.btv.md\/","name":"BTV","description":"\u0411\u0435\u043b\u044c\u0446\u043a\u043e\u0435 \u0442\u0435\u043b\u0435\u0432\u0438\u0434\u0435\u043d\u0438\u0435","potentialAction":[{"@type":"SearchAction","target":{"@type":"EntryPoint","urlTemplate":"https:\/\/www.btv.md\/?s={search_term_string}"},"query-input":{"@type":"PropertyValueSpecification","valueRequired":true,"valueName":"search_term_string"}}],"inLanguage":"ro-RO"},{"@type":"Person","@id":"https:\/\/www.btv.md\/#\/schema\/person\/8fadce81561b3ce2c34c46dadc4ccbf2","name":"admin"}]}},"_links":{"self":[{"href":"https:\/\/www.btv.md\/ro\/wp-json\/wp\/v2\/posts\/131113","targetHints":{"allow":["GET"]}}],"collection":[{"href":"https:\/\/www.btv.md\/ro\/wp-json\/wp\/v2\/posts"}],"about":[{"href":"https:\/\/www.btv.md\/ro\/wp-json\/wp\/v2\/types\/post"}],"author":[{"embeddable":true,"href":"https:\/\/www.btv.md\/ro\/wp-json\/wp\/v2\/users\/4"}],"replies":[{"embeddable":true,"href":"https:\/\/www.btv.md\/ro\/wp-json\/wp\/v2\/comments?post=131113"}],"version-history":[{"count":0,"href":"https:\/\/www.btv.md\/ro\/wp-json\/wp\/v2\/posts\/131113\/revisions"}],"wp:featuredmedia":[{"embeddable":true,"href":"https:\/\/www.btv.md\/ro\/wp-json\/wp\/v2\/media\/131114"}],"wp:attachment":[{"href":"https:\/\/www.btv.md\/ro\/wp-json\/wp\/v2\/media?parent=131113"}],"wp:term":[{"taxonomy":"category","embeddable":true,"href":"https:\/\/www.btv.md\/ro\/wp-json\/wp\/v2\/categories?post=131113"},{"taxonomy":"post_tag","embeddable":true,"href":"https:\/\/www.btv.md\/ro\/wp-json\/wp\/v2\/tags?post=131113"}],"curies":[{"name":"wp","href":"https:\/\/api.w.org\/{rel}","templated":true}]}}