{"id":131156,"date":"2021-06-08T15:14:04","date_gmt":"2021-06-08T12:14:04","guid":{"rendered":"https:\/\/www.btv.md\/?p=131156"},"modified":"2021-06-08T15:14:04","modified_gmt":"2021-06-08T12:14:04","slug":"live-sedinta-cec-din-8-iunie-2021-pe-agenda-revizuirea-numarului-de-sectii-de-vot-pentru-diaspora","status":"publish","type":"post","link":"https:\/\/www.btv.md\/ro\/live-sedinta-cec-din-8-iunie-2021-pe-agenda-revizuirea-numarului-de-sectii-de-vot-pentru-diaspora\/","title":{"rendered":"LIVE \/\/ \u0218edin\u021ba CEC din 8 iunie 2021: Pe agend\u0103 revizuirea num\u0103rului de sec\u021bii de vot pentru diaspor\u0103"},"content":{"rendered":"<p><strong>Comisia Electoral\u0103 Central\u0103 va decide ast\u0103zi dac\u0103 revizuie\u0219te decizia de s\u00e2mb\u0103t\u0103 privind num\u0103rul de sec\u021bii de vot pentru diaspor\u0103, scrie <a href=\"https:\/\/deschide.md\/ro\/stiri\/social\/86465\/LIVE--%C8%98edin%C8%9Ba-CEC-din-8-iunie-2021-Pe-agend%C4%83-revizuirea-num%C4%83rului-de-sec%C8%9Bii-de-vot-pentru-diaspor%C4%83.htm\">deschide.md<\/a>.<\/strong><\/p>\n<p><iframe data-src=\"https:\/\/www.privesc.eu\/widget\/live\/95143?\" width=\"480\" height=\"270\" frameborder=\"0\" scrolling=\"no\" data-mce-fragment=\"1\" src=\"data:image\/svg+xml;base64,PHN2ZyB3aWR0aD0iMSIgaGVpZ2h0PSIxIiB4bWxucz0iaHR0cDovL3d3dy53My5vcmcvMjAwMC9zdmciPjwvc3ZnPg==\" class=\"lazyload\" data-load-mode=\"1\"><\/iframe><\/p>\n<p>&nbsp;<\/p>\n<p>Pe agend\u0103 este un punct intitulat:\u00a0<em>\u201ePentru modificarea anexei la hot\u0103r\u00e2rea Comisiei Electorale Centrale nr. 4966 din 5 iunie 2021 \u201eCu privire la constituirea sec\u021biilor de votare \u00een str\u0103in\u0103tate pentru alegerile parlamentare anticipate din 11 iulie 2021\u201d<\/em><\/p>\n<p>\u00cen fa\u021ba sediului CEC are un loc un protest \u00eempotriva num\u0103rului mic de sec\u021bii de votare care vor fi deschise pentru anticipatele din 11 iulie. Mai multe partide \u0219i-au anun\u021bat inten\u021bia s\u0103 se al\u0103ture protestului, iar altele au atacat \u00een instan\u021b\u0103 decizia Comisiei Electorale Centrale.<\/p>\n<p>Amintim c\u0103, Comisia Electoral\u0103 Central\u0103 a adoptat pe 5 iunie decizia privind num\u0103rul sec\u021biilor de votare pentru diaspor\u0103. Astfel, \u00een afara hotarelor R. Moldova, pentru alegerile anticipate din 11 iulie vor fi deschise doar 139 sec\u021bii de votare, a\u0219a cum a fost la alegerile preziden\u021biale din 2020. Asupra num\u0103rului 139 a insistat secretarul general al CEC-ului, fostul socialist Maxim Lebedinschi, chiar dac\u0103 Ministerul Afacerilor Interne \u0219i Integr\u0103rii Europene a cerut 190 de sec\u021bii de votare.<\/p>\n<p>Foto: Newsmaker.md.<\/p>\n","protected":false},"excerpt":{"rendered":"<p>Comisia Electoral\u0103 Central\u0103 va decide ast\u0103zi dac\u0103 revizuie\u0219te decizia de s\u00e2mb\u0103t\u0103 privind num\u0103rul de sec\u021bii de vot pentru diaspor\u0103, scrie deschide.md. &nbsp; Pe agend\u0103 este un punct intitulat:\u00a0\u201ePentru modificarea anexei la hot\u0103r\u00e2rea Comisiei Electorale Centrale nr. 4966 din 5 iunie 2021 \u201eCu privire la constituirea sec\u021biilor de votare \u00een str\u0103in\u0103tate pentru alegerile parlamentare anticipate din [&hellip;]<\/p>\n","protected":false},"author":4,"featured_media":131153,"comment_status":"closed","ping_status":"closed","sticky":false,"template":"","format":"standard","meta":{"footnotes":""},"categories":[6368],"tags":[26204],"class_list":["post-131156","post","type-post","status-publish","format-standard","has-post-thumbnail","hentry","category-politica-ro","tag-live-sedinta-cec-din-8-iunie-2021-pe-agenda-revizuirea-numarului-de-sectii-de-vot-pentru-diaspora"],"yoast_head":"<!-- This site is optimized with the Yoast SEO plugin v27.4 - https:\/\/yoast.com\/product\/yoast-seo-wordpress\/ -->\n<title>LIVE \/\/ \u0218edin\u021ba CEC din 8 iunie 2021: Pe agend\u0103 revizuirea num\u0103rului de sec\u021bii de vot pentru diaspor\u0103 - BTV<\/title>\n<meta name=\"robots\" content=\"index, follow, max-snippet:-1, max-image-preview:large, max-video-preview:-1\" \/>\n<link rel=\"canonical\" href=\"https:\/\/www.btv.md\/ro\/live-sedinta-cec-din-8-iunie-2021-pe-agenda-revizuirea-numarului-de-sectii-de-vot-pentru-diaspora\/\" \/>\n<meta property=\"og:locale\" content=\"ro_RO\" \/>\n<meta property=\"og:type\" content=\"article\" \/>\n<meta property=\"og:title\" content=\"LIVE \/\/ \u0218edin\u021ba CEC din 8 iunie 2021: Pe agend\u0103 revizuirea num\u0103rului de sec\u021bii de vot pentru diaspor\u0103 - BTV\" \/>\n<meta property=\"og:description\" content=\"Comisia Electoral\u0103 Central\u0103 va decide ast\u0103zi dac\u0103 revizuie\u0219te decizia de s\u00e2mb\u0103t\u0103 privind num\u0103rul de sec\u021bii de vot pentru diaspor\u0103, scrie deschide.md. &nbsp; Pe agend\u0103 este un punct intitulat:\u00a0\u201ePentru modificarea anexei la hot\u0103r\u00e2rea Comisiei Electorale Centrale nr. 4966 din 5 iunie 2021 \u201eCu privire la constituirea sec\u021biilor de votare \u00een str\u0103in\u0103tate pentru alegerile parlamentare anticipate din [&hellip;]\" \/>\n<meta property=\"og:url\" content=\"https:\/\/www.btv.md\/ro\/live-sedinta-cec-din-8-iunie-2021-pe-agenda-revizuirea-numarului-de-sectii-de-vot-pentru-diaspora\/\" \/>\n<meta property=\"og:site_name\" content=\"BTV\" \/>\n<meta property=\"article:publisher\" content=\"https:\/\/www.facebook.com\/btvmoldova\/\" \/>\n<meta property=\"article:published_time\" content=\"2021-06-08T12:14:04+00:00\" \/>\n<meta property=\"og:image\" content=\"https:\/\/www.btv.md\/wp-content\/uploads\/2021\/06\/dsc2754.jpg\" \/>\n\t<meta property=\"og:image:width\" content=\"1440\" \/>\n\t<meta property=\"og:image:height\" content=\"958\" \/>\n\t<meta property=\"og:image:type\" content=\"image\/jpeg\" \/>\n<meta name=\"author\" content=\"admin\" \/>\n<meta name=\"twitter:label1\" content=\"Scris de\" \/>\n\t<meta name=\"twitter:data1\" content=\"admin\" \/>\n\t<meta name=\"twitter:label2\" content=\"Timp estimat pentru citire\" \/>\n\t<meta name=\"twitter:data2\" content=\"1 minut\" \/>\n<script type=\"application\/ld+json\" class=\"yoast-schema-graph\">{\"@context\":\"https:\\\/\\\/schema.org\",\"@graph\":[{\"@type\":\"Article\",\"@id\":\"https:\\\/\\\/www.btv.md\\\/ro\\\/live-sedinta-cec-din-8-iunie-2021-pe-agenda-revizuirea-numarului-de-sectii-de-vot-pentru-diaspora\\\/#article\",\"isPartOf\":{\"@id\":\"https:\\\/\\\/www.btv.md\\\/ro\\\/live-sedinta-cec-din-8-iunie-2021-pe-agenda-revizuirea-numarului-de-sectii-de-vot-pentru-diaspora\\\/\"},\"author\":{\"name\":\"admin\",\"@id\":\"https:\\\/\\\/www.btv.md\\\/#\\\/schema\\\/person\\\/8fadce81561b3ce2c34c46dadc4ccbf2\"},\"headline\":\"LIVE \\\/\\\/ \u0218edin\u021ba CEC din 8 iunie 2021: Pe agend\u0103 revizuirea num\u0103rului de sec\u021bii de vot pentru diaspor\u0103\",\"datePublished\":\"2021-06-08T12:14:04+00:00\",\"mainEntityOfPage\":{\"@id\":\"https:\\\/\\\/www.btv.md\\\/ro\\\/live-sedinta-cec-din-8-iunie-2021-pe-agenda-revizuirea-numarului-de-sectii-de-vot-pentru-diaspora\\\/\"},\"wordCount\":214,\"image\":{\"@id\":\"https:\\\/\\\/www.btv.md\\\/ro\\\/live-sedinta-cec-din-8-iunie-2021-pe-agenda-revizuirea-numarului-de-sectii-de-vot-pentru-diaspora\\\/#primaryimage\"},\"thumbnailUrl\":\"https:\\\/\\\/www.btv.md\\\/wp-content\\\/uploads\\\/2021\\\/06\\\/dsc2754.jpg\",\"keywords\":[\"LIVE \\\/\\\/ \u0218edin\u021ba CEC din 8 iunie 2021: Pe agend\u0103 revizuirea num\u0103rului de sec\u021bii de vot pentru diaspor\u0103\"],\"articleSection\":[\"Politic\u0103\"],\"inLanguage\":\"ro-RO\"},{\"@type\":\"WebPage\",\"@id\":\"https:\\\/\\\/www.btv.md\\\/ro\\\/live-sedinta-cec-din-8-iunie-2021-pe-agenda-revizuirea-numarului-de-sectii-de-vot-pentru-diaspora\\\/\",\"url\":\"https:\\\/\\\/www.btv.md\\\/ro\\\/live-sedinta-cec-din-8-iunie-2021-pe-agenda-revizuirea-numarului-de-sectii-de-vot-pentru-diaspora\\\/\",\"name\":\"LIVE \\\/\\\/ \u0218edin\u021ba CEC din 8 iunie 2021: Pe agend\u0103 revizuirea num\u0103rului de sec\u021bii de vot pentru diaspor\u0103 - BTV\",\"isPartOf\":{\"@id\":\"https:\\\/\\\/www.btv.md\\\/#website\"},\"primaryImageOfPage\":{\"@id\":\"https:\\\/\\\/www.btv.md\\\/ro\\\/live-sedinta-cec-din-8-iunie-2021-pe-agenda-revizuirea-numarului-de-sectii-de-vot-pentru-diaspora\\\/#primaryimage\"},\"image\":{\"@id\":\"https:\\\/\\\/www.btv.md\\\/ro\\\/live-sedinta-cec-din-8-iunie-2021-pe-agenda-revizuirea-numarului-de-sectii-de-vot-pentru-diaspora\\\/#primaryimage\"},\"thumbnailUrl\":\"https:\\\/\\\/www.btv.md\\\/wp-content\\\/uploads\\\/2021\\\/06\\\/dsc2754.jpg\",\"datePublished\":\"2021-06-08T12:14:04+00:00\",\"author\":{\"@id\":\"https:\\\/\\\/www.btv.md\\\/#\\\/schema\\\/person\\\/8fadce81561b3ce2c34c46dadc4ccbf2\"},\"inLanguage\":\"ro-RO\",\"potentialAction\":[{\"@type\":\"ReadAction\",\"target\":[\"https:\\\/\\\/www.btv.md\\\/ro\\\/live-sedinta-cec-din-8-iunie-2021-pe-agenda-revizuirea-numarului-de-sectii-de-vot-pentru-diaspora\\\/\"]}]},{\"@type\":\"ImageObject\",\"inLanguage\":\"ro-RO\",\"@id\":\"https:\\\/\\\/www.btv.md\\\/ro\\\/live-sedinta-cec-din-8-iunie-2021-pe-agenda-revizuirea-numarului-de-sectii-de-vot-pentru-diaspora\\\/#primaryimage\",\"url\":\"https:\\\/\\\/www.btv.md\\\/wp-content\\\/uploads\\\/2021\\\/06\\\/dsc2754.jpg\",\"contentUrl\":\"https:\\\/\\\/www.btv.md\\\/wp-content\\\/uploads\\\/2021\\\/06\\\/dsc2754.jpg\",\"width\":1440,\"height\":958},{\"@type\":\"WebSite\",\"@id\":\"https:\\\/\\\/www.btv.md\\\/#website\",\"url\":\"https:\\\/\\\/www.btv.md\\\/\",\"name\":\"BTV\",\"description\":\"\u0411\u0435\u043b\u044c\u0446\u043a\u043e\u0435 \u0442\u0435\u043b\u0435\u0432\u0438\u0434\u0435\u043d\u0438\u0435\",\"potentialAction\":[{\"@type\":\"SearchAction\",\"target\":{\"@type\":\"EntryPoint\",\"urlTemplate\":\"https:\\\/\\\/www.btv.md\\\/?s={search_term_string}\"},\"query-input\":{\"@type\":\"PropertyValueSpecification\",\"valueRequired\":true,\"valueName\":\"search_term_string\"}}],\"inLanguage\":\"ro-RO\"},{\"@type\":\"Person\",\"@id\":\"https:\\\/\\\/www.btv.md\\\/#\\\/schema\\\/person\\\/8fadce81561b3ce2c34c46dadc4ccbf2\",\"name\":\"admin\"}]}<\/script>\n<!-- \/ Yoast SEO plugin. -->","yoast_head_json":{"title":"LIVE \/\/ \u0218edin\u021ba CEC din 8 iunie 2021: Pe agend\u0103 revizuirea num\u0103rului de sec\u021bii de vot pentru diaspor\u0103 - BTV","robots":{"index":"index","follow":"follow","max-snippet":"max-snippet:-1","max-image-preview":"max-image-preview:large","max-video-preview":"max-video-preview:-1"},"canonical":"https:\/\/www.btv.md\/ro\/live-sedinta-cec-din-8-iunie-2021-pe-agenda-revizuirea-numarului-de-sectii-de-vot-pentru-diaspora\/","og_locale":"ro_RO","og_type":"article","og_title":"LIVE \/\/ \u0218edin\u021ba CEC din 8 iunie 2021: Pe agend\u0103 revizuirea num\u0103rului de sec\u021bii de vot pentru diaspor\u0103 - BTV","og_description":"Comisia Electoral\u0103 Central\u0103 va decide ast\u0103zi dac\u0103 revizuie\u0219te decizia de s\u00e2mb\u0103t\u0103 privind num\u0103rul de sec\u021bii de vot pentru diaspor\u0103, scrie deschide.md. &nbsp; Pe agend\u0103 este un punct intitulat:\u00a0\u201ePentru modificarea anexei la hot\u0103r\u00e2rea Comisiei Electorale Centrale nr. 4966 din 5 iunie 2021 \u201eCu privire la constituirea sec\u021biilor de votare \u00een str\u0103in\u0103tate pentru alegerile parlamentare anticipate din [&hellip;]","og_url":"https:\/\/www.btv.md\/ro\/live-sedinta-cec-din-8-iunie-2021-pe-agenda-revizuirea-numarului-de-sectii-de-vot-pentru-diaspora\/","og_site_name":"BTV","article_publisher":"https:\/\/www.facebook.com\/btvmoldova\/","article_published_time":"2021-06-08T12:14:04+00:00","og_image":[{"width":1440,"height":958,"url":"https:\/\/www.btv.md\/wp-content\/uploads\/2021\/06\/dsc2754.jpg","type":"image\/jpeg"}],"author":"admin","twitter_misc":{"Scris de":"admin","Timp estimat pentru citire":"1 minut"},"schema":{"@context":"https:\/\/schema.org","@graph":[{"@type":"Article","@id":"https:\/\/www.btv.md\/ro\/live-sedinta-cec-din-8-iunie-2021-pe-agenda-revizuirea-numarului-de-sectii-de-vot-pentru-diaspora\/#article","isPartOf":{"@id":"https:\/\/www.btv.md\/ro\/live-sedinta-cec-din-8-iunie-2021-pe-agenda-revizuirea-numarului-de-sectii-de-vot-pentru-diaspora\/"},"author":{"name":"admin","@id":"https:\/\/www.btv.md\/#\/schema\/person\/8fadce81561b3ce2c34c46dadc4ccbf2"},"headline":"LIVE \/\/ \u0218edin\u021ba CEC din 8 iunie 2021: Pe agend\u0103 revizuirea num\u0103rului de sec\u021bii de vot pentru diaspor\u0103","datePublished":"2021-06-08T12:14:04+00:00","mainEntityOfPage":{"@id":"https:\/\/www.btv.md\/ro\/live-sedinta-cec-din-8-iunie-2021-pe-agenda-revizuirea-numarului-de-sectii-de-vot-pentru-diaspora\/"},"wordCount":214,"image":{"@id":"https:\/\/www.btv.md\/ro\/live-sedinta-cec-din-8-iunie-2021-pe-agenda-revizuirea-numarului-de-sectii-de-vot-pentru-diaspora\/#primaryimage"},"thumbnailUrl":"https:\/\/www.btv.md\/wp-content\/uploads\/2021\/06\/dsc2754.jpg","keywords":["LIVE \/\/ \u0218edin\u021ba CEC din 8 iunie 2021: Pe agend\u0103 revizuirea num\u0103rului de sec\u021bii de vot pentru diaspor\u0103"],"articleSection":["Politic\u0103"],"inLanguage":"ro-RO"},{"@type":"WebPage","@id":"https:\/\/www.btv.md\/ro\/live-sedinta-cec-din-8-iunie-2021-pe-agenda-revizuirea-numarului-de-sectii-de-vot-pentru-diaspora\/","url":"https:\/\/www.btv.md\/ro\/live-sedinta-cec-din-8-iunie-2021-pe-agenda-revizuirea-numarului-de-sectii-de-vot-pentru-diaspora\/","name":"LIVE \/\/ \u0218edin\u021ba CEC din 8 iunie 2021: Pe agend\u0103 revizuirea num\u0103rului de sec\u021bii de vot pentru diaspor\u0103 - BTV","isPartOf":{"@id":"https:\/\/www.btv.md\/#website"},"primaryImageOfPage":{"@id":"https:\/\/www.btv.md\/ro\/live-sedinta-cec-din-8-iunie-2021-pe-agenda-revizuirea-numarului-de-sectii-de-vot-pentru-diaspora\/#primaryimage"},"image":{"@id":"https:\/\/www.btv.md\/ro\/live-sedinta-cec-din-8-iunie-2021-pe-agenda-revizuirea-numarului-de-sectii-de-vot-pentru-diaspora\/#primaryimage"},"thumbnailUrl":"https:\/\/www.btv.md\/wp-content\/uploads\/2021\/06\/dsc2754.jpg","datePublished":"2021-06-08T12:14:04+00:00","author":{"@id":"https:\/\/www.btv.md\/#\/schema\/person\/8fadce81561b3ce2c34c46dadc4ccbf2"},"inLanguage":"ro-RO","potentialAction":[{"@type":"ReadAction","target":["https:\/\/www.btv.md\/ro\/live-sedinta-cec-din-8-iunie-2021-pe-agenda-revizuirea-numarului-de-sectii-de-vot-pentru-diaspora\/"]}]},{"@type":"ImageObject","inLanguage":"ro-RO","@id":"https:\/\/www.btv.md\/ro\/live-sedinta-cec-din-8-iunie-2021-pe-agenda-revizuirea-numarului-de-sectii-de-vot-pentru-diaspora\/#primaryimage","url":"https:\/\/www.btv.md\/wp-content\/uploads\/2021\/06\/dsc2754.jpg","contentUrl":"https:\/\/www.btv.md\/wp-content\/uploads\/2021\/06\/dsc2754.jpg","width":1440,"height":958},{"@type":"WebSite","@id":"https:\/\/www.btv.md\/#website","url":"https:\/\/www.btv.md\/","name":"BTV","description":"\u0411\u0435\u043b\u044c\u0446\u043a\u043e\u0435 \u0442\u0435\u043b\u0435\u0432\u0438\u0434\u0435\u043d\u0438\u0435","potentialAction":[{"@type":"SearchAction","target":{"@type":"EntryPoint","urlTemplate":"https:\/\/www.btv.md\/?s={search_term_string}"},"query-input":{"@type":"PropertyValueSpecification","valueRequired":true,"valueName":"search_term_string"}}],"inLanguage":"ro-RO"},{"@type":"Person","@id":"https:\/\/www.btv.md\/#\/schema\/person\/8fadce81561b3ce2c34c46dadc4ccbf2","name":"admin"}]}},"_links":{"self":[{"href":"https:\/\/www.btv.md\/ro\/wp-json\/wp\/v2\/posts\/131156","targetHints":{"allow":["GET"]}}],"collection":[{"href":"https:\/\/www.btv.md\/ro\/wp-json\/wp\/v2\/posts"}],"about":[{"href":"https:\/\/www.btv.md\/ro\/wp-json\/wp\/v2\/types\/post"}],"author":[{"embeddable":true,"href":"https:\/\/www.btv.md\/ro\/wp-json\/wp\/v2\/users\/4"}],"replies":[{"embeddable":true,"href":"https:\/\/www.btv.md\/ro\/wp-json\/wp\/v2\/comments?post=131156"}],"version-history":[{"count":0,"href":"https:\/\/www.btv.md\/ro\/wp-json\/wp\/v2\/posts\/131156\/revisions"}],"wp:featuredmedia":[{"embeddable":true,"href":"https:\/\/www.btv.md\/ro\/wp-json\/wp\/v2\/media\/131153"}],"wp:attachment":[{"href":"https:\/\/www.btv.md\/ro\/wp-json\/wp\/v2\/media?parent=131156"}],"wp:term":[{"taxonomy":"category","embeddable":true,"href":"https:\/\/www.btv.md\/ro\/wp-json\/wp\/v2\/categories?post=131156"},{"taxonomy":"post_tag","embeddable":true,"href":"https:\/\/www.btv.md\/ro\/wp-json\/wp\/v2\/tags?post=131156"}],"curies":[{"name":"wp","href":"https:\/\/api.w.org\/{rel}","templated":true}]}}