{"id":131177,"date":"2021-06-08T16:06:54","date_gmt":"2021-06-08T13:06:54","guid":{"rendered":"https:\/\/www.btv.md\/?p=131177"},"modified":"2021-06-08T16:06:54","modified_gmt":"2021-06-08T13:06:54","slug":"cate-tari-recunosc-certificatele-de-vaccinare-din-republica-moldova","status":"publish","type":"post","link":"https:\/\/www.btv.md\/ro\/cate-tari-recunosc-certificatele-de-vaccinare-din-republica-moldova\/","title":{"rendered":"C\u00e2te \u021b\u0103ri recunosc certificatele de vaccinare din Republica Moldova"},"content":{"rendered":"<p><strong>Doar dou\u0103 \u021b\u0103ri recunosc certificatele de vaccinare din Republica Moldova. Este vorba de Ungaria \u0219i Ucraina. Informa\u021bia a fost f\u0103cut\u0103 public\u0103 de c\u0103tre coordonatoarea Campaniei na\u021bionale de vaccinare \u00eempotriva Covid-19, Ninel Revenco, scrie <a href=\"https:\/\/tv8.md\/2021\/06\/08\/cate-tari-recunosc-certificatele-de-vaccinare-din-republica-moldova\/\">tv8.md<\/a>.\u00a0<\/strong><\/p>\n<p>\u201eSunt discu\u021bii intense pentru recunoa\u0219terea certificatelor de vaccinare \u00een afara \u021b\u0103rii. Certificatele sunt recunoscute \u00een Ucraina, \u00een Ungaria. Se duc discu\u021bii cu ambasadele \u0219i guvernele altor \u021b\u0103ri pentru a recunoa\u0219te certificatele din Republica Moldova\u201d, a men\u021bionat Ninel Revenco \u00een cadrul unei conferin\u021be de pres\u0103.<\/p>\n<p>P\u00e2n\u0103 ast\u0103zi, 480.330 persoane au fost imunizate \u00eempotriva noului virus. Potrivit datelor prezentate de secretarul de stat al MSMPS, Denis Cernelea, cazurile de infectare cu COVID-19 s-au redus cu 35% fa\u021b\u0103 de s\u0103pt\u0103m\u00e2na precedent\u0103, iar rata de vaccinare \u00een r\u00e2ndul popula\u021biei generale a ajuns la 10,7%.<\/p>\n<p>\u201eLa moment, sunt deschise peste 520 de puncte de vaccinare \u00een toat\u0103 \u021bara. Toate Centrele dispun de doze suficiente de vaccin \u00eempotriva COVID-19. La fel, \u00een prezent, au loc discu\u021bii cu reprezentan\u021bii Ministerului Afacerilor Externe \u0219i Integr\u0103rii Europene privind adaptarea Certificatelor de Vaccinare, eliberate de institu\u021biile responsabile din Republica Moldova, la standardele Certificatului European de Vaccinare. De men\u021bionat c\u0103 Certificatele de Vaccinare din Republica Moldova con\u021bin toate variabilele necesare \u00een acest sens, cu asigurarea tuturor datelor de protec\u021bie\u201d, a declarat secretarul de stat al MSMPS, Denis Cernelea.<\/p>\n<p><img decoding=\"async\" class=\"alignnone size-full wp-image-430842 lazyload\" data-src=\"https:\/\/tv8.md\/wp-content\/uploads\/2021\/06\/197788255_4003851313002103_5981546702247647687_n.png\" data-sizes=\"(max-width: 1790px) 100vw, 1790px\" data-srcset=\"https:\/\/tv8.md\/wp-content\/uploads\/2021\/06\/197788255_4003851313002103_5981546702247647687_n.png 1790w, https:\/\/tv8.md\/wp-content\/uploads\/2021\/06\/197788255_4003851313002103_5981546702247647687_n-300x300.png 300w, https:\/\/tv8.md\/wp-content\/uploads\/2021\/06\/197788255_4003851313002103_5981546702247647687_n-1019x1024.png 1019w, https:\/\/tv8.md\/wp-content\/uploads\/2021\/06\/197788255_4003851313002103_5981546702247647687_n-150x150.png 150w, https:\/\/tv8.md\/wp-content\/uploads\/2021\/06\/197788255_4003851313002103_5981546702247647687_n-768x771.png 768w, https:\/\/tv8.md\/wp-content\/uploads\/2021\/06\/197788255_4003851313002103_5981546702247647687_n-1529x1536.png 1529w, https:\/\/tv8.md\/wp-content\/uploads\/2021\/06\/197788255_4003851313002103_5981546702247647687_n-299x300.png 299w\" alt=\"\" width=\"1790\" height=\"1798\" src=\"data:image\/svg+xml;base64,PHN2ZyB3aWR0aD0iMSIgaGVpZ2h0PSIxIiB4bWxucz0iaHR0cDovL3d3dy53My5vcmcvMjAwMC9zdmciPjwvc3ZnPg==\" style=\"--smush-placeholder-width: 1790px; --smush-placeholder-aspect-ratio: 1790\/1798;\" \/><\/p>\n<p>Foto: tv8.md.<\/p>\n","protected":false},"excerpt":{"rendered":"<p>Doar dou\u0103 \u021b\u0103ri recunosc certificatele de vaccinare din Republica Moldova. Este vorba de Ungaria \u0219i Ucraina. Informa\u021bia a fost f\u0103cut\u0103 public\u0103 de c\u0103tre coordonatoarea Campaniei na\u021bionale de vaccinare \u00eempotriva Covid-19, Ninel Revenco, scrie tv8.md.\u00a0 \u201eSunt discu\u021bii intense pentru recunoa\u0219terea certificatelor de vaccinare \u00een afara \u021b\u0103rii. Certificatele sunt recunoscute \u00een Ucraina, \u00een Ungaria. Se duc discu\u021bii [&hellip;]<\/p>\n","protected":false},"author":4,"featured_media":131178,"comment_status":"closed","ping_status":"closed","sticky":false,"template":"","format":"standard","meta":{"footnotes":""},"categories":[6349],"tags":[26209],"class_list":["post-131177","post","type-post","status-publish","format-standard","has-post-thumbnail","hentry","category-social","tag-cate-tari-recunosc-certificatele-de-vaccinare-din-republica-moldova"],"yoast_head":"<!-- This site is optimized with the Yoast SEO plugin v27.4 - https:\/\/yoast.com\/product\/yoast-seo-wordpress\/ -->\n<title>C\u00e2te \u021b\u0103ri recunosc certificatele de vaccinare din Republica Moldova - BTV<\/title>\n<meta name=\"robots\" content=\"index, follow, max-snippet:-1, max-image-preview:large, max-video-preview:-1\" \/>\n<link rel=\"canonical\" href=\"https:\/\/www.btv.md\/ro\/cate-tari-recunosc-certificatele-de-vaccinare-din-republica-moldova\/\" \/>\n<meta property=\"og:locale\" content=\"ro_RO\" \/>\n<meta property=\"og:type\" content=\"article\" \/>\n<meta property=\"og:title\" content=\"C\u00e2te \u021b\u0103ri recunosc certificatele de vaccinare din Republica Moldova - BTV\" \/>\n<meta property=\"og:description\" content=\"Doar dou\u0103 \u021b\u0103ri recunosc certificatele de vaccinare din Republica Moldova. Este vorba de Ungaria \u0219i Ucraina. Informa\u021bia a fost f\u0103cut\u0103 public\u0103 de c\u0103tre coordonatoarea Campaniei na\u021bionale de vaccinare \u00eempotriva Covid-19, Ninel Revenco, scrie tv8.md.\u00a0 \u201eSunt discu\u021bii intense pentru recunoa\u0219terea certificatelor de vaccinare \u00een afara \u021b\u0103rii. Certificatele sunt recunoscute \u00een Ucraina, \u00een Ungaria. Se duc discu\u021bii [&hellip;]\" \/>\n<meta property=\"og:url\" content=\"https:\/\/www.btv.md\/ro\/cate-tari-recunosc-certificatele-de-vaccinare-din-republica-moldova\/\" \/>\n<meta property=\"og:site_name\" content=\"BTV\" \/>\n<meta property=\"article:publisher\" content=\"https:\/\/www.facebook.com\/btvmoldova\/\" \/>\n<meta property=\"article:published_time\" content=\"2021-06-08T13:06:54+00:00\" \/>\n<meta property=\"og:image\" content=\"https:\/\/www.btv.md\/wp-content\/uploads\/2021\/06\/vaccin-student.jpg\" \/>\n\t<meta property=\"og:image:width\" content=\"1800\" \/>\n\t<meta property=\"og:image:height\" content=\"1201\" \/>\n\t<meta property=\"og:image:type\" content=\"image\/jpeg\" \/>\n<meta name=\"author\" content=\"admin\" \/>\n<meta name=\"twitter:label1\" content=\"Scris de\" \/>\n\t<meta name=\"twitter:data1\" content=\"admin\" \/>\n\t<meta name=\"twitter:label2\" content=\"Timp estimat pentru citire\" \/>\n\t<meta name=\"twitter:data2\" content=\"2 minute\" \/>\n<script type=\"application\/ld+json\" class=\"yoast-schema-graph\">{\"@context\":\"https:\\\/\\\/schema.org\",\"@graph\":[{\"@type\":\"Article\",\"@id\":\"https:\\\/\\\/www.btv.md\\\/ro\\\/cate-tari-recunosc-certificatele-de-vaccinare-din-republica-moldova\\\/#article\",\"isPartOf\":{\"@id\":\"https:\\\/\\\/www.btv.md\\\/ro\\\/cate-tari-recunosc-certificatele-de-vaccinare-din-republica-moldova\\\/\"},\"author\":{\"name\":\"admin\",\"@id\":\"https:\\\/\\\/www.btv.md\\\/#\\\/schema\\\/person\\\/8fadce81561b3ce2c34c46dadc4ccbf2\"},\"headline\":\"C\u00e2te \u021b\u0103ri recunosc certificatele de vaccinare din Republica Moldova\",\"datePublished\":\"2021-06-08T13:06:54+00:00\",\"mainEntityOfPage\":{\"@id\":\"https:\\\/\\\/www.btv.md\\\/ro\\\/cate-tari-recunosc-certificatele-de-vaccinare-din-republica-moldova\\\/\"},\"wordCount\":245,\"image\":{\"@id\":\"https:\\\/\\\/www.btv.md\\\/ro\\\/cate-tari-recunosc-certificatele-de-vaccinare-din-republica-moldova\\\/#primaryimage\"},\"thumbnailUrl\":\"https:\\\/\\\/www.btv.md\\\/wp-content\\\/uploads\\\/2021\\\/06\\\/vaccin-student.jpg\",\"keywords\":[\"C\u00e2te \u021b\u0103ri recunosc certificatele de vaccinare din Republica Moldova\"],\"articleSection\":[\"Social\"],\"inLanguage\":\"ro-RO\"},{\"@type\":\"WebPage\",\"@id\":\"https:\\\/\\\/www.btv.md\\\/ro\\\/cate-tari-recunosc-certificatele-de-vaccinare-din-republica-moldova\\\/\",\"url\":\"https:\\\/\\\/www.btv.md\\\/ro\\\/cate-tari-recunosc-certificatele-de-vaccinare-din-republica-moldova\\\/\",\"name\":\"C\u00e2te \u021b\u0103ri recunosc certificatele de vaccinare din Republica Moldova - BTV\",\"isPartOf\":{\"@id\":\"https:\\\/\\\/www.btv.md\\\/#website\"},\"primaryImageOfPage\":{\"@id\":\"https:\\\/\\\/www.btv.md\\\/ro\\\/cate-tari-recunosc-certificatele-de-vaccinare-din-republica-moldova\\\/#primaryimage\"},\"image\":{\"@id\":\"https:\\\/\\\/www.btv.md\\\/ro\\\/cate-tari-recunosc-certificatele-de-vaccinare-din-republica-moldova\\\/#primaryimage\"},\"thumbnailUrl\":\"https:\\\/\\\/www.btv.md\\\/wp-content\\\/uploads\\\/2021\\\/06\\\/vaccin-student.jpg\",\"datePublished\":\"2021-06-08T13:06:54+00:00\",\"author\":{\"@id\":\"https:\\\/\\\/www.btv.md\\\/#\\\/schema\\\/person\\\/8fadce81561b3ce2c34c46dadc4ccbf2\"},\"inLanguage\":\"ro-RO\",\"potentialAction\":[{\"@type\":\"ReadAction\",\"target\":[\"https:\\\/\\\/www.btv.md\\\/ro\\\/cate-tari-recunosc-certificatele-de-vaccinare-din-republica-moldova\\\/\"]}]},{\"@type\":\"ImageObject\",\"inLanguage\":\"ro-RO\",\"@id\":\"https:\\\/\\\/www.btv.md\\\/ro\\\/cate-tari-recunosc-certificatele-de-vaccinare-din-republica-moldova\\\/#primaryimage\",\"url\":\"https:\\\/\\\/www.btv.md\\\/wp-content\\\/uploads\\\/2021\\\/06\\\/vaccin-student.jpg\",\"contentUrl\":\"https:\\\/\\\/www.btv.md\\\/wp-content\\\/uploads\\\/2021\\\/06\\\/vaccin-student.jpg\",\"width\":1800,\"height\":1201},{\"@type\":\"WebSite\",\"@id\":\"https:\\\/\\\/www.btv.md\\\/#website\",\"url\":\"https:\\\/\\\/www.btv.md\\\/\",\"name\":\"BTV\",\"description\":\"\u0411\u0435\u043b\u044c\u0446\u043a\u043e\u0435 \u0442\u0435\u043b\u0435\u0432\u0438\u0434\u0435\u043d\u0438\u0435\",\"potentialAction\":[{\"@type\":\"SearchAction\",\"target\":{\"@type\":\"EntryPoint\",\"urlTemplate\":\"https:\\\/\\\/www.btv.md\\\/?s={search_term_string}\"},\"query-input\":{\"@type\":\"PropertyValueSpecification\",\"valueRequired\":true,\"valueName\":\"search_term_string\"}}],\"inLanguage\":\"ro-RO\"},{\"@type\":\"Person\",\"@id\":\"https:\\\/\\\/www.btv.md\\\/#\\\/schema\\\/person\\\/8fadce81561b3ce2c34c46dadc4ccbf2\",\"name\":\"admin\"}]}<\/script>\n<!-- \/ Yoast SEO plugin. -->","yoast_head_json":{"title":"C\u00e2te \u021b\u0103ri recunosc certificatele de vaccinare din Republica Moldova - BTV","robots":{"index":"index","follow":"follow","max-snippet":"max-snippet:-1","max-image-preview":"max-image-preview:large","max-video-preview":"max-video-preview:-1"},"canonical":"https:\/\/www.btv.md\/ro\/cate-tari-recunosc-certificatele-de-vaccinare-din-republica-moldova\/","og_locale":"ro_RO","og_type":"article","og_title":"C\u00e2te \u021b\u0103ri recunosc certificatele de vaccinare din Republica Moldova - BTV","og_description":"Doar dou\u0103 \u021b\u0103ri recunosc certificatele de vaccinare din Republica Moldova. Este vorba de Ungaria \u0219i Ucraina. Informa\u021bia a fost f\u0103cut\u0103 public\u0103 de c\u0103tre coordonatoarea Campaniei na\u021bionale de vaccinare \u00eempotriva Covid-19, Ninel Revenco, scrie tv8.md.\u00a0 \u201eSunt discu\u021bii intense pentru recunoa\u0219terea certificatelor de vaccinare \u00een afara \u021b\u0103rii. Certificatele sunt recunoscute \u00een Ucraina, \u00een Ungaria. Se duc discu\u021bii [&hellip;]","og_url":"https:\/\/www.btv.md\/ro\/cate-tari-recunosc-certificatele-de-vaccinare-din-republica-moldova\/","og_site_name":"BTV","article_publisher":"https:\/\/www.facebook.com\/btvmoldova\/","article_published_time":"2021-06-08T13:06:54+00:00","og_image":[{"width":1800,"height":1201,"url":"https:\/\/www.btv.md\/wp-content\/uploads\/2021\/06\/vaccin-student.jpg","type":"image\/jpeg"}],"author":"admin","twitter_misc":{"Scris de":"admin","Timp estimat pentru citire":"2 minute"},"schema":{"@context":"https:\/\/schema.org","@graph":[{"@type":"Article","@id":"https:\/\/www.btv.md\/ro\/cate-tari-recunosc-certificatele-de-vaccinare-din-republica-moldova\/#article","isPartOf":{"@id":"https:\/\/www.btv.md\/ro\/cate-tari-recunosc-certificatele-de-vaccinare-din-republica-moldova\/"},"author":{"name":"admin","@id":"https:\/\/www.btv.md\/#\/schema\/person\/8fadce81561b3ce2c34c46dadc4ccbf2"},"headline":"C\u00e2te \u021b\u0103ri recunosc certificatele de vaccinare din Republica Moldova","datePublished":"2021-06-08T13:06:54+00:00","mainEntityOfPage":{"@id":"https:\/\/www.btv.md\/ro\/cate-tari-recunosc-certificatele-de-vaccinare-din-republica-moldova\/"},"wordCount":245,"image":{"@id":"https:\/\/www.btv.md\/ro\/cate-tari-recunosc-certificatele-de-vaccinare-din-republica-moldova\/#primaryimage"},"thumbnailUrl":"https:\/\/www.btv.md\/wp-content\/uploads\/2021\/06\/vaccin-student.jpg","keywords":["C\u00e2te \u021b\u0103ri recunosc certificatele de vaccinare din Republica Moldova"],"articleSection":["Social"],"inLanguage":"ro-RO"},{"@type":"WebPage","@id":"https:\/\/www.btv.md\/ro\/cate-tari-recunosc-certificatele-de-vaccinare-din-republica-moldova\/","url":"https:\/\/www.btv.md\/ro\/cate-tari-recunosc-certificatele-de-vaccinare-din-republica-moldova\/","name":"C\u00e2te \u021b\u0103ri recunosc certificatele de vaccinare din Republica Moldova - BTV","isPartOf":{"@id":"https:\/\/www.btv.md\/#website"},"primaryImageOfPage":{"@id":"https:\/\/www.btv.md\/ro\/cate-tari-recunosc-certificatele-de-vaccinare-din-republica-moldova\/#primaryimage"},"image":{"@id":"https:\/\/www.btv.md\/ro\/cate-tari-recunosc-certificatele-de-vaccinare-din-republica-moldova\/#primaryimage"},"thumbnailUrl":"https:\/\/www.btv.md\/wp-content\/uploads\/2021\/06\/vaccin-student.jpg","datePublished":"2021-06-08T13:06:54+00:00","author":{"@id":"https:\/\/www.btv.md\/#\/schema\/person\/8fadce81561b3ce2c34c46dadc4ccbf2"},"inLanguage":"ro-RO","potentialAction":[{"@type":"ReadAction","target":["https:\/\/www.btv.md\/ro\/cate-tari-recunosc-certificatele-de-vaccinare-din-republica-moldova\/"]}]},{"@type":"ImageObject","inLanguage":"ro-RO","@id":"https:\/\/www.btv.md\/ro\/cate-tari-recunosc-certificatele-de-vaccinare-din-republica-moldova\/#primaryimage","url":"https:\/\/www.btv.md\/wp-content\/uploads\/2021\/06\/vaccin-student.jpg","contentUrl":"https:\/\/www.btv.md\/wp-content\/uploads\/2021\/06\/vaccin-student.jpg","width":1800,"height":1201},{"@type":"WebSite","@id":"https:\/\/www.btv.md\/#website","url":"https:\/\/www.btv.md\/","name":"BTV","description":"\u0411\u0435\u043b\u044c\u0446\u043a\u043e\u0435 \u0442\u0435\u043b\u0435\u0432\u0438\u0434\u0435\u043d\u0438\u0435","potentialAction":[{"@type":"SearchAction","target":{"@type":"EntryPoint","urlTemplate":"https:\/\/www.btv.md\/?s={search_term_string}"},"query-input":{"@type":"PropertyValueSpecification","valueRequired":true,"valueName":"search_term_string"}}],"inLanguage":"ro-RO"},{"@type":"Person","@id":"https:\/\/www.btv.md\/#\/schema\/person\/8fadce81561b3ce2c34c46dadc4ccbf2","name":"admin"}]}},"_links":{"self":[{"href":"https:\/\/www.btv.md\/ro\/wp-json\/wp\/v2\/posts\/131177","targetHints":{"allow":["GET"]}}],"collection":[{"href":"https:\/\/www.btv.md\/ro\/wp-json\/wp\/v2\/posts"}],"about":[{"href":"https:\/\/www.btv.md\/ro\/wp-json\/wp\/v2\/types\/post"}],"author":[{"embeddable":true,"href":"https:\/\/www.btv.md\/ro\/wp-json\/wp\/v2\/users\/4"}],"replies":[{"embeddable":true,"href":"https:\/\/www.btv.md\/ro\/wp-json\/wp\/v2\/comments?post=131177"}],"version-history":[{"count":0,"href":"https:\/\/www.btv.md\/ro\/wp-json\/wp\/v2\/posts\/131177\/revisions"}],"wp:featuredmedia":[{"embeddable":true,"href":"https:\/\/www.btv.md\/ro\/wp-json\/wp\/v2\/media\/131178"}],"wp:attachment":[{"href":"https:\/\/www.btv.md\/ro\/wp-json\/wp\/v2\/media?parent=131177"}],"wp:term":[{"taxonomy":"category","embeddable":true,"href":"https:\/\/www.btv.md\/ro\/wp-json\/wp\/v2\/categories?post=131177"},{"taxonomy":"post_tag","embeddable":true,"href":"https:\/\/www.btv.md\/ro\/wp-json\/wp\/v2\/tags?post=131177"}],"curies":[{"name":"wp","href":"https:\/\/api.w.org\/{rel}","templated":true}]}}