{"id":131187,"date":"2021-06-08T18:01:28","date_gmt":"2021-06-08T15:01:28","guid":{"rendered":"https:\/\/www.btv.md\/?p=131187"},"modified":"2021-06-08T18:01:28","modified_gmt":"2021-06-08T15:01:28","slug":"in-pietele-din-balti-au-aparut-ciresele-si-capsunile-autohtone","status":"publish","type":"post","link":"https:\/\/www.btv.md\/ro\/in-pietele-din-balti-au-aparut-ciresele-si-capsunile-autohtone\/","title":{"rendered":"\u00cen pie\u021bele din B\u0103l\u021bi au ap\u0103rut cire\u0219ele \u0219i c\u0103p\u0219unile autohtone"},"content":{"rendered":"<p><strong>Cire\u0219ele \u0219i c\u0103p\u0219unile autohtone, cultivate \u00een gr\u0103dinile \u0219i pe c\u00e2mpurile din \u021bar\u0103, au ap\u0103rut pe tarabele pie\u021belor din B\u0103l\u021bi. Un kilogram de cire\u0219e cost\u0103 \u00eentre 15 \u0219i 30 de lei, iar costul pentru un kilogram de c\u0103p\u0219uni este cuprins \u00eentre 22 \u0219i 30 de lei, \u00een func\u021bie de soi \u0219i m\u0103rime. Comercian\u021bii ne-au spus, c\u0103 din cauza vremii reci \u0219i a ploilor, cire\u0219ele s-au copt mai t\u00e2rziu, \u00een acest an.<\/strong><\/p>\n<p><a href=\"http:\/\/iframe%20src=https:\/\/www.facebook.com\/plugins\/video.php?height=314&amp;href=https%3A%2F%2Fwww.facebook.com%2Fbtvmoldova%2Fvideos%2F837012623907532%2F&amp;show_text=false&amp;width=560&amp;t=0%20width=560%20height=314%20style=border:none;overflow:hidden%20scrolling=no%20frameborder=0%20allowfullscreen=true%20allow=autoplay;%20clipboard-write;%20encrypted-media;%20picture-in-picture;%20web-share%20allowFullScreen=true\/iframe\"><iframe style=\"border: none; overflow: hidden;\" data-src=\"https:\/\/www.facebook.com\/plugins\/video.php?height=314&amp;href=https%3A%2F%2Fwww.facebook.com%2Fbtvmoldova%2Fvideos%2F837012623907532%2F&amp;show_text=false&amp;width=560&amp;t=0\" width=\"560\" height=\"314\" frameborder=\"0\" scrolling=\"no\" allowfullscreen=\"allowfullscreen\" src=\"data:image\/svg+xml;base64,PHN2ZyB3aWR0aD0iMSIgaGVpZ2h0PSIxIiB4bWxucz0iaHR0cDovL3d3dy53My5vcmcvMjAwMC9zdmciPjwvc3ZnPg==\" class=\"lazyload\" data-load-mode=\"1\"><\/iframe><\/a><\/p>\n<p>Dac\u0103 cire\u0219ele sunt pu\u021bine, atunci c\u0103p\u0219uni sunt \u00eendeajuns, spun comercian\u021bii. De\u0219i \u00een acest an recolta a fost bogat\u0103, comercian\u021bii recunosc c\u0103 pre\u021burile ar trebui reduse, din lips\u0103 de cump\u0103r\u0103tori.<\/p>\n<p>Cump\u0103r\u0103torii spun c\u0103 pre\u021burile sunt rezonabile, dar nu se gr\u0103besc s\u0103 cumpere multe kilograme. Oamenii spun c\u0103 fructele se stric\u0103 repede \u0219i nu sunt dulci, din cauza ploilor.<\/p>\n<p>Anul trecut, primele c\u0103p\u0219uni autohtone au ap\u0103rut pe pia\u021ba moldoveneasc\u0103 cu aproximativ trei s\u0103pt\u0103m\u00e2ni mai devreme dec\u00e2t \u00een acest an. Atunci, pre\u021burile au variat de la 30 de lei \u00een sus, pentru un kg. Cire\u0219ele s-au costau \u00eentre 25 \u0219i 40 de lei. Fermierii sunt \u00eengrijora\u021bi, deoarece ploile din ultima perioad\u0103, ar putea afecta negativ calitatea \u0219i pre\u021bul cire\u0219elor \u0219i c\u0103p\u0219unilor.<\/p>\n","protected":false},"excerpt":{"rendered":"<p>Cire\u0219ele \u0219i c\u0103p\u0219unile autohtone, cultivate \u00een gr\u0103dinile \u0219i pe c\u00e2mpurile din \u021bar\u0103, au ap\u0103rut pe tarabele pie\u021belor din B\u0103l\u021bi. Un kilogram de cire\u0219e cost\u0103 \u00eentre 15 \u0219i 30 de lei, iar costul pentru un kilogram de c\u0103p\u0219uni este cuprins \u00eentre 22 \u0219i 30 de lei, \u00een func\u021bie de soi \u0219i m\u0103rime. Comercian\u021bii ne-au spus, c\u0103 [&hellip;]<\/p>\n","protected":false},"author":4,"featured_media":131188,"comment_status":"closed","ping_status":"closed","sticky":false,"template":"","format":"standard","meta":{"footnotes":""},"categories":[6353],"tags":[26212],"class_list":["post-131187","post","type-post","status-publish","format-standard","has-post-thumbnail","hentry","category-oras","tag-in-pietele-din-balti-au-aparut-ciresele-si-capsunile-autohtone"],"yoast_head":"<!-- This site is optimized with the Yoast SEO plugin v27.4 - https:\/\/yoast.com\/product\/yoast-seo-wordpress\/ -->\n<title>\u00cen pie\u021bele din B\u0103l\u021bi au ap\u0103rut cire\u0219ele \u0219i c\u0103p\u0219unile autohtone - BTV<\/title>\n<meta name=\"robots\" content=\"index, follow, max-snippet:-1, max-image-preview:large, max-video-preview:-1\" \/>\n<link rel=\"canonical\" href=\"https:\/\/www.btv.md\/ro\/in-pietele-din-balti-au-aparut-ciresele-si-capsunile-autohtone\/\" \/>\n<meta property=\"og:locale\" content=\"ro_RO\" \/>\n<meta property=\"og:type\" content=\"article\" \/>\n<meta property=\"og:title\" content=\"\u00cen pie\u021bele din B\u0103l\u021bi au ap\u0103rut cire\u0219ele \u0219i c\u0103p\u0219unile autohtone - BTV\" \/>\n<meta property=\"og:description\" content=\"Cire\u0219ele \u0219i c\u0103p\u0219unile autohtone, cultivate \u00een gr\u0103dinile \u0219i pe c\u00e2mpurile din \u021bar\u0103, au ap\u0103rut pe tarabele pie\u021belor din B\u0103l\u021bi. Un kilogram de cire\u0219e cost\u0103 \u00eentre 15 \u0219i 30 de lei, iar costul pentru un kilogram de c\u0103p\u0219uni este cuprins \u00eentre 22 \u0219i 30 de lei, \u00een func\u021bie de soi \u0219i m\u0103rime. Comercian\u021bii ne-au spus, c\u0103 [&hellip;]\" \/>\n<meta property=\"og:url\" content=\"https:\/\/www.btv.md\/ro\/in-pietele-din-balti-au-aparut-ciresele-si-capsunile-autohtone\/\" \/>\n<meta property=\"og:site_name\" content=\"BTV\" \/>\n<meta property=\"article:publisher\" content=\"https:\/\/www.facebook.com\/btvmoldova\/\" \/>\n<meta property=\"article:published_time\" content=\"2021-06-08T15:01:28+00:00\" \/>\n<meta property=\"og:image\" content=\"https:\/\/www.btv.md\/wp-content\/uploads\/2021\/06\/cher2.jpg\" \/>\n\t<meta property=\"og:image:width\" content=\"1920\" \/>\n\t<meta property=\"og:image:height\" content=\"1080\" \/>\n\t<meta property=\"og:image:type\" content=\"image\/jpeg\" \/>\n<meta name=\"author\" content=\"admin\" \/>\n<meta name=\"twitter:label1\" content=\"Scris de\" \/>\n\t<meta name=\"twitter:data1\" content=\"admin\" \/>\n\t<meta name=\"twitter:label2\" content=\"Timp estimat pentru citire\" \/>\n\t<meta name=\"twitter:data2\" content=\"1 minut\" \/>\n<script type=\"application\/ld+json\" class=\"yoast-schema-graph\">{\"@context\":\"https:\\\/\\\/schema.org\",\"@graph\":[{\"@type\":\"Article\",\"@id\":\"https:\\\/\\\/www.btv.md\\\/ro\\\/in-pietele-din-balti-au-aparut-ciresele-si-capsunile-autohtone\\\/#article\",\"isPartOf\":{\"@id\":\"https:\\\/\\\/www.btv.md\\\/ro\\\/in-pietele-din-balti-au-aparut-ciresele-si-capsunile-autohtone\\\/\"},\"author\":{\"name\":\"admin\",\"@id\":\"https:\\\/\\\/www.btv.md\\\/#\\\/schema\\\/person\\\/8fadce81561b3ce2c34c46dadc4ccbf2\"},\"headline\":\"\u00cen pie\u021bele din B\u0103l\u021bi au ap\u0103rut cire\u0219ele \u0219i c\u0103p\u0219unile autohtone\",\"datePublished\":\"2021-06-08T15:01:28+00:00\",\"mainEntityOfPage\":{\"@id\":\"https:\\\/\\\/www.btv.md\\\/ro\\\/in-pietele-din-balti-au-aparut-ciresele-si-capsunile-autohtone\\\/\"},\"wordCount\":244,\"image\":{\"@id\":\"https:\\\/\\\/www.btv.md\\\/ro\\\/in-pietele-din-balti-au-aparut-ciresele-si-capsunile-autohtone\\\/#primaryimage\"},\"thumbnailUrl\":\"https:\\\/\\\/www.btv.md\\\/wp-content\\\/uploads\\\/2021\\\/06\\\/cher2.jpg\",\"keywords\":[\"\u00cen pie\u021bele din B\u0103l\u021bi au ap\u0103rut cire\u0219ele \u0219i c\u0103p\u0219unile autohtone\"],\"articleSection\":[\"Ora\u0219\"],\"inLanguage\":\"ro-RO\"},{\"@type\":\"WebPage\",\"@id\":\"https:\\\/\\\/www.btv.md\\\/ro\\\/in-pietele-din-balti-au-aparut-ciresele-si-capsunile-autohtone\\\/\",\"url\":\"https:\\\/\\\/www.btv.md\\\/ro\\\/in-pietele-din-balti-au-aparut-ciresele-si-capsunile-autohtone\\\/\",\"name\":\"\u00cen pie\u021bele din B\u0103l\u021bi au ap\u0103rut cire\u0219ele \u0219i c\u0103p\u0219unile autohtone - BTV\",\"isPartOf\":{\"@id\":\"https:\\\/\\\/www.btv.md\\\/#website\"},\"primaryImageOfPage\":{\"@id\":\"https:\\\/\\\/www.btv.md\\\/ro\\\/in-pietele-din-balti-au-aparut-ciresele-si-capsunile-autohtone\\\/#primaryimage\"},\"image\":{\"@id\":\"https:\\\/\\\/www.btv.md\\\/ro\\\/in-pietele-din-balti-au-aparut-ciresele-si-capsunile-autohtone\\\/#primaryimage\"},\"thumbnailUrl\":\"https:\\\/\\\/www.btv.md\\\/wp-content\\\/uploads\\\/2021\\\/06\\\/cher2.jpg\",\"datePublished\":\"2021-06-08T15:01:28+00:00\",\"author\":{\"@id\":\"https:\\\/\\\/www.btv.md\\\/#\\\/schema\\\/person\\\/8fadce81561b3ce2c34c46dadc4ccbf2\"},\"inLanguage\":\"ro-RO\",\"potentialAction\":[{\"@type\":\"ReadAction\",\"target\":[\"https:\\\/\\\/www.btv.md\\\/ro\\\/in-pietele-din-balti-au-aparut-ciresele-si-capsunile-autohtone\\\/\"]}]},{\"@type\":\"ImageObject\",\"inLanguage\":\"ro-RO\",\"@id\":\"https:\\\/\\\/www.btv.md\\\/ro\\\/in-pietele-din-balti-au-aparut-ciresele-si-capsunile-autohtone\\\/#primaryimage\",\"url\":\"https:\\\/\\\/www.btv.md\\\/wp-content\\\/uploads\\\/2021\\\/06\\\/cher2.jpg\",\"contentUrl\":\"https:\\\/\\\/www.btv.md\\\/wp-content\\\/uploads\\\/2021\\\/06\\\/cher2.jpg\",\"width\":1920,\"height\":1080},{\"@type\":\"WebSite\",\"@id\":\"https:\\\/\\\/www.btv.md\\\/#website\",\"url\":\"https:\\\/\\\/www.btv.md\\\/\",\"name\":\"BTV\",\"description\":\"\u0411\u0435\u043b\u044c\u0446\u043a\u043e\u0435 \u0442\u0435\u043b\u0435\u0432\u0438\u0434\u0435\u043d\u0438\u0435\",\"potentialAction\":[{\"@type\":\"SearchAction\",\"target\":{\"@type\":\"EntryPoint\",\"urlTemplate\":\"https:\\\/\\\/www.btv.md\\\/?s={search_term_string}\"},\"query-input\":{\"@type\":\"PropertyValueSpecification\",\"valueRequired\":true,\"valueName\":\"search_term_string\"}}],\"inLanguage\":\"ro-RO\"},{\"@type\":\"Person\",\"@id\":\"https:\\\/\\\/www.btv.md\\\/#\\\/schema\\\/person\\\/8fadce81561b3ce2c34c46dadc4ccbf2\",\"name\":\"admin\"}]}<\/script>\n<!-- \/ Yoast SEO plugin. -->","yoast_head_json":{"title":"\u00cen pie\u021bele din B\u0103l\u021bi au ap\u0103rut cire\u0219ele \u0219i c\u0103p\u0219unile autohtone - BTV","robots":{"index":"index","follow":"follow","max-snippet":"max-snippet:-1","max-image-preview":"max-image-preview:large","max-video-preview":"max-video-preview:-1"},"canonical":"https:\/\/www.btv.md\/ro\/in-pietele-din-balti-au-aparut-ciresele-si-capsunile-autohtone\/","og_locale":"ro_RO","og_type":"article","og_title":"\u00cen pie\u021bele din B\u0103l\u021bi au ap\u0103rut cire\u0219ele \u0219i c\u0103p\u0219unile autohtone - BTV","og_description":"Cire\u0219ele \u0219i c\u0103p\u0219unile autohtone, cultivate \u00een gr\u0103dinile \u0219i pe c\u00e2mpurile din \u021bar\u0103, au ap\u0103rut pe tarabele pie\u021belor din B\u0103l\u021bi. Un kilogram de cire\u0219e cost\u0103 \u00eentre 15 \u0219i 30 de lei, iar costul pentru un kilogram de c\u0103p\u0219uni este cuprins \u00eentre 22 \u0219i 30 de lei, \u00een func\u021bie de soi \u0219i m\u0103rime. Comercian\u021bii ne-au spus, c\u0103 [&hellip;]","og_url":"https:\/\/www.btv.md\/ro\/in-pietele-din-balti-au-aparut-ciresele-si-capsunile-autohtone\/","og_site_name":"BTV","article_publisher":"https:\/\/www.facebook.com\/btvmoldova\/","article_published_time":"2021-06-08T15:01:28+00:00","og_image":[{"width":1920,"height":1080,"url":"https:\/\/www.btv.md\/wp-content\/uploads\/2021\/06\/cher2.jpg","type":"image\/jpeg"}],"author":"admin","twitter_misc":{"Scris de":"admin","Timp estimat pentru citire":"1 minut"},"schema":{"@context":"https:\/\/schema.org","@graph":[{"@type":"Article","@id":"https:\/\/www.btv.md\/ro\/in-pietele-din-balti-au-aparut-ciresele-si-capsunile-autohtone\/#article","isPartOf":{"@id":"https:\/\/www.btv.md\/ro\/in-pietele-din-balti-au-aparut-ciresele-si-capsunile-autohtone\/"},"author":{"name":"admin","@id":"https:\/\/www.btv.md\/#\/schema\/person\/8fadce81561b3ce2c34c46dadc4ccbf2"},"headline":"\u00cen pie\u021bele din B\u0103l\u021bi au ap\u0103rut cire\u0219ele \u0219i c\u0103p\u0219unile autohtone","datePublished":"2021-06-08T15:01:28+00:00","mainEntityOfPage":{"@id":"https:\/\/www.btv.md\/ro\/in-pietele-din-balti-au-aparut-ciresele-si-capsunile-autohtone\/"},"wordCount":244,"image":{"@id":"https:\/\/www.btv.md\/ro\/in-pietele-din-balti-au-aparut-ciresele-si-capsunile-autohtone\/#primaryimage"},"thumbnailUrl":"https:\/\/www.btv.md\/wp-content\/uploads\/2021\/06\/cher2.jpg","keywords":["\u00cen pie\u021bele din B\u0103l\u021bi au ap\u0103rut cire\u0219ele \u0219i c\u0103p\u0219unile autohtone"],"articleSection":["Ora\u0219"],"inLanguage":"ro-RO"},{"@type":"WebPage","@id":"https:\/\/www.btv.md\/ro\/in-pietele-din-balti-au-aparut-ciresele-si-capsunile-autohtone\/","url":"https:\/\/www.btv.md\/ro\/in-pietele-din-balti-au-aparut-ciresele-si-capsunile-autohtone\/","name":"\u00cen pie\u021bele din B\u0103l\u021bi au ap\u0103rut cire\u0219ele \u0219i c\u0103p\u0219unile autohtone - BTV","isPartOf":{"@id":"https:\/\/www.btv.md\/#website"},"primaryImageOfPage":{"@id":"https:\/\/www.btv.md\/ro\/in-pietele-din-balti-au-aparut-ciresele-si-capsunile-autohtone\/#primaryimage"},"image":{"@id":"https:\/\/www.btv.md\/ro\/in-pietele-din-balti-au-aparut-ciresele-si-capsunile-autohtone\/#primaryimage"},"thumbnailUrl":"https:\/\/www.btv.md\/wp-content\/uploads\/2021\/06\/cher2.jpg","datePublished":"2021-06-08T15:01:28+00:00","author":{"@id":"https:\/\/www.btv.md\/#\/schema\/person\/8fadce81561b3ce2c34c46dadc4ccbf2"},"inLanguage":"ro-RO","potentialAction":[{"@type":"ReadAction","target":["https:\/\/www.btv.md\/ro\/in-pietele-din-balti-au-aparut-ciresele-si-capsunile-autohtone\/"]}]},{"@type":"ImageObject","inLanguage":"ro-RO","@id":"https:\/\/www.btv.md\/ro\/in-pietele-din-balti-au-aparut-ciresele-si-capsunile-autohtone\/#primaryimage","url":"https:\/\/www.btv.md\/wp-content\/uploads\/2021\/06\/cher2.jpg","contentUrl":"https:\/\/www.btv.md\/wp-content\/uploads\/2021\/06\/cher2.jpg","width":1920,"height":1080},{"@type":"WebSite","@id":"https:\/\/www.btv.md\/#website","url":"https:\/\/www.btv.md\/","name":"BTV","description":"\u0411\u0435\u043b\u044c\u0446\u043a\u043e\u0435 \u0442\u0435\u043b\u0435\u0432\u0438\u0434\u0435\u043d\u0438\u0435","potentialAction":[{"@type":"SearchAction","target":{"@type":"EntryPoint","urlTemplate":"https:\/\/www.btv.md\/?s={search_term_string}"},"query-input":{"@type":"PropertyValueSpecification","valueRequired":true,"valueName":"search_term_string"}}],"inLanguage":"ro-RO"},{"@type":"Person","@id":"https:\/\/www.btv.md\/#\/schema\/person\/8fadce81561b3ce2c34c46dadc4ccbf2","name":"admin"}]}},"_links":{"self":[{"href":"https:\/\/www.btv.md\/ro\/wp-json\/wp\/v2\/posts\/131187","targetHints":{"allow":["GET"]}}],"collection":[{"href":"https:\/\/www.btv.md\/ro\/wp-json\/wp\/v2\/posts"}],"about":[{"href":"https:\/\/www.btv.md\/ro\/wp-json\/wp\/v2\/types\/post"}],"author":[{"embeddable":true,"href":"https:\/\/www.btv.md\/ro\/wp-json\/wp\/v2\/users\/4"}],"replies":[{"embeddable":true,"href":"https:\/\/www.btv.md\/ro\/wp-json\/wp\/v2\/comments?post=131187"}],"version-history":[{"count":0,"href":"https:\/\/www.btv.md\/ro\/wp-json\/wp\/v2\/posts\/131187\/revisions"}],"wp:featuredmedia":[{"embeddable":true,"href":"https:\/\/www.btv.md\/ro\/wp-json\/wp\/v2\/media\/131188"}],"wp:attachment":[{"href":"https:\/\/www.btv.md\/ro\/wp-json\/wp\/v2\/media?parent=131187"}],"wp:term":[{"taxonomy":"category","embeddable":true,"href":"https:\/\/www.btv.md\/ro\/wp-json\/wp\/v2\/categories?post=131187"},{"taxonomy":"post_tag","embeddable":true,"href":"https:\/\/www.btv.md\/ro\/wp-json\/wp\/v2\/tags?post=131187"}],"curies":[{"name":"wp","href":"https:\/\/api.w.org\/{rel}","templated":true}]}}