{"id":131191,"date":"2021-06-08T18:09:28","date_gmt":"2021-06-08T15:09:28","guid":{"rendered":"https:\/\/www.btv.md\/?p=131191"},"modified":"2021-06-08T18:09:28","modified_gmt":"2021-06-08T15:09:28","slug":"inchiderea-trecereii-peste-calea-ferata-de-pe-strada-sofia-din-balti-interzisa-de-autoritatea-publica-locala","status":"publish","type":"post","link":"https:\/\/www.btv.md\/ro\/inchiderea-trecereii-peste-calea-ferata-de-pe-strada-sofia-din-balti-interzisa-de-autoritatea-publica-locala\/","title":{"rendered":"\u00cenchiderea trecereii peste calea ferat\u0103 de pe strada Sofia din B\u0103l\u021bi, interzis\u0103 de autoritatea public\u0103 local\u0103"},"content":{"rendered":"<p><strong>S-a l\u0103sat cu strig\u0103te \u0219i nemul\u021bumiri la o \u0219edin\u021b\u0103 a prim\u0103riei B\u0103l\u021bi, unde s-a discutat despre \u00eenchiderea unei treceri peste calea ferat\u0103 de pe o strad\u0103 din ora\u0219. Din cauza crizei de personal, la dirijarea traficului peste calea ferat\u0103 de pe strada Sofia, nu mai are cine lucra. Autoritatea local\u0103 nu \u0219i-a dat acordul, lu\u00e2nd \u00een calcul, c\u0103 mai multe str\u0103zi din ora\u0219 se afl\u0103 \u00een proces de repara\u021bii, iar \u00eenchiderea unei a treilea, ar duce \u00een colaps circula\u021bia auto, din tot ora\u0219ul.<\/strong><\/p>\n<p><a href=\"http:\/\/iframe%20src=https:\/\/www.facebook.com\/plugins\/video.php?height=314&amp;href=https%3A%2F%2Fwww.facebook.com%2Fbtvmoldova%2Fvideos%2F486893655870756%2F&amp;show_text=false&amp;width=560&amp;t=0%20width=560%20height=314%20style=border:none;overflow:hidden%20scrolling=no%20frameborder=0%20allowfullscreen=true%20allow=autoplay;%20clipboard-write;%20encrypted-media;%20picture-in-picture;%20web-share%20allowFullScreen=true\/iframe\"><iframe style=\"border: none; overflow: hidden;\" data-src=\"https:\/\/www.facebook.com\/plugins\/video.php?height=314&amp;href=https%3A%2F%2Fwww.facebook.com%2Fbtvmoldova%2Fvideos%2F486893655870756%2F&amp;show_text=false&amp;width=560&amp;t=0\" width=\"560\" height=\"314\" frameborder=\"0\" scrolling=\"no\" allowfullscreen=\"allowfullscreen\" src=\"data:image\/svg+xml;base64,PHN2ZyB3aWR0aD0iMSIgaGVpZ2h0PSIxIiB4bWxucz0iaHR0cDovL3d3dy53My5vcmcvMjAwMC9zdmciPjwvc3ZnPg==\" class=\"lazyload\" data-load-mode=\"1\"><\/iframe><\/a><\/p>\n<p>Cu propunerea de \u00eenchidere a drumului pentru mijlocele de transport, la \u00eent\u00e2lnire a venit administra\u021bia c\u0103ilor ferate din B\u0103l\u021bi.\u00a0 \u00centreprinderea motiveaz\u0103 \u00eenchiderea prin faptul, c\u0103 lipsa de personal ar putea pune \u00een pericol circula\u021bia at\u00e2t a trenurilor, c\u00e2t \u0219i a transportului auto.<\/p>\n<p>Poli\u021bia a c\u0103zut de acord cu argumentele invocate de autoritatea public\u0103 local\u0103. \u00cenchiderea trecerii peste calea ferat\u0103 ar paraliza traficul din ora\u0219.<\/p>\n<p>Despre problemele ap\u0103rute pe fundalul demisiilor de la c\u0103ile ferate, inclusiv \u0219i din B\u0103l\u021bi, dar \u0219i propunerea de a \u00eenchide trecerea peste calea ferat\u0103 de pe strada Sofia, l-am contactat telefonic pe Oleg Tofilat, noul director al CFM. Responsabilul a spus c\u0103 nu e la curent cu problema de pe strada \u00een cauz\u0103, \u00eens\u0103 a dat asigur\u0103ri, c\u0103 ,,totul v-a fi \u00een standartele de calitate\u201d, iar la capitolul personal, treptat r\u00e2ndurile acestora vor fi completate.<\/p>\n","protected":false},"excerpt":{"rendered":"<p>S-a l\u0103sat cu strig\u0103te \u0219i nemul\u021bumiri la o \u0219edin\u021b\u0103 a prim\u0103riei B\u0103l\u021bi, unde s-a discutat despre \u00eenchiderea unei treceri peste calea ferat\u0103 de pe o strad\u0103 din ora\u0219. Din cauza crizei de personal, la dirijarea traficului peste calea ferat\u0103 de pe strada Sofia, nu mai are cine lucra. Autoritatea local\u0103 nu \u0219i-a dat acordul, lu\u00e2nd [&hellip;]<\/p>\n","protected":false},"author":4,"featured_media":131192,"comment_status":"closed","ping_status":"closed","sticky":false,"template":"","format":"standard","meta":{"footnotes":""},"categories":[6353],"tags":[26213,26214],"class_list":["post-131191","post","type-post","status-publish","format-standard","has-post-thumbnail","hentry","category-oras","tag-inchiderea-trecereii-peste-calea-ferata-de-pe-strada-sofia-din-balti","tag-interzisa-de-autoritatea-publica-locala"],"yoast_head":"<!-- This site is optimized with the Yoast SEO plugin v27.4 - https:\/\/yoast.com\/product\/yoast-seo-wordpress\/ -->\n<title>\u00cenchiderea trecereii peste calea ferat\u0103 de pe strada Sofia din B\u0103l\u021bi, interzis\u0103 de autoritatea public\u0103 local\u0103 - BTV<\/title>\n<meta name=\"robots\" content=\"index, follow, max-snippet:-1, max-image-preview:large, max-video-preview:-1\" \/>\n<link rel=\"canonical\" href=\"https:\/\/www.btv.md\/ro\/inchiderea-trecereii-peste-calea-ferata-de-pe-strada-sofia-din-balti-interzisa-de-autoritatea-publica-locala\/\" \/>\n<meta property=\"og:locale\" content=\"ro_RO\" \/>\n<meta property=\"og:type\" content=\"article\" \/>\n<meta property=\"og:title\" content=\"\u00cenchiderea trecereii peste calea ferat\u0103 de pe strada Sofia din B\u0103l\u021bi, interzis\u0103 de autoritatea public\u0103 local\u0103 - BTV\" \/>\n<meta property=\"og:description\" content=\"S-a l\u0103sat cu strig\u0103te \u0219i nemul\u021bumiri la o \u0219edin\u021b\u0103 a prim\u0103riei B\u0103l\u021bi, unde s-a discutat despre \u00eenchiderea unei treceri peste calea ferat\u0103 de pe o strad\u0103 din ora\u0219. Din cauza crizei de personal, la dirijarea traficului peste calea ferat\u0103 de pe strada Sofia, nu mai are cine lucra. Autoritatea local\u0103 nu \u0219i-a dat acordul, lu\u00e2nd [&hellip;]\" \/>\n<meta property=\"og:url\" content=\"https:\/\/www.btv.md\/ro\/inchiderea-trecereii-peste-calea-ferata-de-pe-strada-sofia-din-balti-interzisa-de-autoritatea-publica-locala\/\" \/>\n<meta property=\"og:site_name\" content=\"BTV\" \/>\n<meta property=\"article:publisher\" content=\"https:\/\/www.facebook.com\/btvmoldova\/\" \/>\n<meta property=\"article:published_time\" content=\"2021-06-08T15:09:28+00:00\" \/>\n<meta property=\"og:image\" content=\"https:\/\/www.btv.md\/wp-content\/uploads\/2021\/06\/sof.jpg\" \/>\n\t<meta property=\"og:image:width\" content=\"1920\" \/>\n\t<meta property=\"og:image:height\" content=\"1080\" \/>\n\t<meta property=\"og:image:type\" content=\"image\/jpeg\" \/>\n<meta name=\"author\" content=\"admin\" \/>\n<meta name=\"twitter:label1\" content=\"Scris de\" \/>\n\t<meta name=\"twitter:data1\" content=\"admin\" \/>\n\t<meta name=\"twitter:label2\" content=\"Timp estimat pentru citire\" \/>\n\t<meta name=\"twitter:data2\" content=\"1 minut\" \/>\n<script type=\"application\/ld+json\" class=\"yoast-schema-graph\">{\"@context\":\"https:\\\/\\\/schema.org\",\"@graph\":[{\"@type\":\"Article\",\"@id\":\"https:\\\/\\\/www.btv.md\\\/ro\\\/inchiderea-trecereii-peste-calea-ferata-de-pe-strada-sofia-din-balti-interzisa-de-autoritatea-publica-locala\\\/#article\",\"isPartOf\":{\"@id\":\"https:\\\/\\\/www.btv.md\\\/ro\\\/inchiderea-trecereii-peste-calea-ferata-de-pe-strada-sofia-din-balti-interzisa-de-autoritatea-publica-locala\\\/\"},\"author\":{\"name\":\"admin\",\"@id\":\"https:\\\/\\\/www.btv.md\\\/#\\\/schema\\\/person\\\/8fadce81561b3ce2c34c46dadc4ccbf2\"},\"headline\":\"\u00cenchiderea trecereii peste calea ferat\u0103 de pe strada Sofia din B\u0103l\u021bi, interzis\u0103 de autoritatea public\u0103 local\u0103\",\"datePublished\":\"2021-06-08T15:09:28+00:00\",\"mainEntityOfPage\":{\"@id\":\"https:\\\/\\\/www.btv.md\\\/ro\\\/inchiderea-trecereii-peste-calea-ferata-de-pe-strada-sofia-din-balti-interzisa-de-autoritatea-publica-locala\\\/\"},\"wordCount\":267,\"image\":{\"@id\":\"https:\\\/\\\/www.btv.md\\\/ro\\\/inchiderea-trecereii-peste-calea-ferata-de-pe-strada-sofia-din-balti-interzisa-de-autoritatea-publica-locala\\\/#primaryimage\"},\"thumbnailUrl\":\"https:\\\/\\\/www.btv.md\\\/wp-content\\\/uploads\\\/2021\\\/06\\\/sof.jpg\",\"keywords\":[\"\u00cenchiderea trecereii peste calea ferat\u0103 de pe strada Sofia din B\u0103l\u021bi\",\"interzis\u0103 de autoritatea public\u0103 local\u0103\"],\"articleSection\":[\"Ora\u0219\"],\"inLanguage\":\"ro-RO\"},{\"@type\":\"WebPage\",\"@id\":\"https:\\\/\\\/www.btv.md\\\/ro\\\/inchiderea-trecereii-peste-calea-ferata-de-pe-strada-sofia-din-balti-interzisa-de-autoritatea-publica-locala\\\/\",\"url\":\"https:\\\/\\\/www.btv.md\\\/ro\\\/inchiderea-trecereii-peste-calea-ferata-de-pe-strada-sofia-din-balti-interzisa-de-autoritatea-publica-locala\\\/\",\"name\":\"\u00cenchiderea trecereii peste calea ferat\u0103 de pe strada Sofia din B\u0103l\u021bi, interzis\u0103 de autoritatea public\u0103 local\u0103 - BTV\",\"isPartOf\":{\"@id\":\"https:\\\/\\\/www.btv.md\\\/#website\"},\"primaryImageOfPage\":{\"@id\":\"https:\\\/\\\/www.btv.md\\\/ro\\\/inchiderea-trecereii-peste-calea-ferata-de-pe-strada-sofia-din-balti-interzisa-de-autoritatea-publica-locala\\\/#primaryimage\"},\"image\":{\"@id\":\"https:\\\/\\\/www.btv.md\\\/ro\\\/inchiderea-trecereii-peste-calea-ferata-de-pe-strada-sofia-din-balti-interzisa-de-autoritatea-publica-locala\\\/#primaryimage\"},\"thumbnailUrl\":\"https:\\\/\\\/www.btv.md\\\/wp-content\\\/uploads\\\/2021\\\/06\\\/sof.jpg\",\"datePublished\":\"2021-06-08T15:09:28+00:00\",\"author\":{\"@id\":\"https:\\\/\\\/www.btv.md\\\/#\\\/schema\\\/person\\\/8fadce81561b3ce2c34c46dadc4ccbf2\"},\"inLanguage\":\"ro-RO\",\"potentialAction\":[{\"@type\":\"ReadAction\",\"target\":[\"https:\\\/\\\/www.btv.md\\\/ro\\\/inchiderea-trecereii-peste-calea-ferata-de-pe-strada-sofia-din-balti-interzisa-de-autoritatea-publica-locala\\\/\"]}]},{\"@type\":\"ImageObject\",\"inLanguage\":\"ro-RO\",\"@id\":\"https:\\\/\\\/www.btv.md\\\/ro\\\/inchiderea-trecereii-peste-calea-ferata-de-pe-strada-sofia-din-balti-interzisa-de-autoritatea-publica-locala\\\/#primaryimage\",\"url\":\"https:\\\/\\\/www.btv.md\\\/wp-content\\\/uploads\\\/2021\\\/06\\\/sof.jpg\",\"contentUrl\":\"https:\\\/\\\/www.btv.md\\\/wp-content\\\/uploads\\\/2021\\\/06\\\/sof.jpg\",\"width\":1920,\"height\":1080},{\"@type\":\"WebSite\",\"@id\":\"https:\\\/\\\/www.btv.md\\\/#website\",\"url\":\"https:\\\/\\\/www.btv.md\\\/\",\"name\":\"BTV\",\"description\":\"\u0411\u0435\u043b\u044c\u0446\u043a\u043e\u0435 \u0442\u0435\u043b\u0435\u0432\u0438\u0434\u0435\u043d\u0438\u0435\",\"potentialAction\":[{\"@type\":\"SearchAction\",\"target\":{\"@type\":\"EntryPoint\",\"urlTemplate\":\"https:\\\/\\\/www.btv.md\\\/?s={search_term_string}\"},\"query-input\":{\"@type\":\"PropertyValueSpecification\",\"valueRequired\":true,\"valueName\":\"search_term_string\"}}],\"inLanguage\":\"ro-RO\"},{\"@type\":\"Person\",\"@id\":\"https:\\\/\\\/www.btv.md\\\/#\\\/schema\\\/person\\\/8fadce81561b3ce2c34c46dadc4ccbf2\",\"name\":\"admin\"}]}<\/script>\n<!-- \/ Yoast SEO plugin. -->","yoast_head_json":{"title":"\u00cenchiderea trecereii peste calea ferat\u0103 de pe strada Sofia din B\u0103l\u021bi, interzis\u0103 de autoritatea public\u0103 local\u0103 - BTV","robots":{"index":"index","follow":"follow","max-snippet":"max-snippet:-1","max-image-preview":"max-image-preview:large","max-video-preview":"max-video-preview:-1"},"canonical":"https:\/\/www.btv.md\/ro\/inchiderea-trecereii-peste-calea-ferata-de-pe-strada-sofia-din-balti-interzisa-de-autoritatea-publica-locala\/","og_locale":"ro_RO","og_type":"article","og_title":"\u00cenchiderea trecereii peste calea ferat\u0103 de pe strada Sofia din B\u0103l\u021bi, interzis\u0103 de autoritatea public\u0103 local\u0103 - BTV","og_description":"S-a l\u0103sat cu strig\u0103te \u0219i nemul\u021bumiri la o \u0219edin\u021b\u0103 a prim\u0103riei B\u0103l\u021bi, unde s-a discutat despre \u00eenchiderea unei treceri peste calea ferat\u0103 de pe o strad\u0103 din ora\u0219. Din cauza crizei de personal, la dirijarea traficului peste calea ferat\u0103 de pe strada Sofia, nu mai are cine lucra. Autoritatea local\u0103 nu \u0219i-a dat acordul, lu\u00e2nd [&hellip;]","og_url":"https:\/\/www.btv.md\/ro\/inchiderea-trecereii-peste-calea-ferata-de-pe-strada-sofia-din-balti-interzisa-de-autoritatea-publica-locala\/","og_site_name":"BTV","article_publisher":"https:\/\/www.facebook.com\/btvmoldova\/","article_published_time":"2021-06-08T15:09:28+00:00","og_image":[{"width":1920,"height":1080,"url":"https:\/\/www.btv.md\/wp-content\/uploads\/2021\/06\/sof.jpg","type":"image\/jpeg"}],"author":"admin","twitter_misc":{"Scris de":"admin","Timp estimat pentru citire":"1 minut"},"schema":{"@context":"https:\/\/schema.org","@graph":[{"@type":"Article","@id":"https:\/\/www.btv.md\/ro\/inchiderea-trecereii-peste-calea-ferata-de-pe-strada-sofia-din-balti-interzisa-de-autoritatea-publica-locala\/#article","isPartOf":{"@id":"https:\/\/www.btv.md\/ro\/inchiderea-trecereii-peste-calea-ferata-de-pe-strada-sofia-din-balti-interzisa-de-autoritatea-publica-locala\/"},"author":{"name":"admin","@id":"https:\/\/www.btv.md\/#\/schema\/person\/8fadce81561b3ce2c34c46dadc4ccbf2"},"headline":"\u00cenchiderea trecereii peste calea ferat\u0103 de pe strada Sofia din B\u0103l\u021bi, interzis\u0103 de autoritatea public\u0103 local\u0103","datePublished":"2021-06-08T15:09:28+00:00","mainEntityOfPage":{"@id":"https:\/\/www.btv.md\/ro\/inchiderea-trecereii-peste-calea-ferata-de-pe-strada-sofia-din-balti-interzisa-de-autoritatea-publica-locala\/"},"wordCount":267,"image":{"@id":"https:\/\/www.btv.md\/ro\/inchiderea-trecereii-peste-calea-ferata-de-pe-strada-sofia-din-balti-interzisa-de-autoritatea-publica-locala\/#primaryimage"},"thumbnailUrl":"https:\/\/www.btv.md\/wp-content\/uploads\/2021\/06\/sof.jpg","keywords":["\u00cenchiderea trecereii peste calea ferat\u0103 de pe strada Sofia din B\u0103l\u021bi","interzis\u0103 de autoritatea public\u0103 local\u0103"],"articleSection":["Ora\u0219"],"inLanguage":"ro-RO"},{"@type":"WebPage","@id":"https:\/\/www.btv.md\/ro\/inchiderea-trecereii-peste-calea-ferata-de-pe-strada-sofia-din-balti-interzisa-de-autoritatea-publica-locala\/","url":"https:\/\/www.btv.md\/ro\/inchiderea-trecereii-peste-calea-ferata-de-pe-strada-sofia-din-balti-interzisa-de-autoritatea-publica-locala\/","name":"\u00cenchiderea trecereii peste calea ferat\u0103 de pe strada Sofia din B\u0103l\u021bi, interzis\u0103 de autoritatea public\u0103 local\u0103 - BTV","isPartOf":{"@id":"https:\/\/www.btv.md\/#website"},"primaryImageOfPage":{"@id":"https:\/\/www.btv.md\/ro\/inchiderea-trecereii-peste-calea-ferata-de-pe-strada-sofia-din-balti-interzisa-de-autoritatea-publica-locala\/#primaryimage"},"image":{"@id":"https:\/\/www.btv.md\/ro\/inchiderea-trecereii-peste-calea-ferata-de-pe-strada-sofia-din-balti-interzisa-de-autoritatea-publica-locala\/#primaryimage"},"thumbnailUrl":"https:\/\/www.btv.md\/wp-content\/uploads\/2021\/06\/sof.jpg","datePublished":"2021-06-08T15:09:28+00:00","author":{"@id":"https:\/\/www.btv.md\/#\/schema\/person\/8fadce81561b3ce2c34c46dadc4ccbf2"},"inLanguage":"ro-RO","potentialAction":[{"@type":"ReadAction","target":["https:\/\/www.btv.md\/ro\/inchiderea-trecereii-peste-calea-ferata-de-pe-strada-sofia-din-balti-interzisa-de-autoritatea-publica-locala\/"]}]},{"@type":"ImageObject","inLanguage":"ro-RO","@id":"https:\/\/www.btv.md\/ro\/inchiderea-trecereii-peste-calea-ferata-de-pe-strada-sofia-din-balti-interzisa-de-autoritatea-publica-locala\/#primaryimage","url":"https:\/\/www.btv.md\/wp-content\/uploads\/2021\/06\/sof.jpg","contentUrl":"https:\/\/www.btv.md\/wp-content\/uploads\/2021\/06\/sof.jpg","width":1920,"height":1080},{"@type":"WebSite","@id":"https:\/\/www.btv.md\/#website","url":"https:\/\/www.btv.md\/","name":"BTV","description":"\u0411\u0435\u043b\u044c\u0446\u043a\u043e\u0435 \u0442\u0435\u043b\u0435\u0432\u0438\u0434\u0435\u043d\u0438\u0435","potentialAction":[{"@type":"SearchAction","target":{"@type":"EntryPoint","urlTemplate":"https:\/\/www.btv.md\/?s={search_term_string}"},"query-input":{"@type":"PropertyValueSpecification","valueRequired":true,"valueName":"search_term_string"}}],"inLanguage":"ro-RO"},{"@type":"Person","@id":"https:\/\/www.btv.md\/#\/schema\/person\/8fadce81561b3ce2c34c46dadc4ccbf2","name":"admin"}]}},"_links":{"self":[{"href":"https:\/\/www.btv.md\/ro\/wp-json\/wp\/v2\/posts\/131191","targetHints":{"allow":["GET"]}}],"collection":[{"href":"https:\/\/www.btv.md\/ro\/wp-json\/wp\/v2\/posts"}],"about":[{"href":"https:\/\/www.btv.md\/ro\/wp-json\/wp\/v2\/types\/post"}],"author":[{"embeddable":true,"href":"https:\/\/www.btv.md\/ro\/wp-json\/wp\/v2\/users\/4"}],"replies":[{"embeddable":true,"href":"https:\/\/www.btv.md\/ro\/wp-json\/wp\/v2\/comments?post=131191"}],"version-history":[{"count":0,"href":"https:\/\/www.btv.md\/ro\/wp-json\/wp\/v2\/posts\/131191\/revisions"}],"wp:featuredmedia":[{"embeddable":true,"href":"https:\/\/www.btv.md\/ro\/wp-json\/wp\/v2\/media\/131192"}],"wp:attachment":[{"href":"https:\/\/www.btv.md\/ro\/wp-json\/wp\/v2\/media?parent=131191"}],"wp:term":[{"taxonomy":"category","embeddable":true,"href":"https:\/\/www.btv.md\/ro\/wp-json\/wp\/v2\/categories?post=131191"},{"taxonomy":"post_tag","embeddable":true,"href":"https:\/\/www.btv.md\/ro\/wp-json\/wp\/v2\/tags?post=131191"}],"curies":[{"name":"wp","href":"https:\/\/api.w.org\/{rel}","templated":true}]}}