{"id":131195,"date":"2021-06-08T18:13:32","date_gmt":"2021-06-08T15:13:32","guid":{"rendered":"https:\/\/www.btv.md\/?p=131195"},"modified":"2021-06-08T18:13:32","modified_gmt":"2021-06-08T15:13:32","slug":"cazul-moldovenilor-dusi-in-bulgaria-pentru-transplant-de-rinichi","status":"publish","type":"post","link":"https:\/\/www.btv.md\/ro\/cazul-moldovenilor-dusi-in-bulgaria-pentru-transplant-de-rinichi\/","title":{"rendered":"Cazul moldovenilor du\u0219i \u00een Bulgaria pentru transplant de rinichi"},"content":{"rendered":"<p><strong>Procuratura General\u0103 va solicita informa\u021bii de la organele de anchet\u0103 din Bulgaria \u00een privin\u021ba unor cazuri de transplanturi ilegale de organe de la tineri moldoveni \u0219i se vor se vor implica \u00een efectuarea urm\u0103ririi penale \u00eempreun\u0103 cu colegii din Bulgaria. Reac\u021bia procuraturii vine dup\u0103 ce reprezentan\u021bii Ministerului S\u0103n\u0103t\u0103\u021bii din Bulgaria au anun\u021bat c\u0103 \u00eentr-un spital de stat, din Sofia, se efectuau transplanturi ilegale de organe. Rinichii pentru transplant c\u0103tre cet\u0103\u021beni boga\u021bi din Germania, Israel, Japonia \u0219i Oman erau v\u00e2ndu\u021bi de c\u0103tre cet\u0103\u021beni ucraineni \u0219i moldoveni, scrie <a href=\"https:\/\/deschide.md\/ro\/stiri\/social\/86478\/Cazul-moldovenilor-du%C8%99i-%C3%AEn-Bulgaria-pentru-transplant-de-rinichi--PG-va-solicita-efectuarea-urm%C4%83rii-penale-%C3%AEn-comun-cu-colegii-bulgari.htm\">deschide.md<\/a>.<\/strong><\/p>\n<blockquote><p><em>\u201eProcuratura Generala a Republicii Moldova a luat act de respectivele informa\u021bii, le-a \u00eenregistrat \u0219i prin intermediul canalelor interna\u021bionale de cooperare dintre institu\u021biile de drept (EUROJUST, EUROPOL) va solicita de la colegii din Bulgaria informa\u021bii pentru a putea demara proceduri penale \u00een acest sens. De asemenea, vom solicita efectuarea urm\u0103rii penale \u00een comun cu colegii din Bulgaria\u201d<\/em>, a comunicat pentru Deschide.MD Maria Vieru, purt\u0103toarea de cuv\u00e2nt a PG.<\/p><\/blockquote>\n<p>Ministrul inerimar al S\u0103n\u0103t\u0103\u021bii din Bulgaria, Stoicho Katsarov, a anun\u021bat \u00eentr-o conferin\u021b\u0103, pe 3 iunie curent, c\u0103 transplanturile se realizau la Spitalul Universitar \u201eLozenets\u201d din Sofia. Spitalul adesea era denumit de bulgari \u201efostul spital guvernamental\u201d, deoarece conducerea politic\u0103 a \u021b\u0103rii a fost tratat\u0103 aici de zeci de ani sub comuni\u0219ti. \u00cen ultimii doi ani, spitalul a efectuat 14 transplanturi de rinichi de la donatori vii. S-a dovedit c\u0103 to\u021bi ace\u0219ti donatori, tineri din Ucraina \u0219i Moldova, erau trecu\u021bi ca nepo\u021bi ai pacien\u021bilor conform documentelor.<\/p>\n<p>Acestea sunt \u00een mod evident transplanturi ilegale \u0219i, eventual, trafic de organe. De ce a fost aleas\u0103 o astfel de schem\u0103 cu unchii \u0219i nepo\u021bii este, de asemenea, evident. \u00cen Bulgaria, transplantul de organe nu este permis dac\u0103 nu exist\u0103 o rela\u021bie direct\u0103 \u00eentre donatorul viu \u0219i beneficiar.<\/p>\n<p>\u00cen Bulgaria se \u00eencearc\u0103 acum g\u0103sirea acelor unchi boga\u021bi care au fost opera\u021bi la Sofia. Printre ei, conform documentelor spitalului, exist\u0103 cel pu\u021bin un cet\u0103\u021bean german. Dar nu se \u0219tie dac\u0103 acest lucru este cu adev\u0103rat a\u0219a. Verificarea a ar\u0103tat deja c\u0103 \u00een anumite cazuri, pacien\u021bii au fost \u00eenregistra\u021bi sub nume false.<\/p>\n<p>Foto: deschide.md.<\/p>\n","protected":false},"excerpt":{"rendered":"<p>Procuratura General\u0103 va solicita informa\u021bii de la organele de anchet\u0103 din Bulgaria \u00een privin\u021ba unor cazuri de transplanturi ilegale de organe de la tineri moldoveni \u0219i se vor se vor implica \u00een efectuarea urm\u0103ririi penale \u00eempreun\u0103 cu colegii din Bulgaria. Reac\u021bia procuraturii vine dup\u0103 ce reprezentan\u021bii Ministerului S\u0103n\u0103t\u0103\u021bii din Bulgaria au anun\u021bat c\u0103 \u00eentr-un spital [&hellip;]<\/p>\n","protected":false},"author":4,"featured_media":131196,"comment_status":"closed","ping_status":"closed","sticky":false,"template":"","format":"standard","meta":{"footnotes":""},"categories":[6349],"tags":[26215],"class_list":["post-131195","post","type-post","status-publish","format-standard","has-post-thumbnail","hentry","category-social","tag-cazul-moldovenilor-dusi-in-bulgaria-pentru-transplant-de-rinichi"],"yoast_head":"<!-- This site is optimized with the Yoast SEO plugin v27.4 - https:\/\/yoast.com\/product\/yoast-seo-wordpress\/ -->\n<title>Cazul moldovenilor du\u0219i \u00een Bulgaria pentru transplant de rinichi - BTV<\/title>\n<meta name=\"robots\" content=\"index, follow, max-snippet:-1, max-image-preview:large, max-video-preview:-1\" \/>\n<link rel=\"canonical\" href=\"https:\/\/www.btv.md\/ro\/cazul-moldovenilor-dusi-in-bulgaria-pentru-transplant-de-rinichi\/\" \/>\n<meta property=\"og:locale\" content=\"ro_RO\" \/>\n<meta property=\"og:type\" content=\"article\" \/>\n<meta property=\"og:title\" content=\"Cazul moldovenilor du\u0219i \u00een Bulgaria pentru transplant de rinichi - BTV\" \/>\n<meta property=\"og:description\" content=\"Procuratura General\u0103 va solicita informa\u021bii de la organele de anchet\u0103 din Bulgaria \u00een privin\u021ba unor cazuri de transplanturi ilegale de organe de la tineri moldoveni \u0219i se vor se vor implica \u00een efectuarea urm\u0103ririi penale \u00eempreun\u0103 cu colegii din Bulgaria. Reac\u021bia procuraturii vine dup\u0103 ce reprezentan\u021bii Ministerului S\u0103n\u0103t\u0103\u021bii din Bulgaria au anun\u021bat c\u0103 \u00eentr-un spital [&hellip;]\" \/>\n<meta property=\"og:url\" content=\"https:\/\/www.btv.md\/ro\/cazul-moldovenilor-dusi-in-bulgaria-pentru-transplant-de-rinichi\/\" \/>\n<meta property=\"og:site_name\" content=\"BTV\" \/>\n<meta property=\"article:publisher\" content=\"https:\/\/www.facebook.com\/btvmoldova\/\" \/>\n<meta property=\"article:published_time\" content=\"2021-06-08T15:13:32+00:00\" \/>\n<meta property=\"og:image\" content=\"https:\/\/www.btv.md\/wp-content\/uploads\/2021\/06\/images_cms-image-000118021.jpg\" \/>\n\t<meta property=\"og:image:width\" content=\"758\" \/>\n\t<meta property=\"og:image:height\" content=\"426\" \/>\n\t<meta property=\"og:image:type\" content=\"image\/jpeg\" \/>\n<meta name=\"author\" content=\"admin\" \/>\n<meta name=\"twitter:label1\" content=\"Scris de\" \/>\n\t<meta name=\"twitter:data1\" content=\"admin\" \/>\n\t<meta name=\"twitter:label2\" content=\"Timp estimat pentru citire\" \/>\n\t<meta name=\"twitter:data2\" content=\"2 minute\" \/>\n<script type=\"application\/ld+json\" class=\"yoast-schema-graph\">{\"@context\":\"https:\\\/\\\/schema.org\",\"@graph\":[{\"@type\":\"Article\",\"@id\":\"https:\\\/\\\/www.btv.md\\\/ro\\\/cazul-moldovenilor-dusi-in-bulgaria-pentru-transplant-de-rinichi\\\/#article\",\"isPartOf\":{\"@id\":\"https:\\\/\\\/www.btv.md\\\/ro\\\/cazul-moldovenilor-dusi-in-bulgaria-pentru-transplant-de-rinichi\\\/\"},\"author\":{\"name\":\"admin\",\"@id\":\"https:\\\/\\\/www.btv.md\\\/#\\\/schema\\\/person\\\/8fadce81561b3ce2c34c46dadc4ccbf2\"},\"headline\":\"Cazul moldovenilor du\u0219i \u00een Bulgaria pentru transplant de rinichi\",\"datePublished\":\"2021-06-08T15:13:32+00:00\",\"mainEntityOfPage\":{\"@id\":\"https:\\\/\\\/www.btv.md\\\/ro\\\/cazul-moldovenilor-dusi-in-bulgaria-pentru-transplant-de-rinichi\\\/\"},\"wordCount\":396,\"image\":{\"@id\":\"https:\\\/\\\/www.btv.md\\\/ro\\\/cazul-moldovenilor-dusi-in-bulgaria-pentru-transplant-de-rinichi\\\/#primaryimage\"},\"thumbnailUrl\":\"https:\\\/\\\/www.btv.md\\\/wp-content\\\/uploads\\\/2021\\\/06\\\/images_cms-image-000118021.jpg\",\"keywords\":[\"Cazul moldovenilor du\u0219i \u00een Bulgaria pentru transplant de rinichi\"],\"articleSection\":[\"Social\"],\"inLanguage\":\"ro-RO\"},{\"@type\":\"WebPage\",\"@id\":\"https:\\\/\\\/www.btv.md\\\/ro\\\/cazul-moldovenilor-dusi-in-bulgaria-pentru-transplant-de-rinichi\\\/\",\"url\":\"https:\\\/\\\/www.btv.md\\\/ro\\\/cazul-moldovenilor-dusi-in-bulgaria-pentru-transplant-de-rinichi\\\/\",\"name\":\"Cazul moldovenilor du\u0219i \u00een Bulgaria pentru transplant de rinichi - BTV\",\"isPartOf\":{\"@id\":\"https:\\\/\\\/www.btv.md\\\/#website\"},\"primaryImageOfPage\":{\"@id\":\"https:\\\/\\\/www.btv.md\\\/ro\\\/cazul-moldovenilor-dusi-in-bulgaria-pentru-transplant-de-rinichi\\\/#primaryimage\"},\"image\":{\"@id\":\"https:\\\/\\\/www.btv.md\\\/ro\\\/cazul-moldovenilor-dusi-in-bulgaria-pentru-transplant-de-rinichi\\\/#primaryimage\"},\"thumbnailUrl\":\"https:\\\/\\\/www.btv.md\\\/wp-content\\\/uploads\\\/2021\\\/06\\\/images_cms-image-000118021.jpg\",\"datePublished\":\"2021-06-08T15:13:32+00:00\",\"author\":{\"@id\":\"https:\\\/\\\/www.btv.md\\\/#\\\/schema\\\/person\\\/8fadce81561b3ce2c34c46dadc4ccbf2\"},\"inLanguage\":\"ro-RO\",\"potentialAction\":[{\"@type\":\"ReadAction\",\"target\":[\"https:\\\/\\\/www.btv.md\\\/ro\\\/cazul-moldovenilor-dusi-in-bulgaria-pentru-transplant-de-rinichi\\\/\"]}]},{\"@type\":\"ImageObject\",\"inLanguage\":\"ro-RO\",\"@id\":\"https:\\\/\\\/www.btv.md\\\/ro\\\/cazul-moldovenilor-dusi-in-bulgaria-pentru-transplant-de-rinichi\\\/#primaryimage\",\"url\":\"https:\\\/\\\/www.btv.md\\\/wp-content\\\/uploads\\\/2021\\\/06\\\/images_cms-image-000118021.jpg\",\"contentUrl\":\"https:\\\/\\\/www.btv.md\\\/wp-content\\\/uploads\\\/2021\\\/06\\\/images_cms-image-000118021.jpg\",\"width\":758,\"height\":426},{\"@type\":\"WebSite\",\"@id\":\"https:\\\/\\\/www.btv.md\\\/#website\",\"url\":\"https:\\\/\\\/www.btv.md\\\/\",\"name\":\"BTV\",\"description\":\"\u0411\u0435\u043b\u044c\u0446\u043a\u043e\u0435 \u0442\u0435\u043b\u0435\u0432\u0438\u0434\u0435\u043d\u0438\u0435\",\"potentialAction\":[{\"@type\":\"SearchAction\",\"target\":{\"@type\":\"EntryPoint\",\"urlTemplate\":\"https:\\\/\\\/www.btv.md\\\/?s={search_term_string}\"},\"query-input\":{\"@type\":\"PropertyValueSpecification\",\"valueRequired\":true,\"valueName\":\"search_term_string\"}}],\"inLanguage\":\"ro-RO\"},{\"@type\":\"Person\",\"@id\":\"https:\\\/\\\/www.btv.md\\\/#\\\/schema\\\/person\\\/8fadce81561b3ce2c34c46dadc4ccbf2\",\"name\":\"admin\"}]}<\/script>\n<!-- \/ Yoast SEO plugin. -->","yoast_head_json":{"title":"Cazul moldovenilor du\u0219i \u00een Bulgaria pentru transplant de rinichi - BTV","robots":{"index":"index","follow":"follow","max-snippet":"max-snippet:-1","max-image-preview":"max-image-preview:large","max-video-preview":"max-video-preview:-1"},"canonical":"https:\/\/www.btv.md\/ro\/cazul-moldovenilor-dusi-in-bulgaria-pentru-transplant-de-rinichi\/","og_locale":"ro_RO","og_type":"article","og_title":"Cazul moldovenilor du\u0219i \u00een Bulgaria pentru transplant de rinichi - BTV","og_description":"Procuratura General\u0103 va solicita informa\u021bii de la organele de anchet\u0103 din Bulgaria \u00een privin\u021ba unor cazuri de transplanturi ilegale de organe de la tineri moldoveni \u0219i se vor se vor implica \u00een efectuarea urm\u0103ririi penale \u00eempreun\u0103 cu colegii din Bulgaria. Reac\u021bia procuraturii vine dup\u0103 ce reprezentan\u021bii Ministerului S\u0103n\u0103t\u0103\u021bii din Bulgaria au anun\u021bat c\u0103 \u00eentr-un spital [&hellip;]","og_url":"https:\/\/www.btv.md\/ro\/cazul-moldovenilor-dusi-in-bulgaria-pentru-transplant-de-rinichi\/","og_site_name":"BTV","article_publisher":"https:\/\/www.facebook.com\/btvmoldova\/","article_published_time":"2021-06-08T15:13:32+00:00","og_image":[{"width":758,"height":426,"url":"https:\/\/www.btv.md\/wp-content\/uploads\/2021\/06\/images_cms-image-000118021.jpg","type":"image\/jpeg"}],"author":"admin","twitter_misc":{"Scris de":"admin","Timp estimat pentru citire":"2 minute"},"schema":{"@context":"https:\/\/schema.org","@graph":[{"@type":"Article","@id":"https:\/\/www.btv.md\/ro\/cazul-moldovenilor-dusi-in-bulgaria-pentru-transplant-de-rinichi\/#article","isPartOf":{"@id":"https:\/\/www.btv.md\/ro\/cazul-moldovenilor-dusi-in-bulgaria-pentru-transplant-de-rinichi\/"},"author":{"name":"admin","@id":"https:\/\/www.btv.md\/#\/schema\/person\/8fadce81561b3ce2c34c46dadc4ccbf2"},"headline":"Cazul moldovenilor du\u0219i \u00een Bulgaria pentru transplant de rinichi","datePublished":"2021-06-08T15:13:32+00:00","mainEntityOfPage":{"@id":"https:\/\/www.btv.md\/ro\/cazul-moldovenilor-dusi-in-bulgaria-pentru-transplant-de-rinichi\/"},"wordCount":396,"image":{"@id":"https:\/\/www.btv.md\/ro\/cazul-moldovenilor-dusi-in-bulgaria-pentru-transplant-de-rinichi\/#primaryimage"},"thumbnailUrl":"https:\/\/www.btv.md\/wp-content\/uploads\/2021\/06\/images_cms-image-000118021.jpg","keywords":["Cazul moldovenilor du\u0219i \u00een Bulgaria pentru transplant de rinichi"],"articleSection":["Social"],"inLanguage":"ro-RO"},{"@type":"WebPage","@id":"https:\/\/www.btv.md\/ro\/cazul-moldovenilor-dusi-in-bulgaria-pentru-transplant-de-rinichi\/","url":"https:\/\/www.btv.md\/ro\/cazul-moldovenilor-dusi-in-bulgaria-pentru-transplant-de-rinichi\/","name":"Cazul moldovenilor du\u0219i \u00een Bulgaria pentru transplant de rinichi - BTV","isPartOf":{"@id":"https:\/\/www.btv.md\/#website"},"primaryImageOfPage":{"@id":"https:\/\/www.btv.md\/ro\/cazul-moldovenilor-dusi-in-bulgaria-pentru-transplant-de-rinichi\/#primaryimage"},"image":{"@id":"https:\/\/www.btv.md\/ro\/cazul-moldovenilor-dusi-in-bulgaria-pentru-transplant-de-rinichi\/#primaryimage"},"thumbnailUrl":"https:\/\/www.btv.md\/wp-content\/uploads\/2021\/06\/images_cms-image-000118021.jpg","datePublished":"2021-06-08T15:13:32+00:00","author":{"@id":"https:\/\/www.btv.md\/#\/schema\/person\/8fadce81561b3ce2c34c46dadc4ccbf2"},"inLanguage":"ro-RO","potentialAction":[{"@type":"ReadAction","target":["https:\/\/www.btv.md\/ro\/cazul-moldovenilor-dusi-in-bulgaria-pentru-transplant-de-rinichi\/"]}]},{"@type":"ImageObject","inLanguage":"ro-RO","@id":"https:\/\/www.btv.md\/ro\/cazul-moldovenilor-dusi-in-bulgaria-pentru-transplant-de-rinichi\/#primaryimage","url":"https:\/\/www.btv.md\/wp-content\/uploads\/2021\/06\/images_cms-image-000118021.jpg","contentUrl":"https:\/\/www.btv.md\/wp-content\/uploads\/2021\/06\/images_cms-image-000118021.jpg","width":758,"height":426},{"@type":"WebSite","@id":"https:\/\/www.btv.md\/#website","url":"https:\/\/www.btv.md\/","name":"BTV","description":"\u0411\u0435\u043b\u044c\u0446\u043a\u043e\u0435 \u0442\u0435\u043b\u0435\u0432\u0438\u0434\u0435\u043d\u0438\u0435","potentialAction":[{"@type":"SearchAction","target":{"@type":"EntryPoint","urlTemplate":"https:\/\/www.btv.md\/?s={search_term_string}"},"query-input":{"@type":"PropertyValueSpecification","valueRequired":true,"valueName":"search_term_string"}}],"inLanguage":"ro-RO"},{"@type":"Person","@id":"https:\/\/www.btv.md\/#\/schema\/person\/8fadce81561b3ce2c34c46dadc4ccbf2","name":"admin"}]}},"_links":{"self":[{"href":"https:\/\/www.btv.md\/ro\/wp-json\/wp\/v2\/posts\/131195","targetHints":{"allow":["GET"]}}],"collection":[{"href":"https:\/\/www.btv.md\/ro\/wp-json\/wp\/v2\/posts"}],"about":[{"href":"https:\/\/www.btv.md\/ro\/wp-json\/wp\/v2\/types\/post"}],"author":[{"embeddable":true,"href":"https:\/\/www.btv.md\/ro\/wp-json\/wp\/v2\/users\/4"}],"replies":[{"embeddable":true,"href":"https:\/\/www.btv.md\/ro\/wp-json\/wp\/v2\/comments?post=131195"}],"version-history":[{"count":0,"href":"https:\/\/www.btv.md\/ro\/wp-json\/wp\/v2\/posts\/131195\/revisions"}],"wp:featuredmedia":[{"embeddable":true,"href":"https:\/\/www.btv.md\/ro\/wp-json\/wp\/v2\/media\/131196"}],"wp:attachment":[{"href":"https:\/\/www.btv.md\/ro\/wp-json\/wp\/v2\/media?parent=131195"}],"wp:term":[{"taxonomy":"category","embeddable":true,"href":"https:\/\/www.btv.md\/ro\/wp-json\/wp\/v2\/categories?post=131195"},{"taxonomy":"post_tag","embeddable":true,"href":"https:\/\/www.btv.md\/ro\/wp-json\/wp\/v2\/tags?post=131195"}],"curies":[{"name":"wp","href":"https:\/\/api.w.org\/{rel}","templated":true}]}}