{"id":131199,"date":"2021-06-08T18:16:43","date_gmt":"2021-06-08T15:16:43","guid":{"rendered":"https:\/\/www.btv.md\/?p=131199"},"modified":"2021-06-08T18:16:43","modified_gmt":"2021-06-08T15:16:43","slug":"tarile-unde-vor-fi-cele-7-sectii-in-plus-adaugate-de-cec-pentru-diaspora","status":"publish","type":"post","link":"https:\/\/www.btv.md\/ro\/tarile-unde-vor-fi-cele-7-sectii-in-plus-adaugate-de-cec-pentru-diaspora\/","title":{"rendered":"\u021a\u0103rile unde vor fi cele 7 sec\u021bii \u00een plus ad\u0103ugate de CEC pentru diaspor\u0103"},"content":{"rendered":"<p><strong>CEC a hot\u0103r\u00e2t organizarea a 146 sec\u021bii de votare \u00een afara \u021b\u0103rii, transmite <a href=\"https:\/\/stiri.md\/article\/social\/tarile-unde-vor-fi-cele-7-sectii-in-plus-adaugate-de-cec-pentru-diaspora\">\u0218tiri.md<\/a>.<\/strong><\/p>\n<p>A fost suplinit num\u0103rul sec\u021biilor de votare pentru Republica Federal\u0103 German\u0103 \u0219i Regatul Unit al Marii Britanii \u0219i Irlandei de Nord, cu c\u00e2te trei unit\u0103\u021bi.<\/p>\n<p>\u00cen Germania vor fi de tot \u00a09, iar \u00een Marea Britanie \u2013 10 sec\u021bii de votare.<\/p>\n<p>Au fost ad\u0103ugate dou\u0103 sec\u021bii de votare \u00een Republica Francez\u0103, de tot vor fi 10, \u0219i o sec\u021bie de votare \u00een Republica Italian\u0103, localitatea Rimini.<\/p>\n<p>Astfel, num\u0103rul sec\u021biilor de votare pentru moldovenii din Italia cre\u0219te p\u00e2n\u0103 la 31 sec\u021bii de votare<\/p>\n<p>Totodat\u0103, a fost exclus\u0103 sec\u021bia de votare pentru ora\u0219ul Oradea din Rom\u00e2nia.<\/p>\n<p>La Atena, Grecia, va r\u0103m\u00e2ne o sec\u021bie de votare, \u00een loc de dou\u0103, a precizat Sergiu Gurduza, care a prezentat proiectul.<\/p>\n<p>\u00cen Federa\u021bia Rus\u0103 sec\u021biile de votare vor fi reorganizate, \u00eens\u0103 num\u0103rul r\u0103m\u00e2ne acela\u0219i \u2013 17.<\/p>\n<p>Eugeniu Revenco, secretarul general la Ministerul Afacerilor Externe \u0219i Integr\u0103rii Europene (MAEIE), a remarcat c\u0103 \u00een Federa\u021bia Rus\u0103 este un dezechilibru privind cele 17 sec\u021bii de votare care sunt preponderent \u00een Moscova \u0219i regiunea Moscovei.<\/p>\n<p>De asemenea, el consider\u0103 c\u0103 ar fi cazul s\u0103 se g\u0103seasc\u0103 posibilitatea s\u0103 se mai deschid\u0103 c\u00e2te o sec\u021bie de votare la Londra, nordul Italiei \u0219i la Paris.<\/p>\n<p>Pre\u0219edintele CEC, Dorin Cimil, a remarcat c\u0103 \u201eprin aceast\u0103 decizie nu s-a cobor\u00e2t Mesia pe p\u0103m\u00e2nt\u201d.<\/p>\n<p>S-a f\u0103cut o reformatare a ora\u0219elor \u0219i nimic nou \u00een esen\u021b\u0103 nu s-a adoptat.<\/p>\n<p>El spune c\u0103 a votat proiectul pentru a ie\u0219i din impasul creat \u0219i a asigura cet\u0103\u021benilor dreptul la vot.<\/p>\n<p>Foto: \u0218tiri.md.<\/p>\n","protected":false},"excerpt":{"rendered":"<p>CEC a hot\u0103r\u00e2t organizarea a 146 sec\u021bii de votare \u00een afara \u021b\u0103rii, transmite \u0218tiri.md. A fost suplinit num\u0103rul sec\u021biilor de votare pentru Republica Federal\u0103 German\u0103 \u0219i Regatul Unit al Marii Britanii \u0219i Irlandei de Nord, cu c\u00e2te trei unit\u0103\u021bi. \u00cen Germania vor fi de tot \u00a09, iar \u00een Marea Britanie \u2013 10 sec\u021bii de votare. [&hellip;]<\/p>\n","protected":false},"author":4,"featured_media":131200,"comment_status":"closed","ping_status":"closed","sticky":false,"template":"","format":"standard","meta":{"footnotes":""},"categories":[6368],"tags":[26216],"class_list":["post-131199","post","type-post","status-publish","format-standard","has-post-thumbnail","hentry","category-politica-ro","tag-tarile-unde-vor-fi-cele-7-sectii-in-plus-adaugate-de-cec-pentru-diaspora"],"yoast_head":"<!-- This site is optimized with the Yoast SEO plugin v27.4 - https:\/\/yoast.com\/product\/yoast-seo-wordpress\/ -->\n<title>\u021a\u0103rile unde vor fi cele 7 sec\u021bii \u00een plus ad\u0103ugate de CEC pentru diaspor\u0103 - BTV<\/title>\n<meta name=\"robots\" content=\"index, follow, max-snippet:-1, max-image-preview:large, max-video-preview:-1\" \/>\n<link rel=\"canonical\" href=\"https:\/\/www.btv.md\/ro\/tarile-unde-vor-fi-cele-7-sectii-in-plus-adaugate-de-cec-pentru-diaspora\/\" \/>\n<meta property=\"og:locale\" content=\"ro_RO\" \/>\n<meta property=\"og:type\" content=\"article\" \/>\n<meta property=\"og:title\" content=\"\u021a\u0103rile unde vor fi cele 7 sec\u021bii \u00een plus ad\u0103ugate de CEC pentru diaspor\u0103 - BTV\" \/>\n<meta property=\"og:description\" content=\"CEC a hot\u0103r\u00e2t organizarea a 146 sec\u021bii de votare \u00een afara \u021b\u0103rii, transmite \u0218tiri.md. A fost suplinit num\u0103rul sec\u021biilor de votare pentru Republica Federal\u0103 German\u0103 \u0219i Regatul Unit al Marii Britanii \u0219i Irlandei de Nord, cu c\u00e2te trei unit\u0103\u021bi. \u00cen Germania vor fi de tot \u00a09, iar \u00een Marea Britanie \u2013 10 sec\u021bii de votare. [&hellip;]\" \/>\n<meta property=\"og:url\" content=\"https:\/\/www.btv.md\/ro\/tarile-unde-vor-fi-cele-7-sectii-in-plus-adaugate-de-cec-pentru-diaspora\/\" \/>\n<meta property=\"og:site_name\" content=\"BTV\" \/>\n<meta property=\"article:publisher\" content=\"https:\/\/www.facebook.com\/btvmoldova\/\" \/>\n<meta property=\"article:published_time\" content=\"2021-06-08T15:16:43+00:00\" \/>\n<meta property=\"og:image\" content=\"https:\/\/www.btv.md\/wp-content\/uploads\/2021\/06\/e1c042487956270cd20941a0ada866b2.jpg\" \/>\n\t<meta property=\"og:image:width\" content=\"809\" \/>\n\t<meta property=\"og:image:height\" content=\"456\" \/>\n\t<meta property=\"og:image:type\" content=\"image\/jpeg\" \/>\n<meta name=\"author\" content=\"admin\" \/>\n<meta name=\"twitter:label1\" content=\"Scris de\" \/>\n\t<meta name=\"twitter:data1\" content=\"admin\" \/>\n\t<meta name=\"twitter:label2\" content=\"Timp estimat pentru citire\" \/>\n\t<meta name=\"twitter:data2\" content=\"2 minute\" \/>\n<script type=\"application\/ld+json\" class=\"yoast-schema-graph\">{\"@context\":\"https:\\\/\\\/schema.org\",\"@graph\":[{\"@type\":\"Article\",\"@id\":\"https:\\\/\\\/www.btv.md\\\/ro\\\/tarile-unde-vor-fi-cele-7-sectii-in-plus-adaugate-de-cec-pentru-diaspora\\\/#article\",\"isPartOf\":{\"@id\":\"https:\\\/\\\/www.btv.md\\\/ro\\\/tarile-unde-vor-fi-cele-7-sectii-in-plus-adaugate-de-cec-pentru-diaspora\\\/\"},\"author\":{\"name\":\"admin\",\"@id\":\"https:\\\/\\\/www.btv.md\\\/#\\\/schema\\\/person\\\/8fadce81561b3ce2c34c46dadc4ccbf2\"},\"headline\":\"\u021a\u0103rile unde vor fi cele 7 sec\u021bii \u00een plus ad\u0103ugate de CEC pentru diaspor\u0103\",\"datePublished\":\"2021-06-08T15:16:43+00:00\",\"mainEntityOfPage\":{\"@id\":\"https:\\\/\\\/www.btv.md\\\/ro\\\/tarile-unde-vor-fi-cele-7-sectii-in-plus-adaugate-de-cec-pentru-diaspora\\\/\"},\"wordCount\":308,\"image\":{\"@id\":\"https:\\\/\\\/www.btv.md\\\/ro\\\/tarile-unde-vor-fi-cele-7-sectii-in-plus-adaugate-de-cec-pentru-diaspora\\\/#primaryimage\"},\"thumbnailUrl\":\"https:\\\/\\\/www.btv.md\\\/wp-content\\\/uploads\\\/2021\\\/06\\\/e1c042487956270cd20941a0ada866b2.jpg\",\"keywords\":[\"\u021a\u0103rile unde vor fi cele 7 sec\u021bii \u00een plus ad\u0103ugate de CEC pentru diaspor\u0103\"],\"articleSection\":[\"Politic\u0103\"],\"inLanguage\":\"ro-RO\"},{\"@type\":\"WebPage\",\"@id\":\"https:\\\/\\\/www.btv.md\\\/ro\\\/tarile-unde-vor-fi-cele-7-sectii-in-plus-adaugate-de-cec-pentru-diaspora\\\/\",\"url\":\"https:\\\/\\\/www.btv.md\\\/ro\\\/tarile-unde-vor-fi-cele-7-sectii-in-plus-adaugate-de-cec-pentru-diaspora\\\/\",\"name\":\"\u021a\u0103rile unde vor fi cele 7 sec\u021bii \u00een plus ad\u0103ugate de CEC pentru diaspor\u0103 - BTV\",\"isPartOf\":{\"@id\":\"https:\\\/\\\/www.btv.md\\\/#website\"},\"primaryImageOfPage\":{\"@id\":\"https:\\\/\\\/www.btv.md\\\/ro\\\/tarile-unde-vor-fi-cele-7-sectii-in-plus-adaugate-de-cec-pentru-diaspora\\\/#primaryimage\"},\"image\":{\"@id\":\"https:\\\/\\\/www.btv.md\\\/ro\\\/tarile-unde-vor-fi-cele-7-sectii-in-plus-adaugate-de-cec-pentru-diaspora\\\/#primaryimage\"},\"thumbnailUrl\":\"https:\\\/\\\/www.btv.md\\\/wp-content\\\/uploads\\\/2021\\\/06\\\/e1c042487956270cd20941a0ada866b2.jpg\",\"datePublished\":\"2021-06-08T15:16:43+00:00\",\"author\":{\"@id\":\"https:\\\/\\\/www.btv.md\\\/#\\\/schema\\\/person\\\/8fadce81561b3ce2c34c46dadc4ccbf2\"},\"inLanguage\":\"ro-RO\",\"potentialAction\":[{\"@type\":\"ReadAction\",\"target\":[\"https:\\\/\\\/www.btv.md\\\/ro\\\/tarile-unde-vor-fi-cele-7-sectii-in-plus-adaugate-de-cec-pentru-diaspora\\\/\"]}]},{\"@type\":\"ImageObject\",\"inLanguage\":\"ro-RO\",\"@id\":\"https:\\\/\\\/www.btv.md\\\/ro\\\/tarile-unde-vor-fi-cele-7-sectii-in-plus-adaugate-de-cec-pentru-diaspora\\\/#primaryimage\",\"url\":\"https:\\\/\\\/www.btv.md\\\/wp-content\\\/uploads\\\/2021\\\/06\\\/e1c042487956270cd20941a0ada866b2.jpg\",\"contentUrl\":\"https:\\\/\\\/www.btv.md\\\/wp-content\\\/uploads\\\/2021\\\/06\\\/e1c042487956270cd20941a0ada866b2.jpg\",\"width\":809,\"height\":456},{\"@type\":\"WebSite\",\"@id\":\"https:\\\/\\\/www.btv.md\\\/#website\",\"url\":\"https:\\\/\\\/www.btv.md\\\/\",\"name\":\"BTV\",\"description\":\"\u0411\u0435\u043b\u044c\u0446\u043a\u043e\u0435 \u0442\u0435\u043b\u0435\u0432\u0438\u0434\u0435\u043d\u0438\u0435\",\"potentialAction\":[{\"@type\":\"SearchAction\",\"target\":{\"@type\":\"EntryPoint\",\"urlTemplate\":\"https:\\\/\\\/www.btv.md\\\/?s={search_term_string}\"},\"query-input\":{\"@type\":\"PropertyValueSpecification\",\"valueRequired\":true,\"valueName\":\"search_term_string\"}}],\"inLanguage\":\"ro-RO\"},{\"@type\":\"Person\",\"@id\":\"https:\\\/\\\/www.btv.md\\\/#\\\/schema\\\/person\\\/8fadce81561b3ce2c34c46dadc4ccbf2\",\"name\":\"admin\"}]}<\/script>\n<!-- \/ Yoast SEO plugin. -->","yoast_head_json":{"title":"\u021a\u0103rile unde vor fi cele 7 sec\u021bii \u00een plus ad\u0103ugate de CEC pentru diaspor\u0103 - BTV","robots":{"index":"index","follow":"follow","max-snippet":"max-snippet:-1","max-image-preview":"max-image-preview:large","max-video-preview":"max-video-preview:-1"},"canonical":"https:\/\/www.btv.md\/ro\/tarile-unde-vor-fi-cele-7-sectii-in-plus-adaugate-de-cec-pentru-diaspora\/","og_locale":"ro_RO","og_type":"article","og_title":"\u021a\u0103rile unde vor fi cele 7 sec\u021bii \u00een plus ad\u0103ugate de CEC pentru diaspor\u0103 - BTV","og_description":"CEC a hot\u0103r\u00e2t organizarea a 146 sec\u021bii de votare \u00een afara \u021b\u0103rii, transmite \u0218tiri.md. A fost suplinit num\u0103rul sec\u021biilor de votare pentru Republica Federal\u0103 German\u0103 \u0219i Regatul Unit al Marii Britanii \u0219i Irlandei de Nord, cu c\u00e2te trei unit\u0103\u021bi. \u00cen Germania vor fi de tot \u00a09, iar \u00een Marea Britanie \u2013 10 sec\u021bii de votare. [&hellip;]","og_url":"https:\/\/www.btv.md\/ro\/tarile-unde-vor-fi-cele-7-sectii-in-plus-adaugate-de-cec-pentru-diaspora\/","og_site_name":"BTV","article_publisher":"https:\/\/www.facebook.com\/btvmoldova\/","article_published_time":"2021-06-08T15:16:43+00:00","og_image":[{"width":809,"height":456,"url":"https:\/\/www.btv.md\/wp-content\/uploads\/2021\/06\/e1c042487956270cd20941a0ada866b2.jpg","type":"image\/jpeg"}],"author":"admin","twitter_misc":{"Scris de":"admin","Timp estimat pentru citire":"2 minute"},"schema":{"@context":"https:\/\/schema.org","@graph":[{"@type":"Article","@id":"https:\/\/www.btv.md\/ro\/tarile-unde-vor-fi-cele-7-sectii-in-plus-adaugate-de-cec-pentru-diaspora\/#article","isPartOf":{"@id":"https:\/\/www.btv.md\/ro\/tarile-unde-vor-fi-cele-7-sectii-in-plus-adaugate-de-cec-pentru-diaspora\/"},"author":{"name":"admin","@id":"https:\/\/www.btv.md\/#\/schema\/person\/8fadce81561b3ce2c34c46dadc4ccbf2"},"headline":"\u021a\u0103rile unde vor fi cele 7 sec\u021bii \u00een plus ad\u0103ugate de CEC pentru diaspor\u0103","datePublished":"2021-06-08T15:16:43+00:00","mainEntityOfPage":{"@id":"https:\/\/www.btv.md\/ro\/tarile-unde-vor-fi-cele-7-sectii-in-plus-adaugate-de-cec-pentru-diaspora\/"},"wordCount":308,"image":{"@id":"https:\/\/www.btv.md\/ro\/tarile-unde-vor-fi-cele-7-sectii-in-plus-adaugate-de-cec-pentru-diaspora\/#primaryimage"},"thumbnailUrl":"https:\/\/www.btv.md\/wp-content\/uploads\/2021\/06\/e1c042487956270cd20941a0ada866b2.jpg","keywords":["\u021a\u0103rile unde vor fi cele 7 sec\u021bii \u00een plus ad\u0103ugate de CEC pentru diaspor\u0103"],"articleSection":["Politic\u0103"],"inLanguage":"ro-RO"},{"@type":"WebPage","@id":"https:\/\/www.btv.md\/ro\/tarile-unde-vor-fi-cele-7-sectii-in-plus-adaugate-de-cec-pentru-diaspora\/","url":"https:\/\/www.btv.md\/ro\/tarile-unde-vor-fi-cele-7-sectii-in-plus-adaugate-de-cec-pentru-diaspora\/","name":"\u021a\u0103rile unde vor fi cele 7 sec\u021bii \u00een plus ad\u0103ugate de CEC pentru diaspor\u0103 - BTV","isPartOf":{"@id":"https:\/\/www.btv.md\/#website"},"primaryImageOfPage":{"@id":"https:\/\/www.btv.md\/ro\/tarile-unde-vor-fi-cele-7-sectii-in-plus-adaugate-de-cec-pentru-diaspora\/#primaryimage"},"image":{"@id":"https:\/\/www.btv.md\/ro\/tarile-unde-vor-fi-cele-7-sectii-in-plus-adaugate-de-cec-pentru-diaspora\/#primaryimage"},"thumbnailUrl":"https:\/\/www.btv.md\/wp-content\/uploads\/2021\/06\/e1c042487956270cd20941a0ada866b2.jpg","datePublished":"2021-06-08T15:16:43+00:00","author":{"@id":"https:\/\/www.btv.md\/#\/schema\/person\/8fadce81561b3ce2c34c46dadc4ccbf2"},"inLanguage":"ro-RO","potentialAction":[{"@type":"ReadAction","target":["https:\/\/www.btv.md\/ro\/tarile-unde-vor-fi-cele-7-sectii-in-plus-adaugate-de-cec-pentru-diaspora\/"]}]},{"@type":"ImageObject","inLanguage":"ro-RO","@id":"https:\/\/www.btv.md\/ro\/tarile-unde-vor-fi-cele-7-sectii-in-plus-adaugate-de-cec-pentru-diaspora\/#primaryimage","url":"https:\/\/www.btv.md\/wp-content\/uploads\/2021\/06\/e1c042487956270cd20941a0ada866b2.jpg","contentUrl":"https:\/\/www.btv.md\/wp-content\/uploads\/2021\/06\/e1c042487956270cd20941a0ada866b2.jpg","width":809,"height":456},{"@type":"WebSite","@id":"https:\/\/www.btv.md\/#website","url":"https:\/\/www.btv.md\/","name":"BTV","description":"\u0411\u0435\u043b\u044c\u0446\u043a\u043e\u0435 \u0442\u0435\u043b\u0435\u0432\u0438\u0434\u0435\u043d\u0438\u0435","potentialAction":[{"@type":"SearchAction","target":{"@type":"EntryPoint","urlTemplate":"https:\/\/www.btv.md\/?s={search_term_string}"},"query-input":{"@type":"PropertyValueSpecification","valueRequired":true,"valueName":"search_term_string"}}],"inLanguage":"ro-RO"},{"@type":"Person","@id":"https:\/\/www.btv.md\/#\/schema\/person\/8fadce81561b3ce2c34c46dadc4ccbf2","name":"admin"}]}},"_links":{"self":[{"href":"https:\/\/www.btv.md\/ro\/wp-json\/wp\/v2\/posts\/131199","targetHints":{"allow":["GET"]}}],"collection":[{"href":"https:\/\/www.btv.md\/ro\/wp-json\/wp\/v2\/posts"}],"about":[{"href":"https:\/\/www.btv.md\/ro\/wp-json\/wp\/v2\/types\/post"}],"author":[{"embeddable":true,"href":"https:\/\/www.btv.md\/ro\/wp-json\/wp\/v2\/users\/4"}],"replies":[{"embeddable":true,"href":"https:\/\/www.btv.md\/ro\/wp-json\/wp\/v2\/comments?post=131199"}],"version-history":[{"count":0,"href":"https:\/\/www.btv.md\/ro\/wp-json\/wp\/v2\/posts\/131199\/revisions"}],"wp:featuredmedia":[{"embeddable":true,"href":"https:\/\/www.btv.md\/ro\/wp-json\/wp\/v2\/media\/131200"}],"wp:attachment":[{"href":"https:\/\/www.btv.md\/ro\/wp-json\/wp\/v2\/media?parent=131199"}],"wp:term":[{"taxonomy":"category","embeddable":true,"href":"https:\/\/www.btv.md\/ro\/wp-json\/wp\/v2\/categories?post=131199"},{"taxonomy":"post_tag","embeddable":true,"href":"https:\/\/www.btv.md\/ro\/wp-json\/wp\/v2\/tags?post=131199"}],"curies":[{"name":"wp","href":"https:\/\/api.w.org\/{rel}","templated":true}]}}