{"id":13133,"date":"2016-05-20T15:27:45","date_gmt":"2016-05-20T12:27:45","guid":{"rendered":"http:\/\/btv.md\/?p=13133"},"modified":"2016-05-20T15:27:45","modified_gmt":"2016-05-20T12:27:45","slug":"recolta-de-sfecla-de-zahar-compromisa-in-acest-an","status":"publish","type":"post","link":"https:\/\/www.btv.md\/ro\/recolta-de-sfecla-de-zahar-compromisa-in-acest-an\/","title":{"rendered":"RECOLTA  DE  SFECL\u0102  DE  ZAH\u0102R, COMPROMIS\u0102 \u00ceN  ACEST  AN"},"content":{"rendered":"<p><strong>Recolta de sfecl\u0103 de zah\u0103r de anul trecut a fost mai mic\u0103 dec\u00e2t cea din 2014. Asta deoarece o mare parte din aceasta a fost compromis\u0103 din cauza secetei, v\u00e2nturilor puternice, ploilor cu grindin\u0103 \u0219i \u00eenghe\u021burilor \u00eenregistrate \u00een nordul \u021b\u0103rii, scrie <a href=\"http:\/\/bani.md\/recolta-de-sfecla-de-zahar--afectata-de-seceta-si-ingheturi-unii-fermieri-au-fost-nevoiti-sa-insamanteze-de-doua-ori-terenurile---74751.html\" target=\"_blank\">bani.md<\/a>.<\/strong><\/p>\n<p>Subiectul a fost discutat la \u0219edin\u021ba Consiliului pe filiera de produs &#8222;Sfecla de zah\u0103r, zah\u0103r \u0219i produse lactate&#8221;.<br \/>\nPotrivit datelor Ministerului Agriculturii, dac\u0103 \u00een anul 2014 au fost recoltate 1290,5 mii tone de sfecl\u0103 de zah\u0103r, \u00een 2015 recolta a fost de circa 551,6 mii tone de sfecl\u0103.<\/p>\n<p>\u00cen urma \u00eenghe\u021burilor din aceast\u0103 prim\u0103var\u0103, unii fermieri s-au v\u0103zut nevoi\u021bi s\u0103 \u00eens\u0103m\u00e2n\u021beze repetat terenurile. <\/p>\n<p>\u00cen speran\u021ba c\u0103 vor fi auzi\u021bi \u0219i ajuta\u021bi, reprezentan\u021bii produc\u0103torilor de zah\u0103r \u0219i sfecl\u0103 de zah\u0103r au decis s\u0103 expedieze c\u0103tre Guvern o solicitare privind sprijinirea produc\u0103torilor de sfecl\u0103 de zah\u0103r care au avut de suferit \u00een urma \u00eenghe\u021burilor \u0219i furtunilor de praf.<\/p>\n","protected":false},"excerpt":{"rendered":"<p>Recolta de sfecl\u0103 de zah\u0103r de anul trecut a fost mai mic\u0103 dec\u00e2t cea din 2014. Asta deoarece o mare parte din aceasta a fost compromis\u0103 din cauza secetei, v\u00e2nturilor puternice, ploilor cu grindin\u0103 \u0219i \u00eenghe\u021burilor \u00eenregistrate \u00een nordul \u021b\u0103rii, scrie bani.md. Subiectul a fost discutat la \u0219edin\u021ba Consiliului pe filiera de produs &#8222;Sfecla de [&hellip;]<\/p>\n","protected":false},"author":4,"featured_media":13134,"comment_status":"closed","ping_status":"closed","sticky":false,"template":"","format":"standard","meta":{"footnotes":""},"categories":[7],"tags":[],"class_list":["post-13133","post","type-post","status-publish","format-standard","has-post-thumbnail","hentry","category-economie"],"yoast_head":"<!-- This site is optimized with the Yoast SEO plugin v27.4 - https:\/\/yoast.com\/product\/yoast-seo-wordpress\/ -->\n<title>RECOLTA DE SFECL\u0102 DE ZAH\u0102R, COMPROMIS\u0102 \u00ceN ACEST AN  - BTV<\/title>\n<meta name=\"robots\" content=\"index, follow, max-snippet:-1, max-image-preview:large, max-video-preview:-1\" \/>\n<link rel=\"canonical\" href=\"https:\/\/www.btv.md\/ro\/recolta-de-sfecla-de-zahar-compromisa-in-acest-an\/\" \/>\n<meta property=\"og:locale\" content=\"ro_RO\" \/>\n<meta property=\"og:type\" content=\"article\" \/>\n<meta property=\"og:title\" content=\"RECOLTA DE SFECL\u0102 DE ZAH\u0102R, COMPROMIS\u0102 \u00ceN ACEST AN  - BTV\" \/>\n<meta property=\"og:description\" content=\"Recolta de sfecl\u0103 de zah\u0103r de anul trecut a fost mai mic\u0103 dec\u00e2t cea din 2014. Asta deoarece o mare parte din aceasta a fost compromis\u0103 din cauza secetei, v\u00e2nturilor puternice, ploilor cu grindin\u0103 \u0219i \u00eenghe\u021burilor \u00eenregistrate \u00een nordul \u021b\u0103rii, scrie bani.md. Subiectul a fost discutat la \u0219edin\u021ba Consiliului pe filiera de produs &#8222;Sfecla de [&hellip;]\" \/>\n<meta property=\"og:url\" content=\"https:\/\/www.btv.md\/ro\/recolta-de-sfecla-de-zahar-compromisa-in-acest-an\/\" \/>\n<meta property=\"og:site_name\" content=\"BTV\" \/>\n<meta property=\"article:publisher\" content=\"https:\/\/www.facebook.com\/btvmoldova\/\" \/>\n<meta property=\"article:published_time\" content=\"2016-05-20T12:27:45+00:00\" \/>\n<meta property=\"og:image\" content=\"https:\/\/www.btv.md\/wp-content\/uploads\/2016\/05\/31302_big.jpg\" \/>\n\t<meta property=\"og:image:width\" content=\"640\" \/>\n\t<meta property=\"og:image:height\" content=\"360\" \/>\n\t<meta property=\"og:image:type\" content=\"image\/jpeg\" \/>\n<meta name=\"author\" content=\"admin\" \/>\n<meta name=\"twitter:label1\" content=\"Scris de\" \/>\n\t<meta name=\"twitter:data1\" content=\"admin\" \/>\n\t<meta name=\"twitter:label2\" content=\"Timp estimat pentru citire\" \/>\n\t<meta name=\"twitter:data2\" content=\"1 minut\" \/>\n<script type=\"application\/ld+json\" class=\"yoast-schema-graph\">{\"@context\":\"https:\\\/\\\/schema.org\",\"@graph\":[{\"@type\":\"Article\",\"@id\":\"https:\\\/\\\/www.btv.md\\\/ro\\\/recolta-de-sfecla-de-zahar-compromisa-in-acest-an\\\/#article\",\"isPartOf\":{\"@id\":\"https:\\\/\\\/www.btv.md\\\/ro\\\/recolta-de-sfecla-de-zahar-compromisa-in-acest-an\\\/\"},\"author\":{\"name\":\"admin\",\"@id\":\"https:\\\/\\\/www.btv.md\\\/#\\\/schema\\\/person\\\/8fadce81561b3ce2c34c46dadc4ccbf2\"},\"headline\":\"RECOLTA DE SFECL\u0102 DE ZAH\u0102R, COMPROMIS\u0102 \u00ceN ACEST AN\",\"datePublished\":\"2016-05-20T12:27:45+00:00\",\"mainEntityOfPage\":{\"@id\":\"https:\\\/\\\/www.btv.md\\\/ro\\\/recolta-de-sfecla-de-zahar-compromisa-in-acest-an\\\/\"},\"wordCount\":180,\"image\":{\"@id\":\"https:\\\/\\\/www.btv.md\\\/ro\\\/recolta-de-sfecla-de-zahar-compromisa-in-acest-an\\\/#primaryimage\"},\"thumbnailUrl\":\"https:\\\/\\\/www.btv.md\\\/wp-content\\\/uploads\\\/2016\\\/05\\\/31302_big.jpg\",\"articleSection\":[\"\u042d\u043a\u043e\u043d\u043e\u043c\u0438\u043a\u0430\"],\"inLanguage\":\"ro-RO\"},{\"@type\":\"WebPage\",\"@id\":\"https:\\\/\\\/www.btv.md\\\/ro\\\/recolta-de-sfecla-de-zahar-compromisa-in-acest-an\\\/\",\"url\":\"https:\\\/\\\/www.btv.md\\\/ro\\\/recolta-de-sfecla-de-zahar-compromisa-in-acest-an\\\/\",\"name\":\"RECOLTA DE SFECL\u0102 DE ZAH\u0102R, COMPROMIS\u0102 \u00ceN ACEST AN - BTV\",\"isPartOf\":{\"@id\":\"https:\\\/\\\/www.btv.md\\\/#website\"},\"primaryImageOfPage\":{\"@id\":\"https:\\\/\\\/www.btv.md\\\/ro\\\/recolta-de-sfecla-de-zahar-compromisa-in-acest-an\\\/#primaryimage\"},\"image\":{\"@id\":\"https:\\\/\\\/www.btv.md\\\/ro\\\/recolta-de-sfecla-de-zahar-compromisa-in-acest-an\\\/#primaryimage\"},\"thumbnailUrl\":\"https:\\\/\\\/www.btv.md\\\/wp-content\\\/uploads\\\/2016\\\/05\\\/31302_big.jpg\",\"datePublished\":\"2016-05-20T12:27:45+00:00\",\"author\":{\"@id\":\"https:\\\/\\\/www.btv.md\\\/#\\\/schema\\\/person\\\/8fadce81561b3ce2c34c46dadc4ccbf2\"},\"inLanguage\":\"ro-RO\",\"potentialAction\":[{\"@type\":\"ReadAction\",\"target\":[\"https:\\\/\\\/www.btv.md\\\/ro\\\/recolta-de-sfecla-de-zahar-compromisa-in-acest-an\\\/\"]}]},{\"@type\":\"ImageObject\",\"inLanguage\":\"ro-RO\",\"@id\":\"https:\\\/\\\/www.btv.md\\\/ro\\\/recolta-de-sfecla-de-zahar-compromisa-in-acest-an\\\/#primaryimage\",\"url\":\"https:\\\/\\\/www.btv.md\\\/wp-content\\\/uploads\\\/2016\\\/05\\\/31302_big.jpg\",\"contentUrl\":\"https:\\\/\\\/www.btv.md\\\/wp-content\\\/uploads\\\/2016\\\/05\\\/31302_big.jpg\",\"width\":640,\"height\":360},{\"@type\":\"WebSite\",\"@id\":\"https:\\\/\\\/www.btv.md\\\/#website\",\"url\":\"https:\\\/\\\/www.btv.md\\\/\",\"name\":\"BTV\",\"description\":\"\u0411\u0435\u043b\u044c\u0446\u043a\u043e\u0435 \u0442\u0435\u043b\u0435\u0432\u0438\u0434\u0435\u043d\u0438\u0435\",\"potentialAction\":[{\"@type\":\"SearchAction\",\"target\":{\"@type\":\"EntryPoint\",\"urlTemplate\":\"https:\\\/\\\/www.btv.md\\\/?s={search_term_string}\"},\"query-input\":{\"@type\":\"PropertyValueSpecification\",\"valueRequired\":true,\"valueName\":\"search_term_string\"}}],\"inLanguage\":\"ro-RO\"},{\"@type\":\"Person\",\"@id\":\"https:\\\/\\\/www.btv.md\\\/#\\\/schema\\\/person\\\/8fadce81561b3ce2c34c46dadc4ccbf2\",\"name\":\"admin\"}]}<\/script>\n<!-- \/ Yoast SEO plugin. -->","yoast_head_json":{"title":"RECOLTA DE SFECL\u0102 DE ZAH\u0102R, COMPROMIS\u0102 \u00ceN ACEST AN  - BTV","robots":{"index":"index","follow":"follow","max-snippet":"max-snippet:-1","max-image-preview":"max-image-preview:large","max-video-preview":"max-video-preview:-1"},"canonical":"https:\/\/www.btv.md\/ro\/recolta-de-sfecla-de-zahar-compromisa-in-acest-an\/","og_locale":"ro_RO","og_type":"article","og_title":"RECOLTA DE SFECL\u0102 DE ZAH\u0102R, COMPROMIS\u0102 \u00ceN ACEST AN  - BTV","og_description":"Recolta de sfecl\u0103 de zah\u0103r de anul trecut a fost mai mic\u0103 dec\u00e2t cea din 2014. Asta deoarece o mare parte din aceasta a fost compromis\u0103 din cauza secetei, v\u00e2nturilor puternice, ploilor cu grindin\u0103 \u0219i \u00eenghe\u021burilor \u00eenregistrate \u00een nordul \u021b\u0103rii, scrie bani.md. Subiectul a fost discutat la \u0219edin\u021ba Consiliului pe filiera de produs &#8222;Sfecla de [&hellip;]","og_url":"https:\/\/www.btv.md\/ro\/recolta-de-sfecla-de-zahar-compromisa-in-acest-an\/","og_site_name":"BTV","article_publisher":"https:\/\/www.facebook.com\/btvmoldova\/","article_published_time":"2016-05-20T12:27:45+00:00","og_image":[{"width":640,"height":360,"url":"https:\/\/www.btv.md\/wp-content\/uploads\/2016\/05\/31302_big.jpg","type":"image\/jpeg"}],"author":"admin","twitter_misc":{"Scris de":"admin","Timp estimat pentru citire":"1 minut"},"schema":{"@context":"https:\/\/schema.org","@graph":[{"@type":"Article","@id":"https:\/\/www.btv.md\/ro\/recolta-de-sfecla-de-zahar-compromisa-in-acest-an\/#article","isPartOf":{"@id":"https:\/\/www.btv.md\/ro\/recolta-de-sfecla-de-zahar-compromisa-in-acest-an\/"},"author":{"name":"admin","@id":"https:\/\/www.btv.md\/#\/schema\/person\/8fadce81561b3ce2c34c46dadc4ccbf2"},"headline":"RECOLTA DE SFECL\u0102 DE ZAH\u0102R, COMPROMIS\u0102 \u00ceN ACEST AN","datePublished":"2016-05-20T12:27:45+00:00","mainEntityOfPage":{"@id":"https:\/\/www.btv.md\/ro\/recolta-de-sfecla-de-zahar-compromisa-in-acest-an\/"},"wordCount":180,"image":{"@id":"https:\/\/www.btv.md\/ro\/recolta-de-sfecla-de-zahar-compromisa-in-acest-an\/#primaryimage"},"thumbnailUrl":"https:\/\/www.btv.md\/wp-content\/uploads\/2016\/05\/31302_big.jpg","articleSection":["\u042d\u043a\u043e\u043d\u043e\u043c\u0438\u043a\u0430"],"inLanguage":"ro-RO"},{"@type":"WebPage","@id":"https:\/\/www.btv.md\/ro\/recolta-de-sfecla-de-zahar-compromisa-in-acest-an\/","url":"https:\/\/www.btv.md\/ro\/recolta-de-sfecla-de-zahar-compromisa-in-acest-an\/","name":"RECOLTA DE SFECL\u0102 DE ZAH\u0102R, COMPROMIS\u0102 \u00ceN ACEST AN - BTV","isPartOf":{"@id":"https:\/\/www.btv.md\/#website"},"primaryImageOfPage":{"@id":"https:\/\/www.btv.md\/ro\/recolta-de-sfecla-de-zahar-compromisa-in-acest-an\/#primaryimage"},"image":{"@id":"https:\/\/www.btv.md\/ro\/recolta-de-sfecla-de-zahar-compromisa-in-acest-an\/#primaryimage"},"thumbnailUrl":"https:\/\/www.btv.md\/wp-content\/uploads\/2016\/05\/31302_big.jpg","datePublished":"2016-05-20T12:27:45+00:00","author":{"@id":"https:\/\/www.btv.md\/#\/schema\/person\/8fadce81561b3ce2c34c46dadc4ccbf2"},"inLanguage":"ro-RO","potentialAction":[{"@type":"ReadAction","target":["https:\/\/www.btv.md\/ro\/recolta-de-sfecla-de-zahar-compromisa-in-acest-an\/"]}]},{"@type":"ImageObject","inLanguage":"ro-RO","@id":"https:\/\/www.btv.md\/ro\/recolta-de-sfecla-de-zahar-compromisa-in-acest-an\/#primaryimage","url":"https:\/\/www.btv.md\/wp-content\/uploads\/2016\/05\/31302_big.jpg","contentUrl":"https:\/\/www.btv.md\/wp-content\/uploads\/2016\/05\/31302_big.jpg","width":640,"height":360},{"@type":"WebSite","@id":"https:\/\/www.btv.md\/#website","url":"https:\/\/www.btv.md\/","name":"BTV","description":"\u0411\u0435\u043b\u044c\u0446\u043a\u043e\u0435 \u0442\u0435\u043b\u0435\u0432\u0438\u0434\u0435\u043d\u0438\u0435","potentialAction":[{"@type":"SearchAction","target":{"@type":"EntryPoint","urlTemplate":"https:\/\/www.btv.md\/?s={search_term_string}"},"query-input":{"@type":"PropertyValueSpecification","valueRequired":true,"valueName":"search_term_string"}}],"inLanguage":"ro-RO"},{"@type":"Person","@id":"https:\/\/www.btv.md\/#\/schema\/person\/8fadce81561b3ce2c34c46dadc4ccbf2","name":"admin"}]}},"_links":{"self":[{"href":"https:\/\/www.btv.md\/ro\/wp-json\/wp\/v2\/posts\/13133","targetHints":{"allow":["GET"]}}],"collection":[{"href":"https:\/\/www.btv.md\/ro\/wp-json\/wp\/v2\/posts"}],"about":[{"href":"https:\/\/www.btv.md\/ro\/wp-json\/wp\/v2\/types\/post"}],"author":[{"embeddable":true,"href":"https:\/\/www.btv.md\/ro\/wp-json\/wp\/v2\/users\/4"}],"replies":[{"embeddable":true,"href":"https:\/\/www.btv.md\/ro\/wp-json\/wp\/v2\/comments?post=13133"}],"version-history":[{"count":0,"href":"https:\/\/www.btv.md\/ro\/wp-json\/wp\/v2\/posts\/13133\/revisions"}],"wp:featuredmedia":[{"embeddable":true,"href":"https:\/\/www.btv.md\/ro\/wp-json\/wp\/v2\/media\/13134"}],"wp:attachment":[{"href":"https:\/\/www.btv.md\/ro\/wp-json\/wp\/v2\/media?parent=13133"}],"wp:term":[{"taxonomy":"category","embeddable":true,"href":"https:\/\/www.btv.md\/ro\/wp-json\/wp\/v2\/categories?post=13133"},{"taxonomy":"post_tag","embeddable":true,"href":"https:\/\/www.btv.md\/ro\/wp-json\/wp\/v2\/tags?post=13133"}],"curies":[{"name":"wp","href":"https:\/\/api.w.org\/{rel}","templated":true}]}}