{"id":13245,"date":"2016-05-22T19:15:21","date_gmt":"2016-05-22T16:15:21","guid":{"rendered":"http:\/\/btv.md\/?p=13245"},"modified":"2016-05-22T19:15:21","modified_gmt":"2016-05-22T16:15:21","slug":"bucatarii-balteni-i-au-uimit-pe-oaspeti-de-ziua-orasului-cu-bucate-speciale","status":"publish","type":"post","link":"https:\/\/www.btv.md\/ro\/bucatarii-balteni-i-au-uimit-pe-oaspeti-de-ziua-orasului-cu-bucate-speciale\/","title":{"rendered":"BUC\u0102TARII B\u0102L\u021aENI I-AU UIMIT PE OASPE\u021aI DE ZIUA ORA\u0218ULUI CU BUCATE SPECIALE"},"content":{"rendered":"<p><strong>Cele mai gustoase bucate din buc\u0103t\u0103ria tradi\u021bional\u0103 au fost prezentate la B\u0103l\u021bi, de ziua ora\u0219ului. \u00cen pia\u021ba Vasile Alecsandri au fost \u00eentinse mese copioase, de unde to\u021bi doritorii au avut posibilitatea s\u0103 serveasc\u0103 b\u0103uturi \u0219i bucate de tot felul. Primii care au gustat din bun\u0103t\u0103\u021bile moldovene\u0219ti a fost Renato Usat\u00eei, \u00eempreun\u0103 cu oaspe\u021bii de peste hotare.<\/strong><\/p>\n<p>Edilul a \u021binut s\u0103 felicite b\u0103l\u021benii dar \u0219i locuitorii altor ora\u0219e, pentru care data de 22 mai este una special\u0103.<\/p>\n<p>Modul \u00een care b\u0103l\u021benii s-au preg\u0103tit pentru a marca 595 de ani de la fondarea ora\u0219ului i-a uimit \u0219i pe oaspe\u021bii de peste hotare. Ambasadorul Federa\u021biei Ruse \u00een Republica Moldova, Farit Muhamet\u0219\u00een s-a ar\u0103tat \u00eenc\u00e2ntat de atmosfer\u0103, dar \u0219i de bucate.<\/p>\n<p>La expozi\u021bia de s\u0103rb\u0103toare au participat peste zece unit\u0103\u021bi de alimenta\u021bie public\u0103, care au \u00eencercat s\u0103 uimeasc\u0103 nu doar cu bucate moldovene\u0219ti.<\/p>\n<p><iframe width=\"420\" height=\"315\" data-src=\"https:\/\/www.youtube.com\/embed\/qElqRiY16fQ\" frameborder=\"0\" allowfullscreen src=\"data:image\/svg+xml;base64,PHN2ZyB3aWR0aD0iMSIgaGVpZ2h0PSIxIiB4bWxucz0iaHR0cDovL3d3dy53My5vcmcvMjAwMC9zdmciPjwvc3ZnPg==\" class=\"lazyload\" data-load-mode=\"1\"><\/iframe><\/p>\n","protected":false},"excerpt":{"rendered":"<p>Cele mai gustoase bucate din buc\u0103t\u0103ria tradi\u021bional\u0103 au fost prezentate la B\u0103l\u021bi, de ziua ora\u0219ului. \u00cen pia\u021ba Vasile Alecsandri au fost \u00eentinse mese copioase, de unde to\u021bi doritorii au avut posibilitatea s\u0103 serveasc\u0103 b\u0103uturi \u0219i bucate de tot felul. Primii care au gustat din bun\u0103t\u0103\u021bile moldovene\u0219ti a fost Renato Usat\u00eei, \u00eempreun\u0103 cu oaspe\u021bii de peste [&hellip;]<\/p>\n","protected":false},"author":4,"featured_media":13246,"comment_status":"closed","ping_status":"closed","sticky":false,"template":"","format":"standard","meta":{"footnotes":""},"categories":[6353],"tags":[],"class_list":["post-13245","post","type-post","status-publish","format-standard","has-post-thumbnail","hentry","category-oras"],"yoast_head":"<!-- This site is optimized with the Yoast SEO plugin v27.4 - https:\/\/yoast.com\/product\/yoast-seo-wordpress\/ -->\n<title>BUC\u0102TARII B\u0102L\u021aENI I-AU UIMIT PE OASPE\u021aI DE ZIUA ORA\u0218ULUI CU BUCATE SPECIALE - BTV<\/title>\n<meta name=\"robots\" content=\"index, follow, max-snippet:-1, max-image-preview:large, max-video-preview:-1\" \/>\n<link rel=\"canonical\" href=\"https:\/\/www.btv.md\/ro\/bucatarii-balteni-i-au-uimit-pe-oaspeti-de-ziua-orasului-cu-bucate-speciale\/\" \/>\n<meta property=\"og:locale\" content=\"ro_RO\" \/>\n<meta property=\"og:type\" content=\"article\" \/>\n<meta property=\"og:title\" content=\"BUC\u0102TARII B\u0102L\u021aENI I-AU UIMIT PE OASPE\u021aI DE ZIUA ORA\u0218ULUI CU BUCATE SPECIALE - BTV\" \/>\n<meta property=\"og:description\" content=\"Cele mai gustoase bucate din buc\u0103t\u0103ria tradi\u021bional\u0103 au fost prezentate la B\u0103l\u021bi, de ziua ora\u0219ului. \u00cen pia\u021ba Vasile Alecsandri au fost \u00eentinse mese copioase, de unde to\u021bi doritorii au avut posibilitatea s\u0103 serveasc\u0103 b\u0103uturi \u0219i bucate de tot felul. Primii care au gustat din bun\u0103t\u0103\u021bile moldovene\u0219ti a fost Renato Usat\u00eei, \u00eempreun\u0103 cu oaspe\u021bii de peste [&hellip;]\" \/>\n<meta property=\"og:url\" content=\"https:\/\/www.btv.md\/ro\/bucatarii-balteni-i-au-uimit-pe-oaspeti-de-ziua-orasului-cu-bucate-speciale\/\" \/>\n<meta property=\"og:site_name\" content=\"BTV\" \/>\n<meta property=\"article:publisher\" content=\"https:\/\/www.facebook.com\/btvmoldova\/\" \/>\n<meta property=\"article:published_time\" content=\"2016-05-22T16:15:21+00:00\" \/>\n<meta property=\"og:image\" content=\"https:\/\/www.btv.md\/wp-content\/uploads\/2016\/05\/mincare-ro.png\" \/>\n\t<meta property=\"og:image:width\" content=\"1026\" \/>\n\t<meta property=\"og:image:height\" content=\"576\" \/>\n\t<meta property=\"og:image:type\" content=\"image\/png\" \/>\n<meta name=\"author\" content=\"admin\" \/>\n<meta name=\"twitter:label1\" content=\"Scris de\" \/>\n\t<meta name=\"twitter:data1\" content=\"admin\" \/>\n\t<meta name=\"twitter:label2\" content=\"Timp estimat pentru citire\" \/>\n\t<meta name=\"twitter:data2\" content=\"1 minut\" \/>\n<script type=\"application\/ld+json\" class=\"yoast-schema-graph\">{\"@context\":\"https:\\\/\\\/schema.org\",\"@graph\":[{\"@type\":\"Article\",\"@id\":\"https:\\\/\\\/www.btv.md\\\/ro\\\/bucatarii-balteni-i-au-uimit-pe-oaspeti-de-ziua-orasului-cu-bucate-speciale\\\/#article\",\"isPartOf\":{\"@id\":\"https:\\\/\\\/www.btv.md\\\/ro\\\/bucatarii-balteni-i-au-uimit-pe-oaspeti-de-ziua-orasului-cu-bucate-speciale\\\/\"},\"author\":{\"name\":\"admin\",\"@id\":\"https:\\\/\\\/www.btv.md\\\/#\\\/schema\\\/person\\\/8fadce81561b3ce2c34c46dadc4ccbf2\"},\"headline\":\"BUC\u0102TARII B\u0102L\u021aENI I-AU UIMIT PE OASPE\u021aI DE ZIUA ORA\u0218ULUI CU BUCATE SPECIALE\",\"datePublished\":\"2016-05-22T16:15:21+00:00\",\"mainEntityOfPage\":{\"@id\":\"https:\\\/\\\/www.btv.md\\\/ro\\\/bucatarii-balteni-i-au-uimit-pe-oaspeti-de-ziua-orasului-cu-bucate-speciale\\\/\"},\"wordCount\":186,\"image\":{\"@id\":\"https:\\\/\\\/www.btv.md\\\/ro\\\/bucatarii-balteni-i-au-uimit-pe-oaspeti-de-ziua-orasului-cu-bucate-speciale\\\/#primaryimage\"},\"thumbnailUrl\":\"https:\\\/\\\/www.btv.md\\\/wp-content\\\/uploads\\\/2016\\\/05\\\/mincare-ro.png\",\"articleSection\":[\"Ora\u0219\"],\"inLanguage\":\"ro-RO\"},{\"@type\":\"WebPage\",\"@id\":\"https:\\\/\\\/www.btv.md\\\/ro\\\/bucatarii-balteni-i-au-uimit-pe-oaspeti-de-ziua-orasului-cu-bucate-speciale\\\/\",\"url\":\"https:\\\/\\\/www.btv.md\\\/ro\\\/bucatarii-balteni-i-au-uimit-pe-oaspeti-de-ziua-orasului-cu-bucate-speciale\\\/\",\"name\":\"BUC\u0102TARII B\u0102L\u021aENI I-AU UIMIT PE OASPE\u021aI DE ZIUA ORA\u0218ULUI CU BUCATE SPECIALE - BTV\",\"isPartOf\":{\"@id\":\"https:\\\/\\\/www.btv.md\\\/#website\"},\"primaryImageOfPage\":{\"@id\":\"https:\\\/\\\/www.btv.md\\\/ro\\\/bucatarii-balteni-i-au-uimit-pe-oaspeti-de-ziua-orasului-cu-bucate-speciale\\\/#primaryimage\"},\"image\":{\"@id\":\"https:\\\/\\\/www.btv.md\\\/ro\\\/bucatarii-balteni-i-au-uimit-pe-oaspeti-de-ziua-orasului-cu-bucate-speciale\\\/#primaryimage\"},\"thumbnailUrl\":\"https:\\\/\\\/www.btv.md\\\/wp-content\\\/uploads\\\/2016\\\/05\\\/mincare-ro.png\",\"datePublished\":\"2016-05-22T16:15:21+00:00\",\"author\":{\"@id\":\"https:\\\/\\\/www.btv.md\\\/#\\\/schema\\\/person\\\/8fadce81561b3ce2c34c46dadc4ccbf2\"},\"inLanguage\":\"ro-RO\",\"potentialAction\":[{\"@type\":\"ReadAction\",\"target\":[\"https:\\\/\\\/www.btv.md\\\/ro\\\/bucatarii-balteni-i-au-uimit-pe-oaspeti-de-ziua-orasului-cu-bucate-speciale\\\/\"]}]},{\"@type\":\"ImageObject\",\"inLanguage\":\"ro-RO\",\"@id\":\"https:\\\/\\\/www.btv.md\\\/ro\\\/bucatarii-balteni-i-au-uimit-pe-oaspeti-de-ziua-orasului-cu-bucate-speciale\\\/#primaryimage\",\"url\":\"https:\\\/\\\/www.btv.md\\\/wp-content\\\/uploads\\\/2016\\\/05\\\/mincare-ro.png\",\"contentUrl\":\"https:\\\/\\\/www.btv.md\\\/wp-content\\\/uploads\\\/2016\\\/05\\\/mincare-ro.png\",\"width\":1026,\"height\":576},{\"@type\":\"WebSite\",\"@id\":\"https:\\\/\\\/www.btv.md\\\/#website\",\"url\":\"https:\\\/\\\/www.btv.md\\\/\",\"name\":\"BTV\",\"description\":\"\u0411\u0435\u043b\u044c\u0446\u043a\u043e\u0435 \u0442\u0435\u043b\u0435\u0432\u0438\u0434\u0435\u043d\u0438\u0435\",\"potentialAction\":[{\"@type\":\"SearchAction\",\"target\":{\"@type\":\"EntryPoint\",\"urlTemplate\":\"https:\\\/\\\/www.btv.md\\\/?s={search_term_string}\"},\"query-input\":{\"@type\":\"PropertyValueSpecification\",\"valueRequired\":true,\"valueName\":\"search_term_string\"}}],\"inLanguage\":\"ro-RO\"},{\"@type\":\"Person\",\"@id\":\"https:\\\/\\\/www.btv.md\\\/#\\\/schema\\\/person\\\/8fadce81561b3ce2c34c46dadc4ccbf2\",\"name\":\"admin\"}]}<\/script>\n<!-- \/ Yoast SEO plugin. -->","yoast_head_json":{"title":"BUC\u0102TARII B\u0102L\u021aENI I-AU UIMIT PE OASPE\u021aI DE ZIUA ORA\u0218ULUI CU BUCATE SPECIALE - BTV","robots":{"index":"index","follow":"follow","max-snippet":"max-snippet:-1","max-image-preview":"max-image-preview:large","max-video-preview":"max-video-preview:-1"},"canonical":"https:\/\/www.btv.md\/ro\/bucatarii-balteni-i-au-uimit-pe-oaspeti-de-ziua-orasului-cu-bucate-speciale\/","og_locale":"ro_RO","og_type":"article","og_title":"BUC\u0102TARII B\u0102L\u021aENI I-AU UIMIT PE OASPE\u021aI DE ZIUA ORA\u0218ULUI CU BUCATE SPECIALE - BTV","og_description":"Cele mai gustoase bucate din buc\u0103t\u0103ria tradi\u021bional\u0103 au fost prezentate la B\u0103l\u021bi, de ziua ora\u0219ului. \u00cen pia\u021ba Vasile Alecsandri au fost \u00eentinse mese copioase, de unde to\u021bi doritorii au avut posibilitatea s\u0103 serveasc\u0103 b\u0103uturi \u0219i bucate de tot felul. Primii care au gustat din bun\u0103t\u0103\u021bile moldovene\u0219ti a fost Renato Usat\u00eei, \u00eempreun\u0103 cu oaspe\u021bii de peste [&hellip;]","og_url":"https:\/\/www.btv.md\/ro\/bucatarii-balteni-i-au-uimit-pe-oaspeti-de-ziua-orasului-cu-bucate-speciale\/","og_site_name":"BTV","article_publisher":"https:\/\/www.facebook.com\/btvmoldova\/","article_published_time":"2016-05-22T16:15:21+00:00","og_image":[{"width":1026,"height":576,"url":"https:\/\/www.btv.md\/wp-content\/uploads\/2016\/05\/mincare-ro.png","type":"image\/png"}],"author":"admin","twitter_misc":{"Scris de":"admin","Timp estimat pentru citire":"1 minut"},"schema":{"@context":"https:\/\/schema.org","@graph":[{"@type":"Article","@id":"https:\/\/www.btv.md\/ro\/bucatarii-balteni-i-au-uimit-pe-oaspeti-de-ziua-orasului-cu-bucate-speciale\/#article","isPartOf":{"@id":"https:\/\/www.btv.md\/ro\/bucatarii-balteni-i-au-uimit-pe-oaspeti-de-ziua-orasului-cu-bucate-speciale\/"},"author":{"name":"admin","@id":"https:\/\/www.btv.md\/#\/schema\/person\/8fadce81561b3ce2c34c46dadc4ccbf2"},"headline":"BUC\u0102TARII B\u0102L\u021aENI I-AU UIMIT PE OASPE\u021aI DE ZIUA ORA\u0218ULUI CU BUCATE SPECIALE","datePublished":"2016-05-22T16:15:21+00:00","mainEntityOfPage":{"@id":"https:\/\/www.btv.md\/ro\/bucatarii-balteni-i-au-uimit-pe-oaspeti-de-ziua-orasului-cu-bucate-speciale\/"},"wordCount":186,"image":{"@id":"https:\/\/www.btv.md\/ro\/bucatarii-balteni-i-au-uimit-pe-oaspeti-de-ziua-orasului-cu-bucate-speciale\/#primaryimage"},"thumbnailUrl":"https:\/\/www.btv.md\/wp-content\/uploads\/2016\/05\/mincare-ro.png","articleSection":["Ora\u0219"],"inLanguage":"ro-RO"},{"@type":"WebPage","@id":"https:\/\/www.btv.md\/ro\/bucatarii-balteni-i-au-uimit-pe-oaspeti-de-ziua-orasului-cu-bucate-speciale\/","url":"https:\/\/www.btv.md\/ro\/bucatarii-balteni-i-au-uimit-pe-oaspeti-de-ziua-orasului-cu-bucate-speciale\/","name":"BUC\u0102TARII B\u0102L\u021aENI I-AU UIMIT PE OASPE\u021aI DE ZIUA ORA\u0218ULUI CU BUCATE SPECIALE - BTV","isPartOf":{"@id":"https:\/\/www.btv.md\/#website"},"primaryImageOfPage":{"@id":"https:\/\/www.btv.md\/ro\/bucatarii-balteni-i-au-uimit-pe-oaspeti-de-ziua-orasului-cu-bucate-speciale\/#primaryimage"},"image":{"@id":"https:\/\/www.btv.md\/ro\/bucatarii-balteni-i-au-uimit-pe-oaspeti-de-ziua-orasului-cu-bucate-speciale\/#primaryimage"},"thumbnailUrl":"https:\/\/www.btv.md\/wp-content\/uploads\/2016\/05\/mincare-ro.png","datePublished":"2016-05-22T16:15:21+00:00","author":{"@id":"https:\/\/www.btv.md\/#\/schema\/person\/8fadce81561b3ce2c34c46dadc4ccbf2"},"inLanguage":"ro-RO","potentialAction":[{"@type":"ReadAction","target":["https:\/\/www.btv.md\/ro\/bucatarii-balteni-i-au-uimit-pe-oaspeti-de-ziua-orasului-cu-bucate-speciale\/"]}]},{"@type":"ImageObject","inLanguage":"ro-RO","@id":"https:\/\/www.btv.md\/ro\/bucatarii-balteni-i-au-uimit-pe-oaspeti-de-ziua-orasului-cu-bucate-speciale\/#primaryimage","url":"https:\/\/www.btv.md\/wp-content\/uploads\/2016\/05\/mincare-ro.png","contentUrl":"https:\/\/www.btv.md\/wp-content\/uploads\/2016\/05\/mincare-ro.png","width":1026,"height":576},{"@type":"WebSite","@id":"https:\/\/www.btv.md\/#website","url":"https:\/\/www.btv.md\/","name":"BTV","description":"\u0411\u0435\u043b\u044c\u0446\u043a\u043e\u0435 \u0442\u0435\u043b\u0435\u0432\u0438\u0434\u0435\u043d\u0438\u0435","potentialAction":[{"@type":"SearchAction","target":{"@type":"EntryPoint","urlTemplate":"https:\/\/www.btv.md\/?s={search_term_string}"},"query-input":{"@type":"PropertyValueSpecification","valueRequired":true,"valueName":"search_term_string"}}],"inLanguage":"ro-RO"},{"@type":"Person","@id":"https:\/\/www.btv.md\/#\/schema\/person\/8fadce81561b3ce2c34c46dadc4ccbf2","name":"admin"}]}},"_links":{"self":[{"href":"https:\/\/www.btv.md\/ro\/wp-json\/wp\/v2\/posts\/13245","targetHints":{"allow":["GET"]}}],"collection":[{"href":"https:\/\/www.btv.md\/ro\/wp-json\/wp\/v2\/posts"}],"about":[{"href":"https:\/\/www.btv.md\/ro\/wp-json\/wp\/v2\/types\/post"}],"author":[{"embeddable":true,"href":"https:\/\/www.btv.md\/ro\/wp-json\/wp\/v2\/users\/4"}],"replies":[{"embeddable":true,"href":"https:\/\/www.btv.md\/ro\/wp-json\/wp\/v2\/comments?post=13245"}],"version-history":[{"count":0,"href":"https:\/\/www.btv.md\/ro\/wp-json\/wp\/v2\/posts\/13245\/revisions"}],"wp:featuredmedia":[{"embeddable":true,"href":"https:\/\/www.btv.md\/ro\/wp-json\/wp\/v2\/media\/13246"}],"wp:attachment":[{"href":"https:\/\/www.btv.md\/ro\/wp-json\/wp\/v2\/media?parent=13245"}],"wp:term":[{"taxonomy":"category","embeddable":true,"href":"https:\/\/www.btv.md\/ro\/wp-json\/wp\/v2\/categories?post=13245"},{"taxonomy":"post_tag","embeddable":true,"href":"https:\/\/www.btv.md\/ro\/wp-json\/wp\/v2\/tags?post=13245"}],"curies":[{"name":"wp","href":"https:\/\/api.w.org\/{rel}","templated":true}]}}