{"id":133213,"date":"2021-06-22T14:44:32","date_gmt":"2021-06-22T11:44:32","guid":{"rendered":"https:\/\/www.btv.md\/?p=133213"},"modified":"2021-06-22T14:44:32","modified_gmt":"2021-06-22T11:44:32","slug":"un-barbat-din-durlesti-crestea-plante-de-cannabis-si-mac-in-curtea-casei-sale","status":"publish","type":"post","link":"https:\/\/www.btv.md\/ro\/un-barbat-din-durlesti-crestea-plante-de-cannabis-si-mac-in-curtea-casei-sale\/","title":{"rendered":"Un b\u0103rbat din Durle\u0219ti cre\u0219tea plante de cannabis \u0219i mac \u00een curtea casei sale"},"content":{"rendered":"<div class=\"row margin-top-15\">\n<div class=\"col-sm-12\">\n<div id=\"article-lead\" class=\"article-lead\" data-replica-lead=\"\">\n<p><strong>Un b\u0103rbat \u00een v\u00e2rst\u0103 de 56 de ani cultiva cannabis \u0219i mac pentru consum propriu, fapt descoperit de Poli\u021bia Capitalei \u00een cadrul opera\u021biunii MAC-2021. B\u0103rbatul a mai fost anterior judecat pentru diverse infrac\u021biuni, transmite <a href=\"https:\/\/tv8.md\/2021\/06\/22\/un-barbat-din-durlesti-crestea-plante-de-cannabis-si-mac-in-curtea-casei-sale\/\">tv8.md<\/a>.<\/strong><\/p>\n<p>B\u0103rbatul a declarat c\u0103 plantele erau \u00eengrijite de el personal \u0219i nu inten\u021biona comercializarea acestora. Toate plantele depistate au fost smulse, ridicate \u0219i sigilate \u0219i \u00eendreptate la Centru Tehnico Criminalistic \u0219i Expertize Judiciare al IGP, pentru a fi supuse expertizei specializate.<\/p>\n<p>\u00cen dependen\u021b\u0103 de rezultatele expertizei, b\u0103rbatul va fi documentat \u00een conformitate cu legisla\u021bia \u00een vigoare.<\/p>\n<\/div>\n<\/div>\n<\/div>\n<div class=\"row\">\n<div class=\"col-sm-12\">\n<div class=\"article-image\">\n<p>&nbsp;<\/p>\n<p><iframe data-src=\"https:\/\/www.facebook.com\/plugins\/video.php?height=314&amp;href=https%3A%2F%2Fwww.facebook.com%2Fpolitiacapitalei.md%2Fvideos%2F181658990572569%2F&amp;show_text=false&amp;width=560&amp;t=0\" width=\"728\" height=\"314\" frameborder=\"0\" scrolling=\"no\" allowfullscreen=\"allowfullscreen\" data-mce-fragment=\"1\" src=\"data:image\/svg+xml;base64,PHN2ZyB3aWR0aD0iMSIgaGVpZ2h0PSIxIiB4bWxucz0iaHR0cDovL3d3dy53My5vcmcvMjAwMC9zdmciPjwvc3ZnPg==\" class=\"lazyload\" data-load-mode=\"1\"><\/iframe><\/p>\n<p>Foto: tv8.md.<\/p>\n<\/div>\n<\/div>\n<\/div>\n","protected":false},"excerpt":{"rendered":"<p>Un b\u0103rbat \u00een v\u00e2rst\u0103 de 56 de ani cultiva cannabis \u0219i mac pentru consum propriu, fapt descoperit de Poli\u021bia Capitalei \u00een cadrul opera\u021biunii MAC-2021. B\u0103rbatul a mai fost anterior judecat pentru diverse infrac\u021biuni, transmite tv8.md. B\u0103rbatul a declarat c\u0103 plantele erau \u00eengrijite de el personal \u0219i nu inten\u021biona comercializarea acestora. Toate plantele depistate au fost [&hellip;]<\/p>\n","protected":false},"author":4,"featured_media":133214,"comment_status":"closed","ping_status":"closed","sticky":false,"template":"","format":"standard","meta":{"footnotes":""},"categories":[6349],"tags":[26782],"class_list":["post-133213","post","type-post","status-publish","format-standard","has-post-thumbnail","hentry","category-social","tag-un-barbat-din-durlesti-crestea-plante-de-cannabis-si-mac-in-curtea-casei-sale"],"yoast_head":"<!-- This site is optimized with the Yoast SEO plugin v27.4 - https:\/\/yoast.com\/product\/yoast-seo-wordpress\/ -->\n<title>Un b\u0103rbat din Durle\u0219ti cre\u0219tea plante de cannabis \u0219i mac \u00een curtea casei sale - BTV<\/title>\n<meta name=\"robots\" content=\"index, follow, max-snippet:-1, max-image-preview:large, max-video-preview:-1\" \/>\n<link rel=\"canonical\" href=\"https:\/\/www.btv.md\/ro\/un-barbat-din-durlesti-crestea-plante-de-cannabis-si-mac-in-curtea-casei-sale\/\" \/>\n<meta property=\"og:locale\" content=\"ro_RO\" \/>\n<meta property=\"og:type\" content=\"article\" \/>\n<meta property=\"og:title\" content=\"Un b\u0103rbat din Durle\u0219ti cre\u0219tea plante de cannabis \u0219i mac \u00een curtea casei sale - BTV\" \/>\n<meta property=\"og:description\" content=\"Un b\u0103rbat \u00een v\u00e2rst\u0103 de 56 de ani cultiva cannabis \u0219i mac pentru consum propriu, fapt descoperit de Poli\u021bia Capitalei \u00een cadrul opera\u021biunii MAC-2021. B\u0103rbatul a mai fost anterior judecat pentru diverse infrac\u021biuni, transmite tv8.md. B\u0103rbatul a declarat c\u0103 plantele erau \u00eengrijite de el personal \u0219i nu inten\u021biona comercializarea acestora. Toate plantele depistate au fost [&hellip;]\" \/>\n<meta property=\"og:url\" content=\"https:\/\/www.btv.md\/ro\/un-barbat-din-durlesti-crestea-plante-de-cannabis-si-mac-in-curtea-casei-sale\/\" \/>\n<meta property=\"og:site_name\" content=\"BTV\" \/>\n<meta property=\"article:publisher\" content=\"https:\/\/www.facebook.com\/btvmoldova\/\" \/>\n<meta property=\"article:published_time\" content=\"2021-06-22T11:44:32+00:00\" \/>\n<meta property=\"og:image\" content=\"https:\/\/www.btv.md\/wp-content\/uploads\/2021\/06\/criza-screenshot-3-1280x720-1.png\" \/>\n\t<meta property=\"og:image:width\" content=\"1280\" \/>\n\t<meta property=\"og:image:height\" content=\"720\" \/>\n\t<meta property=\"og:image:type\" content=\"image\/png\" \/>\n<meta name=\"author\" content=\"admin\" \/>\n<meta name=\"twitter:label1\" content=\"Scris de\" \/>\n\t<meta name=\"twitter:data1\" content=\"admin\" \/>\n\t<meta name=\"twitter:label2\" content=\"Timp estimat pentru citire\" \/>\n\t<meta name=\"twitter:data2\" content=\"1 minut\" \/>\n<script type=\"application\/ld+json\" class=\"yoast-schema-graph\">{\"@context\":\"https:\\\/\\\/schema.org\",\"@graph\":[{\"@type\":\"Article\",\"@id\":\"https:\\\/\\\/www.btv.md\\\/ro\\\/un-barbat-din-durlesti-crestea-plante-de-cannabis-si-mac-in-curtea-casei-sale\\\/#article\",\"isPartOf\":{\"@id\":\"https:\\\/\\\/www.btv.md\\\/ro\\\/un-barbat-din-durlesti-crestea-plante-de-cannabis-si-mac-in-curtea-casei-sale\\\/\"},\"author\":{\"name\":\"admin\",\"@id\":\"https:\\\/\\\/www.btv.md\\\/#\\\/schema\\\/person\\\/8fadce81561b3ce2c34c46dadc4ccbf2\"},\"headline\":\"Un b\u0103rbat din Durle\u0219ti cre\u0219tea plante de cannabis \u0219i mac \u00een curtea casei sale\",\"datePublished\":\"2021-06-22T11:44:32+00:00\",\"mainEntityOfPage\":{\"@id\":\"https:\\\/\\\/www.btv.md\\\/ro\\\/un-barbat-din-durlesti-crestea-plante-de-cannabis-si-mac-in-curtea-casei-sale\\\/\"},\"wordCount\":122,\"image\":{\"@id\":\"https:\\\/\\\/www.btv.md\\\/ro\\\/un-barbat-din-durlesti-crestea-plante-de-cannabis-si-mac-in-curtea-casei-sale\\\/#primaryimage\"},\"thumbnailUrl\":\"https:\\\/\\\/www.btv.md\\\/wp-content\\\/uploads\\\/2021\\\/06\\\/criza-screenshot-3-1280x720-1.png\",\"keywords\":[\"Un b\u0103rbat din Durle\u0219ti cre\u0219tea plante de cannabis \u0219i mac \u00een curtea casei sale\"],\"articleSection\":[\"Social\"],\"inLanguage\":\"ro-RO\"},{\"@type\":\"WebPage\",\"@id\":\"https:\\\/\\\/www.btv.md\\\/ro\\\/un-barbat-din-durlesti-crestea-plante-de-cannabis-si-mac-in-curtea-casei-sale\\\/\",\"url\":\"https:\\\/\\\/www.btv.md\\\/ro\\\/un-barbat-din-durlesti-crestea-plante-de-cannabis-si-mac-in-curtea-casei-sale\\\/\",\"name\":\"Un b\u0103rbat din Durle\u0219ti cre\u0219tea plante de cannabis \u0219i mac \u00een curtea casei sale - BTV\",\"isPartOf\":{\"@id\":\"https:\\\/\\\/www.btv.md\\\/#website\"},\"primaryImageOfPage\":{\"@id\":\"https:\\\/\\\/www.btv.md\\\/ro\\\/un-barbat-din-durlesti-crestea-plante-de-cannabis-si-mac-in-curtea-casei-sale\\\/#primaryimage\"},\"image\":{\"@id\":\"https:\\\/\\\/www.btv.md\\\/ro\\\/un-barbat-din-durlesti-crestea-plante-de-cannabis-si-mac-in-curtea-casei-sale\\\/#primaryimage\"},\"thumbnailUrl\":\"https:\\\/\\\/www.btv.md\\\/wp-content\\\/uploads\\\/2021\\\/06\\\/criza-screenshot-3-1280x720-1.png\",\"datePublished\":\"2021-06-22T11:44:32+00:00\",\"author\":{\"@id\":\"https:\\\/\\\/www.btv.md\\\/#\\\/schema\\\/person\\\/8fadce81561b3ce2c34c46dadc4ccbf2\"},\"inLanguage\":\"ro-RO\",\"potentialAction\":[{\"@type\":\"ReadAction\",\"target\":[\"https:\\\/\\\/www.btv.md\\\/ro\\\/un-barbat-din-durlesti-crestea-plante-de-cannabis-si-mac-in-curtea-casei-sale\\\/\"]}]},{\"@type\":\"ImageObject\",\"inLanguage\":\"ro-RO\",\"@id\":\"https:\\\/\\\/www.btv.md\\\/ro\\\/un-barbat-din-durlesti-crestea-plante-de-cannabis-si-mac-in-curtea-casei-sale\\\/#primaryimage\",\"url\":\"https:\\\/\\\/www.btv.md\\\/wp-content\\\/uploads\\\/2021\\\/06\\\/criza-screenshot-3-1280x720-1.png\",\"contentUrl\":\"https:\\\/\\\/www.btv.md\\\/wp-content\\\/uploads\\\/2021\\\/06\\\/criza-screenshot-3-1280x720-1.png\",\"width\":1280,\"height\":720},{\"@type\":\"WebSite\",\"@id\":\"https:\\\/\\\/www.btv.md\\\/#website\",\"url\":\"https:\\\/\\\/www.btv.md\\\/\",\"name\":\"BTV\",\"description\":\"\u0411\u0435\u043b\u044c\u0446\u043a\u043e\u0435 \u0442\u0435\u043b\u0435\u0432\u0438\u0434\u0435\u043d\u0438\u0435\",\"potentialAction\":[{\"@type\":\"SearchAction\",\"target\":{\"@type\":\"EntryPoint\",\"urlTemplate\":\"https:\\\/\\\/www.btv.md\\\/?s={search_term_string}\"},\"query-input\":{\"@type\":\"PropertyValueSpecification\",\"valueRequired\":true,\"valueName\":\"search_term_string\"}}],\"inLanguage\":\"ro-RO\"},{\"@type\":\"Person\",\"@id\":\"https:\\\/\\\/www.btv.md\\\/#\\\/schema\\\/person\\\/8fadce81561b3ce2c34c46dadc4ccbf2\",\"name\":\"admin\"}]}<\/script>\n<!-- \/ Yoast SEO plugin. -->","yoast_head_json":{"title":"Un b\u0103rbat din Durle\u0219ti cre\u0219tea plante de cannabis \u0219i mac \u00een curtea casei sale - BTV","robots":{"index":"index","follow":"follow","max-snippet":"max-snippet:-1","max-image-preview":"max-image-preview:large","max-video-preview":"max-video-preview:-1"},"canonical":"https:\/\/www.btv.md\/ro\/un-barbat-din-durlesti-crestea-plante-de-cannabis-si-mac-in-curtea-casei-sale\/","og_locale":"ro_RO","og_type":"article","og_title":"Un b\u0103rbat din Durle\u0219ti cre\u0219tea plante de cannabis \u0219i mac \u00een curtea casei sale - BTV","og_description":"Un b\u0103rbat \u00een v\u00e2rst\u0103 de 56 de ani cultiva cannabis \u0219i mac pentru consum propriu, fapt descoperit de Poli\u021bia Capitalei \u00een cadrul opera\u021biunii MAC-2021. B\u0103rbatul a mai fost anterior judecat pentru diverse infrac\u021biuni, transmite tv8.md. B\u0103rbatul a declarat c\u0103 plantele erau \u00eengrijite de el personal \u0219i nu inten\u021biona comercializarea acestora. Toate plantele depistate au fost [&hellip;]","og_url":"https:\/\/www.btv.md\/ro\/un-barbat-din-durlesti-crestea-plante-de-cannabis-si-mac-in-curtea-casei-sale\/","og_site_name":"BTV","article_publisher":"https:\/\/www.facebook.com\/btvmoldova\/","article_published_time":"2021-06-22T11:44:32+00:00","og_image":[{"width":1280,"height":720,"url":"https:\/\/www.btv.md\/wp-content\/uploads\/2021\/06\/criza-screenshot-3-1280x720-1.png","type":"image\/png"}],"author":"admin","twitter_misc":{"Scris de":"admin","Timp estimat pentru citire":"1 minut"},"schema":{"@context":"https:\/\/schema.org","@graph":[{"@type":"Article","@id":"https:\/\/www.btv.md\/ro\/un-barbat-din-durlesti-crestea-plante-de-cannabis-si-mac-in-curtea-casei-sale\/#article","isPartOf":{"@id":"https:\/\/www.btv.md\/ro\/un-barbat-din-durlesti-crestea-plante-de-cannabis-si-mac-in-curtea-casei-sale\/"},"author":{"name":"admin","@id":"https:\/\/www.btv.md\/#\/schema\/person\/8fadce81561b3ce2c34c46dadc4ccbf2"},"headline":"Un b\u0103rbat din Durle\u0219ti cre\u0219tea plante de cannabis \u0219i mac \u00een curtea casei sale","datePublished":"2021-06-22T11:44:32+00:00","mainEntityOfPage":{"@id":"https:\/\/www.btv.md\/ro\/un-barbat-din-durlesti-crestea-plante-de-cannabis-si-mac-in-curtea-casei-sale\/"},"wordCount":122,"image":{"@id":"https:\/\/www.btv.md\/ro\/un-barbat-din-durlesti-crestea-plante-de-cannabis-si-mac-in-curtea-casei-sale\/#primaryimage"},"thumbnailUrl":"https:\/\/www.btv.md\/wp-content\/uploads\/2021\/06\/criza-screenshot-3-1280x720-1.png","keywords":["Un b\u0103rbat din Durle\u0219ti cre\u0219tea plante de cannabis \u0219i mac \u00een curtea casei sale"],"articleSection":["Social"],"inLanguage":"ro-RO"},{"@type":"WebPage","@id":"https:\/\/www.btv.md\/ro\/un-barbat-din-durlesti-crestea-plante-de-cannabis-si-mac-in-curtea-casei-sale\/","url":"https:\/\/www.btv.md\/ro\/un-barbat-din-durlesti-crestea-plante-de-cannabis-si-mac-in-curtea-casei-sale\/","name":"Un b\u0103rbat din Durle\u0219ti cre\u0219tea plante de cannabis \u0219i mac \u00een curtea casei sale - BTV","isPartOf":{"@id":"https:\/\/www.btv.md\/#website"},"primaryImageOfPage":{"@id":"https:\/\/www.btv.md\/ro\/un-barbat-din-durlesti-crestea-plante-de-cannabis-si-mac-in-curtea-casei-sale\/#primaryimage"},"image":{"@id":"https:\/\/www.btv.md\/ro\/un-barbat-din-durlesti-crestea-plante-de-cannabis-si-mac-in-curtea-casei-sale\/#primaryimage"},"thumbnailUrl":"https:\/\/www.btv.md\/wp-content\/uploads\/2021\/06\/criza-screenshot-3-1280x720-1.png","datePublished":"2021-06-22T11:44:32+00:00","author":{"@id":"https:\/\/www.btv.md\/#\/schema\/person\/8fadce81561b3ce2c34c46dadc4ccbf2"},"inLanguage":"ro-RO","potentialAction":[{"@type":"ReadAction","target":["https:\/\/www.btv.md\/ro\/un-barbat-din-durlesti-crestea-plante-de-cannabis-si-mac-in-curtea-casei-sale\/"]}]},{"@type":"ImageObject","inLanguage":"ro-RO","@id":"https:\/\/www.btv.md\/ro\/un-barbat-din-durlesti-crestea-plante-de-cannabis-si-mac-in-curtea-casei-sale\/#primaryimage","url":"https:\/\/www.btv.md\/wp-content\/uploads\/2021\/06\/criza-screenshot-3-1280x720-1.png","contentUrl":"https:\/\/www.btv.md\/wp-content\/uploads\/2021\/06\/criza-screenshot-3-1280x720-1.png","width":1280,"height":720},{"@type":"WebSite","@id":"https:\/\/www.btv.md\/#website","url":"https:\/\/www.btv.md\/","name":"BTV","description":"\u0411\u0435\u043b\u044c\u0446\u043a\u043e\u0435 \u0442\u0435\u043b\u0435\u0432\u0438\u0434\u0435\u043d\u0438\u0435","potentialAction":[{"@type":"SearchAction","target":{"@type":"EntryPoint","urlTemplate":"https:\/\/www.btv.md\/?s={search_term_string}"},"query-input":{"@type":"PropertyValueSpecification","valueRequired":true,"valueName":"search_term_string"}}],"inLanguage":"ro-RO"},{"@type":"Person","@id":"https:\/\/www.btv.md\/#\/schema\/person\/8fadce81561b3ce2c34c46dadc4ccbf2","name":"admin"}]}},"_links":{"self":[{"href":"https:\/\/www.btv.md\/ro\/wp-json\/wp\/v2\/posts\/133213","targetHints":{"allow":["GET"]}}],"collection":[{"href":"https:\/\/www.btv.md\/ro\/wp-json\/wp\/v2\/posts"}],"about":[{"href":"https:\/\/www.btv.md\/ro\/wp-json\/wp\/v2\/types\/post"}],"author":[{"embeddable":true,"href":"https:\/\/www.btv.md\/ro\/wp-json\/wp\/v2\/users\/4"}],"replies":[{"embeddable":true,"href":"https:\/\/www.btv.md\/ro\/wp-json\/wp\/v2\/comments?post=133213"}],"version-history":[{"count":0,"href":"https:\/\/www.btv.md\/ro\/wp-json\/wp\/v2\/posts\/133213\/revisions"}],"wp:featuredmedia":[{"embeddable":true,"href":"https:\/\/www.btv.md\/ro\/wp-json\/wp\/v2\/media\/133214"}],"wp:attachment":[{"href":"https:\/\/www.btv.md\/ro\/wp-json\/wp\/v2\/media?parent=133213"}],"wp:term":[{"taxonomy":"category","embeddable":true,"href":"https:\/\/www.btv.md\/ro\/wp-json\/wp\/v2\/categories?post=133213"},{"taxonomy":"post_tag","embeddable":true,"href":"https:\/\/www.btv.md\/ro\/wp-json\/wp\/v2\/tags?post=133213"}],"curies":[{"name":"wp","href":"https:\/\/api.w.org\/{rel}","templated":true}]}}