{"id":133388,"date":"2021-06-23T12:00:16","date_gmt":"2021-06-23T09:00:16","guid":{"rendered":"https:\/\/www.btv.md\/?p=133388"},"modified":"2021-06-23T10:46:25","modified_gmt":"2021-06-23T07:46:25","slug":"din-iran-in-r-moldova-procurorii-au-demascat-schema-figurantilor-retinuti-in-dosarul-capturii-record-de-heroina","status":"publish","type":"post","link":"https:\/\/www.btv.md\/ro\/din-iran-in-r-moldova-procurorii-au-demascat-schema-figurantilor-retinuti-in-dosarul-capturii-record-de-heroina\/","title":{"rendered":"Din Iran \u00een R. Moldova. Procurorii au demascat schema figuran\u021bilor, re\u021binu\u021bi \u00een dosarul capturii record de heroin\u0103"},"content":{"rendered":"<p><strong>Noi detalii au fost oferite de c\u0103tre Procuratura pentru Combaterea Criminalit\u0103\u0163ii Organizate \u015fi Cauze Speciale (PCCOCS)\u00a0\u00een cazul capturii record de heroin\u0103 depistat\u0103 pe teritoriul \u021b\u0103rii. Procurorii spun c\u0103 cele 200 kilograme de droguri urmau s\u0103 ajung\u0103 \u00een Uniunea European\u0103. \u00cen acest dosar figureaz\u0103 cinci persoane, dintre care doi sunt de origine turc\u0103, scrie <a href=\"https:\/\/tv8.md\/2021\/06\/23\/din-iran-in-r-moldova-procurorii-au-demascat-schema-figurantilor-retinuti-in-dosarul-capturii-record-de-heroina\/\">tv8.md<\/a>.<\/strong><\/p>\n<p>Ini\u021bial \u00een aceast\u0103 cauz\u0103 penal\u0103 au fost re\u021binute \u0219apte persoane. \u00cen primele faze ale investiga\u021biilor, s-a stabilit c\u0103 dou\u0103 din acesta nu aveau nicio implicare \u0219i au fost eliberate. Din cei cinci figuran\u021bi, doi sunt de origine turc\u0103, iar trei sunt cet\u0103\u021beni ai R. Moldova. La demersurile procurorilor, instan\u021ba a dispus 30 de zile de arest pe numele acestora. Figurantul principal este unul din cet\u0103\u021benii turci.<\/p>\n<p>\u00cen urma implic\u0103rilor organelor din Ucraina, a fost posibil de identificat mijloacele de transport cu care drogurile au fost introduse \u00een \u021bar\u0103. Marfa a fost importat\u0103 din Iran. Aceasta a p\u0103truns pe cale maritim\u0103 pe teritoriul Rusiei, iar de acolo a fost importat\u0103 \u00een Republica Moldova prin Ucraina.<\/p>\n<p>\u201e\u00cen seara zilei de vineri, 18 iunie, av\u00e2nd informa\u021bii veridice unde se afl\u0103 drogurile, oamenii legii erau pe ochii a tot ce se \u00eent\u00e2mpl\u0103 \u00een jurul acestei m\u0103rfi. \u00cen seara zilei de vineri marfa a fost extras\u0103 dintr-un local \u0219i cu un mijloc de transport era propulsat\u0103 \u00een st\u00e2nga Nistrului. Din motiv c\u0103 organele constitu\u021bionale nu au posibilitatea s\u0103 opereze cu ac\u021biuni de urm\u0103rire penal\u0103 \u00een regiunea transnistrean\u0103, am fost nevoi\u021bi s\u0103 intervenim \u0219i s\u0103 descindem\u201d, a declarat Ion Caracuian, procuror-\u0219ef al PCCOCS, \u00een cadrul unei conferin\u021be de pres\u0103. \u00cen final, marfa era preconizat\u0103 pentru a fi exportat\u0103 ulterior \u00een Uniunea European\u0103.<\/p>\n<p>Activitatea grupului a fost monitorizat\u0103 din luna decembrie 2020. Figuran\u021bii sunt \u00eenvinui\u021bi de comiterea contrabandei cu droguri \u0219i circula\u021bia ilegal\u0103 a substan\u021belor narcotice. \u00cen cazul \u00een care vot fi g\u0103si\u021bi vinova\u021bi, ace\u0219tia risc\u0103 p\u00e2n\u0103 la 15 ani de pu\u0219c\u0103rie.<\/p>\n<p>Marfa a fost exportat\u0103 c\u0103tre centrul de expertiz\u0103 al Ministerul Afacerilor Interne (MAI). Potrivit unor date preliminare, totu\u0219i, este vorba despre droguri de tip heroin\u0103.<\/p>\n<p>Foto: tv8.md.<\/p>\n","protected":false},"excerpt":{"rendered":"<p>Noi detalii au fost oferite de c\u0103tre Procuratura pentru Combaterea Criminalit\u0103\u0163ii Organizate \u015fi Cauze Speciale (PCCOCS)\u00a0\u00een cazul capturii record de heroin\u0103 depistat\u0103 pe teritoriul \u021b\u0103rii. Procurorii spun c\u0103 cele 200 kilograme de droguri urmau s\u0103 ajung\u0103 \u00een Uniunea European\u0103. \u00cen acest dosar figureaz\u0103 cinci persoane, dintre care doi sunt de origine turc\u0103, scrie tv8.md. Ini\u021bial [&hellip;]<\/p>\n","protected":false},"author":4,"featured_media":133389,"comment_status":"closed","ping_status":"closed","sticky":false,"template":"","format":"standard","meta":{"footnotes":""},"categories":[6349],"tags":[26826,26827],"class_list":["post-133388","post","type-post","status-publish","format-standard","has-post-thumbnail","hentry","category-social","tag-din-iran-in-r-moldova-procurorii-au-demascat-schema-figurantilor","tag-retinuti-in-dosarul-capturii-record-de-heroina"],"yoast_head":"<!-- This site is optimized with the Yoast SEO plugin v27.4 - https:\/\/yoast.com\/product\/yoast-seo-wordpress\/ -->\n<title>Din Iran \u00een R. Moldova. Procurorii au demascat schema figuran\u021bilor, re\u021binu\u021bi \u00een dosarul capturii record de heroin\u0103 - BTV<\/title>\n<meta name=\"robots\" content=\"index, follow, max-snippet:-1, max-image-preview:large, max-video-preview:-1\" \/>\n<link rel=\"canonical\" href=\"https:\/\/www.btv.md\/ro\/din-iran-in-r-moldova-procurorii-au-demascat-schema-figurantilor-retinuti-in-dosarul-capturii-record-de-heroina\/\" \/>\n<meta property=\"og:locale\" content=\"ro_RO\" \/>\n<meta property=\"og:type\" content=\"article\" \/>\n<meta property=\"og:title\" content=\"Din Iran \u00een R. Moldova. Procurorii au demascat schema figuran\u021bilor, re\u021binu\u021bi \u00een dosarul capturii record de heroin\u0103 - BTV\" \/>\n<meta property=\"og:description\" content=\"Noi detalii au fost oferite de c\u0103tre Procuratura pentru Combaterea Criminalit\u0103\u0163ii Organizate \u015fi Cauze Speciale (PCCOCS)\u00a0\u00een cazul capturii record de heroin\u0103 depistat\u0103 pe teritoriul \u021b\u0103rii. Procurorii spun c\u0103 cele 200 kilograme de droguri urmau s\u0103 ajung\u0103 \u00een Uniunea European\u0103. \u00cen acest dosar figureaz\u0103 cinci persoane, dintre care doi sunt de origine turc\u0103, scrie tv8.md. Ini\u021bial [&hellip;]\" \/>\n<meta property=\"og:url\" content=\"https:\/\/www.btv.md\/ro\/din-iran-in-r-moldova-procurorii-au-demascat-schema-figurantilor-retinuti-in-dosarul-capturii-record-de-heroina\/\" \/>\n<meta property=\"og:site_name\" content=\"BTV\" \/>\n<meta property=\"article:publisher\" content=\"https:\/\/www.facebook.com\/btvmoldova\/\" \/>\n<meta property=\"article:published_time\" content=\"2021-06-23T09:00:16+00:00\" \/>\n<meta property=\"og:image\" content=\"https:\/\/www.btv.md\/wp-content\/uploads\/2021\/06\/screenshot-2021-06-23-103110ghdgfhfhg.png\" \/>\n\t<meta property=\"og:image:width\" content=\"1308\" \/>\n\t<meta property=\"og:image:height\" content=\"825\" \/>\n\t<meta property=\"og:image:type\" content=\"image\/png\" \/>\n<meta name=\"author\" content=\"admin\" \/>\n<meta name=\"twitter:label1\" content=\"Scris de\" \/>\n\t<meta name=\"twitter:data1\" content=\"admin\" \/>\n\t<meta name=\"twitter:label2\" content=\"Timp estimat pentru citire\" \/>\n\t<meta name=\"twitter:data2\" content=\"2 minute\" \/>\n<script type=\"application\/ld+json\" class=\"yoast-schema-graph\">{\"@context\":\"https:\\\/\\\/schema.org\",\"@graph\":[{\"@type\":\"Article\",\"@id\":\"https:\\\/\\\/www.btv.md\\\/ro\\\/din-iran-in-r-moldova-procurorii-au-demascat-schema-figurantilor-retinuti-in-dosarul-capturii-record-de-heroina\\\/#article\",\"isPartOf\":{\"@id\":\"https:\\\/\\\/www.btv.md\\\/ro\\\/din-iran-in-r-moldova-procurorii-au-demascat-schema-figurantilor-retinuti-in-dosarul-capturii-record-de-heroina\\\/\"},\"author\":{\"name\":\"admin\",\"@id\":\"https:\\\/\\\/www.btv.md\\\/#\\\/schema\\\/person\\\/8fadce81561b3ce2c34c46dadc4ccbf2\"},\"headline\":\"Din Iran \u00een R. Moldova. Procurorii au demascat schema figuran\u021bilor, re\u021binu\u021bi \u00een dosarul capturii record de heroin\u0103\",\"datePublished\":\"2021-06-23T09:00:16+00:00\",\"mainEntityOfPage\":{\"@id\":\"https:\\\/\\\/www.btv.md\\\/ro\\\/din-iran-in-r-moldova-procurorii-au-demascat-schema-figurantilor-retinuti-in-dosarul-capturii-record-de-heroina\\\/\"},\"wordCount\":389,\"image\":{\"@id\":\"https:\\\/\\\/www.btv.md\\\/ro\\\/din-iran-in-r-moldova-procurorii-au-demascat-schema-figurantilor-retinuti-in-dosarul-capturii-record-de-heroina\\\/#primaryimage\"},\"thumbnailUrl\":\"https:\\\/\\\/www.btv.md\\\/wp-content\\\/uploads\\\/2021\\\/06\\\/screenshot-2021-06-23-103110ghdgfhfhg.png\",\"keywords\":[\"Din Iran \u00een R. Moldova. Procurorii au demascat schema figuran\u021bilor\",\"re\u021binu\u021bi \u00een dosarul capturii record de heroin\u0103\"],\"articleSection\":[\"Social\"],\"inLanguage\":\"ro-RO\"},{\"@type\":\"WebPage\",\"@id\":\"https:\\\/\\\/www.btv.md\\\/ro\\\/din-iran-in-r-moldova-procurorii-au-demascat-schema-figurantilor-retinuti-in-dosarul-capturii-record-de-heroina\\\/\",\"url\":\"https:\\\/\\\/www.btv.md\\\/ro\\\/din-iran-in-r-moldova-procurorii-au-demascat-schema-figurantilor-retinuti-in-dosarul-capturii-record-de-heroina\\\/\",\"name\":\"Din Iran \u00een R. Moldova. Procurorii au demascat schema figuran\u021bilor, re\u021binu\u021bi \u00een dosarul capturii record de heroin\u0103 - BTV\",\"isPartOf\":{\"@id\":\"https:\\\/\\\/www.btv.md\\\/#website\"},\"primaryImageOfPage\":{\"@id\":\"https:\\\/\\\/www.btv.md\\\/ro\\\/din-iran-in-r-moldova-procurorii-au-demascat-schema-figurantilor-retinuti-in-dosarul-capturii-record-de-heroina\\\/#primaryimage\"},\"image\":{\"@id\":\"https:\\\/\\\/www.btv.md\\\/ro\\\/din-iran-in-r-moldova-procurorii-au-demascat-schema-figurantilor-retinuti-in-dosarul-capturii-record-de-heroina\\\/#primaryimage\"},\"thumbnailUrl\":\"https:\\\/\\\/www.btv.md\\\/wp-content\\\/uploads\\\/2021\\\/06\\\/screenshot-2021-06-23-103110ghdgfhfhg.png\",\"datePublished\":\"2021-06-23T09:00:16+00:00\",\"author\":{\"@id\":\"https:\\\/\\\/www.btv.md\\\/#\\\/schema\\\/person\\\/8fadce81561b3ce2c34c46dadc4ccbf2\"},\"inLanguage\":\"ro-RO\",\"potentialAction\":[{\"@type\":\"ReadAction\",\"target\":[\"https:\\\/\\\/www.btv.md\\\/ro\\\/din-iran-in-r-moldova-procurorii-au-demascat-schema-figurantilor-retinuti-in-dosarul-capturii-record-de-heroina\\\/\"]}]},{\"@type\":\"ImageObject\",\"inLanguage\":\"ro-RO\",\"@id\":\"https:\\\/\\\/www.btv.md\\\/ro\\\/din-iran-in-r-moldova-procurorii-au-demascat-schema-figurantilor-retinuti-in-dosarul-capturii-record-de-heroina\\\/#primaryimage\",\"url\":\"https:\\\/\\\/www.btv.md\\\/wp-content\\\/uploads\\\/2021\\\/06\\\/screenshot-2021-06-23-103110ghdgfhfhg.png\",\"contentUrl\":\"https:\\\/\\\/www.btv.md\\\/wp-content\\\/uploads\\\/2021\\\/06\\\/screenshot-2021-06-23-103110ghdgfhfhg.png\",\"width\":1308,\"height\":825},{\"@type\":\"WebSite\",\"@id\":\"https:\\\/\\\/www.btv.md\\\/#website\",\"url\":\"https:\\\/\\\/www.btv.md\\\/\",\"name\":\"BTV\",\"description\":\"\u0411\u0435\u043b\u044c\u0446\u043a\u043e\u0435 \u0442\u0435\u043b\u0435\u0432\u0438\u0434\u0435\u043d\u0438\u0435\",\"potentialAction\":[{\"@type\":\"SearchAction\",\"target\":{\"@type\":\"EntryPoint\",\"urlTemplate\":\"https:\\\/\\\/www.btv.md\\\/?s={search_term_string}\"},\"query-input\":{\"@type\":\"PropertyValueSpecification\",\"valueRequired\":true,\"valueName\":\"search_term_string\"}}],\"inLanguage\":\"ro-RO\"},{\"@type\":\"Person\",\"@id\":\"https:\\\/\\\/www.btv.md\\\/#\\\/schema\\\/person\\\/8fadce81561b3ce2c34c46dadc4ccbf2\",\"name\":\"admin\"}]}<\/script>\n<!-- \/ Yoast SEO plugin. -->","yoast_head_json":{"title":"Din Iran \u00een R. Moldova. Procurorii au demascat schema figuran\u021bilor, re\u021binu\u021bi \u00een dosarul capturii record de heroin\u0103 - BTV","robots":{"index":"index","follow":"follow","max-snippet":"max-snippet:-1","max-image-preview":"max-image-preview:large","max-video-preview":"max-video-preview:-1"},"canonical":"https:\/\/www.btv.md\/ro\/din-iran-in-r-moldova-procurorii-au-demascat-schema-figurantilor-retinuti-in-dosarul-capturii-record-de-heroina\/","og_locale":"ro_RO","og_type":"article","og_title":"Din Iran \u00een R. Moldova. Procurorii au demascat schema figuran\u021bilor, re\u021binu\u021bi \u00een dosarul capturii record de heroin\u0103 - BTV","og_description":"Noi detalii au fost oferite de c\u0103tre Procuratura pentru Combaterea Criminalit\u0103\u0163ii Organizate \u015fi Cauze Speciale (PCCOCS)\u00a0\u00een cazul capturii record de heroin\u0103 depistat\u0103 pe teritoriul \u021b\u0103rii. Procurorii spun c\u0103 cele 200 kilograme de droguri urmau s\u0103 ajung\u0103 \u00een Uniunea European\u0103. \u00cen acest dosar figureaz\u0103 cinci persoane, dintre care doi sunt de origine turc\u0103, scrie tv8.md. Ini\u021bial [&hellip;]","og_url":"https:\/\/www.btv.md\/ro\/din-iran-in-r-moldova-procurorii-au-demascat-schema-figurantilor-retinuti-in-dosarul-capturii-record-de-heroina\/","og_site_name":"BTV","article_publisher":"https:\/\/www.facebook.com\/btvmoldova\/","article_published_time":"2021-06-23T09:00:16+00:00","og_image":[{"width":1308,"height":825,"url":"https:\/\/www.btv.md\/wp-content\/uploads\/2021\/06\/screenshot-2021-06-23-103110ghdgfhfhg.png","type":"image\/png"}],"author":"admin","twitter_misc":{"Scris de":"admin","Timp estimat pentru citire":"2 minute"},"schema":{"@context":"https:\/\/schema.org","@graph":[{"@type":"Article","@id":"https:\/\/www.btv.md\/ro\/din-iran-in-r-moldova-procurorii-au-demascat-schema-figurantilor-retinuti-in-dosarul-capturii-record-de-heroina\/#article","isPartOf":{"@id":"https:\/\/www.btv.md\/ro\/din-iran-in-r-moldova-procurorii-au-demascat-schema-figurantilor-retinuti-in-dosarul-capturii-record-de-heroina\/"},"author":{"name":"admin","@id":"https:\/\/www.btv.md\/#\/schema\/person\/8fadce81561b3ce2c34c46dadc4ccbf2"},"headline":"Din Iran \u00een R. Moldova. Procurorii au demascat schema figuran\u021bilor, re\u021binu\u021bi \u00een dosarul capturii record de heroin\u0103","datePublished":"2021-06-23T09:00:16+00:00","mainEntityOfPage":{"@id":"https:\/\/www.btv.md\/ro\/din-iran-in-r-moldova-procurorii-au-demascat-schema-figurantilor-retinuti-in-dosarul-capturii-record-de-heroina\/"},"wordCount":389,"image":{"@id":"https:\/\/www.btv.md\/ro\/din-iran-in-r-moldova-procurorii-au-demascat-schema-figurantilor-retinuti-in-dosarul-capturii-record-de-heroina\/#primaryimage"},"thumbnailUrl":"https:\/\/www.btv.md\/wp-content\/uploads\/2021\/06\/screenshot-2021-06-23-103110ghdgfhfhg.png","keywords":["Din Iran \u00een R. Moldova. Procurorii au demascat schema figuran\u021bilor","re\u021binu\u021bi \u00een dosarul capturii record de heroin\u0103"],"articleSection":["Social"],"inLanguage":"ro-RO"},{"@type":"WebPage","@id":"https:\/\/www.btv.md\/ro\/din-iran-in-r-moldova-procurorii-au-demascat-schema-figurantilor-retinuti-in-dosarul-capturii-record-de-heroina\/","url":"https:\/\/www.btv.md\/ro\/din-iran-in-r-moldova-procurorii-au-demascat-schema-figurantilor-retinuti-in-dosarul-capturii-record-de-heroina\/","name":"Din Iran \u00een R. Moldova. Procurorii au demascat schema figuran\u021bilor, re\u021binu\u021bi \u00een dosarul capturii record de heroin\u0103 - BTV","isPartOf":{"@id":"https:\/\/www.btv.md\/#website"},"primaryImageOfPage":{"@id":"https:\/\/www.btv.md\/ro\/din-iran-in-r-moldova-procurorii-au-demascat-schema-figurantilor-retinuti-in-dosarul-capturii-record-de-heroina\/#primaryimage"},"image":{"@id":"https:\/\/www.btv.md\/ro\/din-iran-in-r-moldova-procurorii-au-demascat-schema-figurantilor-retinuti-in-dosarul-capturii-record-de-heroina\/#primaryimage"},"thumbnailUrl":"https:\/\/www.btv.md\/wp-content\/uploads\/2021\/06\/screenshot-2021-06-23-103110ghdgfhfhg.png","datePublished":"2021-06-23T09:00:16+00:00","author":{"@id":"https:\/\/www.btv.md\/#\/schema\/person\/8fadce81561b3ce2c34c46dadc4ccbf2"},"inLanguage":"ro-RO","potentialAction":[{"@type":"ReadAction","target":["https:\/\/www.btv.md\/ro\/din-iran-in-r-moldova-procurorii-au-demascat-schema-figurantilor-retinuti-in-dosarul-capturii-record-de-heroina\/"]}]},{"@type":"ImageObject","inLanguage":"ro-RO","@id":"https:\/\/www.btv.md\/ro\/din-iran-in-r-moldova-procurorii-au-demascat-schema-figurantilor-retinuti-in-dosarul-capturii-record-de-heroina\/#primaryimage","url":"https:\/\/www.btv.md\/wp-content\/uploads\/2021\/06\/screenshot-2021-06-23-103110ghdgfhfhg.png","contentUrl":"https:\/\/www.btv.md\/wp-content\/uploads\/2021\/06\/screenshot-2021-06-23-103110ghdgfhfhg.png","width":1308,"height":825},{"@type":"WebSite","@id":"https:\/\/www.btv.md\/#website","url":"https:\/\/www.btv.md\/","name":"BTV","description":"\u0411\u0435\u043b\u044c\u0446\u043a\u043e\u0435 \u0442\u0435\u043b\u0435\u0432\u0438\u0434\u0435\u043d\u0438\u0435","potentialAction":[{"@type":"SearchAction","target":{"@type":"EntryPoint","urlTemplate":"https:\/\/www.btv.md\/?s={search_term_string}"},"query-input":{"@type":"PropertyValueSpecification","valueRequired":true,"valueName":"search_term_string"}}],"inLanguage":"ro-RO"},{"@type":"Person","@id":"https:\/\/www.btv.md\/#\/schema\/person\/8fadce81561b3ce2c34c46dadc4ccbf2","name":"admin"}]}},"_links":{"self":[{"href":"https:\/\/www.btv.md\/ro\/wp-json\/wp\/v2\/posts\/133388","targetHints":{"allow":["GET"]}}],"collection":[{"href":"https:\/\/www.btv.md\/ro\/wp-json\/wp\/v2\/posts"}],"about":[{"href":"https:\/\/www.btv.md\/ro\/wp-json\/wp\/v2\/types\/post"}],"author":[{"embeddable":true,"href":"https:\/\/www.btv.md\/ro\/wp-json\/wp\/v2\/users\/4"}],"replies":[{"embeddable":true,"href":"https:\/\/www.btv.md\/ro\/wp-json\/wp\/v2\/comments?post=133388"}],"version-history":[{"count":0,"href":"https:\/\/www.btv.md\/ro\/wp-json\/wp\/v2\/posts\/133388\/revisions"}],"wp:featuredmedia":[{"embeddable":true,"href":"https:\/\/www.btv.md\/ro\/wp-json\/wp\/v2\/media\/133389"}],"wp:attachment":[{"href":"https:\/\/www.btv.md\/ro\/wp-json\/wp\/v2\/media?parent=133388"}],"wp:term":[{"taxonomy":"category","embeddable":true,"href":"https:\/\/www.btv.md\/ro\/wp-json\/wp\/v2\/categories?post=133388"},{"taxonomy":"post_tag","embeddable":true,"href":"https:\/\/www.btv.md\/ro\/wp-json\/wp\/v2\/tags?post=133388"}],"curies":[{"name":"wp","href":"https:\/\/api.w.org\/{rel}","templated":true}]}}