{"id":13340,"date":"2016-05-24T14:04:36","date_gmt":"2016-05-24T11:04:36","guid":{"rendered":"http:\/\/btv.md\/?p=13340"},"modified":"2016-05-24T14:04:36","modified_gmt":"2016-05-24T11:04:36","slug":"ucraina-discutie-telefonica-in-formatul-normandia","status":"publish","type":"post","link":"https:\/\/www.btv.md\/ro\/ucraina-discutie-telefonica-in-formatul-normandia\/","title":{"rendered":"UCRAINA: DISCU\u021aIE TELEFONIC\u0102 \u00ceN \u201eFORMATUL NORMANDIA\u201d"},"content":{"rendered":"<p><strong>Pre\u0219edin\u021bii francez, rus, ucrainean \u0219i cancelarul german au avut o discu\u021bie telefonic\u0103 \u00een cursul c\u0103reia au reamintit &#8222;hot\u0103r\u00e2rea&#8221; lor de a pune \u00een aplicare acordul de la Minsk, \u00een timp ce violen\u021bele continu\u0103 \u00een estul Ucrainei, a anun\u021bat Palatul Elys\u00e9e luni sear\u0103, relateaz\u0103 AFP.<\/strong><\/p>\n<p>Fran\u00e7ois Hollande, Vladimir Putin, Petro Poro\u0219enko \u0219i Angela Merkel au &#8222;<em>reamintit ata\u0219amentul lor fa\u021b\u0103 de acordul de la Minsk<\/em>&#8221; care prevede o \u00eencetare a focului \u00eentre for\u021bele armate \u0219i separati\u0219ti \u00een estul Ucrainei, precum \u0219i &#8222;<em>hot\u0103r\u00e2rea lor de a face totul pentru a fi aplicat integral c\u00e2t mai repede posibil<\/em>&#8222;, a precizat Palatul Elys\u00e9e \u00eentr-un comunicat.<\/p>\n<p>Aceast\u0103 convorbire \u00een &#8222;format Normandia&#8221; a avut loc \u00een timp ce armata ucrainean\u0103 a anun\u021bat luni c\u0103 un soldat ucrainean a fost ucis, iar al\u021bi trei r\u0103ni\u021bi dup\u0103 un atac cu proiectile \u00een estul separatist al \u021b\u0103rii, ultimul episod al violen\u021belor de pe linia de front, \u00een pofida instaur\u0103rii armisti\u021biului.<\/p>\n<p>&#8222;Formatul Normandia&#8221; a fost introdus de Fran\u021ba, Germania, Ucraina \u0219i Rusia pentru a g\u0103si o solu\u021bie la chestiunea rebelilor proru\u0219i din estul Ucrainei.<\/p>\n<p>Cei patru lideri au insistat asupra importan\u021bei punerii \u00een aplicare a &#8222;<em>tuturor m\u0103surilor necesare pentru consolidarea armisti\u021biului, \u00eencep\u00e2nd cu retragerea armelor \u0219i planificarea dezangaj\u0103rii for\u021belor, ca \u0219i eliberarea prizonierilor<\/em>&#8222;, a subliniat pre\u0219edin\u021bia Fran\u021bei.<\/p>\n<p>De asemenea, ei au revenit asupra &#8222;efortului depus \u00een privin\u021ba diferitelor chestiuni politice trebuind s\u0103 duc\u0103 \u00een special la organizarea de alegeri locale \u00een Donbas, cu respectarea legii ucrainene \u0219i potrivit standardelor OSCE&#8221;, a ad\u0103ugat Palatul Elys\u00e9e.<\/p>\n<p>Ucraina s-a confruntat \u00een ultimii doi ani cu un conflict \u00eentre armata sa \u0219i rebelii separati\u0219ti proru\u0219i. Potrivit Kievului \u0219i occidentalilor, ace\u0219ti separati\u0219ti sunt sprijini\u021bi militar de Rusia, ceea ce Moscova dezminte.<\/p>\n<p>Luptele din Ucraina au f\u0103cut aproape 9.300 de mor\u021bi \u0219i peste 1,5 milioane de persoane deplasate cu \u00eencepere din aprilie 2014.<\/p>\n<p><a href=\"http:\/\/www.agerpres.ro\/externe\/2016\/05\/24\/ucraina-discutie-telefonica-in-formatul-normandia-pentru-aplicarea-acordului-de-la-minsk-06-55-56\" target=\"_blank\">agerpres.ro<\/a><\/p>\n","protected":false},"excerpt":{"rendered":"<p>Pre\u0219edin\u021bii francez, rus, ucrainean \u0219i cancelarul german au avut o discu\u021bie telefonic\u0103 \u00een cursul c\u0103reia au reamintit &#8222;hot\u0103r\u00e2rea&#8221; lor de a pune \u00een aplicare acordul de la Minsk, \u00een timp ce violen\u021bele continu\u0103 \u00een estul Ucrainei, a anun\u021bat Palatul Elys\u00e9e luni sear\u0103, relateaz\u0103 AFP. Fran\u00e7ois Hollande, Vladimir Putin, Petro Poro\u0219enko \u0219i Angela Merkel au &#8222;reamintit [&hellip;]<\/p>\n","protected":false},"author":4,"featured_media":13341,"comment_status":"closed","ping_status":"closed","sticky":false,"template":"","format":"standard","meta":{"footnotes":""},"categories":[6354],"tags":[],"class_list":["post-13340","post","type-post","status-publish","format-standard","has-post-thumbnail","hentry","category-externe-ro"],"yoast_head":"<!-- This site is optimized with the Yoast SEO plugin v27.4 - https:\/\/yoast.com\/product\/yoast-seo-wordpress\/ -->\n<title>UCRAINA: DISCU\u021aIE TELEFONIC\u0102 \u00ceN \u201eFORMATUL NORMANDIA\u201d  - BTV<\/title>\n<meta name=\"robots\" content=\"index, follow, max-snippet:-1, max-image-preview:large, max-video-preview:-1\" \/>\n<link rel=\"canonical\" href=\"https:\/\/www.btv.md\/ro\/ucraina-discutie-telefonica-in-formatul-normandia\/\" \/>\n<meta property=\"og:locale\" content=\"ro_RO\" \/>\n<meta property=\"og:type\" content=\"article\" \/>\n<meta property=\"og:title\" content=\"UCRAINA: DISCU\u021aIE TELEFONIC\u0102 \u00ceN \u201eFORMATUL NORMANDIA\u201d  - BTV\" \/>\n<meta property=\"og:description\" content=\"Pre\u0219edin\u021bii francez, rus, ucrainean \u0219i cancelarul german au avut o discu\u021bie telefonic\u0103 \u00een cursul c\u0103reia au reamintit &#8222;hot\u0103r\u00e2rea&#8221; lor de a pune \u00een aplicare acordul de la Minsk, \u00een timp ce violen\u021bele continu\u0103 \u00een estul Ucrainei, a anun\u021bat Palatul Elys\u00e9e luni sear\u0103, relateaz\u0103 AFP. Fran\u00e7ois Hollande, Vladimir Putin, Petro Poro\u0219enko \u0219i Angela Merkel au &#8222;reamintit [&hellip;]\" \/>\n<meta property=\"og:url\" content=\"https:\/\/www.btv.md\/ro\/ucraina-discutie-telefonica-in-formatul-normandia\/\" \/>\n<meta property=\"og:site_name\" content=\"BTV\" \/>\n<meta property=\"article:publisher\" content=\"https:\/\/www.facebook.com\/btvmoldova\/\" \/>\n<meta property=\"article:published_time\" content=\"2016-05-24T11:04:36+00:00\" \/>\n<meta property=\"og:image\" content=\"https:\/\/www.btv.md\/wp-content\/uploads\/2016\/05\/271348maxim.jpg\" \/>\n\t<meta property=\"og:image:width\" content=\"443\" \/>\n\t<meta property=\"og:image:height\" content=\"317\" \/>\n\t<meta property=\"og:image:type\" content=\"image\/jpeg\" \/>\n<meta name=\"author\" content=\"admin\" \/>\n<meta name=\"twitter:label1\" content=\"Scris de\" \/>\n\t<meta name=\"twitter:data1\" content=\"admin\" \/>\n\t<meta name=\"twitter:label2\" content=\"Timp estimat pentru citire\" \/>\n\t<meta name=\"twitter:data2\" content=\"2 minute\" \/>\n<script type=\"application\/ld+json\" class=\"yoast-schema-graph\">{\"@context\":\"https:\\\/\\\/schema.org\",\"@graph\":[{\"@type\":\"Article\",\"@id\":\"https:\\\/\\\/www.btv.md\\\/ro\\\/ucraina-discutie-telefonica-in-formatul-normandia\\\/#article\",\"isPartOf\":{\"@id\":\"https:\\\/\\\/www.btv.md\\\/ro\\\/ucraina-discutie-telefonica-in-formatul-normandia\\\/\"},\"author\":{\"name\":\"admin\",\"@id\":\"https:\\\/\\\/www.btv.md\\\/#\\\/schema\\\/person\\\/8fadce81561b3ce2c34c46dadc4ccbf2\"},\"headline\":\"UCRAINA: DISCU\u021aIE TELEFONIC\u0102 \u00ceN \u201eFORMATUL NORMANDIA\u201d\",\"datePublished\":\"2016-05-24T11:04:36+00:00\",\"mainEntityOfPage\":{\"@id\":\"https:\\\/\\\/www.btv.md\\\/ro\\\/ucraina-discutie-telefonica-in-formatul-normandia\\\/\"},\"wordCount\":350,\"image\":{\"@id\":\"https:\\\/\\\/www.btv.md\\\/ro\\\/ucraina-discutie-telefonica-in-formatul-normandia\\\/#primaryimage\"},\"thumbnailUrl\":\"https:\\\/\\\/www.btv.md\\\/wp-content\\\/uploads\\\/2016\\\/05\\\/271348maxim.jpg\",\"articleSection\":[\"Externe\"],\"inLanguage\":\"ro-RO\"},{\"@type\":\"WebPage\",\"@id\":\"https:\\\/\\\/www.btv.md\\\/ro\\\/ucraina-discutie-telefonica-in-formatul-normandia\\\/\",\"url\":\"https:\\\/\\\/www.btv.md\\\/ro\\\/ucraina-discutie-telefonica-in-formatul-normandia\\\/\",\"name\":\"UCRAINA: DISCU\u021aIE TELEFONIC\u0102 \u00ceN \u201eFORMATUL NORMANDIA\u201d - BTV\",\"isPartOf\":{\"@id\":\"https:\\\/\\\/www.btv.md\\\/#website\"},\"primaryImageOfPage\":{\"@id\":\"https:\\\/\\\/www.btv.md\\\/ro\\\/ucraina-discutie-telefonica-in-formatul-normandia\\\/#primaryimage\"},\"image\":{\"@id\":\"https:\\\/\\\/www.btv.md\\\/ro\\\/ucraina-discutie-telefonica-in-formatul-normandia\\\/#primaryimage\"},\"thumbnailUrl\":\"https:\\\/\\\/www.btv.md\\\/wp-content\\\/uploads\\\/2016\\\/05\\\/271348maxim.jpg\",\"datePublished\":\"2016-05-24T11:04:36+00:00\",\"author\":{\"@id\":\"https:\\\/\\\/www.btv.md\\\/#\\\/schema\\\/person\\\/8fadce81561b3ce2c34c46dadc4ccbf2\"},\"inLanguage\":\"ro-RO\",\"potentialAction\":[{\"@type\":\"ReadAction\",\"target\":[\"https:\\\/\\\/www.btv.md\\\/ro\\\/ucraina-discutie-telefonica-in-formatul-normandia\\\/\"]}]},{\"@type\":\"ImageObject\",\"inLanguage\":\"ro-RO\",\"@id\":\"https:\\\/\\\/www.btv.md\\\/ro\\\/ucraina-discutie-telefonica-in-formatul-normandia\\\/#primaryimage\",\"url\":\"https:\\\/\\\/www.btv.md\\\/wp-content\\\/uploads\\\/2016\\\/05\\\/271348maxim.jpg\",\"contentUrl\":\"https:\\\/\\\/www.btv.md\\\/wp-content\\\/uploads\\\/2016\\\/05\\\/271348maxim.jpg\",\"width\":443,\"height\":317},{\"@type\":\"WebSite\",\"@id\":\"https:\\\/\\\/www.btv.md\\\/#website\",\"url\":\"https:\\\/\\\/www.btv.md\\\/\",\"name\":\"BTV\",\"description\":\"\u0411\u0435\u043b\u044c\u0446\u043a\u043e\u0435 \u0442\u0435\u043b\u0435\u0432\u0438\u0434\u0435\u043d\u0438\u0435\",\"potentialAction\":[{\"@type\":\"SearchAction\",\"target\":{\"@type\":\"EntryPoint\",\"urlTemplate\":\"https:\\\/\\\/www.btv.md\\\/?s={search_term_string}\"},\"query-input\":{\"@type\":\"PropertyValueSpecification\",\"valueRequired\":true,\"valueName\":\"search_term_string\"}}],\"inLanguage\":\"ro-RO\"},{\"@type\":\"Person\",\"@id\":\"https:\\\/\\\/www.btv.md\\\/#\\\/schema\\\/person\\\/8fadce81561b3ce2c34c46dadc4ccbf2\",\"name\":\"admin\"}]}<\/script>\n<!-- \/ Yoast SEO plugin. -->","yoast_head_json":{"title":"UCRAINA: DISCU\u021aIE TELEFONIC\u0102 \u00ceN \u201eFORMATUL NORMANDIA\u201d  - BTV","robots":{"index":"index","follow":"follow","max-snippet":"max-snippet:-1","max-image-preview":"max-image-preview:large","max-video-preview":"max-video-preview:-1"},"canonical":"https:\/\/www.btv.md\/ro\/ucraina-discutie-telefonica-in-formatul-normandia\/","og_locale":"ro_RO","og_type":"article","og_title":"UCRAINA: DISCU\u021aIE TELEFONIC\u0102 \u00ceN \u201eFORMATUL NORMANDIA\u201d  - BTV","og_description":"Pre\u0219edin\u021bii francez, rus, ucrainean \u0219i cancelarul german au avut o discu\u021bie telefonic\u0103 \u00een cursul c\u0103reia au reamintit &#8222;hot\u0103r\u00e2rea&#8221; lor de a pune \u00een aplicare acordul de la Minsk, \u00een timp ce violen\u021bele continu\u0103 \u00een estul Ucrainei, a anun\u021bat Palatul Elys\u00e9e luni sear\u0103, relateaz\u0103 AFP. Fran\u00e7ois Hollande, Vladimir Putin, Petro Poro\u0219enko \u0219i Angela Merkel au &#8222;reamintit [&hellip;]","og_url":"https:\/\/www.btv.md\/ro\/ucraina-discutie-telefonica-in-formatul-normandia\/","og_site_name":"BTV","article_publisher":"https:\/\/www.facebook.com\/btvmoldova\/","article_published_time":"2016-05-24T11:04:36+00:00","og_image":[{"width":443,"height":317,"url":"https:\/\/www.btv.md\/wp-content\/uploads\/2016\/05\/271348maxim.jpg","type":"image\/jpeg"}],"author":"admin","twitter_misc":{"Scris de":"admin","Timp estimat pentru citire":"2 minute"},"schema":{"@context":"https:\/\/schema.org","@graph":[{"@type":"Article","@id":"https:\/\/www.btv.md\/ro\/ucraina-discutie-telefonica-in-formatul-normandia\/#article","isPartOf":{"@id":"https:\/\/www.btv.md\/ro\/ucraina-discutie-telefonica-in-formatul-normandia\/"},"author":{"name":"admin","@id":"https:\/\/www.btv.md\/#\/schema\/person\/8fadce81561b3ce2c34c46dadc4ccbf2"},"headline":"UCRAINA: DISCU\u021aIE TELEFONIC\u0102 \u00ceN \u201eFORMATUL NORMANDIA\u201d","datePublished":"2016-05-24T11:04:36+00:00","mainEntityOfPage":{"@id":"https:\/\/www.btv.md\/ro\/ucraina-discutie-telefonica-in-formatul-normandia\/"},"wordCount":350,"image":{"@id":"https:\/\/www.btv.md\/ro\/ucraina-discutie-telefonica-in-formatul-normandia\/#primaryimage"},"thumbnailUrl":"https:\/\/www.btv.md\/wp-content\/uploads\/2016\/05\/271348maxim.jpg","articleSection":["Externe"],"inLanguage":"ro-RO"},{"@type":"WebPage","@id":"https:\/\/www.btv.md\/ro\/ucraina-discutie-telefonica-in-formatul-normandia\/","url":"https:\/\/www.btv.md\/ro\/ucraina-discutie-telefonica-in-formatul-normandia\/","name":"UCRAINA: DISCU\u021aIE TELEFONIC\u0102 \u00ceN \u201eFORMATUL NORMANDIA\u201d - BTV","isPartOf":{"@id":"https:\/\/www.btv.md\/#website"},"primaryImageOfPage":{"@id":"https:\/\/www.btv.md\/ro\/ucraina-discutie-telefonica-in-formatul-normandia\/#primaryimage"},"image":{"@id":"https:\/\/www.btv.md\/ro\/ucraina-discutie-telefonica-in-formatul-normandia\/#primaryimage"},"thumbnailUrl":"https:\/\/www.btv.md\/wp-content\/uploads\/2016\/05\/271348maxim.jpg","datePublished":"2016-05-24T11:04:36+00:00","author":{"@id":"https:\/\/www.btv.md\/#\/schema\/person\/8fadce81561b3ce2c34c46dadc4ccbf2"},"inLanguage":"ro-RO","potentialAction":[{"@type":"ReadAction","target":["https:\/\/www.btv.md\/ro\/ucraina-discutie-telefonica-in-formatul-normandia\/"]}]},{"@type":"ImageObject","inLanguage":"ro-RO","@id":"https:\/\/www.btv.md\/ro\/ucraina-discutie-telefonica-in-formatul-normandia\/#primaryimage","url":"https:\/\/www.btv.md\/wp-content\/uploads\/2016\/05\/271348maxim.jpg","contentUrl":"https:\/\/www.btv.md\/wp-content\/uploads\/2016\/05\/271348maxim.jpg","width":443,"height":317},{"@type":"WebSite","@id":"https:\/\/www.btv.md\/#website","url":"https:\/\/www.btv.md\/","name":"BTV","description":"\u0411\u0435\u043b\u044c\u0446\u043a\u043e\u0435 \u0442\u0435\u043b\u0435\u0432\u0438\u0434\u0435\u043d\u0438\u0435","potentialAction":[{"@type":"SearchAction","target":{"@type":"EntryPoint","urlTemplate":"https:\/\/www.btv.md\/?s={search_term_string}"},"query-input":{"@type":"PropertyValueSpecification","valueRequired":true,"valueName":"search_term_string"}}],"inLanguage":"ro-RO"},{"@type":"Person","@id":"https:\/\/www.btv.md\/#\/schema\/person\/8fadce81561b3ce2c34c46dadc4ccbf2","name":"admin"}]}},"_links":{"self":[{"href":"https:\/\/www.btv.md\/ro\/wp-json\/wp\/v2\/posts\/13340","targetHints":{"allow":["GET"]}}],"collection":[{"href":"https:\/\/www.btv.md\/ro\/wp-json\/wp\/v2\/posts"}],"about":[{"href":"https:\/\/www.btv.md\/ro\/wp-json\/wp\/v2\/types\/post"}],"author":[{"embeddable":true,"href":"https:\/\/www.btv.md\/ro\/wp-json\/wp\/v2\/users\/4"}],"replies":[{"embeddable":true,"href":"https:\/\/www.btv.md\/ro\/wp-json\/wp\/v2\/comments?post=13340"}],"version-history":[{"count":0,"href":"https:\/\/www.btv.md\/ro\/wp-json\/wp\/v2\/posts\/13340\/revisions"}],"wp:featuredmedia":[{"embeddable":true,"href":"https:\/\/www.btv.md\/ro\/wp-json\/wp\/v2\/media\/13341"}],"wp:attachment":[{"href":"https:\/\/www.btv.md\/ro\/wp-json\/wp\/v2\/media?parent=13340"}],"wp:term":[{"taxonomy":"category","embeddable":true,"href":"https:\/\/www.btv.md\/ro\/wp-json\/wp\/v2\/categories?post=13340"},{"taxonomy":"post_tag","embeddable":true,"href":"https:\/\/www.btv.md\/ro\/wp-json\/wp\/v2\/tags?post=13340"}],"curies":[{"name":"wp","href":"https:\/\/api.w.org\/{rel}","templated":true}]}}