{"id":133411,"date":"2021-06-23T13:08:43","date_gmt":"2021-06-23T10:08:43","guid":{"rendered":"https:\/\/www.btv.md\/?p=133411"},"modified":"2021-06-23T13:08:43","modified_gmt":"2021-06-23T10:08:43","slug":"o-moldoveanca-banuita-ca-a-furat-bijuterii-de-200-000-de-euro-retinuta-la-vama","status":"publish","type":"post","link":"https:\/\/www.btv.md\/ro\/o-moldoveanca-banuita-ca-a-furat-bijuterii-de-200-000-de-euro-retinuta-la-vama\/","title":{"rendered":"O moldoveanc\u0103, b\u0103nuit\u0103 c\u0103 a furat bijuterii de 200.000 de euro, re\u021binut\u0103 la vam\u0103"},"content":{"rendered":"<p><strong>Ar fi furat bani \u015fi bijuterii \u00een valoare de aproximativ 200.000 de euro. Vorbim despre o femeie de 39 de ani, cu dubl\u0103 cet\u0103\u021benie, rom\u00e2n\u0103 \u015fi moldoveneasc\u0103, care a fost re\u021binut\u0103 \u00een Punctului de Trecere a Frontierei St\u00e2nca-I.T.P.F. Ia\u015fi, scrie <a href=\"https:\/\/www.publika.md\/o-moldoveanca-banuita-ca-a-furat-bijuterii-de-200000-de-euro-retinuta-la-vama_3104939.html\">publika.md<\/a>.<\/strong><\/p>\n<p>Femeia s-a prezentat \u00een seara de 21 iunie pentru efectuarea formalit\u0103\u0163ilor necesare trecerii frontierei de stat, fiind pasager\u0103 \u00eentr-un mijloc de transport cu destina\u0163ia Cehia. \u00cen urma verific\u0103rilor, poli\u021bi\u0219tii de frontier\u0103 rom\u00e2ni\u00a0au constatat c\u0103, pe numele femeii era emis, de c\u0103tre autorit\u0103\u0163ile din Grecia, un mandat de arestare, deoarece aceasta a s\u0103v\u00e2r\u015fit mai multe\u00a0infrac\u0163iuni contra propriet\u0103\u0163ii,\u00a0pe teritoriul acestui stat, respectiv a sustras bani \u015fi bijuterii \u00een valoare de aproximativ 200.000 de euro din locuin\u0163a unde a lucrat.<\/p>\n<p>Femeia a fost predat\u0103 unei echipe operative din cadrul Serviciului de Investiga\u0163ii Criminale al Inspectoratului de Poli\u021bie Jude\u021bean Boto\u015fani, \u00een vederea lu\u0103rii m\u0103surilor legale care se impun.<\/p>\n<p>Foto: publika.md.<\/p>\n","protected":false},"excerpt":{"rendered":"<p>Ar fi furat bani \u015fi bijuterii \u00een valoare de aproximativ 200.000 de euro. Vorbim despre o femeie de 39 de ani, cu dubl\u0103 cet\u0103\u021benie, rom\u00e2n\u0103 \u015fi moldoveneasc\u0103, care a fost re\u021binut\u0103 \u00een Punctului de Trecere a Frontierei St\u00e2nca-I.T.P.F. Ia\u015fi, scrie publika.md. Femeia s-a prezentat \u00een seara de 21 iunie pentru efectuarea formalit\u0103\u0163ilor necesare trecerii frontierei [&hellip;]<\/p>\n","protected":false},"author":4,"featured_media":133413,"comment_status":"closed","ping_status":"closed","sticky":false,"template":"","format":"standard","meta":{"footnotes":""},"categories":[6349],"tags":[26834,26080,26835],"class_list":["post-133411","post","type-post","status-publish","format-standard","has-post-thumbnail","hentry","category-social","tag-banuita-ca-a-furat-bijuterii-de-200-000-de-euro","tag-o-moldoveanca","tag-retinuta-la-vama"],"yoast_head":"<!-- This site is optimized with the Yoast SEO plugin v27.4 - https:\/\/yoast.com\/product\/yoast-seo-wordpress\/ -->\n<title>O moldoveanc\u0103, b\u0103nuit\u0103 c\u0103 a furat bijuterii de 200.000 de euro, re\u021binut\u0103 la vam\u0103 - BTV<\/title>\n<meta name=\"robots\" content=\"index, follow, max-snippet:-1, max-image-preview:large, max-video-preview:-1\" \/>\n<link rel=\"canonical\" href=\"https:\/\/www.btv.md\/ro\/o-moldoveanca-banuita-ca-a-furat-bijuterii-de-200-000-de-euro-retinuta-la-vama\/\" \/>\n<meta property=\"og:locale\" content=\"ro_RO\" \/>\n<meta property=\"og:type\" content=\"article\" \/>\n<meta property=\"og:title\" content=\"O moldoveanc\u0103, b\u0103nuit\u0103 c\u0103 a furat bijuterii de 200.000 de euro, re\u021binut\u0103 la vam\u0103 - BTV\" \/>\n<meta property=\"og:description\" content=\"Ar fi furat bani \u015fi bijuterii \u00een valoare de aproximativ 200.000 de euro. Vorbim despre o femeie de 39 de ani, cu dubl\u0103 cet\u0103\u021benie, rom\u00e2n\u0103 \u015fi moldoveneasc\u0103, care a fost re\u021binut\u0103 \u00een Punctului de Trecere a Frontierei St\u00e2nca-I.T.P.F. Ia\u015fi, scrie publika.md. Femeia s-a prezentat \u00een seara de 21 iunie pentru efectuarea formalit\u0103\u0163ilor necesare trecerii frontierei [&hellip;]\" \/>\n<meta property=\"og:url\" content=\"https:\/\/www.btv.md\/ro\/o-moldoveanca-banuita-ca-a-furat-bijuterii-de-200-000-de-euro-retinuta-la-vama\/\" \/>\n<meta property=\"og:site_name\" content=\"BTV\" \/>\n<meta property=\"article:publisher\" content=\"https:\/\/www.facebook.com\/btvmoldova\/\" \/>\n<meta property=\"article:published_time\" content=\"2021-06-23T10:08:43+00:00\" \/>\n<meta property=\"og:image\" content=\"https:\/\/www.btv.md\/wp-content\/uploads\/2021\/06\/bbb_23517000-1.jpg\" \/>\n\t<meta property=\"og:image:width\" content=\"720\" \/>\n\t<meta property=\"og:image:height\" content=\"404\" \/>\n\t<meta property=\"og:image:type\" content=\"image\/jpeg\" \/>\n<meta name=\"author\" content=\"admin\" \/>\n<meta name=\"twitter:label1\" content=\"Scris de\" \/>\n\t<meta name=\"twitter:data1\" content=\"admin\" \/>\n\t<meta name=\"twitter:label2\" content=\"Timp estimat pentru citire\" \/>\n\t<meta name=\"twitter:data2\" content=\"1 minut\" \/>\n<script type=\"application\/ld+json\" class=\"yoast-schema-graph\">{\"@context\":\"https:\\\/\\\/schema.org\",\"@graph\":[{\"@type\":\"Article\",\"@id\":\"https:\\\/\\\/www.btv.md\\\/ro\\\/o-moldoveanca-banuita-ca-a-furat-bijuterii-de-200-000-de-euro-retinuta-la-vama\\\/#article\",\"isPartOf\":{\"@id\":\"https:\\\/\\\/www.btv.md\\\/ro\\\/o-moldoveanca-banuita-ca-a-furat-bijuterii-de-200-000-de-euro-retinuta-la-vama\\\/\"},\"author\":{\"name\":\"admin\",\"@id\":\"https:\\\/\\\/www.btv.md\\\/#\\\/schema\\\/person\\\/8fadce81561b3ce2c34c46dadc4ccbf2\"},\"headline\":\"O moldoveanc\u0103, b\u0103nuit\u0103 c\u0103 a furat bijuterii de 200.000 de euro, re\u021binut\u0103 la vam\u0103\",\"datePublished\":\"2021-06-23T10:08:43+00:00\",\"mainEntityOfPage\":{\"@id\":\"https:\\\/\\\/www.btv.md\\\/ro\\\/o-moldoveanca-banuita-ca-a-furat-bijuterii-de-200-000-de-euro-retinuta-la-vama\\\/\"},\"wordCount\":191,\"image\":{\"@id\":\"https:\\\/\\\/www.btv.md\\\/ro\\\/o-moldoveanca-banuita-ca-a-furat-bijuterii-de-200-000-de-euro-retinuta-la-vama\\\/#primaryimage\"},\"thumbnailUrl\":\"https:\\\/\\\/www.btv.md\\\/wp-content\\\/uploads\\\/2021\\\/06\\\/bbb_23517000-1.jpg\",\"keywords\":[\"b\u0103nuit\u0103 c\u0103 a furat bijuterii de 200.000 de euro\",\"O moldoveanc\u0103\",\"re\u021binut\u0103 la vam\u0103\"],\"articleSection\":[\"Social\"],\"inLanguage\":\"ro-RO\"},{\"@type\":\"WebPage\",\"@id\":\"https:\\\/\\\/www.btv.md\\\/ro\\\/o-moldoveanca-banuita-ca-a-furat-bijuterii-de-200-000-de-euro-retinuta-la-vama\\\/\",\"url\":\"https:\\\/\\\/www.btv.md\\\/ro\\\/o-moldoveanca-banuita-ca-a-furat-bijuterii-de-200-000-de-euro-retinuta-la-vama\\\/\",\"name\":\"O moldoveanc\u0103, b\u0103nuit\u0103 c\u0103 a furat bijuterii de 200.000 de euro, re\u021binut\u0103 la vam\u0103 - BTV\",\"isPartOf\":{\"@id\":\"https:\\\/\\\/www.btv.md\\\/#website\"},\"primaryImageOfPage\":{\"@id\":\"https:\\\/\\\/www.btv.md\\\/ro\\\/o-moldoveanca-banuita-ca-a-furat-bijuterii-de-200-000-de-euro-retinuta-la-vama\\\/#primaryimage\"},\"image\":{\"@id\":\"https:\\\/\\\/www.btv.md\\\/ro\\\/o-moldoveanca-banuita-ca-a-furat-bijuterii-de-200-000-de-euro-retinuta-la-vama\\\/#primaryimage\"},\"thumbnailUrl\":\"https:\\\/\\\/www.btv.md\\\/wp-content\\\/uploads\\\/2021\\\/06\\\/bbb_23517000-1.jpg\",\"datePublished\":\"2021-06-23T10:08:43+00:00\",\"author\":{\"@id\":\"https:\\\/\\\/www.btv.md\\\/#\\\/schema\\\/person\\\/8fadce81561b3ce2c34c46dadc4ccbf2\"},\"inLanguage\":\"ro-RO\",\"potentialAction\":[{\"@type\":\"ReadAction\",\"target\":[\"https:\\\/\\\/www.btv.md\\\/ro\\\/o-moldoveanca-banuita-ca-a-furat-bijuterii-de-200-000-de-euro-retinuta-la-vama\\\/\"]}]},{\"@type\":\"ImageObject\",\"inLanguage\":\"ro-RO\",\"@id\":\"https:\\\/\\\/www.btv.md\\\/ro\\\/o-moldoveanca-banuita-ca-a-furat-bijuterii-de-200-000-de-euro-retinuta-la-vama\\\/#primaryimage\",\"url\":\"https:\\\/\\\/www.btv.md\\\/wp-content\\\/uploads\\\/2021\\\/06\\\/bbb_23517000-1.jpg\",\"contentUrl\":\"https:\\\/\\\/www.btv.md\\\/wp-content\\\/uploads\\\/2021\\\/06\\\/bbb_23517000-1.jpg\",\"width\":720,\"height\":404},{\"@type\":\"WebSite\",\"@id\":\"https:\\\/\\\/www.btv.md\\\/#website\",\"url\":\"https:\\\/\\\/www.btv.md\\\/\",\"name\":\"BTV\",\"description\":\"\u0411\u0435\u043b\u044c\u0446\u043a\u043e\u0435 \u0442\u0435\u043b\u0435\u0432\u0438\u0434\u0435\u043d\u0438\u0435\",\"potentialAction\":[{\"@type\":\"SearchAction\",\"target\":{\"@type\":\"EntryPoint\",\"urlTemplate\":\"https:\\\/\\\/www.btv.md\\\/?s={search_term_string}\"},\"query-input\":{\"@type\":\"PropertyValueSpecification\",\"valueRequired\":true,\"valueName\":\"search_term_string\"}}],\"inLanguage\":\"ro-RO\"},{\"@type\":\"Person\",\"@id\":\"https:\\\/\\\/www.btv.md\\\/#\\\/schema\\\/person\\\/8fadce81561b3ce2c34c46dadc4ccbf2\",\"name\":\"admin\"}]}<\/script>\n<!-- \/ Yoast SEO plugin. -->","yoast_head_json":{"title":"O moldoveanc\u0103, b\u0103nuit\u0103 c\u0103 a furat bijuterii de 200.000 de euro, re\u021binut\u0103 la vam\u0103 - BTV","robots":{"index":"index","follow":"follow","max-snippet":"max-snippet:-1","max-image-preview":"max-image-preview:large","max-video-preview":"max-video-preview:-1"},"canonical":"https:\/\/www.btv.md\/ro\/o-moldoveanca-banuita-ca-a-furat-bijuterii-de-200-000-de-euro-retinuta-la-vama\/","og_locale":"ro_RO","og_type":"article","og_title":"O moldoveanc\u0103, b\u0103nuit\u0103 c\u0103 a furat bijuterii de 200.000 de euro, re\u021binut\u0103 la vam\u0103 - BTV","og_description":"Ar fi furat bani \u015fi bijuterii \u00een valoare de aproximativ 200.000 de euro. Vorbim despre o femeie de 39 de ani, cu dubl\u0103 cet\u0103\u021benie, rom\u00e2n\u0103 \u015fi moldoveneasc\u0103, care a fost re\u021binut\u0103 \u00een Punctului de Trecere a Frontierei St\u00e2nca-I.T.P.F. Ia\u015fi, scrie publika.md. Femeia s-a prezentat \u00een seara de 21 iunie pentru efectuarea formalit\u0103\u0163ilor necesare trecerii frontierei [&hellip;]","og_url":"https:\/\/www.btv.md\/ro\/o-moldoveanca-banuita-ca-a-furat-bijuterii-de-200-000-de-euro-retinuta-la-vama\/","og_site_name":"BTV","article_publisher":"https:\/\/www.facebook.com\/btvmoldova\/","article_published_time":"2021-06-23T10:08:43+00:00","og_image":[{"width":720,"height":404,"url":"https:\/\/www.btv.md\/wp-content\/uploads\/2021\/06\/bbb_23517000-1.jpg","type":"image\/jpeg"}],"author":"admin","twitter_misc":{"Scris de":"admin","Timp estimat pentru citire":"1 minut"},"schema":{"@context":"https:\/\/schema.org","@graph":[{"@type":"Article","@id":"https:\/\/www.btv.md\/ro\/o-moldoveanca-banuita-ca-a-furat-bijuterii-de-200-000-de-euro-retinuta-la-vama\/#article","isPartOf":{"@id":"https:\/\/www.btv.md\/ro\/o-moldoveanca-banuita-ca-a-furat-bijuterii-de-200-000-de-euro-retinuta-la-vama\/"},"author":{"name":"admin","@id":"https:\/\/www.btv.md\/#\/schema\/person\/8fadce81561b3ce2c34c46dadc4ccbf2"},"headline":"O moldoveanc\u0103, b\u0103nuit\u0103 c\u0103 a furat bijuterii de 200.000 de euro, re\u021binut\u0103 la vam\u0103","datePublished":"2021-06-23T10:08:43+00:00","mainEntityOfPage":{"@id":"https:\/\/www.btv.md\/ro\/o-moldoveanca-banuita-ca-a-furat-bijuterii-de-200-000-de-euro-retinuta-la-vama\/"},"wordCount":191,"image":{"@id":"https:\/\/www.btv.md\/ro\/o-moldoveanca-banuita-ca-a-furat-bijuterii-de-200-000-de-euro-retinuta-la-vama\/#primaryimage"},"thumbnailUrl":"https:\/\/www.btv.md\/wp-content\/uploads\/2021\/06\/bbb_23517000-1.jpg","keywords":["b\u0103nuit\u0103 c\u0103 a furat bijuterii de 200.000 de euro","O moldoveanc\u0103","re\u021binut\u0103 la vam\u0103"],"articleSection":["Social"],"inLanguage":"ro-RO"},{"@type":"WebPage","@id":"https:\/\/www.btv.md\/ro\/o-moldoveanca-banuita-ca-a-furat-bijuterii-de-200-000-de-euro-retinuta-la-vama\/","url":"https:\/\/www.btv.md\/ro\/o-moldoveanca-banuita-ca-a-furat-bijuterii-de-200-000-de-euro-retinuta-la-vama\/","name":"O moldoveanc\u0103, b\u0103nuit\u0103 c\u0103 a furat bijuterii de 200.000 de euro, re\u021binut\u0103 la vam\u0103 - BTV","isPartOf":{"@id":"https:\/\/www.btv.md\/#website"},"primaryImageOfPage":{"@id":"https:\/\/www.btv.md\/ro\/o-moldoveanca-banuita-ca-a-furat-bijuterii-de-200-000-de-euro-retinuta-la-vama\/#primaryimage"},"image":{"@id":"https:\/\/www.btv.md\/ro\/o-moldoveanca-banuita-ca-a-furat-bijuterii-de-200-000-de-euro-retinuta-la-vama\/#primaryimage"},"thumbnailUrl":"https:\/\/www.btv.md\/wp-content\/uploads\/2021\/06\/bbb_23517000-1.jpg","datePublished":"2021-06-23T10:08:43+00:00","author":{"@id":"https:\/\/www.btv.md\/#\/schema\/person\/8fadce81561b3ce2c34c46dadc4ccbf2"},"inLanguage":"ro-RO","potentialAction":[{"@type":"ReadAction","target":["https:\/\/www.btv.md\/ro\/o-moldoveanca-banuita-ca-a-furat-bijuterii-de-200-000-de-euro-retinuta-la-vama\/"]}]},{"@type":"ImageObject","inLanguage":"ro-RO","@id":"https:\/\/www.btv.md\/ro\/o-moldoveanca-banuita-ca-a-furat-bijuterii-de-200-000-de-euro-retinuta-la-vama\/#primaryimage","url":"https:\/\/www.btv.md\/wp-content\/uploads\/2021\/06\/bbb_23517000-1.jpg","contentUrl":"https:\/\/www.btv.md\/wp-content\/uploads\/2021\/06\/bbb_23517000-1.jpg","width":720,"height":404},{"@type":"WebSite","@id":"https:\/\/www.btv.md\/#website","url":"https:\/\/www.btv.md\/","name":"BTV","description":"\u0411\u0435\u043b\u044c\u0446\u043a\u043e\u0435 \u0442\u0435\u043b\u0435\u0432\u0438\u0434\u0435\u043d\u0438\u0435","potentialAction":[{"@type":"SearchAction","target":{"@type":"EntryPoint","urlTemplate":"https:\/\/www.btv.md\/?s={search_term_string}"},"query-input":{"@type":"PropertyValueSpecification","valueRequired":true,"valueName":"search_term_string"}}],"inLanguage":"ro-RO"},{"@type":"Person","@id":"https:\/\/www.btv.md\/#\/schema\/person\/8fadce81561b3ce2c34c46dadc4ccbf2","name":"admin"}]}},"_links":{"self":[{"href":"https:\/\/www.btv.md\/ro\/wp-json\/wp\/v2\/posts\/133411","targetHints":{"allow":["GET"]}}],"collection":[{"href":"https:\/\/www.btv.md\/ro\/wp-json\/wp\/v2\/posts"}],"about":[{"href":"https:\/\/www.btv.md\/ro\/wp-json\/wp\/v2\/types\/post"}],"author":[{"embeddable":true,"href":"https:\/\/www.btv.md\/ro\/wp-json\/wp\/v2\/users\/4"}],"replies":[{"embeddable":true,"href":"https:\/\/www.btv.md\/ro\/wp-json\/wp\/v2\/comments?post=133411"}],"version-history":[{"count":0,"href":"https:\/\/www.btv.md\/ro\/wp-json\/wp\/v2\/posts\/133411\/revisions"}],"wp:featuredmedia":[{"embeddable":true,"href":"https:\/\/www.btv.md\/ro\/wp-json\/wp\/v2\/media\/133413"}],"wp:attachment":[{"href":"https:\/\/www.btv.md\/ro\/wp-json\/wp\/v2\/media?parent=133411"}],"wp:term":[{"taxonomy":"category","embeddable":true,"href":"https:\/\/www.btv.md\/ro\/wp-json\/wp\/v2\/categories?post=133411"},{"taxonomy":"post_tag","embeddable":true,"href":"https:\/\/www.btv.md\/ro\/wp-json\/wp\/v2\/tags?post=133411"}],"curies":[{"name":"wp","href":"https:\/\/api.w.org\/{rel}","templated":true}]}}