{"id":13343,"date":"2016-05-24T14:10:59","date_gmt":"2016-05-24T11:10:59","guid":{"rendered":"http:\/\/btv.md\/?p=13343"},"modified":"2016-05-24T14:10:59","modified_gmt":"2016-05-24T11:10:59","slug":"ppe-aseapta-un-candidat-unic-al-pldm-ppem-pas-si-platforma-da","status":"publish","type":"post","link":"https:\/\/www.btv.md\/ro\/ppe-aseapta-un-candidat-unic-al-pldm-ppem-pas-si-platforma-da\/","title":{"rendered":"PPE A\u0218EAPT\u0102 UN CANDIDAT UNIC AL PLDM, PPEM, PAS \u0218I PLATFORMA DA"},"content":{"rendered":"<p><strong>Europarlamentarul PPE, Siegfried Mure\u0219an sus\u021bine c\u0103 Popularii Europeni opteaz\u0103 pentru ca dreapta din republica Moldova s\u0103 desemneze un candidat comun la alegerile preziden\u021biale.<\/p>\n<p>Declara\u021biile au fost f\u0103cute \u00een cadrul unei conferin\u021be de pres\u0103 prilejuit\u0103 de vizita unei delega\u021bii PPE la Chi\u0219in\u0103u, scrie <a href=\"http:\/\/unimedia.info\/stiri\/video-Siegfried-Murean-PPE-ateapta-un-candidat-unic-al-PLDM-PPEM-PAS-i-Platforma-DA-115331.html?utm_source=rss&#038;utm_medium=rss&#038;utm_campaign=rss\" target=\"_blank\">unimedia.info<\/a>.<\/strong><\/p>\n<p>\u201e<em>PPE a comunicat tuturor actorilor politici cu care ne-am \u00eent\u00e2lnit, PLDM, PPEM, PAS \u0219i Partidul domnului Andrei N\u0103stase c\u0103 a\u0219tept\u0103m s\u0103 se prezinte cu un candidat unic la alegerile preziden\u021biale<\/em>\u201d, a spus Siegfried Mure\u0219an.<\/p>\n<p>Eurodeputatul a mai ad\u0103ugat c\u0103 acest candidat comun trebuie s\u0103 fie depistat p\u00e2n\u0103 la primul tur de scrutin, nu dup\u0103.<\/p>\n<p>\u201e<em>Dac\u0103 doresc s\u0103 aib\u0103 o \u0219ans\u0103 trebuie s\u0103 vin\u0103 cu acest candidat comun \u00eenainte de primul tur deoarece ar putea risca ca partidele pro-europen de centru-dreapta s\u0103 nu ajung\u0103 \u00een turul doi, este un mesaj foarteclar din partea PPE<\/em>\u201d, a mai ad\u0103ugat europarlamentarul.<\/p>\n","protected":false},"excerpt":{"rendered":"<p>Europarlamentarul PPE, Siegfried Mure\u0219an sus\u021bine c\u0103 Popularii Europeni opteaz\u0103 pentru ca dreapta din republica Moldova s\u0103 desemneze un candidat comun la alegerile preziden\u021biale. Declara\u021biile au fost f\u0103cute \u00een cadrul unei conferin\u021be de pres\u0103 prilejuit\u0103 de vizita unei delega\u021bii PPE la Chi\u0219in\u0103u, scrie unimedia.info. \u201ePPE a comunicat tuturor actorilor politici cu care ne-am \u00eent\u00e2lnit, PLDM, PPEM, [&hellip;]<\/p>\n","protected":false},"author":4,"featured_media":13344,"comment_status":"closed","ping_status":"closed","sticky":false,"template":"","format":"standard","meta":{"footnotes":""},"categories":[6368],"tags":[],"class_list":["post-13343","post","type-post","status-publish","format-standard","has-post-thumbnail","hentry","category-politica-ro"],"yoast_head":"<!-- This site is optimized with the Yoast SEO plugin v27.4 - https:\/\/yoast.com\/product\/yoast-seo-wordpress\/ -->\n<title>PPE A\u0218EAPT\u0102 UN CANDIDAT UNIC AL PLDM, PPEM, PAS \u0218I PLATFORMA DA - BTV<\/title>\n<meta name=\"robots\" content=\"index, follow, max-snippet:-1, max-image-preview:large, max-video-preview:-1\" \/>\n<link rel=\"canonical\" href=\"https:\/\/www.btv.md\/ro\/ppe-aseapta-un-candidat-unic-al-pldm-ppem-pas-si-platforma-da\/\" \/>\n<meta property=\"og:locale\" content=\"ro_RO\" \/>\n<meta property=\"og:type\" content=\"article\" \/>\n<meta property=\"og:title\" content=\"PPE A\u0218EAPT\u0102 UN CANDIDAT UNIC AL PLDM, PPEM, PAS \u0218I PLATFORMA DA - BTV\" \/>\n<meta property=\"og:description\" content=\"Europarlamentarul PPE, Siegfried Mure\u0219an sus\u021bine c\u0103 Popularii Europeni opteaz\u0103 pentru ca dreapta din republica Moldova s\u0103 desemneze un candidat comun la alegerile preziden\u021biale. Declara\u021biile au fost f\u0103cute \u00een cadrul unei conferin\u021be de pres\u0103 prilejuit\u0103 de vizita unei delega\u021bii PPE la Chi\u0219in\u0103u, scrie unimedia.info. \u201ePPE a comunicat tuturor actorilor politici cu care ne-am \u00eent\u00e2lnit, PLDM, PPEM, [&hellip;]\" \/>\n<meta property=\"og:url\" content=\"https:\/\/www.btv.md\/ro\/ppe-aseapta-un-candidat-unic-al-pldm-ppem-pas-si-platforma-da\/\" \/>\n<meta property=\"og:site_name\" content=\"BTV\" \/>\n<meta property=\"article:publisher\" content=\"https:\/\/www.facebook.com\/btvmoldova\/\" \/>\n<meta property=\"article:published_time\" content=\"2016-05-24T11:10:59+00:00\" \/>\n<meta property=\"og:image\" content=\"https:\/\/www.btv.md\/wp-content\/uploads\/2016\/05\/parlamentul_european_2_71673200.jpg\" \/>\n\t<meta property=\"og:image:width\" content=\"620\" \/>\n\t<meta property=\"og:image:height\" content=\"348\" \/>\n\t<meta property=\"og:image:type\" content=\"image\/jpeg\" \/>\n<meta name=\"author\" content=\"admin\" \/>\n<meta name=\"twitter:label1\" content=\"Scris de\" \/>\n\t<meta name=\"twitter:data1\" content=\"admin\" \/>\n\t<meta name=\"twitter:label2\" content=\"Timp estimat pentru citire\" \/>\n\t<meta name=\"twitter:data2\" content=\"1 minut\" \/>\n<script type=\"application\/ld+json\" class=\"yoast-schema-graph\">{\"@context\":\"https:\\\/\\\/schema.org\",\"@graph\":[{\"@type\":\"Article\",\"@id\":\"https:\\\/\\\/www.btv.md\\\/ro\\\/ppe-aseapta-un-candidat-unic-al-pldm-ppem-pas-si-platforma-da\\\/#article\",\"isPartOf\":{\"@id\":\"https:\\\/\\\/www.btv.md\\\/ro\\\/ppe-aseapta-un-candidat-unic-al-pldm-ppem-pas-si-platforma-da\\\/\"},\"author\":{\"name\":\"admin\",\"@id\":\"https:\\\/\\\/www.btv.md\\\/#\\\/schema\\\/person\\\/8fadce81561b3ce2c34c46dadc4ccbf2\"},\"headline\":\"PPE A\u0218EAPT\u0102 UN CANDIDAT UNIC AL PLDM, PPEM, PAS \u0218I PLATFORMA DA\",\"datePublished\":\"2016-05-24T11:10:59+00:00\",\"mainEntityOfPage\":{\"@id\":\"https:\\\/\\\/www.btv.md\\\/ro\\\/ppe-aseapta-un-candidat-unic-al-pldm-ppem-pas-si-platforma-da\\\/\"},\"wordCount\":172,\"image\":{\"@id\":\"https:\\\/\\\/www.btv.md\\\/ro\\\/ppe-aseapta-un-candidat-unic-al-pldm-ppem-pas-si-platforma-da\\\/#primaryimage\"},\"thumbnailUrl\":\"https:\\\/\\\/www.btv.md\\\/wp-content\\\/uploads\\\/2016\\\/05\\\/parlamentul_european_2_71673200.jpg\",\"articleSection\":[\"Politic\u0103\"],\"inLanguage\":\"ro-RO\"},{\"@type\":\"WebPage\",\"@id\":\"https:\\\/\\\/www.btv.md\\\/ro\\\/ppe-aseapta-un-candidat-unic-al-pldm-ppem-pas-si-platforma-da\\\/\",\"url\":\"https:\\\/\\\/www.btv.md\\\/ro\\\/ppe-aseapta-un-candidat-unic-al-pldm-ppem-pas-si-platforma-da\\\/\",\"name\":\"PPE A\u0218EAPT\u0102 UN CANDIDAT UNIC AL PLDM, PPEM, PAS \u0218I PLATFORMA DA - BTV\",\"isPartOf\":{\"@id\":\"https:\\\/\\\/www.btv.md\\\/#website\"},\"primaryImageOfPage\":{\"@id\":\"https:\\\/\\\/www.btv.md\\\/ro\\\/ppe-aseapta-un-candidat-unic-al-pldm-ppem-pas-si-platforma-da\\\/#primaryimage\"},\"image\":{\"@id\":\"https:\\\/\\\/www.btv.md\\\/ro\\\/ppe-aseapta-un-candidat-unic-al-pldm-ppem-pas-si-platforma-da\\\/#primaryimage\"},\"thumbnailUrl\":\"https:\\\/\\\/www.btv.md\\\/wp-content\\\/uploads\\\/2016\\\/05\\\/parlamentul_european_2_71673200.jpg\",\"datePublished\":\"2016-05-24T11:10:59+00:00\",\"author\":{\"@id\":\"https:\\\/\\\/www.btv.md\\\/#\\\/schema\\\/person\\\/8fadce81561b3ce2c34c46dadc4ccbf2\"},\"inLanguage\":\"ro-RO\",\"potentialAction\":[{\"@type\":\"ReadAction\",\"target\":[\"https:\\\/\\\/www.btv.md\\\/ro\\\/ppe-aseapta-un-candidat-unic-al-pldm-ppem-pas-si-platforma-da\\\/\"]}]},{\"@type\":\"ImageObject\",\"inLanguage\":\"ro-RO\",\"@id\":\"https:\\\/\\\/www.btv.md\\\/ro\\\/ppe-aseapta-un-candidat-unic-al-pldm-ppem-pas-si-platforma-da\\\/#primaryimage\",\"url\":\"https:\\\/\\\/www.btv.md\\\/wp-content\\\/uploads\\\/2016\\\/05\\\/parlamentul_european_2_71673200.jpg\",\"contentUrl\":\"https:\\\/\\\/www.btv.md\\\/wp-content\\\/uploads\\\/2016\\\/05\\\/parlamentul_european_2_71673200.jpg\",\"width\":620,\"height\":348},{\"@type\":\"WebSite\",\"@id\":\"https:\\\/\\\/www.btv.md\\\/#website\",\"url\":\"https:\\\/\\\/www.btv.md\\\/\",\"name\":\"BTV\",\"description\":\"\u0411\u0435\u043b\u044c\u0446\u043a\u043e\u0435 \u0442\u0435\u043b\u0435\u0432\u0438\u0434\u0435\u043d\u0438\u0435\",\"potentialAction\":[{\"@type\":\"SearchAction\",\"target\":{\"@type\":\"EntryPoint\",\"urlTemplate\":\"https:\\\/\\\/www.btv.md\\\/?s={search_term_string}\"},\"query-input\":{\"@type\":\"PropertyValueSpecification\",\"valueRequired\":true,\"valueName\":\"search_term_string\"}}],\"inLanguage\":\"ro-RO\"},{\"@type\":\"Person\",\"@id\":\"https:\\\/\\\/www.btv.md\\\/#\\\/schema\\\/person\\\/8fadce81561b3ce2c34c46dadc4ccbf2\",\"name\":\"admin\"}]}<\/script>\n<!-- \/ Yoast SEO plugin. -->","yoast_head_json":{"title":"PPE A\u0218EAPT\u0102 UN CANDIDAT UNIC AL PLDM, PPEM, PAS \u0218I PLATFORMA DA - BTV","robots":{"index":"index","follow":"follow","max-snippet":"max-snippet:-1","max-image-preview":"max-image-preview:large","max-video-preview":"max-video-preview:-1"},"canonical":"https:\/\/www.btv.md\/ro\/ppe-aseapta-un-candidat-unic-al-pldm-ppem-pas-si-platforma-da\/","og_locale":"ro_RO","og_type":"article","og_title":"PPE A\u0218EAPT\u0102 UN CANDIDAT UNIC AL PLDM, PPEM, PAS \u0218I PLATFORMA DA - BTV","og_description":"Europarlamentarul PPE, Siegfried Mure\u0219an sus\u021bine c\u0103 Popularii Europeni opteaz\u0103 pentru ca dreapta din republica Moldova s\u0103 desemneze un candidat comun la alegerile preziden\u021biale. Declara\u021biile au fost f\u0103cute \u00een cadrul unei conferin\u021be de pres\u0103 prilejuit\u0103 de vizita unei delega\u021bii PPE la Chi\u0219in\u0103u, scrie unimedia.info. \u201ePPE a comunicat tuturor actorilor politici cu care ne-am \u00eent\u00e2lnit, PLDM, PPEM, [&hellip;]","og_url":"https:\/\/www.btv.md\/ro\/ppe-aseapta-un-candidat-unic-al-pldm-ppem-pas-si-platforma-da\/","og_site_name":"BTV","article_publisher":"https:\/\/www.facebook.com\/btvmoldova\/","article_published_time":"2016-05-24T11:10:59+00:00","og_image":[{"width":620,"height":348,"url":"https:\/\/www.btv.md\/wp-content\/uploads\/2016\/05\/parlamentul_european_2_71673200.jpg","type":"image\/jpeg"}],"author":"admin","twitter_misc":{"Scris de":"admin","Timp estimat pentru citire":"1 minut"},"schema":{"@context":"https:\/\/schema.org","@graph":[{"@type":"Article","@id":"https:\/\/www.btv.md\/ro\/ppe-aseapta-un-candidat-unic-al-pldm-ppem-pas-si-platforma-da\/#article","isPartOf":{"@id":"https:\/\/www.btv.md\/ro\/ppe-aseapta-un-candidat-unic-al-pldm-ppem-pas-si-platforma-da\/"},"author":{"name":"admin","@id":"https:\/\/www.btv.md\/#\/schema\/person\/8fadce81561b3ce2c34c46dadc4ccbf2"},"headline":"PPE A\u0218EAPT\u0102 UN CANDIDAT UNIC AL PLDM, PPEM, PAS \u0218I PLATFORMA DA","datePublished":"2016-05-24T11:10:59+00:00","mainEntityOfPage":{"@id":"https:\/\/www.btv.md\/ro\/ppe-aseapta-un-candidat-unic-al-pldm-ppem-pas-si-platforma-da\/"},"wordCount":172,"image":{"@id":"https:\/\/www.btv.md\/ro\/ppe-aseapta-un-candidat-unic-al-pldm-ppem-pas-si-platforma-da\/#primaryimage"},"thumbnailUrl":"https:\/\/www.btv.md\/wp-content\/uploads\/2016\/05\/parlamentul_european_2_71673200.jpg","articleSection":["Politic\u0103"],"inLanguage":"ro-RO"},{"@type":"WebPage","@id":"https:\/\/www.btv.md\/ro\/ppe-aseapta-un-candidat-unic-al-pldm-ppem-pas-si-platforma-da\/","url":"https:\/\/www.btv.md\/ro\/ppe-aseapta-un-candidat-unic-al-pldm-ppem-pas-si-platforma-da\/","name":"PPE A\u0218EAPT\u0102 UN CANDIDAT UNIC AL PLDM, PPEM, PAS \u0218I PLATFORMA DA - BTV","isPartOf":{"@id":"https:\/\/www.btv.md\/#website"},"primaryImageOfPage":{"@id":"https:\/\/www.btv.md\/ro\/ppe-aseapta-un-candidat-unic-al-pldm-ppem-pas-si-platforma-da\/#primaryimage"},"image":{"@id":"https:\/\/www.btv.md\/ro\/ppe-aseapta-un-candidat-unic-al-pldm-ppem-pas-si-platforma-da\/#primaryimage"},"thumbnailUrl":"https:\/\/www.btv.md\/wp-content\/uploads\/2016\/05\/parlamentul_european_2_71673200.jpg","datePublished":"2016-05-24T11:10:59+00:00","author":{"@id":"https:\/\/www.btv.md\/#\/schema\/person\/8fadce81561b3ce2c34c46dadc4ccbf2"},"inLanguage":"ro-RO","potentialAction":[{"@type":"ReadAction","target":["https:\/\/www.btv.md\/ro\/ppe-aseapta-un-candidat-unic-al-pldm-ppem-pas-si-platforma-da\/"]}]},{"@type":"ImageObject","inLanguage":"ro-RO","@id":"https:\/\/www.btv.md\/ro\/ppe-aseapta-un-candidat-unic-al-pldm-ppem-pas-si-platforma-da\/#primaryimage","url":"https:\/\/www.btv.md\/wp-content\/uploads\/2016\/05\/parlamentul_european_2_71673200.jpg","contentUrl":"https:\/\/www.btv.md\/wp-content\/uploads\/2016\/05\/parlamentul_european_2_71673200.jpg","width":620,"height":348},{"@type":"WebSite","@id":"https:\/\/www.btv.md\/#website","url":"https:\/\/www.btv.md\/","name":"BTV","description":"\u0411\u0435\u043b\u044c\u0446\u043a\u043e\u0435 \u0442\u0435\u043b\u0435\u0432\u0438\u0434\u0435\u043d\u0438\u0435","potentialAction":[{"@type":"SearchAction","target":{"@type":"EntryPoint","urlTemplate":"https:\/\/www.btv.md\/?s={search_term_string}"},"query-input":{"@type":"PropertyValueSpecification","valueRequired":true,"valueName":"search_term_string"}}],"inLanguage":"ro-RO"},{"@type":"Person","@id":"https:\/\/www.btv.md\/#\/schema\/person\/8fadce81561b3ce2c34c46dadc4ccbf2","name":"admin"}]}},"_links":{"self":[{"href":"https:\/\/www.btv.md\/ro\/wp-json\/wp\/v2\/posts\/13343","targetHints":{"allow":["GET"]}}],"collection":[{"href":"https:\/\/www.btv.md\/ro\/wp-json\/wp\/v2\/posts"}],"about":[{"href":"https:\/\/www.btv.md\/ro\/wp-json\/wp\/v2\/types\/post"}],"author":[{"embeddable":true,"href":"https:\/\/www.btv.md\/ro\/wp-json\/wp\/v2\/users\/4"}],"replies":[{"embeddable":true,"href":"https:\/\/www.btv.md\/ro\/wp-json\/wp\/v2\/comments?post=13343"}],"version-history":[{"count":0,"href":"https:\/\/www.btv.md\/ro\/wp-json\/wp\/v2\/posts\/13343\/revisions"}],"wp:featuredmedia":[{"embeddable":true,"href":"https:\/\/www.btv.md\/ro\/wp-json\/wp\/v2\/media\/13344"}],"wp:attachment":[{"href":"https:\/\/www.btv.md\/ro\/wp-json\/wp\/v2\/media?parent=13343"}],"wp:term":[{"taxonomy":"category","embeddable":true,"href":"https:\/\/www.btv.md\/ro\/wp-json\/wp\/v2\/categories?post=13343"},{"taxonomy":"post_tag","embeddable":true,"href":"https:\/\/www.btv.md\/ro\/wp-json\/wp\/v2\/tags?post=13343"}],"curies":[{"name":"wp","href":"https:\/\/api.w.org\/{rel}","templated":true}]}}