{"id":133439,"date":"2021-06-23T15:11:12","date_gmt":"2021-06-23T12:11:12","guid":{"rendered":"https:\/\/www.btv.md\/?p=133439"},"modified":"2021-06-23T15:11:12","modified_gmt":"2021-06-23T12:11:12","slug":"video-presedintele-socialist-al-raionului-rezina-foloseste-masina-de-serviciu-in-scopuri-personale","status":"publish","type":"post","link":"https:\/\/www.btv.md\/ro\/video-presedintele-socialist-al-raionului-rezina-foloseste-masina-de-serviciu-in-scopuri-personale\/","title":{"rendered":"VIDEO | Pre\u0219edintele socialist al raionului Rezina folose\u0219te ma\u0219ina de serviciu \u00een scopuri personale"},"content":{"rendered":"<p><strong>Pre\u0219edintele consiliului raionul Rezina, Valeriu Ciorici a fost suprins cu ma\u0219ina de serviciu parcat\u0103 \u00een curtea casei sale din satul \u021aareuca.\u00a0\u00cen loc s\u0103 explice de ce folose\u0219te ma\u0219ina de serviciu \u00een scopuri personale, socialistul Ciorici a f\u0103cut-o pe neznaiul, scrie <a href=\"https:\/\/nordnews.md\/video-presedintele-socialist-al-raionului-rezina-foloseste-masina-de-serviciu-in-scopuri-personale\/?fbclid=IwAR1jldCPYh5w2sf9t7-Fsia1qPBM5eKlonyNEgyvtJH4o54ohz_84F55FrA\">nordnews.md<\/a>.<\/strong><\/p>\n<div class=\"fluid-width-video-wrapper\"><iframe title=\"YouTube video player\" data-src=\"https:\/\/www.youtube.com\/embed\/Mnr0DBGH0VA\" name=\"fitvid0\" frameborder=\"0\" allowfullscreen=\"allowfullscreen\" data-mce-fragment=\"1\" src=\"data:image\/svg+xml;base64,PHN2ZyB3aWR0aD0iMSIgaGVpZ2h0PSIxIiB4bWxucz0iaHR0cDovL3d3dy53My5vcmcvMjAwMC9zdmciPjwvc3ZnPg==\" class=\"lazyload\" data-load-mode=\"1\"><\/iframe><\/div>\n<p>Reporter<em>\u00a0\u2013 Bun\u0103 seara. Domnule Ciocirici, dumneavoastr\u0103 sunte\u021bi?<\/em><\/p>\n<p>Valeriu Ciorici<em>\u00a0\u2013 Nu, dar ce?<\/em><\/p>\n<p>Reporter<em>\u00a0\u2013 A\u0219 vrea s\u0103 discut cu Domnia sa, dac\u0103 este posibil.<\/em><\/p>\n<p>Valeriu Ciorici<em>\u00a0\u2013 Nu-i posibil.<\/em><\/p>\n<p>Reporter<em>\u00a0\u2013 De ce?<\/em><\/p>\n<p>Valeriu Ciorici<em>\u00a0\u2013 De at\u00e2ta.<\/em><\/p>\n<p>Reporter<em>\u00a0\u2013 Nu-i acas\u0103 sau care ar fi motivul?<\/em><\/p>\n<p>Valeriu Ciorici<em>\u00a0\u2013 Dvs. cine sunte\u021bi?<\/em><\/p>\n<p>Reporter\u00a0<em>\u2013 Sunt Nicolai Co\u0219eru, reporter la portalul de \u0219tiri NordNews.md \u0219i am vrea s\u0103 discut\u0103m cu domnul Ciorici dac\u0103 este posibil.<\/em><\/p>\n<p>Valeriu Ciorici<em>\u00a0\u2013 Nu-i posibil. El e ocupat.<\/em><\/p>\n<p>Reporter\u00a0<em>\u2013 Dumnealui e ocupat.<\/em><\/p>\n<p>Valeriu Ciorici<em>\u00a0\u2013 Da.<\/em><\/p>\n<p>Reporter<em>\u00a0\u2013 Ruga\u021bi-l, v\u0103 rog frumos c\u0103 presa dore\u0219te s\u0103 discute cu dumnealui. Vrem s\u0103-l \u00eentreb\u0103m de ce se folose\u0219te de ma\u0219ina de serviciu \u00een scopuri personale?<\/em><\/p>\n<p>Valeriu Ciorici<em>\u00a0\u2013\u00a0 Fiind\u0103 c\u0103 nu-i reperat garajul de la Rezina, de at\u00e2ta.<\/em><\/p>\n<p>Reporter<em>\u00a0\u2013 Acesta ar fi motivul?<\/em><\/p>\n<p>Valeriu Ciorici<em>\u00a0\u2013 Cred c\u0103, nu \u0219tiu.<\/em><\/p>\n<p>Reporter<em>\u00a0\u2013 De ce nu las\u0103 autoturismul acolo, la Rezina?<\/em><\/p>\n<p>Valeriu Ciorici\u00a0<em>\u2013 S\u0103 o lase \u00een mijlocul drumului?<\/em><\/p>\n<p>Reporter<em>\u00a0\u2013 Considera\u021bi c\u0103 e normal c\u0103 v\u0103 deplasa\u021bi de la serviciu p\u00e2n\u0103 la domiciliu..<\/em><\/p>\n<p>Valeriu Ciorici<em>\u00a0\u2013 El nu se deplaseaz\u0103.<\/em><\/p>\n<p>Reporter\u00a0<em>\u2013 Vedem ma\u0219ina parcat\u0103 \u00een fa\u021ba casei, \u00een ograd\u0103.<\/em><\/p>\n<p>Valeriu Ciorici\u00a0<em>\u2013 Elibera\u021bi v\u0103 rog poarta.<\/em><\/p>\n<p>Reporter<em>\u00a0\u2013 \u00cel chema\u021bi pe domnul Ciorici s\u0103 ne ofere un comentariu, s\u0103 afl\u0103m de ce se folose\u0219te de ma\u0219ina de serviciu \u00een scopuri personale, o ma\u0219ina pl\u0103tit\u0103 din banii contribuabililor, din banii poporului?<\/em><\/p>\n<p>Am \u00eencercat\u00a0s\u0103\u00a0ob\u021binem, \u00een\u00a0repetate r\u00e2nduri, o reac\u021bie de la alesul local, dar f\u0103r\u0103 succes. Valeriu Ciorici a refuzat s\u0103 vorbeasc\u0103 cu presa.<\/p>\n<div class=\"fluid-width-video-wrapper\"><iframe title=\"YouTube video player\" data-src=\"https:\/\/www.youtube.com\/embed\/NOxsEbd-kr4\" name=\"fitvid1\" frameborder=\"0\" allowfullscreen=\"allowfullscreen\" data-mce-fragment=\"1\" src=\"data:image\/svg+xml;base64,PHN2ZyB3aWR0aD0iMSIgaGVpZ2h0PSIxIiB4bWxucz0iaHR0cDovL3d3dy53My5vcmcvMjAwMC9zdmciPjwvc3ZnPg==\" class=\"lazyload\" data-load-mode=\"1\"><\/iframe><\/div>\n<div class=\"google-auto-placed ap_container\"><\/div>\n<p><em>\u201eDomnule Ciorici, v\u0103 rug\u0103m frumos s\u0103 ie\u0219iti s\u0103 ne oferi\u021bi un comentariu. Domnule Valeriu v-a\u021bi f\u0103cut c\u0103 nu sunte\u021bi dumneavoastr\u0103 \u0219i a\u021bi fugit \u00een cas\u0103\u201d<\/em><strong>Cine este <\/strong><\/p>\n<p><strong>Valeriu Ciorici?<\/strong><\/p>\n<p>Valeriu Ciorici a fost ales \u00een func\u021bia de pre\u0219edinte al Consiliului raional Rezina pe 25 noiembrie 2019. Pentru candidatura lui Ciorici, care era \u00een acela\u0219i timp, liderul frac\u021biunii PSRM \u00een teritoriu, au votat 16 din 27 de consilieri ai raionului Rezina din frac\u021biunea PSRM, PDM \u0219i \u0218OR<strong>.<\/strong><\/p>\n<p><em>Economist-contabil de profesie, socialistul Ciorici a mai de\u021binut func\u021bia de pre\u0219edinte al raionului Rezina \u00een perioada 2003-2011, fiind pe atunci reprezentant al Partidului Comuni\u0219tilor. Din 2011 p\u00e2n\u0103 \u00een 2013, el a ocupat fotoliul de vicepre\u0219edinte.<\/em><\/p>\n<p>\u00cen declara\u021bia de avere \u0219i interese personal\u00a0pentru 2020, depus\u0103 la ANI pe data de 31 martie curent, alesul local a indicat un venit de 170 de mii de lei din salariul de pre\u0219edinte de raion. El a ridicat lunar o pensie de 6 mii de lei \u0219i a beneficiat de o indemniza\u021bie de 1875 de lei de la Consiliul Raional, dar \u0219i 600 de lei de la Consiliul Or\u0103\u0219enesc Rezina. Familia Ciorici a mai ob\u021binut \u0219i un venit de 11 mii de lei sub form\u0103\u00a0de dob\u00e2nd\u0103 de la mai multe b\u0103nci unde, cumulativ, de\u021bin un depozit de 302 mii de lei \u0219i 11 170 de dolari.<\/p>\n<p>Potrivit aceluia\u0219i document, familia Ciorici locuie\u0219te \u00eentr-o cas\u0103 de 95 m.p., care are un garaj de 28 m.p. a c\u0103ror valoare indicat\u0103 este de 0 (!) lei. Acesta mai de\u021bine \u0219i c\u00e2teva construc\u021bii accesorii cu suprafa\u021ba total\u0103 de 343 m.p.<\/p>\n<p>Alesul poporului este proprietar a dou\u0103 terenuri agricole, dou\u0103 terenuri intravilane, dar \u0219i a unui extravilan cu suprafa\u021ba total\u0103 de 7,2 ha. Acesta nu indic\u0103 c\u0103 ar avea \u00een proprietatea sa un automobil.<\/p>\n<p><iframe id=\"doc_62366\" class=\"scribd_iframe_embed lazyload\" title=\"DECLARA\u021aIE DE AVERE \u0218I INTERESE PERSONALE\" data-src=\"https:\/\/ru.scribd.com\/embeds\/512803882\/content?start_page=1&amp;view_mode=scroll&amp;access_key=key-b7uIclxrB0gSnj3wv6aL\" width=\"100%\" height=\"600\" frameborder=\"0\" scrolling=\"no\" data-auto-height=\"false\" data-aspect-ratio=\"0.7066666666666667\" data-mce-fragment=\"1\" src=\"data:image\/svg+xml;base64,PHN2ZyB3aWR0aD0iMSIgaGVpZ2h0PSIxIiB4bWxucz0iaHR0cDovL3d3dy53My5vcmcvMjAwMC9zdmciPjwvc3ZnPg==\" data-load-mode=\"1\"><\/iframe><\/p>\n<p>DECLARA\u021aIE DE AVERE \u0218I INTERESE PERSONALE\u00a0by\u00a0Gabriela Chiriac\u00a0on Scribd<\/p>\n<p>Foto: nordnews.md.<\/p>\n<p>&nbsp;<\/p>\n","protected":false},"excerpt":{"rendered":"<p>Pre\u0219edintele consiliului raionul Rezina, Valeriu Ciorici a fost suprins cu ma\u0219ina de serviciu parcat\u0103 \u00een curtea casei sale din satul \u021aareuca.\u00a0\u00cen loc s\u0103 explice de ce folose\u0219te ma\u0219ina de serviciu \u00een scopuri personale, socialistul Ciorici a f\u0103cut-o pe neznaiul, scrie nordnews.md. Reporter\u00a0\u2013 Bun\u0103 seara. Domnule Ciocirici, dumneavoastr\u0103 sunte\u021bi? Valeriu Ciorici\u00a0\u2013 Nu, dar ce? Reporter\u00a0\u2013 A\u0219 [&hellip;]<\/p>\n","protected":false},"author":4,"featured_media":133440,"comment_status":"closed","ping_status":"closed","sticky":false,"template":"","format":"standard","meta":{"footnotes":""},"categories":[6368],"tags":[26844],"class_list":["post-133439","post","type-post","status-publish","format-standard","has-post-thumbnail","hentry","category-politica-ro","tag-video-presedintele-socialist-al-raionului-rezina-foloseste-masina-de-serviciu-in-scopuri-personale"],"yoast_head":"<!-- This site is optimized with the Yoast SEO plugin v27.4 - https:\/\/yoast.com\/product\/yoast-seo-wordpress\/ -->\n<title>VIDEO | Pre\u0219edintele socialist al raionului Rezina folose\u0219te ma\u0219ina de serviciu \u00een scopuri personale - BTV<\/title>\n<meta name=\"robots\" content=\"index, follow, max-snippet:-1, max-image-preview:large, max-video-preview:-1\" \/>\n<link rel=\"canonical\" href=\"https:\/\/www.btv.md\/ro\/video-presedintele-socialist-al-raionului-rezina-foloseste-masina-de-serviciu-in-scopuri-personale\/\" \/>\n<meta property=\"og:locale\" content=\"ro_RO\" \/>\n<meta property=\"og:type\" content=\"article\" \/>\n<meta property=\"og:title\" content=\"VIDEO | Pre\u0219edintele socialist al raionului Rezina folose\u0219te ma\u0219ina de serviciu \u00een scopuri personale - BTV\" \/>\n<meta property=\"og:description\" content=\"Pre\u0219edintele consiliului raionul Rezina, Valeriu Ciorici a fost suprins cu ma\u0219ina de serviciu parcat\u0103 \u00een curtea casei sale din satul \u021aareuca.\u00a0\u00cen loc s\u0103 explice de ce folose\u0219te ma\u0219ina de serviciu \u00een scopuri personale, socialistul Ciorici a f\u0103cut-o pe neznaiul, scrie nordnews.md. Reporter\u00a0\u2013 Bun\u0103 seara. Domnule Ciocirici, dumneavoastr\u0103 sunte\u021bi? Valeriu Ciorici\u00a0\u2013 Nu, dar ce? Reporter\u00a0\u2013 A\u0219 [&hellip;]\" \/>\n<meta property=\"og:url\" content=\"https:\/\/www.btv.md\/ro\/video-presedintele-socialist-al-raionului-rezina-foloseste-masina-de-serviciu-in-scopuri-personale\/\" \/>\n<meta property=\"og:site_name\" content=\"BTV\" \/>\n<meta property=\"article:publisher\" content=\"https:\/\/www.facebook.com\/btvmoldova\/\" \/>\n<meta property=\"article:published_time\" content=\"2021-06-23T12:11:12+00:00\" \/>\n<meta property=\"og:image\" content=\"https:\/\/www.btv.md\/wp-content\/uploads\/2021\/06\/00378.mts_snapshot_00.00.634.jpg\" \/>\n\t<meta property=\"og:image:width\" content=\"640\" \/>\n\t<meta property=\"og:image:height\" content=\"360\" \/>\n\t<meta property=\"og:image:type\" content=\"image\/jpeg\" \/>\n<meta name=\"author\" content=\"admin\" \/>\n<meta name=\"twitter:label1\" content=\"Scris de\" \/>\n\t<meta name=\"twitter:data1\" content=\"admin\" \/>\n\t<meta name=\"twitter:label2\" content=\"Timp estimat pentru citire\" \/>\n\t<meta name=\"twitter:data2\" content=\"3 minute\" \/>\n<script type=\"application\/ld+json\" class=\"yoast-schema-graph\">{\"@context\":\"https:\\\/\\\/schema.org\",\"@graph\":[{\"@type\":\"Article\",\"@id\":\"https:\\\/\\\/www.btv.md\\\/ro\\\/video-presedintele-socialist-al-raionului-rezina-foloseste-masina-de-serviciu-in-scopuri-personale\\\/#article\",\"isPartOf\":{\"@id\":\"https:\\\/\\\/www.btv.md\\\/ro\\\/video-presedintele-socialist-al-raionului-rezina-foloseste-masina-de-serviciu-in-scopuri-personale\\\/\"},\"author\":{\"name\":\"admin\",\"@id\":\"https:\\\/\\\/www.btv.md\\\/#\\\/schema\\\/person\\\/8fadce81561b3ce2c34c46dadc4ccbf2\"},\"headline\":\"VIDEO | Pre\u0219edintele socialist al raionului Rezina folose\u0219te ma\u0219ina de serviciu \u00een scopuri personale\",\"datePublished\":\"2021-06-23T12:11:12+00:00\",\"mainEntityOfPage\":{\"@id\":\"https:\\\/\\\/www.btv.md\\\/ro\\\/video-presedintele-socialist-al-raionului-rezina-foloseste-masina-de-serviciu-in-scopuri-personale\\\/\"},\"wordCount\":656,\"image\":{\"@id\":\"https:\\\/\\\/www.btv.md\\\/ro\\\/video-presedintele-socialist-al-raionului-rezina-foloseste-masina-de-serviciu-in-scopuri-personale\\\/#primaryimage\"},\"thumbnailUrl\":\"https:\\\/\\\/www.btv.md\\\/wp-content\\\/uploads\\\/2021\\\/06\\\/00378.mts_snapshot_00.00.634.jpg\",\"keywords\":[\"VIDEO | Pre\u0219edintele socialist al raionului Rezina folose\u0219te ma\u0219ina de serviciu \u00een scopuri personale\"],\"articleSection\":[\"Politic\u0103\"],\"inLanguage\":\"ro-RO\"},{\"@type\":\"WebPage\",\"@id\":\"https:\\\/\\\/www.btv.md\\\/ro\\\/video-presedintele-socialist-al-raionului-rezina-foloseste-masina-de-serviciu-in-scopuri-personale\\\/\",\"url\":\"https:\\\/\\\/www.btv.md\\\/ro\\\/video-presedintele-socialist-al-raionului-rezina-foloseste-masina-de-serviciu-in-scopuri-personale\\\/\",\"name\":\"VIDEO | Pre\u0219edintele socialist al raionului Rezina folose\u0219te ma\u0219ina de serviciu \u00een scopuri personale - BTV\",\"isPartOf\":{\"@id\":\"https:\\\/\\\/www.btv.md\\\/#website\"},\"primaryImageOfPage\":{\"@id\":\"https:\\\/\\\/www.btv.md\\\/ro\\\/video-presedintele-socialist-al-raionului-rezina-foloseste-masina-de-serviciu-in-scopuri-personale\\\/#primaryimage\"},\"image\":{\"@id\":\"https:\\\/\\\/www.btv.md\\\/ro\\\/video-presedintele-socialist-al-raionului-rezina-foloseste-masina-de-serviciu-in-scopuri-personale\\\/#primaryimage\"},\"thumbnailUrl\":\"https:\\\/\\\/www.btv.md\\\/wp-content\\\/uploads\\\/2021\\\/06\\\/00378.mts_snapshot_00.00.634.jpg\",\"datePublished\":\"2021-06-23T12:11:12+00:00\",\"author\":{\"@id\":\"https:\\\/\\\/www.btv.md\\\/#\\\/schema\\\/person\\\/8fadce81561b3ce2c34c46dadc4ccbf2\"},\"inLanguage\":\"ro-RO\",\"potentialAction\":[{\"@type\":\"ReadAction\",\"target\":[\"https:\\\/\\\/www.btv.md\\\/ro\\\/video-presedintele-socialist-al-raionului-rezina-foloseste-masina-de-serviciu-in-scopuri-personale\\\/\"]}]},{\"@type\":\"ImageObject\",\"inLanguage\":\"ro-RO\",\"@id\":\"https:\\\/\\\/www.btv.md\\\/ro\\\/video-presedintele-socialist-al-raionului-rezina-foloseste-masina-de-serviciu-in-scopuri-personale\\\/#primaryimage\",\"url\":\"https:\\\/\\\/www.btv.md\\\/wp-content\\\/uploads\\\/2021\\\/06\\\/00378.mts_snapshot_00.00.634.jpg\",\"contentUrl\":\"https:\\\/\\\/www.btv.md\\\/wp-content\\\/uploads\\\/2021\\\/06\\\/00378.mts_snapshot_00.00.634.jpg\",\"width\":640,\"height\":360},{\"@type\":\"WebSite\",\"@id\":\"https:\\\/\\\/www.btv.md\\\/#website\",\"url\":\"https:\\\/\\\/www.btv.md\\\/\",\"name\":\"BTV\",\"description\":\"\u0411\u0435\u043b\u044c\u0446\u043a\u043e\u0435 \u0442\u0435\u043b\u0435\u0432\u0438\u0434\u0435\u043d\u0438\u0435\",\"potentialAction\":[{\"@type\":\"SearchAction\",\"target\":{\"@type\":\"EntryPoint\",\"urlTemplate\":\"https:\\\/\\\/www.btv.md\\\/?s={search_term_string}\"},\"query-input\":{\"@type\":\"PropertyValueSpecification\",\"valueRequired\":true,\"valueName\":\"search_term_string\"}}],\"inLanguage\":\"ro-RO\"},{\"@type\":\"Person\",\"@id\":\"https:\\\/\\\/www.btv.md\\\/#\\\/schema\\\/person\\\/8fadce81561b3ce2c34c46dadc4ccbf2\",\"name\":\"admin\"}]}<\/script>\n<!-- \/ Yoast SEO plugin. -->","yoast_head_json":{"title":"VIDEO | Pre\u0219edintele socialist al raionului Rezina folose\u0219te ma\u0219ina de serviciu \u00een scopuri personale - BTV","robots":{"index":"index","follow":"follow","max-snippet":"max-snippet:-1","max-image-preview":"max-image-preview:large","max-video-preview":"max-video-preview:-1"},"canonical":"https:\/\/www.btv.md\/ro\/video-presedintele-socialist-al-raionului-rezina-foloseste-masina-de-serviciu-in-scopuri-personale\/","og_locale":"ro_RO","og_type":"article","og_title":"VIDEO | Pre\u0219edintele socialist al raionului Rezina folose\u0219te ma\u0219ina de serviciu \u00een scopuri personale - BTV","og_description":"Pre\u0219edintele consiliului raionul Rezina, Valeriu Ciorici a fost suprins cu ma\u0219ina de serviciu parcat\u0103 \u00een curtea casei sale din satul \u021aareuca.\u00a0\u00cen loc s\u0103 explice de ce folose\u0219te ma\u0219ina de serviciu \u00een scopuri personale, socialistul Ciorici a f\u0103cut-o pe neznaiul, scrie nordnews.md. Reporter\u00a0\u2013 Bun\u0103 seara. Domnule Ciocirici, dumneavoastr\u0103 sunte\u021bi? Valeriu Ciorici\u00a0\u2013 Nu, dar ce? Reporter\u00a0\u2013 A\u0219 [&hellip;]","og_url":"https:\/\/www.btv.md\/ro\/video-presedintele-socialist-al-raionului-rezina-foloseste-masina-de-serviciu-in-scopuri-personale\/","og_site_name":"BTV","article_publisher":"https:\/\/www.facebook.com\/btvmoldova\/","article_published_time":"2021-06-23T12:11:12+00:00","og_image":[{"width":640,"height":360,"url":"https:\/\/www.btv.md\/wp-content\/uploads\/2021\/06\/00378.mts_snapshot_00.00.634.jpg","type":"image\/jpeg"}],"author":"admin","twitter_misc":{"Scris de":"admin","Timp estimat pentru citire":"3 minute"},"schema":{"@context":"https:\/\/schema.org","@graph":[{"@type":"Article","@id":"https:\/\/www.btv.md\/ro\/video-presedintele-socialist-al-raionului-rezina-foloseste-masina-de-serviciu-in-scopuri-personale\/#article","isPartOf":{"@id":"https:\/\/www.btv.md\/ro\/video-presedintele-socialist-al-raionului-rezina-foloseste-masina-de-serviciu-in-scopuri-personale\/"},"author":{"name":"admin","@id":"https:\/\/www.btv.md\/#\/schema\/person\/8fadce81561b3ce2c34c46dadc4ccbf2"},"headline":"VIDEO | Pre\u0219edintele socialist al raionului Rezina folose\u0219te ma\u0219ina de serviciu \u00een scopuri personale","datePublished":"2021-06-23T12:11:12+00:00","mainEntityOfPage":{"@id":"https:\/\/www.btv.md\/ro\/video-presedintele-socialist-al-raionului-rezina-foloseste-masina-de-serviciu-in-scopuri-personale\/"},"wordCount":656,"image":{"@id":"https:\/\/www.btv.md\/ro\/video-presedintele-socialist-al-raionului-rezina-foloseste-masina-de-serviciu-in-scopuri-personale\/#primaryimage"},"thumbnailUrl":"https:\/\/www.btv.md\/wp-content\/uploads\/2021\/06\/00378.mts_snapshot_00.00.634.jpg","keywords":["VIDEO | Pre\u0219edintele socialist al raionului Rezina folose\u0219te ma\u0219ina de serviciu \u00een scopuri personale"],"articleSection":["Politic\u0103"],"inLanguage":"ro-RO"},{"@type":"WebPage","@id":"https:\/\/www.btv.md\/ro\/video-presedintele-socialist-al-raionului-rezina-foloseste-masina-de-serviciu-in-scopuri-personale\/","url":"https:\/\/www.btv.md\/ro\/video-presedintele-socialist-al-raionului-rezina-foloseste-masina-de-serviciu-in-scopuri-personale\/","name":"VIDEO | Pre\u0219edintele socialist al raionului Rezina folose\u0219te ma\u0219ina de serviciu \u00een scopuri personale - BTV","isPartOf":{"@id":"https:\/\/www.btv.md\/#website"},"primaryImageOfPage":{"@id":"https:\/\/www.btv.md\/ro\/video-presedintele-socialist-al-raionului-rezina-foloseste-masina-de-serviciu-in-scopuri-personale\/#primaryimage"},"image":{"@id":"https:\/\/www.btv.md\/ro\/video-presedintele-socialist-al-raionului-rezina-foloseste-masina-de-serviciu-in-scopuri-personale\/#primaryimage"},"thumbnailUrl":"https:\/\/www.btv.md\/wp-content\/uploads\/2021\/06\/00378.mts_snapshot_00.00.634.jpg","datePublished":"2021-06-23T12:11:12+00:00","author":{"@id":"https:\/\/www.btv.md\/#\/schema\/person\/8fadce81561b3ce2c34c46dadc4ccbf2"},"inLanguage":"ro-RO","potentialAction":[{"@type":"ReadAction","target":["https:\/\/www.btv.md\/ro\/video-presedintele-socialist-al-raionului-rezina-foloseste-masina-de-serviciu-in-scopuri-personale\/"]}]},{"@type":"ImageObject","inLanguage":"ro-RO","@id":"https:\/\/www.btv.md\/ro\/video-presedintele-socialist-al-raionului-rezina-foloseste-masina-de-serviciu-in-scopuri-personale\/#primaryimage","url":"https:\/\/www.btv.md\/wp-content\/uploads\/2021\/06\/00378.mts_snapshot_00.00.634.jpg","contentUrl":"https:\/\/www.btv.md\/wp-content\/uploads\/2021\/06\/00378.mts_snapshot_00.00.634.jpg","width":640,"height":360},{"@type":"WebSite","@id":"https:\/\/www.btv.md\/#website","url":"https:\/\/www.btv.md\/","name":"BTV","description":"\u0411\u0435\u043b\u044c\u0446\u043a\u043e\u0435 \u0442\u0435\u043b\u0435\u0432\u0438\u0434\u0435\u043d\u0438\u0435","potentialAction":[{"@type":"SearchAction","target":{"@type":"EntryPoint","urlTemplate":"https:\/\/www.btv.md\/?s={search_term_string}"},"query-input":{"@type":"PropertyValueSpecification","valueRequired":true,"valueName":"search_term_string"}}],"inLanguage":"ro-RO"},{"@type":"Person","@id":"https:\/\/www.btv.md\/#\/schema\/person\/8fadce81561b3ce2c34c46dadc4ccbf2","name":"admin"}]}},"_links":{"self":[{"href":"https:\/\/www.btv.md\/ro\/wp-json\/wp\/v2\/posts\/133439","targetHints":{"allow":["GET"]}}],"collection":[{"href":"https:\/\/www.btv.md\/ro\/wp-json\/wp\/v2\/posts"}],"about":[{"href":"https:\/\/www.btv.md\/ro\/wp-json\/wp\/v2\/types\/post"}],"author":[{"embeddable":true,"href":"https:\/\/www.btv.md\/ro\/wp-json\/wp\/v2\/users\/4"}],"replies":[{"embeddable":true,"href":"https:\/\/www.btv.md\/ro\/wp-json\/wp\/v2\/comments?post=133439"}],"version-history":[{"count":0,"href":"https:\/\/www.btv.md\/ro\/wp-json\/wp\/v2\/posts\/133439\/revisions"}],"wp:featuredmedia":[{"embeddable":true,"href":"https:\/\/www.btv.md\/ro\/wp-json\/wp\/v2\/media\/133440"}],"wp:attachment":[{"href":"https:\/\/www.btv.md\/ro\/wp-json\/wp\/v2\/media?parent=133439"}],"wp:term":[{"taxonomy":"category","embeddable":true,"href":"https:\/\/www.btv.md\/ro\/wp-json\/wp\/v2\/categories?post=133439"},{"taxonomy":"post_tag","embeddable":true,"href":"https:\/\/www.btv.md\/ro\/wp-json\/wp\/v2\/tags?post=133439"}],"curies":[{"name":"wp","href":"https:\/\/api.w.org\/{rel}","templated":true}]}}