{"id":13346,"date":"2016-05-24T14:15:03","date_gmt":"2016-05-24T11:15:03","guid":{"rendered":"http:\/\/btv.md\/?p=13346"},"modified":"2016-05-24T14:15:03","modified_gmt":"2016-05-24T11:15:03","slug":"politisti-moldoveni-implicati-in-contrabanda-cu-tigari","status":"publish","type":"post","link":"https:\/\/www.btv.md\/ro\/politisti-moldoveni-implicati-in-contrabanda-cu-tigari\/","title":{"rendered":"POLI\u021aI\u0218TI MOLDOVENI IMPLICA\u021aI \u00ceN CONTRABAND\u0102 CU \u021aIG\u0102RI"},"content":{"rendered":"<p><strong>Trei persoane au fost trimise \u00een judecat\u0103 \u0219i altele sunt cercetate \u00een Republica Moldova \u00eentr-un dosar privind introducerea \u00een Rom\u00e2nia a unor cantit\u0103\u021bi de \u021big\u0103ri de contraband\u0103.<\/p>\n<p>Un poli\u021bist de frontier\u0103 din Ia\u0219i a dus la destructurarea unei re\u021bele de trafic de \u021big\u0103ri ce avea ramifica\u021bii at\u00e2t \u00een Rom\u00e2nia, c\u00e2t \u0219i \u00een Republica Moldova, scrie <a href=\"http:\/\/sputnik.md\/moldova_romania_society\/20160524\/6816072.html#ixzz49Z2AaVZA\" target=\"_blank\">sputnik.md<\/a>.<\/strong><\/p>\n<p>Trei persoane Ion P\u0103tra\u015fcu, Gabriel Adrian \u015eelaru \u015fi Tudor Juravni\u0163a, acuzate de dare de mit\u0103 sau contraband\u0103, au fost trimise \u00een judecat\u0103 de c\u0103tre procurorii Parchetului de pe l\u00e2ng\u0103 Tribunalul Ia\u015fi.<\/p>\n<p>Potrivit procurorilor, ancheta pe cazul vizat a \u00eenceput \u00een baza denun\u021bului f\u0103cut \u00een ianuarie 2015 de c\u0103tre un agent de poli\u021bie de la Sectorul Poli\u021biei de Frontier\u0103 din Ia\u0219i. El a reclamat c\u0103 a fost contactat de trei cet\u0103\u021beni moldoveni care i-au promis fiecare c\u00e2te 70 de euro pentru un colet de \u021big\u0103ri introduse \u00een Rom\u00e2nia, \u00een scopul de a le facilita trecerea pe la frontier\u0103.<\/p>\n<p>Totodat\u0103, el a mai precizat c\u0103 \u00een opera\u021biune ar mai fi implicat \u0219i un ofi\u021ber din cadrul Poli\u021biei de Frontier\u0103 a Republicii Moldova.<\/p>\n<p>\u201e<em>Ace\u0219tia i-au dat asigur\u0103ri denun\u021b\u0103torului c\u0103, pentru a derula opera\u021biunile de contraband\u0103 \u00een sectorul respectiv pe teritoriul Republicii Moldova, au concursul unui ofi\u021ber cu func\u021bie de comand\u0103 din cadrul unei structuri de poli\u021bie de frontier\u0103 a statului moldovean<\/em>&#8222;, au men\u021bionat autorit\u0103\u021bile.<\/p>\n<p>\u00cen urma unei opera\u021biuni desf\u0103\u0219urate \u00een noaptea de 3 spre 4 mai, au fost prinse \u00een flagrant \u0219ase persoane dup\u0103 ce au introdus pe teritoriul Rom\u00e2niei 10725 de pachete de \u021big\u0103ri \u0219i au oferit mit\u0103 1400 de euro poli\u021bistului care a denun\u021bat re\u021beaua.<\/p>\n<p>Ca urmare a acestui caz, pe teritoriul Rom\u00e2niei au fost re\u021binute 2 persoane, iar 11 pe teritoriul Republicii Moldova, dintre care doi poli\u021bi\u0219ti de frontier\u0103 a Republicii Moldova.<\/p>\n","protected":false},"excerpt":{"rendered":"<p>Trei persoane au fost trimise \u00een judecat\u0103 \u0219i altele sunt cercetate \u00een Republica Moldova \u00eentr-un dosar privind introducerea \u00een Rom\u00e2nia a unor cantit\u0103\u021bi de \u021big\u0103ri de contraband\u0103. Un poli\u021bist de frontier\u0103 din Ia\u0219i a dus la destructurarea unei re\u021bele de trafic de \u021big\u0103ri ce avea ramifica\u021bii at\u00e2t \u00een Rom\u00e2nia, c\u00e2t \u0219i \u00een Republica Moldova, scrie [&hellip;]<\/p>\n","protected":false},"author":4,"featured_media":13347,"comment_status":"closed","ping_status":"closed","sticky":false,"template":"","format":"standard","meta":{"footnotes":""},"categories":[6351],"tags":[],"class_list":["post-13346","post","type-post","status-publish","format-standard","has-post-thumbnail","hentry","category-incidente"],"yoast_head":"<!-- This site is optimized with the Yoast SEO plugin v27.4 - https:\/\/yoast.com\/product\/yoast-seo-wordpress\/ -->\n<title>POLI\u021aI\u0218TI MOLDOVENI IMPLICA\u021aI \u00ceN CONTRABAND\u0102 CU \u021aIG\u0102RI - BTV<\/title>\n<meta name=\"robots\" content=\"index, follow, max-snippet:-1, max-image-preview:large, max-video-preview:-1\" \/>\n<link rel=\"canonical\" href=\"https:\/\/www.btv.md\/ro\/politisti-moldoveni-implicati-in-contrabanda-cu-tigari\/\" \/>\n<meta property=\"og:locale\" content=\"ro_RO\" \/>\n<meta property=\"og:type\" content=\"article\" \/>\n<meta property=\"og:title\" content=\"POLI\u021aI\u0218TI MOLDOVENI IMPLICA\u021aI \u00ceN CONTRABAND\u0102 CU \u021aIG\u0102RI - BTV\" \/>\n<meta property=\"og:description\" content=\"Trei persoane au fost trimise \u00een judecat\u0103 \u0219i altele sunt cercetate \u00een Republica Moldova \u00eentr-un dosar privind introducerea \u00een Rom\u00e2nia a unor cantit\u0103\u021bi de \u021big\u0103ri de contraband\u0103. Un poli\u021bist de frontier\u0103 din Ia\u0219i a dus la destructurarea unei re\u021bele de trafic de \u021big\u0103ri ce avea ramifica\u021bii at\u00e2t \u00een Rom\u00e2nia, c\u00e2t \u0219i \u00een Republica Moldova, scrie [&hellip;]\" \/>\n<meta property=\"og:url\" content=\"https:\/\/www.btv.md\/ro\/politisti-moldoveni-implicati-in-contrabanda-cu-tigari\/\" \/>\n<meta property=\"og:site_name\" content=\"BTV\" \/>\n<meta property=\"article:publisher\" content=\"https:\/\/www.facebook.com\/btvmoldova\/\" \/>\n<meta property=\"article:published_time\" content=\"2016-05-24T11:15:03+00:00\" \/>\n<meta property=\"og:image\" content=\"https:\/\/www.btv.md\/wp-content\/uploads\/2016\/05\/img_1809701_thumbs_600x440_2607031.jpg\" \/>\n\t<meta property=\"og:image:width\" content=\"600\" \/>\n\t<meta property=\"og:image:height\" content=\"440\" \/>\n\t<meta property=\"og:image:type\" content=\"image\/jpeg\" \/>\n<meta name=\"author\" content=\"admin\" \/>\n<meta name=\"twitter:label1\" content=\"Scris de\" \/>\n\t<meta name=\"twitter:data1\" content=\"admin\" \/>\n\t<meta name=\"twitter:label2\" content=\"Timp estimat pentru citire\" \/>\n\t<meta name=\"twitter:data2\" content=\"2 minute\" \/>\n<script type=\"application\/ld+json\" class=\"yoast-schema-graph\">{\"@context\":\"https:\\\/\\\/schema.org\",\"@graph\":[{\"@type\":\"Article\",\"@id\":\"https:\\\/\\\/www.btv.md\\\/ro\\\/politisti-moldoveni-implicati-in-contrabanda-cu-tigari\\\/#article\",\"isPartOf\":{\"@id\":\"https:\\\/\\\/www.btv.md\\\/ro\\\/politisti-moldoveni-implicati-in-contrabanda-cu-tigari\\\/\"},\"author\":{\"name\":\"admin\",\"@id\":\"https:\\\/\\\/www.btv.md\\\/#\\\/schema\\\/person\\\/8fadce81561b3ce2c34c46dadc4ccbf2\"},\"headline\":\"POLI\u021aI\u0218TI MOLDOVENI IMPLICA\u021aI \u00ceN CONTRABAND\u0102 CU \u021aIG\u0102RI\",\"datePublished\":\"2016-05-24T11:15:03+00:00\",\"mainEntityOfPage\":{\"@id\":\"https:\\\/\\\/www.btv.md\\\/ro\\\/politisti-moldoveni-implicati-in-contrabanda-cu-tigari\\\/\"},\"wordCount\":342,\"image\":{\"@id\":\"https:\\\/\\\/www.btv.md\\\/ro\\\/politisti-moldoveni-implicati-in-contrabanda-cu-tigari\\\/#primaryimage\"},\"thumbnailUrl\":\"https:\\\/\\\/www.btv.md\\\/wp-content\\\/uploads\\\/2016\\\/05\\\/img_1809701_thumbs_600x440_2607031.jpg\",\"articleSection\":[\"Incidente\"],\"inLanguage\":\"ro-RO\"},{\"@type\":\"WebPage\",\"@id\":\"https:\\\/\\\/www.btv.md\\\/ro\\\/politisti-moldoveni-implicati-in-contrabanda-cu-tigari\\\/\",\"url\":\"https:\\\/\\\/www.btv.md\\\/ro\\\/politisti-moldoveni-implicati-in-contrabanda-cu-tigari\\\/\",\"name\":\"POLI\u021aI\u0218TI MOLDOVENI IMPLICA\u021aI \u00ceN CONTRABAND\u0102 CU \u021aIG\u0102RI - BTV\",\"isPartOf\":{\"@id\":\"https:\\\/\\\/www.btv.md\\\/#website\"},\"primaryImageOfPage\":{\"@id\":\"https:\\\/\\\/www.btv.md\\\/ro\\\/politisti-moldoveni-implicati-in-contrabanda-cu-tigari\\\/#primaryimage\"},\"image\":{\"@id\":\"https:\\\/\\\/www.btv.md\\\/ro\\\/politisti-moldoveni-implicati-in-contrabanda-cu-tigari\\\/#primaryimage\"},\"thumbnailUrl\":\"https:\\\/\\\/www.btv.md\\\/wp-content\\\/uploads\\\/2016\\\/05\\\/img_1809701_thumbs_600x440_2607031.jpg\",\"datePublished\":\"2016-05-24T11:15:03+00:00\",\"author\":{\"@id\":\"https:\\\/\\\/www.btv.md\\\/#\\\/schema\\\/person\\\/8fadce81561b3ce2c34c46dadc4ccbf2\"},\"inLanguage\":\"ro-RO\",\"potentialAction\":[{\"@type\":\"ReadAction\",\"target\":[\"https:\\\/\\\/www.btv.md\\\/ro\\\/politisti-moldoveni-implicati-in-contrabanda-cu-tigari\\\/\"]}]},{\"@type\":\"ImageObject\",\"inLanguage\":\"ro-RO\",\"@id\":\"https:\\\/\\\/www.btv.md\\\/ro\\\/politisti-moldoveni-implicati-in-contrabanda-cu-tigari\\\/#primaryimage\",\"url\":\"https:\\\/\\\/www.btv.md\\\/wp-content\\\/uploads\\\/2016\\\/05\\\/img_1809701_thumbs_600x440_2607031.jpg\",\"contentUrl\":\"https:\\\/\\\/www.btv.md\\\/wp-content\\\/uploads\\\/2016\\\/05\\\/img_1809701_thumbs_600x440_2607031.jpg\",\"width\":600,\"height\":440},{\"@type\":\"WebSite\",\"@id\":\"https:\\\/\\\/www.btv.md\\\/#website\",\"url\":\"https:\\\/\\\/www.btv.md\\\/\",\"name\":\"BTV\",\"description\":\"\u0411\u0435\u043b\u044c\u0446\u043a\u043e\u0435 \u0442\u0435\u043b\u0435\u0432\u0438\u0434\u0435\u043d\u0438\u0435\",\"potentialAction\":[{\"@type\":\"SearchAction\",\"target\":{\"@type\":\"EntryPoint\",\"urlTemplate\":\"https:\\\/\\\/www.btv.md\\\/?s={search_term_string}\"},\"query-input\":{\"@type\":\"PropertyValueSpecification\",\"valueRequired\":true,\"valueName\":\"search_term_string\"}}],\"inLanguage\":\"ro-RO\"},{\"@type\":\"Person\",\"@id\":\"https:\\\/\\\/www.btv.md\\\/#\\\/schema\\\/person\\\/8fadce81561b3ce2c34c46dadc4ccbf2\",\"name\":\"admin\"}]}<\/script>\n<!-- \/ Yoast SEO plugin. -->","yoast_head_json":{"title":"POLI\u021aI\u0218TI MOLDOVENI IMPLICA\u021aI \u00ceN CONTRABAND\u0102 CU \u021aIG\u0102RI - BTV","robots":{"index":"index","follow":"follow","max-snippet":"max-snippet:-1","max-image-preview":"max-image-preview:large","max-video-preview":"max-video-preview:-1"},"canonical":"https:\/\/www.btv.md\/ro\/politisti-moldoveni-implicati-in-contrabanda-cu-tigari\/","og_locale":"ro_RO","og_type":"article","og_title":"POLI\u021aI\u0218TI MOLDOVENI IMPLICA\u021aI \u00ceN CONTRABAND\u0102 CU \u021aIG\u0102RI - BTV","og_description":"Trei persoane au fost trimise \u00een judecat\u0103 \u0219i altele sunt cercetate \u00een Republica Moldova \u00eentr-un dosar privind introducerea \u00een Rom\u00e2nia a unor cantit\u0103\u021bi de \u021big\u0103ri de contraband\u0103. Un poli\u021bist de frontier\u0103 din Ia\u0219i a dus la destructurarea unei re\u021bele de trafic de \u021big\u0103ri ce avea ramifica\u021bii at\u00e2t \u00een Rom\u00e2nia, c\u00e2t \u0219i \u00een Republica Moldova, scrie [&hellip;]","og_url":"https:\/\/www.btv.md\/ro\/politisti-moldoveni-implicati-in-contrabanda-cu-tigari\/","og_site_name":"BTV","article_publisher":"https:\/\/www.facebook.com\/btvmoldova\/","article_published_time":"2016-05-24T11:15:03+00:00","og_image":[{"width":600,"height":440,"url":"https:\/\/www.btv.md\/wp-content\/uploads\/2016\/05\/img_1809701_thumbs_600x440_2607031.jpg","type":"image\/jpeg"}],"author":"admin","twitter_misc":{"Scris de":"admin","Timp estimat pentru citire":"2 minute"},"schema":{"@context":"https:\/\/schema.org","@graph":[{"@type":"Article","@id":"https:\/\/www.btv.md\/ro\/politisti-moldoveni-implicati-in-contrabanda-cu-tigari\/#article","isPartOf":{"@id":"https:\/\/www.btv.md\/ro\/politisti-moldoveni-implicati-in-contrabanda-cu-tigari\/"},"author":{"name":"admin","@id":"https:\/\/www.btv.md\/#\/schema\/person\/8fadce81561b3ce2c34c46dadc4ccbf2"},"headline":"POLI\u021aI\u0218TI MOLDOVENI IMPLICA\u021aI \u00ceN CONTRABAND\u0102 CU \u021aIG\u0102RI","datePublished":"2016-05-24T11:15:03+00:00","mainEntityOfPage":{"@id":"https:\/\/www.btv.md\/ro\/politisti-moldoveni-implicati-in-contrabanda-cu-tigari\/"},"wordCount":342,"image":{"@id":"https:\/\/www.btv.md\/ro\/politisti-moldoveni-implicati-in-contrabanda-cu-tigari\/#primaryimage"},"thumbnailUrl":"https:\/\/www.btv.md\/wp-content\/uploads\/2016\/05\/img_1809701_thumbs_600x440_2607031.jpg","articleSection":["Incidente"],"inLanguage":"ro-RO"},{"@type":"WebPage","@id":"https:\/\/www.btv.md\/ro\/politisti-moldoveni-implicati-in-contrabanda-cu-tigari\/","url":"https:\/\/www.btv.md\/ro\/politisti-moldoveni-implicati-in-contrabanda-cu-tigari\/","name":"POLI\u021aI\u0218TI MOLDOVENI IMPLICA\u021aI \u00ceN CONTRABAND\u0102 CU \u021aIG\u0102RI - BTV","isPartOf":{"@id":"https:\/\/www.btv.md\/#website"},"primaryImageOfPage":{"@id":"https:\/\/www.btv.md\/ro\/politisti-moldoveni-implicati-in-contrabanda-cu-tigari\/#primaryimage"},"image":{"@id":"https:\/\/www.btv.md\/ro\/politisti-moldoveni-implicati-in-contrabanda-cu-tigari\/#primaryimage"},"thumbnailUrl":"https:\/\/www.btv.md\/wp-content\/uploads\/2016\/05\/img_1809701_thumbs_600x440_2607031.jpg","datePublished":"2016-05-24T11:15:03+00:00","author":{"@id":"https:\/\/www.btv.md\/#\/schema\/person\/8fadce81561b3ce2c34c46dadc4ccbf2"},"inLanguage":"ro-RO","potentialAction":[{"@type":"ReadAction","target":["https:\/\/www.btv.md\/ro\/politisti-moldoveni-implicati-in-contrabanda-cu-tigari\/"]}]},{"@type":"ImageObject","inLanguage":"ro-RO","@id":"https:\/\/www.btv.md\/ro\/politisti-moldoveni-implicati-in-contrabanda-cu-tigari\/#primaryimage","url":"https:\/\/www.btv.md\/wp-content\/uploads\/2016\/05\/img_1809701_thumbs_600x440_2607031.jpg","contentUrl":"https:\/\/www.btv.md\/wp-content\/uploads\/2016\/05\/img_1809701_thumbs_600x440_2607031.jpg","width":600,"height":440},{"@type":"WebSite","@id":"https:\/\/www.btv.md\/#website","url":"https:\/\/www.btv.md\/","name":"BTV","description":"\u0411\u0435\u043b\u044c\u0446\u043a\u043e\u0435 \u0442\u0435\u043b\u0435\u0432\u0438\u0434\u0435\u043d\u0438\u0435","potentialAction":[{"@type":"SearchAction","target":{"@type":"EntryPoint","urlTemplate":"https:\/\/www.btv.md\/?s={search_term_string}"},"query-input":{"@type":"PropertyValueSpecification","valueRequired":true,"valueName":"search_term_string"}}],"inLanguage":"ro-RO"},{"@type":"Person","@id":"https:\/\/www.btv.md\/#\/schema\/person\/8fadce81561b3ce2c34c46dadc4ccbf2","name":"admin"}]}},"_links":{"self":[{"href":"https:\/\/www.btv.md\/ro\/wp-json\/wp\/v2\/posts\/13346","targetHints":{"allow":["GET"]}}],"collection":[{"href":"https:\/\/www.btv.md\/ro\/wp-json\/wp\/v2\/posts"}],"about":[{"href":"https:\/\/www.btv.md\/ro\/wp-json\/wp\/v2\/types\/post"}],"author":[{"embeddable":true,"href":"https:\/\/www.btv.md\/ro\/wp-json\/wp\/v2\/users\/4"}],"replies":[{"embeddable":true,"href":"https:\/\/www.btv.md\/ro\/wp-json\/wp\/v2\/comments?post=13346"}],"version-history":[{"count":0,"href":"https:\/\/www.btv.md\/ro\/wp-json\/wp\/v2\/posts\/13346\/revisions"}],"wp:featuredmedia":[{"embeddable":true,"href":"https:\/\/www.btv.md\/ro\/wp-json\/wp\/v2\/media\/13347"}],"wp:attachment":[{"href":"https:\/\/www.btv.md\/ro\/wp-json\/wp\/v2\/media?parent=13346"}],"wp:term":[{"taxonomy":"category","embeddable":true,"href":"https:\/\/www.btv.md\/ro\/wp-json\/wp\/v2\/categories?post=13346"},{"taxonomy":"post_tag","embeddable":true,"href":"https:\/\/www.btv.md\/ro\/wp-json\/wp\/v2\/tags?post=13346"}],"curies":[{"name":"wp","href":"https:\/\/api.w.org\/{rel}","templated":true}]}}