{"id":13349,"date":"2016-05-24T14:19:11","date_gmt":"2016-05-24T11:19:11","guid":{"rendered":"http:\/\/btv.md\/?p=13349"},"modified":"2017-05-09T10:49:06","modified_gmt":"2017-05-09T07:49:06","slug":"alexandru-spiridon-antrenor-secund-la-zenit","status":"publish","type":"post","link":"https:\/\/www.btv.md\/ro\/alexandru-spiridon-antrenor-secund-la-zenit\/","title":{"rendered":"Alexandru Spiridon, antrenor secund la Zenit"},"content":{"rendered":"<p><strong>Antrenorul rom\u00e2n Mircea Lucescu, \u00eempreun\u0103 cu basarabeanul Alexandru Spiridon, au semnat luni sear\u0103, aproape de miezul nop\u0163ii, pe iahtul unuia dintre \u015fefii celor de la Zenit, dup\u0103 ce \u00eentreaga zi \u015fi-o petrecuse \u00eempreun\u0103 cu pre\u015fedintele Consiliului de Administra\u0163ie al Gazprom, Aleksei Miller, sau cu pre\u015fedintele Aleksandr Diukov, contractul cu forma\u0163ia rus\u0103, scrie <a href=\"http:\/\/jurnal.md\/ro\/sport\/2016\/5\/24\/alexandru-spiridon-antrenor-secund-la-zenit\/\" target=\"_blank\" rel=\"noopener noreferrer\">jurnal.md<\/a>.<\/strong><\/p>\n<p>Au fost la baza de preg\u0103tire, la stadionul pe care echipa disput\u0103 meciurile de acas\u0103, dar \u015fi la arena nou\u0103 de 68.000 de locuri care se construie\u015fte \u00een vederea Mondialului 2018, pe care se va juca una dintre semifinale. Tehnicianul rom\u00e2n a fost prezent inclusiv la un meci de baschet disputat de Zenit, cu Unics Kazan, scor 82-67.<\/p>\n<p>&#8222;<em>Nea Mircea a semnat un contract pe 3 ani cu Zenit, iar \u00eempreun\u0103 cu d\u00e2nsul vor veni \u015fi antrenorul secund Alexandru Spiridon \u015fi maseurul Victor Hexan, care i-au fost al\u0103turi \u015fi la \u015eahtior. Au fost \u015fi alte oferte pentru Mircea Lucescu, dar d\u00e2nsul a ales-o pe aceasta, care este cea mai bun\u0103. Totul a decurs c\u00e2t se poate de normal, f\u0103r\u0103 vreun moment \u00een care lucrurile s\u0103 devieze. Noi am mai purtat discu\u0163ii cu cei de la Zenit \u015fi \u00eenainte, dar totul a devenit clar abia dup\u0103 disputarea finalei Cupei Ucrainei, c\u00e2\u015ftigat\u0103 de \u015eahtior, 2-0, cu Zorya<\/em>&#8222;, a declarat pentru Digi Sport Arcadie Zaporojanu, managerul care \u00eei reprezint\u0103 interesele antrenorului rom\u00e2n pe zona estic\u0103 a Europei.<\/p>\n","protected":false},"excerpt":{"rendered":"<p>Antrenorul rom\u00e2n Mircea Lucescu, \u00eempreun\u0103 cu basarabeanul Alexandru Spiridon, au semnat luni sear\u0103, aproape de miezul nop\u0163ii, pe iahtul unuia dintre \u015fefii celor de la Zenit, dup\u0103 ce \u00eentreaga zi \u015fi-o petrecuse \u00eempreun\u0103 cu pre\u015fedintele Consiliului de Administra\u0163ie al Gazprom, Aleksei Miller, sau cu pre\u015fedintele Aleksandr Diukov, contractul cu forma\u0163ia rus\u0103, scrie jurnal.md. Au fost [&hellip;]<\/p>\n","protected":false},"author":4,"featured_media":13350,"comment_status":"closed","ping_status":"closed","sticky":false,"template":"","format":"standard","meta":{"footnotes":""},"categories":[6352],"tags":[],"class_list":["post-13349","post","type-post","status-publish","format-standard","has-post-thumbnail","hentry","category-sport-ro"],"yoast_head":"<!-- This site is optimized with the Yoast SEO plugin v27.4 - https:\/\/yoast.com\/product\/yoast-seo-wordpress\/ -->\n<title>Alexandru Spiridon, antrenor secund la Zenit - BTV<\/title>\n<meta name=\"robots\" content=\"index, follow, max-snippet:-1, max-image-preview:large, max-video-preview:-1\" \/>\n<link rel=\"canonical\" href=\"https:\/\/www.btv.md\/ro\/alexandru-spiridon-antrenor-secund-la-zenit\/\" \/>\n<meta property=\"og:locale\" content=\"ro_RO\" \/>\n<meta property=\"og:type\" content=\"article\" \/>\n<meta property=\"og:title\" content=\"Alexandru Spiridon, antrenor secund la Zenit - BTV\" \/>\n<meta property=\"og:description\" content=\"Antrenorul rom\u00e2n Mircea Lucescu, \u00eempreun\u0103 cu basarabeanul Alexandru Spiridon, au semnat luni sear\u0103, aproape de miezul nop\u0163ii, pe iahtul unuia dintre \u015fefii celor de la Zenit, dup\u0103 ce \u00eentreaga zi \u015fi-o petrecuse \u00eempreun\u0103 cu pre\u015fedintele Consiliului de Administra\u0163ie al Gazprom, Aleksei Miller, sau cu pre\u015fedintele Aleksandr Diukov, contractul cu forma\u0163ia rus\u0103, scrie jurnal.md. Au fost [&hellip;]\" \/>\n<meta property=\"og:url\" content=\"https:\/\/www.btv.md\/ro\/alexandru-spiridon-antrenor-secund-la-zenit\/\" \/>\n<meta property=\"og:site_name\" content=\"BTV\" \/>\n<meta property=\"article:publisher\" content=\"https:\/\/www.facebook.com\/btvmoldova\/\" \/>\n<meta property=\"article:published_time\" content=\"2016-05-24T11:19:11+00:00\" \/>\n<meta property=\"article:modified_time\" content=\"2017-05-09T07:49:06+00:00\" \/>\n<meta property=\"og:image\" content=\"https:\/\/www.btv.md\/wp-content\/uploads\/2016\/05\/3d08598edb6c38edbb3e60a8f54b7904.jpg\" \/>\n\t<meta property=\"og:image:width\" content=\"711\" \/>\n\t<meta property=\"og:image:height\" content=\"425\" \/>\n\t<meta property=\"og:image:type\" content=\"image\/jpeg\" \/>\n<meta name=\"author\" content=\"admin\" \/>\n<meta name=\"twitter:label1\" content=\"Scris de\" \/>\n\t<meta name=\"twitter:data1\" content=\"admin\" \/>\n\t<meta name=\"twitter:label2\" content=\"Timp estimat pentru citire\" \/>\n\t<meta name=\"twitter:data2\" content=\"1 minut\" \/>\n<script type=\"application\/ld+json\" class=\"yoast-schema-graph\">{\"@context\":\"https:\\\/\\\/schema.org\",\"@graph\":[{\"@type\":\"Article\",\"@id\":\"https:\\\/\\\/www.btv.md\\\/ro\\\/alexandru-spiridon-antrenor-secund-la-zenit\\\/#article\",\"isPartOf\":{\"@id\":\"https:\\\/\\\/www.btv.md\\\/ro\\\/alexandru-spiridon-antrenor-secund-la-zenit\\\/\"},\"author\":{\"name\":\"admin\",\"@id\":\"https:\\\/\\\/www.btv.md\\\/#\\\/schema\\\/person\\\/8fadce81561b3ce2c34c46dadc4ccbf2\"},\"headline\":\"Alexandru Spiridon, antrenor secund la Zenit\",\"datePublished\":\"2016-05-24T11:19:11+00:00\",\"dateModified\":\"2017-05-09T07:49:06+00:00\",\"mainEntityOfPage\":{\"@id\":\"https:\\\/\\\/www.btv.md\\\/ro\\\/alexandru-spiridon-antrenor-secund-la-zenit\\\/\"},\"wordCount\":248,\"image\":{\"@id\":\"https:\\\/\\\/www.btv.md\\\/ro\\\/alexandru-spiridon-antrenor-secund-la-zenit\\\/#primaryimage\"},\"thumbnailUrl\":\"https:\\\/\\\/www.btv.md\\\/wp-content\\\/uploads\\\/2016\\\/05\\\/3d08598edb6c38edbb3e60a8f54b7904.jpg\",\"articleSection\":[\"Sport\"],\"inLanguage\":\"ro-RO\"},{\"@type\":\"WebPage\",\"@id\":\"https:\\\/\\\/www.btv.md\\\/ro\\\/alexandru-spiridon-antrenor-secund-la-zenit\\\/\",\"url\":\"https:\\\/\\\/www.btv.md\\\/ro\\\/alexandru-spiridon-antrenor-secund-la-zenit\\\/\",\"name\":\"Alexandru Spiridon, antrenor secund la Zenit - BTV\",\"isPartOf\":{\"@id\":\"https:\\\/\\\/www.btv.md\\\/#website\"},\"primaryImageOfPage\":{\"@id\":\"https:\\\/\\\/www.btv.md\\\/ro\\\/alexandru-spiridon-antrenor-secund-la-zenit\\\/#primaryimage\"},\"image\":{\"@id\":\"https:\\\/\\\/www.btv.md\\\/ro\\\/alexandru-spiridon-antrenor-secund-la-zenit\\\/#primaryimage\"},\"thumbnailUrl\":\"https:\\\/\\\/www.btv.md\\\/wp-content\\\/uploads\\\/2016\\\/05\\\/3d08598edb6c38edbb3e60a8f54b7904.jpg\",\"datePublished\":\"2016-05-24T11:19:11+00:00\",\"dateModified\":\"2017-05-09T07:49:06+00:00\",\"author\":{\"@id\":\"https:\\\/\\\/www.btv.md\\\/#\\\/schema\\\/person\\\/8fadce81561b3ce2c34c46dadc4ccbf2\"},\"inLanguage\":\"ro-RO\",\"potentialAction\":[{\"@type\":\"ReadAction\",\"target\":[\"https:\\\/\\\/www.btv.md\\\/ro\\\/alexandru-spiridon-antrenor-secund-la-zenit\\\/\"]}]},{\"@type\":\"ImageObject\",\"inLanguage\":\"ro-RO\",\"@id\":\"https:\\\/\\\/www.btv.md\\\/ro\\\/alexandru-spiridon-antrenor-secund-la-zenit\\\/#primaryimage\",\"url\":\"https:\\\/\\\/www.btv.md\\\/wp-content\\\/uploads\\\/2016\\\/05\\\/3d08598edb6c38edbb3e60a8f54b7904.jpg\",\"contentUrl\":\"https:\\\/\\\/www.btv.md\\\/wp-content\\\/uploads\\\/2016\\\/05\\\/3d08598edb6c38edbb3e60a8f54b7904.jpg\",\"width\":711,\"height\":425},{\"@type\":\"WebSite\",\"@id\":\"https:\\\/\\\/www.btv.md\\\/#website\",\"url\":\"https:\\\/\\\/www.btv.md\\\/\",\"name\":\"BTV\",\"description\":\"\u0411\u0435\u043b\u044c\u0446\u043a\u043e\u0435 \u0442\u0435\u043b\u0435\u0432\u0438\u0434\u0435\u043d\u0438\u0435\",\"potentialAction\":[{\"@type\":\"SearchAction\",\"target\":{\"@type\":\"EntryPoint\",\"urlTemplate\":\"https:\\\/\\\/www.btv.md\\\/?s={search_term_string}\"},\"query-input\":{\"@type\":\"PropertyValueSpecification\",\"valueRequired\":true,\"valueName\":\"search_term_string\"}}],\"inLanguage\":\"ro-RO\"},{\"@type\":\"Person\",\"@id\":\"https:\\\/\\\/www.btv.md\\\/#\\\/schema\\\/person\\\/8fadce81561b3ce2c34c46dadc4ccbf2\",\"name\":\"admin\"}]}<\/script>\n<!-- \/ Yoast SEO plugin. -->","yoast_head_json":{"title":"Alexandru Spiridon, antrenor secund la Zenit - BTV","robots":{"index":"index","follow":"follow","max-snippet":"max-snippet:-1","max-image-preview":"max-image-preview:large","max-video-preview":"max-video-preview:-1"},"canonical":"https:\/\/www.btv.md\/ro\/alexandru-spiridon-antrenor-secund-la-zenit\/","og_locale":"ro_RO","og_type":"article","og_title":"Alexandru Spiridon, antrenor secund la Zenit - BTV","og_description":"Antrenorul rom\u00e2n Mircea Lucescu, \u00eempreun\u0103 cu basarabeanul Alexandru Spiridon, au semnat luni sear\u0103, aproape de miezul nop\u0163ii, pe iahtul unuia dintre \u015fefii celor de la Zenit, dup\u0103 ce \u00eentreaga zi \u015fi-o petrecuse \u00eempreun\u0103 cu pre\u015fedintele Consiliului de Administra\u0163ie al Gazprom, Aleksei Miller, sau cu pre\u015fedintele Aleksandr Diukov, contractul cu forma\u0163ia rus\u0103, scrie jurnal.md. Au fost [&hellip;]","og_url":"https:\/\/www.btv.md\/ro\/alexandru-spiridon-antrenor-secund-la-zenit\/","og_site_name":"BTV","article_publisher":"https:\/\/www.facebook.com\/btvmoldova\/","article_published_time":"2016-05-24T11:19:11+00:00","article_modified_time":"2017-05-09T07:49:06+00:00","og_image":[{"width":711,"height":425,"url":"https:\/\/www.btv.md\/wp-content\/uploads\/2016\/05\/3d08598edb6c38edbb3e60a8f54b7904.jpg","type":"image\/jpeg"}],"author":"admin","twitter_misc":{"Scris de":"admin","Timp estimat pentru citire":"1 minut"},"schema":{"@context":"https:\/\/schema.org","@graph":[{"@type":"Article","@id":"https:\/\/www.btv.md\/ro\/alexandru-spiridon-antrenor-secund-la-zenit\/#article","isPartOf":{"@id":"https:\/\/www.btv.md\/ro\/alexandru-spiridon-antrenor-secund-la-zenit\/"},"author":{"name":"admin","@id":"https:\/\/www.btv.md\/#\/schema\/person\/8fadce81561b3ce2c34c46dadc4ccbf2"},"headline":"Alexandru Spiridon, antrenor secund la Zenit","datePublished":"2016-05-24T11:19:11+00:00","dateModified":"2017-05-09T07:49:06+00:00","mainEntityOfPage":{"@id":"https:\/\/www.btv.md\/ro\/alexandru-spiridon-antrenor-secund-la-zenit\/"},"wordCount":248,"image":{"@id":"https:\/\/www.btv.md\/ro\/alexandru-spiridon-antrenor-secund-la-zenit\/#primaryimage"},"thumbnailUrl":"https:\/\/www.btv.md\/wp-content\/uploads\/2016\/05\/3d08598edb6c38edbb3e60a8f54b7904.jpg","articleSection":["Sport"],"inLanguage":"ro-RO"},{"@type":"WebPage","@id":"https:\/\/www.btv.md\/ro\/alexandru-spiridon-antrenor-secund-la-zenit\/","url":"https:\/\/www.btv.md\/ro\/alexandru-spiridon-antrenor-secund-la-zenit\/","name":"Alexandru Spiridon, antrenor secund la Zenit - BTV","isPartOf":{"@id":"https:\/\/www.btv.md\/#website"},"primaryImageOfPage":{"@id":"https:\/\/www.btv.md\/ro\/alexandru-spiridon-antrenor-secund-la-zenit\/#primaryimage"},"image":{"@id":"https:\/\/www.btv.md\/ro\/alexandru-spiridon-antrenor-secund-la-zenit\/#primaryimage"},"thumbnailUrl":"https:\/\/www.btv.md\/wp-content\/uploads\/2016\/05\/3d08598edb6c38edbb3e60a8f54b7904.jpg","datePublished":"2016-05-24T11:19:11+00:00","dateModified":"2017-05-09T07:49:06+00:00","author":{"@id":"https:\/\/www.btv.md\/#\/schema\/person\/8fadce81561b3ce2c34c46dadc4ccbf2"},"inLanguage":"ro-RO","potentialAction":[{"@type":"ReadAction","target":["https:\/\/www.btv.md\/ro\/alexandru-spiridon-antrenor-secund-la-zenit\/"]}]},{"@type":"ImageObject","inLanguage":"ro-RO","@id":"https:\/\/www.btv.md\/ro\/alexandru-spiridon-antrenor-secund-la-zenit\/#primaryimage","url":"https:\/\/www.btv.md\/wp-content\/uploads\/2016\/05\/3d08598edb6c38edbb3e60a8f54b7904.jpg","contentUrl":"https:\/\/www.btv.md\/wp-content\/uploads\/2016\/05\/3d08598edb6c38edbb3e60a8f54b7904.jpg","width":711,"height":425},{"@type":"WebSite","@id":"https:\/\/www.btv.md\/#website","url":"https:\/\/www.btv.md\/","name":"BTV","description":"\u0411\u0435\u043b\u044c\u0446\u043a\u043e\u0435 \u0442\u0435\u043b\u0435\u0432\u0438\u0434\u0435\u043d\u0438\u0435","potentialAction":[{"@type":"SearchAction","target":{"@type":"EntryPoint","urlTemplate":"https:\/\/www.btv.md\/?s={search_term_string}"},"query-input":{"@type":"PropertyValueSpecification","valueRequired":true,"valueName":"search_term_string"}}],"inLanguage":"ro-RO"},{"@type":"Person","@id":"https:\/\/www.btv.md\/#\/schema\/person\/8fadce81561b3ce2c34c46dadc4ccbf2","name":"admin"}]}},"_links":{"self":[{"href":"https:\/\/www.btv.md\/ro\/wp-json\/wp\/v2\/posts\/13349","targetHints":{"allow":["GET"]}}],"collection":[{"href":"https:\/\/www.btv.md\/ro\/wp-json\/wp\/v2\/posts"}],"about":[{"href":"https:\/\/www.btv.md\/ro\/wp-json\/wp\/v2\/types\/post"}],"author":[{"embeddable":true,"href":"https:\/\/www.btv.md\/ro\/wp-json\/wp\/v2\/users\/4"}],"replies":[{"embeddable":true,"href":"https:\/\/www.btv.md\/ro\/wp-json\/wp\/v2\/comments?post=13349"}],"version-history":[{"count":0,"href":"https:\/\/www.btv.md\/ro\/wp-json\/wp\/v2\/posts\/13349\/revisions"}],"wp:featuredmedia":[{"embeddable":true,"href":"https:\/\/www.btv.md\/ro\/wp-json\/wp\/v2\/media\/13350"}],"wp:attachment":[{"href":"https:\/\/www.btv.md\/ro\/wp-json\/wp\/v2\/media?parent=13349"}],"wp:term":[{"taxonomy":"category","embeddable":true,"href":"https:\/\/www.btv.md\/ro\/wp-json\/wp\/v2\/categories?post=13349"},{"taxonomy":"post_tag","embeddable":true,"href":"https:\/\/www.btv.md\/ro\/wp-json\/wp\/v2\/tags?post=13349"}],"curies":[{"name":"wp","href":"https:\/\/api.w.org\/{rel}","templated":true}]}}