{"id":13355,"date":"2016-05-24T14:25:50","date_gmt":"2016-05-24T11:25:50","guid":{"rendered":"http:\/\/btv.md\/?p=13355"},"modified":"2016-05-24T14:25:50","modified_gmt":"2016-05-24T11:25:50","slug":"in-moldova-are-loc-inaugurarea-festiva-a-zilelor-scrisului-si-culturii-slave","status":"publish","type":"post","link":"https:\/\/www.btv.md\/ro\/in-moldova-are-loc-inaugurarea-festiva-a-zilelor-scrisului-si-culturii-slave\/","title":{"rendered":"\u00ceN MOLDOVA ARE LOC INAUGURAREA FESTIV\u0102 A ZILELOR SCRISULUI \u015eI CULTURII SLAVE"},"content":{"rendered":"<p><strong>P\u00e2n\u0103 la 29 mai, \u00een mai multe ora\u015fe \u015fi sate din \u0163ar\u0103 se vor desf\u0103\u015fura o serie de ac\u0163iuni culturale consacrate Zilelor Scrisului \u015fi Culturii Slave.<\/strong><\/p>\n<p><strong>La data de 24 mai, comunitatea slav\u0103 din \u00eentreaga lume, inclusiv din Republica Moldova, celebreaz\u0103 fondatorii alfabetului chirilic \u2014 Sfin\u0163ii Kirill \u015fi Metodiu, care au tradus Sf\u00e2nta Scriptur\u0103 \u00een limba slavon\u0103, scrie <a href=\"http:\/\/sputnik.md\/moldova\/20160524\/6814931.html#ixzz49Z3BGHtu\" target=\"_blank\">sputnik.md<\/a>.<\/strong><\/p>\n<p>P\u00e2n\u0103 la 29 mai, \u00een \u0163ar\u0103 se vor desf\u0103\u015fura o serie de ac\u0163iuni culturale consacrate Zilelor Scrisului \u015fi Culturii Slave. <\/p>\n<p>Este una din cele mai vechi tradi\u0163ii culturale a popoarelor slave, care contribuie la dezvoltarea dialogului intercultural \u015fi men\u0163inerea rela\u0163iilor de prietenie dintre reprezentan\u0163ii diferitor na\u0163ionalit\u0103\u0163i, care locuiesc pe teritoriul Republicii Moldova.<\/p>\n<p>La Chi\u015fin\u0103u, s\u0103rb\u0103toarea a \u00eenceput cu depunerea de flori la monumentul lui \u015etefan cel Mare \u015fi Sf\u00e2nt \u015fi monumentele personalit\u0103\u0163ilor eminente ale scrisului \u015fi culturii slave.<\/p>\n<p>Inaugurarea festiv\u0103 a  Zilelor Scrisului \u015fi Culturii Slave va avea loc \u00een seara zilei de mar\u0163i, ora 17.00, la Filarmonica Na\u0163ional\u0103 \u201eSerghei Lunchevici\u201d. La ceremonie au fost invita\u0163i demnitari de stat, reprezentan\u0163ii misiunilor diplomatice acreditate \u00een \u0163ara noastr\u0103, organiza\u0163iile interna\u0163ionale \u015fi etnoculturale, poe\u0163i, scriitori, academicieni.<\/p>\n<p>\u00cen cadrul Zilelor Scrisului \u015fi Culturii Slave, \u00een ora\u015fele \u015fi satele Moldovei se vor desf\u0103\u015fura festivaluri, serb\u0103ri populare, concerte, serate poetice \u015fi literar-muzicale, conferin\u0163e, mese rotunde, concursuri, \u00eent\u00e2lniri cu tineri scriitori \u015fi poe\u0163i din \u0163ar\u0103.<\/p>\n<p>Zilele Scrisului \u015fi Culturii Slave \u00een Republica Moldova se desf\u0103\u015foar\u0103 \u00een fiecare an la ini\u0163iativa Biroului Rela\u0163ii Interetnice \u015fi a asocia\u0163iilor etnoculturale slave acreditate pe l\u00e2ng\u0103 Biroul Rela\u0163ii Interetnice, cu sus\u0163inerea Consiliului Coordonator al organiza\u0163iilor etnoculturale \u015fi administra\u0163iei publice locale din teritoriu.<\/p>\n","protected":false},"excerpt":{"rendered":"<p>P\u00e2n\u0103 la 29 mai, \u00een mai multe ora\u015fe \u015fi sate din \u0163ar\u0103 se vor desf\u0103\u015fura o serie de ac\u0163iuni culturale consacrate Zilelor Scrisului \u015fi Culturii Slave. La data de 24 mai, comunitatea slav\u0103 din \u00eentreaga lume, inclusiv din Republica Moldova, celebreaz\u0103 fondatorii alfabetului chirilic \u2014 Sfin\u0163ii Kirill \u015fi Metodiu, care au tradus Sf\u00e2nta Scriptur\u0103 \u00een [&hellip;]<\/p>\n","protected":false},"author":4,"featured_media":13356,"comment_status":"closed","ping_status":"closed","sticky":false,"template":"","format":"standard","meta":{"footnotes":""},"categories":[6349],"tags":[],"class_list":["post-13355","post","type-post","status-publish","format-standard","has-post-thumbnail","hentry","category-social"],"yoast_head":"<!-- This site is optimized with the Yoast SEO plugin v27.4 - https:\/\/yoast.com\/product\/yoast-seo-wordpress\/ -->\n<title>\u00ceN MOLDOVA ARE LOC INAUGURAREA FESTIV\u0102 A ZILELOR SCRISULUI \u015eI CULTURII SLAVE - BTV<\/title>\n<meta name=\"robots\" content=\"index, follow, max-snippet:-1, max-image-preview:large, max-video-preview:-1\" \/>\n<link rel=\"canonical\" href=\"https:\/\/www.btv.md\/ro\/in-moldova-are-loc-inaugurarea-festiva-a-zilelor-scrisului-si-culturii-slave\/\" \/>\n<meta property=\"og:locale\" content=\"ro_RO\" \/>\n<meta property=\"og:type\" content=\"article\" \/>\n<meta property=\"og:title\" content=\"\u00ceN MOLDOVA ARE LOC INAUGURAREA FESTIV\u0102 A ZILELOR SCRISULUI \u015eI CULTURII SLAVE - BTV\" \/>\n<meta property=\"og:description\" content=\"P\u00e2n\u0103 la 29 mai, \u00een mai multe ora\u015fe \u015fi sate din \u0163ar\u0103 se vor desf\u0103\u015fura o serie de ac\u0163iuni culturale consacrate Zilelor Scrisului \u015fi Culturii Slave. La data de 24 mai, comunitatea slav\u0103 din \u00eentreaga lume, inclusiv din Republica Moldova, celebreaz\u0103 fondatorii alfabetului chirilic \u2014 Sfin\u0163ii Kirill \u015fi Metodiu, care au tradus Sf\u00e2nta Scriptur\u0103 \u00een [&hellip;]\" \/>\n<meta property=\"og:url\" content=\"https:\/\/www.btv.md\/ro\/in-moldova-are-loc-inaugurarea-festiva-a-zilelor-scrisului-si-culturii-slave\/\" \/>\n<meta property=\"og:site_name\" content=\"BTV\" \/>\n<meta property=\"article:publisher\" content=\"https:\/\/www.facebook.com\/btvmoldova\/\" \/>\n<meta property=\"article:published_time\" content=\"2016-05-24T11:25:50+00:00\" \/>\n<meta property=\"og:image\" content=\"https:\/\/www.btv.md\/wp-content\/uploads\/2016\/05\/296639.jpg\" \/>\n\t<meta property=\"og:image:width\" content=\"1000\" \/>\n\t<meta property=\"og:image:height\" content=\"541\" \/>\n\t<meta property=\"og:image:type\" content=\"image\/jpeg\" \/>\n<meta name=\"author\" content=\"admin\" \/>\n<meta name=\"twitter:label1\" content=\"Scris de\" \/>\n\t<meta name=\"twitter:data1\" content=\"admin\" \/>\n\t<meta name=\"twitter:label2\" content=\"Timp estimat pentru citire\" \/>\n\t<meta name=\"twitter:data2\" content=\"1 minut\" \/>\n<script type=\"application\/ld+json\" class=\"yoast-schema-graph\">{\"@context\":\"https:\\\/\\\/schema.org\",\"@graph\":[{\"@type\":\"Article\",\"@id\":\"https:\\\/\\\/www.btv.md\\\/ro\\\/in-moldova-are-loc-inaugurarea-festiva-a-zilelor-scrisului-si-culturii-slave\\\/#article\",\"isPartOf\":{\"@id\":\"https:\\\/\\\/www.btv.md\\\/ro\\\/in-moldova-are-loc-inaugurarea-festiva-a-zilelor-scrisului-si-culturii-slave\\\/\"},\"author\":{\"name\":\"admin\",\"@id\":\"https:\\\/\\\/www.btv.md\\\/#\\\/schema\\\/person\\\/8fadce81561b3ce2c34c46dadc4ccbf2\"},\"headline\":\"\u00ceN MOLDOVA ARE LOC INAUGURAREA FESTIV\u0102 A ZILELOR SCRISULUI \u015eI CULTURII SLAVE\",\"datePublished\":\"2016-05-24T11:25:50+00:00\",\"mainEntityOfPage\":{\"@id\":\"https:\\\/\\\/www.btv.md\\\/ro\\\/in-moldova-are-loc-inaugurarea-festiva-a-zilelor-scrisului-si-culturii-slave\\\/\"},\"wordCount\":310,\"image\":{\"@id\":\"https:\\\/\\\/www.btv.md\\\/ro\\\/in-moldova-are-loc-inaugurarea-festiva-a-zilelor-scrisului-si-culturii-slave\\\/#primaryimage\"},\"thumbnailUrl\":\"https:\\\/\\\/www.btv.md\\\/wp-content\\\/uploads\\\/2016\\\/05\\\/296639.jpg\",\"articleSection\":[\"Social\"],\"inLanguage\":\"ro-RO\"},{\"@type\":\"WebPage\",\"@id\":\"https:\\\/\\\/www.btv.md\\\/ro\\\/in-moldova-are-loc-inaugurarea-festiva-a-zilelor-scrisului-si-culturii-slave\\\/\",\"url\":\"https:\\\/\\\/www.btv.md\\\/ro\\\/in-moldova-are-loc-inaugurarea-festiva-a-zilelor-scrisului-si-culturii-slave\\\/\",\"name\":\"\u00ceN MOLDOVA ARE LOC INAUGURAREA FESTIV\u0102 A ZILELOR SCRISULUI \u015eI CULTURII SLAVE - BTV\",\"isPartOf\":{\"@id\":\"https:\\\/\\\/www.btv.md\\\/#website\"},\"primaryImageOfPage\":{\"@id\":\"https:\\\/\\\/www.btv.md\\\/ro\\\/in-moldova-are-loc-inaugurarea-festiva-a-zilelor-scrisului-si-culturii-slave\\\/#primaryimage\"},\"image\":{\"@id\":\"https:\\\/\\\/www.btv.md\\\/ro\\\/in-moldova-are-loc-inaugurarea-festiva-a-zilelor-scrisului-si-culturii-slave\\\/#primaryimage\"},\"thumbnailUrl\":\"https:\\\/\\\/www.btv.md\\\/wp-content\\\/uploads\\\/2016\\\/05\\\/296639.jpg\",\"datePublished\":\"2016-05-24T11:25:50+00:00\",\"author\":{\"@id\":\"https:\\\/\\\/www.btv.md\\\/#\\\/schema\\\/person\\\/8fadce81561b3ce2c34c46dadc4ccbf2\"},\"inLanguage\":\"ro-RO\",\"potentialAction\":[{\"@type\":\"ReadAction\",\"target\":[\"https:\\\/\\\/www.btv.md\\\/ro\\\/in-moldova-are-loc-inaugurarea-festiva-a-zilelor-scrisului-si-culturii-slave\\\/\"]}]},{\"@type\":\"ImageObject\",\"inLanguage\":\"ro-RO\",\"@id\":\"https:\\\/\\\/www.btv.md\\\/ro\\\/in-moldova-are-loc-inaugurarea-festiva-a-zilelor-scrisului-si-culturii-slave\\\/#primaryimage\",\"url\":\"https:\\\/\\\/www.btv.md\\\/wp-content\\\/uploads\\\/2016\\\/05\\\/296639.jpg\",\"contentUrl\":\"https:\\\/\\\/www.btv.md\\\/wp-content\\\/uploads\\\/2016\\\/05\\\/296639.jpg\",\"width\":1000,\"height\":541},{\"@type\":\"WebSite\",\"@id\":\"https:\\\/\\\/www.btv.md\\\/#website\",\"url\":\"https:\\\/\\\/www.btv.md\\\/\",\"name\":\"BTV\",\"description\":\"\u0411\u0435\u043b\u044c\u0446\u043a\u043e\u0435 \u0442\u0435\u043b\u0435\u0432\u0438\u0434\u0435\u043d\u0438\u0435\",\"potentialAction\":[{\"@type\":\"SearchAction\",\"target\":{\"@type\":\"EntryPoint\",\"urlTemplate\":\"https:\\\/\\\/www.btv.md\\\/?s={search_term_string}\"},\"query-input\":{\"@type\":\"PropertyValueSpecification\",\"valueRequired\":true,\"valueName\":\"search_term_string\"}}],\"inLanguage\":\"ro-RO\"},{\"@type\":\"Person\",\"@id\":\"https:\\\/\\\/www.btv.md\\\/#\\\/schema\\\/person\\\/8fadce81561b3ce2c34c46dadc4ccbf2\",\"name\":\"admin\"}]}<\/script>\n<!-- \/ Yoast SEO plugin. -->","yoast_head_json":{"title":"\u00ceN MOLDOVA ARE LOC INAUGURAREA FESTIV\u0102 A ZILELOR SCRISULUI \u015eI CULTURII SLAVE - BTV","robots":{"index":"index","follow":"follow","max-snippet":"max-snippet:-1","max-image-preview":"max-image-preview:large","max-video-preview":"max-video-preview:-1"},"canonical":"https:\/\/www.btv.md\/ro\/in-moldova-are-loc-inaugurarea-festiva-a-zilelor-scrisului-si-culturii-slave\/","og_locale":"ro_RO","og_type":"article","og_title":"\u00ceN MOLDOVA ARE LOC INAUGURAREA FESTIV\u0102 A ZILELOR SCRISULUI \u015eI CULTURII SLAVE - BTV","og_description":"P\u00e2n\u0103 la 29 mai, \u00een mai multe ora\u015fe \u015fi sate din \u0163ar\u0103 se vor desf\u0103\u015fura o serie de ac\u0163iuni culturale consacrate Zilelor Scrisului \u015fi Culturii Slave. La data de 24 mai, comunitatea slav\u0103 din \u00eentreaga lume, inclusiv din Republica Moldova, celebreaz\u0103 fondatorii alfabetului chirilic \u2014 Sfin\u0163ii Kirill \u015fi Metodiu, care au tradus Sf\u00e2nta Scriptur\u0103 \u00een [&hellip;]","og_url":"https:\/\/www.btv.md\/ro\/in-moldova-are-loc-inaugurarea-festiva-a-zilelor-scrisului-si-culturii-slave\/","og_site_name":"BTV","article_publisher":"https:\/\/www.facebook.com\/btvmoldova\/","article_published_time":"2016-05-24T11:25:50+00:00","og_image":[{"width":1000,"height":541,"url":"https:\/\/www.btv.md\/wp-content\/uploads\/2016\/05\/296639.jpg","type":"image\/jpeg"}],"author":"admin","twitter_misc":{"Scris de":"admin","Timp estimat pentru citire":"1 minut"},"schema":{"@context":"https:\/\/schema.org","@graph":[{"@type":"Article","@id":"https:\/\/www.btv.md\/ro\/in-moldova-are-loc-inaugurarea-festiva-a-zilelor-scrisului-si-culturii-slave\/#article","isPartOf":{"@id":"https:\/\/www.btv.md\/ro\/in-moldova-are-loc-inaugurarea-festiva-a-zilelor-scrisului-si-culturii-slave\/"},"author":{"name":"admin","@id":"https:\/\/www.btv.md\/#\/schema\/person\/8fadce81561b3ce2c34c46dadc4ccbf2"},"headline":"\u00ceN MOLDOVA ARE LOC INAUGURAREA FESTIV\u0102 A ZILELOR SCRISULUI \u015eI CULTURII SLAVE","datePublished":"2016-05-24T11:25:50+00:00","mainEntityOfPage":{"@id":"https:\/\/www.btv.md\/ro\/in-moldova-are-loc-inaugurarea-festiva-a-zilelor-scrisului-si-culturii-slave\/"},"wordCount":310,"image":{"@id":"https:\/\/www.btv.md\/ro\/in-moldova-are-loc-inaugurarea-festiva-a-zilelor-scrisului-si-culturii-slave\/#primaryimage"},"thumbnailUrl":"https:\/\/www.btv.md\/wp-content\/uploads\/2016\/05\/296639.jpg","articleSection":["Social"],"inLanguage":"ro-RO"},{"@type":"WebPage","@id":"https:\/\/www.btv.md\/ro\/in-moldova-are-loc-inaugurarea-festiva-a-zilelor-scrisului-si-culturii-slave\/","url":"https:\/\/www.btv.md\/ro\/in-moldova-are-loc-inaugurarea-festiva-a-zilelor-scrisului-si-culturii-slave\/","name":"\u00ceN MOLDOVA ARE LOC INAUGURAREA FESTIV\u0102 A ZILELOR SCRISULUI \u015eI CULTURII SLAVE - BTV","isPartOf":{"@id":"https:\/\/www.btv.md\/#website"},"primaryImageOfPage":{"@id":"https:\/\/www.btv.md\/ro\/in-moldova-are-loc-inaugurarea-festiva-a-zilelor-scrisului-si-culturii-slave\/#primaryimage"},"image":{"@id":"https:\/\/www.btv.md\/ro\/in-moldova-are-loc-inaugurarea-festiva-a-zilelor-scrisului-si-culturii-slave\/#primaryimage"},"thumbnailUrl":"https:\/\/www.btv.md\/wp-content\/uploads\/2016\/05\/296639.jpg","datePublished":"2016-05-24T11:25:50+00:00","author":{"@id":"https:\/\/www.btv.md\/#\/schema\/person\/8fadce81561b3ce2c34c46dadc4ccbf2"},"inLanguage":"ro-RO","potentialAction":[{"@type":"ReadAction","target":["https:\/\/www.btv.md\/ro\/in-moldova-are-loc-inaugurarea-festiva-a-zilelor-scrisului-si-culturii-slave\/"]}]},{"@type":"ImageObject","inLanguage":"ro-RO","@id":"https:\/\/www.btv.md\/ro\/in-moldova-are-loc-inaugurarea-festiva-a-zilelor-scrisului-si-culturii-slave\/#primaryimage","url":"https:\/\/www.btv.md\/wp-content\/uploads\/2016\/05\/296639.jpg","contentUrl":"https:\/\/www.btv.md\/wp-content\/uploads\/2016\/05\/296639.jpg","width":1000,"height":541},{"@type":"WebSite","@id":"https:\/\/www.btv.md\/#website","url":"https:\/\/www.btv.md\/","name":"BTV","description":"\u0411\u0435\u043b\u044c\u0446\u043a\u043e\u0435 \u0442\u0435\u043b\u0435\u0432\u0438\u0434\u0435\u043d\u0438\u0435","potentialAction":[{"@type":"SearchAction","target":{"@type":"EntryPoint","urlTemplate":"https:\/\/www.btv.md\/?s={search_term_string}"},"query-input":{"@type":"PropertyValueSpecification","valueRequired":true,"valueName":"search_term_string"}}],"inLanguage":"ro-RO"},{"@type":"Person","@id":"https:\/\/www.btv.md\/#\/schema\/person\/8fadce81561b3ce2c34c46dadc4ccbf2","name":"admin"}]}},"_links":{"self":[{"href":"https:\/\/www.btv.md\/ro\/wp-json\/wp\/v2\/posts\/13355","targetHints":{"allow":["GET"]}}],"collection":[{"href":"https:\/\/www.btv.md\/ro\/wp-json\/wp\/v2\/posts"}],"about":[{"href":"https:\/\/www.btv.md\/ro\/wp-json\/wp\/v2\/types\/post"}],"author":[{"embeddable":true,"href":"https:\/\/www.btv.md\/ro\/wp-json\/wp\/v2\/users\/4"}],"replies":[{"embeddable":true,"href":"https:\/\/www.btv.md\/ro\/wp-json\/wp\/v2\/comments?post=13355"}],"version-history":[{"count":0,"href":"https:\/\/www.btv.md\/ro\/wp-json\/wp\/v2\/posts\/13355\/revisions"}],"wp:featuredmedia":[{"embeddable":true,"href":"https:\/\/www.btv.md\/ro\/wp-json\/wp\/v2\/media\/13356"}],"wp:attachment":[{"href":"https:\/\/www.btv.md\/ro\/wp-json\/wp\/v2\/media?parent=13355"}],"wp:term":[{"taxonomy":"category","embeddable":true,"href":"https:\/\/www.btv.md\/ro\/wp-json\/wp\/v2\/categories?post=13355"},{"taxonomy":"post_tag","embeddable":true,"href":"https:\/\/www.btv.md\/ro\/wp-json\/wp\/v2\/tags?post=13355"}],"curies":[{"name":"wp","href":"https:\/\/api.w.org\/{rel}","templated":true}]}}