{"id":13358,"date":"2016-05-24T14:30:03","date_gmt":"2016-05-24T11:30:03","guid":{"rendered":"http:\/\/btv.md\/?p=13358"},"modified":"2016-05-24T14:30:03","modified_gmt":"2016-05-24T11:30:03","slug":"demnitarii-de-stat-ar-putea-ramane-fara-vile-de-lux","status":"publish","type":"post","link":"https:\/\/www.btv.md\/ro\/demnitarii-de-stat-ar-putea-ramane-fara-vile-de-lux\/","title":{"rendered":"DEMNITARII DE STAT AR PUTEA R\u0102M\u00c2NE F\u0102R\u0102 VILE DE LUX"},"content":{"rendered":"<p><strong>Deputatul Partidului Liberal Democrat din Moldova, Grigore Cobzac, a \u00eenregistrat la Biroul Permanent al Parlamentului un proiect de lege care prevede privatizarea \u00ce.S. \u201ePensiunea din Holercani\u201d, aflat\u0103 la bilan\u0163ul Cancelariei de Stat.<\/strong><\/p>\n<p>Dup\u0103 cum relateaz\u0103 TRIBUNA, Grigore Cobzac men\u0163ioneaz\u0103 \u00een nota informativ\u0103 a ini\u0163iativei legislative c\u0103 nu exist\u0103 argumente conving\u0103toare pentru a men\u0163ine acest patrimoniu \u00een proprietatea statului, preciz\u00eend c\u0103, din contra, din punct de vedere economic, \u00eentreprinderea \u00eenregistreaz\u0103 pierderi financiare.<\/p>\n<p>\u201e<em>Pentru anii 2012 \u2013 2015 costurile de \u00eentre\u0163inere, inclusiv moderniz\u0103ri \u015fi repara\u0163ii, au constituit peste 25 de milioabe de leo . Acoperirea acestor cheltuieli din alte surse dec\u00e2t banii publici au fost \u00een m\u0103rime de 5 823 200 lei. Diferen\u0163a de 19 444 500 lei s-a finan\u0163at din bugetul de stat \u015fi din contractele de comodat \u015fi servicii cu plat\u0103 acordate Pre\u015fedin\u0163iei RM, Guvernului, Parlamentului, B\u0103ncii Na\u0163ionale, Procuraturii Generale, Serviciului de Protec\u0163ie \u015fi Paz\u0103 de Stat, Serviciului Vamal, Cancelariei de Stat, Academiei de \u015etiin\u0163e a Moldovei \u015fi separat a tuturor ministerelor din Guvern<\/em>\u201d, scrie deputatul \u00een nota informativ\u0103.<\/p>\n<p>Liberal-democratul puncteaz\u0103 c\u0103 nu exist\u0103 justific\u0103ri \u00een favoarea cheltuielilor din banii publici, \u201e<em>iar dac\u0103 serviciile procurate s\u00eent pentru angaja\u0163ii institu\u0163iilor publice respective, atunci acestea s\u00eent ilegale<\/em>\u201d. Grigore Cobzac este de p\u0103rere c\u0103 \u201e<em>procurarea serviciilor de protocol nu este ra\u0163ional\u0103, mai ales \u00een condi\u0163ii de criz\u0103<\/em>\u201d.<\/p>\n<p>\u201e<em>Implementarea legii propuse va exclude alocarea banilor publici pentru activit\u0103\u0163i mai pu\u0163in prioritare, iar statul va fi scutit de activit\u0103\u0163i ce nu \u00eei s\u00eent fire\u015fti, cele de business<\/em>\u201d, noteaz\u0103 el.<\/p>\n<p>\u00cen proiectul de lege se men\u0163ioneaz\u0103 c\u0103 \u00ce.S. \u201ePensiunea din Holercani\u201d nu poate fi v\u00eendut\u0103 ca \u015fi complex patrimonial unic, iar venitul ob\u0163inut din comercializarea imobilelor urmeaz\u0103 s\u0103 fie transferat \u00een Bugetul de stat\u201d.<\/p>\n<p>La bilan\u0163ul \u00ce.S. \u201ePensiunea din Holercani\u201d s\u00eent \u00eenregistrate terenuri cu o suprafa\u0163a de peste 65 de ha, 18 vile, 4 c\u0103su\u0163e, 2 hoteluri, mai multe blocuri administrative \u015fi tehnice.<\/p>\n","protected":false},"excerpt":{"rendered":"<p>Deputatul Partidului Liberal Democrat din Moldova, Grigore Cobzac, a \u00eenregistrat la Biroul Permanent al Parlamentului un proiect de lege care prevede privatizarea \u00ce.S. \u201ePensiunea din Holercani\u201d, aflat\u0103 la bilan\u0163ul Cancelariei de Stat. Dup\u0103 cum relateaz\u0103 TRIBUNA, Grigore Cobzac men\u0163ioneaz\u0103 \u00een nota informativ\u0103 a ini\u0163iativei legislative c\u0103 nu exist\u0103 argumente conving\u0103toare pentru a men\u0163ine acest patrimoniu [&hellip;]<\/p>\n","protected":false},"author":4,"featured_media":13359,"comment_status":"closed","ping_status":"closed","sticky":false,"template":"","format":"standard","meta":{"footnotes":""},"categories":[6349],"tags":[],"class_list":["post-13358","post","type-post","status-publish","format-standard","has-post-thumbnail","hentry","category-social"],"yoast_head":"<!-- This site is optimized with the Yoast SEO plugin v27.4 - https:\/\/yoast.com\/product\/yoast-seo-wordpress\/ -->\n<title>DEMNITARII DE STAT AR PUTEA R\u0102M\u00c2NE F\u0102R\u0102 VILE DE LUX - BTV<\/title>\n<meta name=\"robots\" content=\"index, follow, max-snippet:-1, max-image-preview:large, max-video-preview:-1\" \/>\n<link rel=\"canonical\" href=\"https:\/\/www.btv.md\/ro\/demnitarii-de-stat-ar-putea-ramane-fara-vile-de-lux\/\" \/>\n<meta property=\"og:locale\" content=\"ro_RO\" \/>\n<meta property=\"og:type\" content=\"article\" \/>\n<meta property=\"og:title\" content=\"DEMNITARII DE STAT AR PUTEA R\u0102M\u00c2NE F\u0102R\u0102 VILE DE LUX - BTV\" \/>\n<meta property=\"og:description\" content=\"Deputatul Partidului Liberal Democrat din Moldova, Grigore Cobzac, a \u00eenregistrat la Biroul Permanent al Parlamentului un proiect de lege care prevede privatizarea \u00ce.S. \u201ePensiunea din Holercani\u201d, aflat\u0103 la bilan\u0163ul Cancelariei de Stat. Dup\u0103 cum relateaz\u0103 TRIBUNA, Grigore Cobzac men\u0163ioneaz\u0103 \u00een nota informativ\u0103 a ini\u0163iativei legislative c\u0103 nu exist\u0103 argumente conving\u0103toare pentru a men\u0163ine acest patrimoniu [&hellip;]\" \/>\n<meta property=\"og:url\" content=\"https:\/\/www.btv.md\/ro\/demnitarii-de-stat-ar-putea-ramane-fara-vile-de-lux\/\" \/>\n<meta property=\"og:site_name\" content=\"BTV\" \/>\n<meta property=\"article:publisher\" content=\"https:\/\/www.facebook.com\/btvmoldova\/\" \/>\n<meta property=\"article:published_time\" content=\"2016-05-24T11:30:03+00:00\" \/>\n<meta property=\"og:image\" content=\"https:\/\/www.btv.md\/wp-content\/uploads\/2016\/05\/big-pensiunea-din-holercani-locul-unde-se-odihnesc-demnitarii-moldoveni-ar-putea-fi-privatizata.jpg\" \/>\n\t<meta property=\"og:image:width\" content=\"460\" \/>\n\t<meta property=\"og:image:height\" content=\"270\" \/>\n\t<meta property=\"og:image:type\" content=\"image\/jpeg\" \/>\n<meta name=\"author\" content=\"admin\" \/>\n<meta name=\"twitter:label1\" content=\"Scris de\" \/>\n\t<meta name=\"twitter:data1\" content=\"admin\" \/>\n\t<meta name=\"twitter:label2\" content=\"Timp estimat pentru citire\" \/>\n\t<meta name=\"twitter:data2\" content=\"2 minute\" \/>\n<script type=\"application\/ld+json\" class=\"yoast-schema-graph\">{\"@context\":\"https:\\\/\\\/schema.org\",\"@graph\":[{\"@type\":\"Article\",\"@id\":\"https:\\\/\\\/www.btv.md\\\/ro\\\/demnitarii-de-stat-ar-putea-ramane-fara-vile-de-lux\\\/#article\",\"isPartOf\":{\"@id\":\"https:\\\/\\\/www.btv.md\\\/ro\\\/demnitarii-de-stat-ar-putea-ramane-fara-vile-de-lux\\\/\"},\"author\":{\"name\":\"admin\",\"@id\":\"https:\\\/\\\/www.btv.md\\\/#\\\/schema\\\/person\\\/8fadce81561b3ce2c34c46dadc4ccbf2\"},\"headline\":\"DEMNITARII DE STAT AR PUTEA R\u0102M\u00c2NE F\u0102R\u0102 VILE DE LUX\",\"datePublished\":\"2016-05-24T11:30:03+00:00\",\"mainEntityOfPage\":{\"@id\":\"https:\\\/\\\/www.btv.md\\\/ro\\\/demnitarii-de-stat-ar-putea-ramane-fara-vile-de-lux\\\/\"},\"wordCount\":345,\"image\":{\"@id\":\"https:\\\/\\\/www.btv.md\\\/ro\\\/demnitarii-de-stat-ar-putea-ramane-fara-vile-de-lux\\\/#primaryimage\"},\"thumbnailUrl\":\"https:\\\/\\\/www.btv.md\\\/wp-content\\\/uploads\\\/2016\\\/05\\\/big-pensiunea-din-holercani-locul-unde-se-odihnesc-demnitarii-moldoveni-ar-putea-fi-privatizata.jpg\",\"articleSection\":[\"Social\"],\"inLanguage\":\"ro-RO\"},{\"@type\":\"WebPage\",\"@id\":\"https:\\\/\\\/www.btv.md\\\/ro\\\/demnitarii-de-stat-ar-putea-ramane-fara-vile-de-lux\\\/\",\"url\":\"https:\\\/\\\/www.btv.md\\\/ro\\\/demnitarii-de-stat-ar-putea-ramane-fara-vile-de-lux\\\/\",\"name\":\"DEMNITARII DE STAT AR PUTEA R\u0102M\u00c2NE F\u0102R\u0102 VILE DE LUX - BTV\",\"isPartOf\":{\"@id\":\"https:\\\/\\\/www.btv.md\\\/#website\"},\"primaryImageOfPage\":{\"@id\":\"https:\\\/\\\/www.btv.md\\\/ro\\\/demnitarii-de-stat-ar-putea-ramane-fara-vile-de-lux\\\/#primaryimage\"},\"image\":{\"@id\":\"https:\\\/\\\/www.btv.md\\\/ro\\\/demnitarii-de-stat-ar-putea-ramane-fara-vile-de-lux\\\/#primaryimage\"},\"thumbnailUrl\":\"https:\\\/\\\/www.btv.md\\\/wp-content\\\/uploads\\\/2016\\\/05\\\/big-pensiunea-din-holercani-locul-unde-se-odihnesc-demnitarii-moldoveni-ar-putea-fi-privatizata.jpg\",\"datePublished\":\"2016-05-24T11:30:03+00:00\",\"author\":{\"@id\":\"https:\\\/\\\/www.btv.md\\\/#\\\/schema\\\/person\\\/8fadce81561b3ce2c34c46dadc4ccbf2\"},\"inLanguage\":\"ro-RO\",\"potentialAction\":[{\"@type\":\"ReadAction\",\"target\":[\"https:\\\/\\\/www.btv.md\\\/ro\\\/demnitarii-de-stat-ar-putea-ramane-fara-vile-de-lux\\\/\"]}]},{\"@type\":\"ImageObject\",\"inLanguage\":\"ro-RO\",\"@id\":\"https:\\\/\\\/www.btv.md\\\/ro\\\/demnitarii-de-stat-ar-putea-ramane-fara-vile-de-lux\\\/#primaryimage\",\"url\":\"https:\\\/\\\/www.btv.md\\\/wp-content\\\/uploads\\\/2016\\\/05\\\/big-pensiunea-din-holercani-locul-unde-se-odihnesc-demnitarii-moldoveni-ar-putea-fi-privatizata.jpg\",\"contentUrl\":\"https:\\\/\\\/www.btv.md\\\/wp-content\\\/uploads\\\/2016\\\/05\\\/big-pensiunea-din-holercani-locul-unde-se-odihnesc-demnitarii-moldoveni-ar-putea-fi-privatizata.jpg\",\"width\":460,\"height\":270},{\"@type\":\"WebSite\",\"@id\":\"https:\\\/\\\/www.btv.md\\\/#website\",\"url\":\"https:\\\/\\\/www.btv.md\\\/\",\"name\":\"BTV\",\"description\":\"\u0411\u0435\u043b\u044c\u0446\u043a\u043e\u0435 \u0442\u0435\u043b\u0435\u0432\u0438\u0434\u0435\u043d\u0438\u0435\",\"potentialAction\":[{\"@type\":\"SearchAction\",\"target\":{\"@type\":\"EntryPoint\",\"urlTemplate\":\"https:\\\/\\\/www.btv.md\\\/?s={search_term_string}\"},\"query-input\":{\"@type\":\"PropertyValueSpecification\",\"valueRequired\":true,\"valueName\":\"search_term_string\"}}],\"inLanguage\":\"ro-RO\"},{\"@type\":\"Person\",\"@id\":\"https:\\\/\\\/www.btv.md\\\/#\\\/schema\\\/person\\\/8fadce81561b3ce2c34c46dadc4ccbf2\",\"name\":\"admin\"}]}<\/script>\n<!-- \/ Yoast SEO plugin. -->","yoast_head_json":{"title":"DEMNITARII DE STAT AR PUTEA R\u0102M\u00c2NE F\u0102R\u0102 VILE DE LUX - BTV","robots":{"index":"index","follow":"follow","max-snippet":"max-snippet:-1","max-image-preview":"max-image-preview:large","max-video-preview":"max-video-preview:-1"},"canonical":"https:\/\/www.btv.md\/ro\/demnitarii-de-stat-ar-putea-ramane-fara-vile-de-lux\/","og_locale":"ro_RO","og_type":"article","og_title":"DEMNITARII DE STAT AR PUTEA R\u0102M\u00c2NE F\u0102R\u0102 VILE DE LUX - BTV","og_description":"Deputatul Partidului Liberal Democrat din Moldova, Grigore Cobzac, a \u00eenregistrat la Biroul Permanent al Parlamentului un proiect de lege care prevede privatizarea \u00ce.S. \u201ePensiunea din Holercani\u201d, aflat\u0103 la bilan\u0163ul Cancelariei de Stat. Dup\u0103 cum relateaz\u0103 TRIBUNA, Grigore Cobzac men\u0163ioneaz\u0103 \u00een nota informativ\u0103 a ini\u0163iativei legislative c\u0103 nu exist\u0103 argumente conving\u0103toare pentru a men\u0163ine acest patrimoniu [&hellip;]","og_url":"https:\/\/www.btv.md\/ro\/demnitarii-de-stat-ar-putea-ramane-fara-vile-de-lux\/","og_site_name":"BTV","article_publisher":"https:\/\/www.facebook.com\/btvmoldova\/","article_published_time":"2016-05-24T11:30:03+00:00","og_image":[{"width":460,"height":270,"url":"https:\/\/www.btv.md\/wp-content\/uploads\/2016\/05\/big-pensiunea-din-holercani-locul-unde-se-odihnesc-demnitarii-moldoveni-ar-putea-fi-privatizata.jpg","type":"image\/jpeg"}],"author":"admin","twitter_misc":{"Scris de":"admin","Timp estimat pentru citire":"2 minute"},"schema":{"@context":"https:\/\/schema.org","@graph":[{"@type":"Article","@id":"https:\/\/www.btv.md\/ro\/demnitarii-de-stat-ar-putea-ramane-fara-vile-de-lux\/#article","isPartOf":{"@id":"https:\/\/www.btv.md\/ro\/demnitarii-de-stat-ar-putea-ramane-fara-vile-de-lux\/"},"author":{"name":"admin","@id":"https:\/\/www.btv.md\/#\/schema\/person\/8fadce81561b3ce2c34c46dadc4ccbf2"},"headline":"DEMNITARII DE STAT AR PUTEA R\u0102M\u00c2NE F\u0102R\u0102 VILE DE LUX","datePublished":"2016-05-24T11:30:03+00:00","mainEntityOfPage":{"@id":"https:\/\/www.btv.md\/ro\/demnitarii-de-stat-ar-putea-ramane-fara-vile-de-lux\/"},"wordCount":345,"image":{"@id":"https:\/\/www.btv.md\/ro\/demnitarii-de-stat-ar-putea-ramane-fara-vile-de-lux\/#primaryimage"},"thumbnailUrl":"https:\/\/www.btv.md\/wp-content\/uploads\/2016\/05\/big-pensiunea-din-holercani-locul-unde-se-odihnesc-demnitarii-moldoveni-ar-putea-fi-privatizata.jpg","articleSection":["Social"],"inLanguage":"ro-RO"},{"@type":"WebPage","@id":"https:\/\/www.btv.md\/ro\/demnitarii-de-stat-ar-putea-ramane-fara-vile-de-lux\/","url":"https:\/\/www.btv.md\/ro\/demnitarii-de-stat-ar-putea-ramane-fara-vile-de-lux\/","name":"DEMNITARII DE STAT AR PUTEA R\u0102M\u00c2NE F\u0102R\u0102 VILE DE LUX - BTV","isPartOf":{"@id":"https:\/\/www.btv.md\/#website"},"primaryImageOfPage":{"@id":"https:\/\/www.btv.md\/ro\/demnitarii-de-stat-ar-putea-ramane-fara-vile-de-lux\/#primaryimage"},"image":{"@id":"https:\/\/www.btv.md\/ro\/demnitarii-de-stat-ar-putea-ramane-fara-vile-de-lux\/#primaryimage"},"thumbnailUrl":"https:\/\/www.btv.md\/wp-content\/uploads\/2016\/05\/big-pensiunea-din-holercani-locul-unde-se-odihnesc-demnitarii-moldoveni-ar-putea-fi-privatizata.jpg","datePublished":"2016-05-24T11:30:03+00:00","author":{"@id":"https:\/\/www.btv.md\/#\/schema\/person\/8fadce81561b3ce2c34c46dadc4ccbf2"},"inLanguage":"ro-RO","potentialAction":[{"@type":"ReadAction","target":["https:\/\/www.btv.md\/ro\/demnitarii-de-stat-ar-putea-ramane-fara-vile-de-lux\/"]}]},{"@type":"ImageObject","inLanguage":"ro-RO","@id":"https:\/\/www.btv.md\/ro\/demnitarii-de-stat-ar-putea-ramane-fara-vile-de-lux\/#primaryimage","url":"https:\/\/www.btv.md\/wp-content\/uploads\/2016\/05\/big-pensiunea-din-holercani-locul-unde-se-odihnesc-demnitarii-moldoveni-ar-putea-fi-privatizata.jpg","contentUrl":"https:\/\/www.btv.md\/wp-content\/uploads\/2016\/05\/big-pensiunea-din-holercani-locul-unde-se-odihnesc-demnitarii-moldoveni-ar-putea-fi-privatizata.jpg","width":460,"height":270},{"@type":"WebSite","@id":"https:\/\/www.btv.md\/#website","url":"https:\/\/www.btv.md\/","name":"BTV","description":"\u0411\u0435\u043b\u044c\u0446\u043a\u043e\u0435 \u0442\u0435\u043b\u0435\u0432\u0438\u0434\u0435\u043d\u0438\u0435","potentialAction":[{"@type":"SearchAction","target":{"@type":"EntryPoint","urlTemplate":"https:\/\/www.btv.md\/?s={search_term_string}"},"query-input":{"@type":"PropertyValueSpecification","valueRequired":true,"valueName":"search_term_string"}}],"inLanguage":"ro-RO"},{"@type":"Person","@id":"https:\/\/www.btv.md\/#\/schema\/person\/8fadce81561b3ce2c34c46dadc4ccbf2","name":"admin"}]}},"_links":{"self":[{"href":"https:\/\/www.btv.md\/ro\/wp-json\/wp\/v2\/posts\/13358","targetHints":{"allow":["GET"]}}],"collection":[{"href":"https:\/\/www.btv.md\/ro\/wp-json\/wp\/v2\/posts"}],"about":[{"href":"https:\/\/www.btv.md\/ro\/wp-json\/wp\/v2\/types\/post"}],"author":[{"embeddable":true,"href":"https:\/\/www.btv.md\/ro\/wp-json\/wp\/v2\/users\/4"}],"replies":[{"embeddable":true,"href":"https:\/\/www.btv.md\/ro\/wp-json\/wp\/v2\/comments?post=13358"}],"version-history":[{"count":0,"href":"https:\/\/www.btv.md\/ro\/wp-json\/wp\/v2\/posts\/13358\/revisions"}],"wp:featuredmedia":[{"embeddable":true,"href":"https:\/\/www.btv.md\/ro\/wp-json\/wp\/v2\/media\/13359"}],"wp:attachment":[{"href":"https:\/\/www.btv.md\/ro\/wp-json\/wp\/v2\/media?parent=13358"}],"wp:term":[{"taxonomy":"category","embeddable":true,"href":"https:\/\/www.btv.md\/ro\/wp-json\/wp\/v2\/categories?post=13358"},{"taxonomy":"post_tag","embeddable":true,"href":"https:\/\/www.btv.md\/ro\/wp-json\/wp\/v2\/tags?post=13358"}],"curies":[{"name":"wp","href":"https:\/\/api.w.org\/{rel}","templated":true}]}}