{"id":13387,"date":"2016-05-24T16:48:36","date_gmt":"2016-05-24T13:48:36","guid":{"rendered":"http:\/\/btv.md\/?p=13387"},"modified":"2016-05-25T12:24:37","modified_gmt":"2016-05-25T09:24:37","slug":"festivalului-de-muzica-clasica-george-enescu-la-balti","status":"publish","type":"post","link":"https:\/\/www.btv.md\/ro\/festivalului-de-muzica-clasica-george-enescu-la-balti\/","title":{"rendered":"FESTIVALULUI  DE  MUZIC\u0102  CLASIC\u0102 \u201e GEORGE ENESCU\u201d, LA B\u0102L\u021aI"},"content":{"rendered":"<p><strong>Zeci de tineri din nordul \u021b\u0103rii \u0219i-au etalat m\u0103iestria \u00een  domeniul muzicii clasice  \u00een cadrul celei de-a  treia edi\u021bie a Festivalului-Concurs Interna\u021bional &#8222;George Enescu&#8221;.  Concurs care s-a desf\u0103\u0219urat, s\u00e2mb\u0103t\u0103, 21 mai, \u00een incinta Universit\u0103\u021bii  de Stat &#8222;Alecu Russo&#8221; din municipiul B\u0103l\u021bi. Potrivit organizatorilor, evenimentul are drept obiectiv at\u00e2t valorificarea crea\u021biei marelui compozitor George Enescu c\u00e2t  \u0219i stimularea creativit\u0103\u021bii tinerilor interpre\u021bi.<\/strong><\/p>\n<p>Arion Burlacu are 13 ani \u0219i a ob\u021binut premiul mare la sec\u021biunea vioara  \u00een cadrul Festivalului \u2013Concurs  Interna\u021bional \u201e George Enescu\u201d. B\u0103iatul spune c\u0103 de la \u00eenceput a avut emo\u021bii \u00eens\u0103 acestea au fost date peste cap  dup\u0103 primele acorduri de vioar\u0103.<\/p>\n<p>O alt\u0103 c\u00e2\u0219tig\u0103toare a premiului mare a fost Versavia Ghele\u021bcaia. T\u00e2n\u0103ra spune c\u0103 de la 8 ani \u00eenceput s\u0103 ia lec\u021bii de vioar\u0103 iar dragostea pentru acest instrument a mo\u0219tenit-o de la soara sa mai mare. <\/p>\n<p>Profesorii de muzic\u0103 spun c\u0103 gra\u021bie unei munci asidue discipolii lor au ob\u021binut rezultate remarcabile.<\/p>\n<p>Cei peste o sut\u0103 de elevii \u00eenscri\u0219i \u00een concurs au fost juriza\u021bi de c\u0103tre personalit\u0103\u021bi notorii din \u00eenv\u0103\u021b\u0103m\u00e2ntul artistic din Rom\u00e2nia \u0219i Republica Moldova. Ace\u0219tia spun c\u0103 au r\u0103mas \u00eenc\u00e2nta\u021bi de presta\u021bia tinerilor talente.<\/p>\n<p>\u015eefa Catedrei de arte \u015fi educa\u0163ie artistic\u0103  Margareta Tetelea, a ad\u0103ugat c\u0103 acest eveniment  reprezint\u0103 o manifestare cultural-artistic\u0103 de amploare care promoveaz\u0103 valorile muzicii  clasice na\u021bionale.<\/p>\n<p>Directorul Direc\u021biei Rom\u00e2nii din Afara Grani\u021bei, Radu Baltasiu a men\u021bionat c\u0103 Institutul Cultural Rom\u00e2n i-a asigurat pe laurea\u021bi cu premii b\u0103ne\u0219ti, sus\u021bin\u00e2nd astfel mi\u0219carea cultural\u0103 rom\u00e2neasc\u0103.<\/p>\n<p>Men\u021bion\u0103m c\u0103 Centrul de Cultur\u0103 \u0219i Art\u0103 Filarmonica pentru copii al Universit\u0103\u021bii de Stat \u201eAlecu Russo&#8221; din B\u0103l\u021bi, \u00een colaborare cu \u0218coala de Muzic\u0103 \u201eGeorge Enescu&#8221;, organizeaz\u0103, \u00eencep\u00e2nd din anul 2006, Festivalul &#8211; Concurs \u201eGeorge Enescu&#8221;, o dat\u0103 la 5 ani, anul acesta av\u00e2nd loc cea de-a treia edi\u021bie. Evenimentul se va desf\u0103\u0219ura \u00een dou\u0103 etape: \u00een luna mai a avut  loc Concursul tinerilor interpre\u021bi, iar \u00een luna septembrie, Festivalul, cu un program amplu de valorificare a crea\u021biei lui George Enescu. <\/p>\n<p><iframe width=\"420\" height=\"315\" data-src=\"https:\/\/www.youtube.com\/embed\/UyxQN094WcA\" frameborder=\"0\" allowfullscreen src=\"data:image\/svg+xml;base64,PHN2ZyB3aWR0aD0iMSIgaGVpZ2h0PSIxIiB4bWxucz0iaHR0cDovL3d3dy53My5vcmcvMjAwMC9zdmciPjwvc3ZnPg==\" class=\"lazyload\" data-load-mode=\"1\"><\/iframe><\/p>\n","protected":false},"excerpt":{"rendered":"<p>Zeci de tineri din nordul \u021b\u0103rii \u0219i-au etalat m\u0103iestria \u00een domeniul muzicii clasice \u00een cadrul celei de-a treia edi\u021bie a Festivalului-Concurs Interna\u021bional &#8222;George Enescu&#8221;. Concurs care s-a desf\u0103\u0219urat, s\u00e2mb\u0103t\u0103, 21 mai, \u00een incinta Universit\u0103\u021bii de Stat &#8222;Alecu Russo&#8221; din municipiul B\u0103l\u021bi. Potrivit organizatorilor, evenimentul are drept obiectiv at\u00e2t valorificarea crea\u021biei marelui compozitor George Enescu c\u00e2t [&hellip;]<\/p>\n","protected":false},"author":4,"featured_media":13388,"comment_status":"closed","ping_status":"closed","sticky":false,"template":"","format":"standard","meta":{"footnotes":""},"categories":[6353],"tags":[],"class_list":["post-13387","post","type-post","status-publish","format-standard","has-post-thumbnail","hentry","category-oras"],"yoast_head":"<!-- This site is optimized with the Yoast SEO plugin v27.4 - https:\/\/yoast.com\/product\/yoast-seo-wordpress\/ -->\n<title>FESTIVALULUI DE MUZIC\u0102 CLASIC\u0102 \u201e GEORGE ENESCU\u201d, LA B\u0102L\u021aI - BTV<\/title>\n<meta name=\"robots\" content=\"index, follow, max-snippet:-1, max-image-preview:large, max-video-preview:-1\" \/>\n<link rel=\"canonical\" href=\"https:\/\/www.btv.md\/ro\/festivalului-de-muzica-clasica-george-enescu-la-balti\/\" \/>\n<meta property=\"og:locale\" content=\"ro_RO\" \/>\n<meta property=\"og:type\" content=\"article\" \/>\n<meta property=\"og:title\" content=\"FESTIVALULUI DE MUZIC\u0102 CLASIC\u0102 \u201e GEORGE ENESCU\u201d, LA B\u0102L\u021aI - BTV\" \/>\n<meta property=\"og:description\" content=\"Zeci de tineri din nordul \u021b\u0103rii \u0219i-au etalat m\u0103iestria \u00een domeniul muzicii clasice \u00een cadrul celei de-a treia edi\u021bie a Festivalului-Concurs Interna\u021bional &#8222;George Enescu&#8221;. Concurs care s-a desf\u0103\u0219urat, s\u00e2mb\u0103t\u0103, 21 mai, \u00een incinta Universit\u0103\u021bii de Stat &#8222;Alecu Russo&#8221; din municipiul B\u0103l\u021bi. Potrivit organizatorilor, evenimentul are drept obiectiv at\u00e2t valorificarea crea\u021biei marelui compozitor George Enescu c\u00e2t [&hellip;]\" \/>\n<meta property=\"og:url\" content=\"https:\/\/www.btv.md\/ro\/festivalului-de-muzica-clasica-george-enescu-la-balti\/\" \/>\n<meta property=\"og:site_name\" content=\"BTV\" \/>\n<meta property=\"article:publisher\" content=\"https:\/\/www.facebook.com\/btvmoldova\/\" \/>\n<meta property=\"article:published_time\" content=\"2016-05-24T13:48:36+00:00\" \/>\n<meta property=\"article:modified_time\" content=\"2016-05-25T09:24:37+00:00\" \/>\n<meta property=\"og:image\" content=\"https:\/\/www.btv.md\/wp-content\/uploads\/2016\/05\/enecsu.png\" \/>\n\t<meta property=\"og:image:width\" content=\"1013\" \/>\n\t<meta property=\"og:image:height\" content=\"519\" \/>\n\t<meta property=\"og:image:type\" content=\"image\/png\" \/>\n<meta name=\"author\" content=\"admin\" \/>\n<meta name=\"twitter:label1\" content=\"Scris de\" \/>\n\t<meta name=\"twitter:data1\" content=\"admin\" \/>\n\t<meta name=\"twitter:label2\" content=\"Timp estimat pentru citire\" \/>\n\t<meta name=\"twitter:data2\" content=\"2 minute\" \/>\n<script type=\"application\/ld+json\" class=\"yoast-schema-graph\">{\"@context\":\"https:\\\/\\\/schema.org\",\"@graph\":[{\"@type\":\"Article\",\"@id\":\"https:\\\/\\\/www.btv.md\\\/ro\\\/festivalului-de-muzica-clasica-george-enescu-la-balti\\\/#article\",\"isPartOf\":{\"@id\":\"https:\\\/\\\/www.btv.md\\\/ro\\\/festivalului-de-muzica-clasica-george-enescu-la-balti\\\/\"},\"author\":{\"name\":\"admin\",\"@id\":\"https:\\\/\\\/www.btv.md\\\/#\\\/schema\\\/person\\\/8fadce81561b3ce2c34c46dadc4ccbf2\"},\"headline\":\"FESTIVALULUI DE MUZIC\u0102 CLASIC\u0102 \u201e GEORGE ENESCU\u201d, LA B\u0102L\u021aI\",\"datePublished\":\"2016-05-24T13:48:36+00:00\",\"dateModified\":\"2016-05-25T09:24:37+00:00\",\"mainEntityOfPage\":{\"@id\":\"https:\\\/\\\/www.btv.md\\\/ro\\\/festivalului-de-muzica-clasica-george-enescu-la-balti\\\/\"},\"wordCount\":390,\"image\":{\"@id\":\"https:\\\/\\\/www.btv.md\\\/ro\\\/festivalului-de-muzica-clasica-george-enescu-la-balti\\\/#primaryimage\"},\"thumbnailUrl\":\"https:\\\/\\\/www.btv.md\\\/wp-content\\\/uploads\\\/2016\\\/05\\\/enecsu.png\",\"articleSection\":[\"Ora\u0219\"],\"inLanguage\":\"ro-RO\"},{\"@type\":\"WebPage\",\"@id\":\"https:\\\/\\\/www.btv.md\\\/ro\\\/festivalului-de-muzica-clasica-george-enescu-la-balti\\\/\",\"url\":\"https:\\\/\\\/www.btv.md\\\/ro\\\/festivalului-de-muzica-clasica-george-enescu-la-balti\\\/\",\"name\":\"FESTIVALULUI DE MUZIC\u0102 CLASIC\u0102 \u201e GEORGE ENESCU\u201d, LA B\u0102L\u021aI - BTV\",\"isPartOf\":{\"@id\":\"https:\\\/\\\/www.btv.md\\\/#website\"},\"primaryImageOfPage\":{\"@id\":\"https:\\\/\\\/www.btv.md\\\/ro\\\/festivalului-de-muzica-clasica-george-enescu-la-balti\\\/#primaryimage\"},\"image\":{\"@id\":\"https:\\\/\\\/www.btv.md\\\/ro\\\/festivalului-de-muzica-clasica-george-enescu-la-balti\\\/#primaryimage\"},\"thumbnailUrl\":\"https:\\\/\\\/www.btv.md\\\/wp-content\\\/uploads\\\/2016\\\/05\\\/enecsu.png\",\"datePublished\":\"2016-05-24T13:48:36+00:00\",\"dateModified\":\"2016-05-25T09:24:37+00:00\",\"author\":{\"@id\":\"https:\\\/\\\/www.btv.md\\\/#\\\/schema\\\/person\\\/8fadce81561b3ce2c34c46dadc4ccbf2\"},\"inLanguage\":\"ro-RO\",\"potentialAction\":[{\"@type\":\"ReadAction\",\"target\":[\"https:\\\/\\\/www.btv.md\\\/ro\\\/festivalului-de-muzica-clasica-george-enescu-la-balti\\\/\"]}]},{\"@type\":\"ImageObject\",\"inLanguage\":\"ro-RO\",\"@id\":\"https:\\\/\\\/www.btv.md\\\/ro\\\/festivalului-de-muzica-clasica-george-enescu-la-balti\\\/#primaryimage\",\"url\":\"https:\\\/\\\/www.btv.md\\\/wp-content\\\/uploads\\\/2016\\\/05\\\/enecsu.png\",\"contentUrl\":\"https:\\\/\\\/www.btv.md\\\/wp-content\\\/uploads\\\/2016\\\/05\\\/enecsu.png\",\"width\":1013,\"height\":519},{\"@type\":\"WebSite\",\"@id\":\"https:\\\/\\\/www.btv.md\\\/#website\",\"url\":\"https:\\\/\\\/www.btv.md\\\/\",\"name\":\"BTV\",\"description\":\"\u0411\u0435\u043b\u044c\u0446\u043a\u043e\u0435 \u0442\u0435\u043b\u0435\u0432\u0438\u0434\u0435\u043d\u0438\u0435\",\"potentialAction\":[{\"@type\":\"SearchAction\",\"target\":{\"@type\":\"EntryPoint\",\"urlTemplate\":\"https:\\\/\\\/www.btv.md\\\/?s={search_term_string}\"},\"query-input\":{\"@type\":\"PropertyValueSpecification\",\"valueRequired\":true,\"valueName\":\"search_term_string\"}}],\"inLanguage\":\"ro-RO\"},{\"@type\":\"Person\",\"@id\":\"https:\\\/\\\/www.btv.md\\\/#\\\/schema\\\/person\\\/8fadce81561b3ce2c34c46dadc4ccbf2\",\"name\":\"admin\"}]}<\/script>\n<!-- \/ Yoast SEO plugin. -->","yoast_head_json":{"title":"FESTIVALULUI DE MUZIC\u0102 CLASIC\u0102 \u201e GEORGE ENESCU\u201d, LA B\u0102L\u021aI - BTV","robots":{"index":"index","follow":"follow","max-snippet":"max-snippet:-1","max-image-preview":"max-image-preview:large","max-video-preview":"max-video-preview:-1"},"canonical":"https:\/\/www.btv.md\/ro\/festivalului-de-muzica-clasica-george-enescu-la-balti\/","og_locale":"ro_RO","og_type":"article","og_title":"FESTIVALULUI DE MUZIC\u0102 CLASIC\u0102 \u201e GEORGE ENESCU\u201d, LA B\u0102L\u021aI - BTV","og_description":"Zeci de tineri din nordul \u021b\u0103rii \u0219i-au etalat m\u0103iestria \u00een domeniul muzicii clasice \u00een cadrul celei de-a treia edi\u021bie a Festivalului-Concurs Interna\u021bional &#8222;George Enescu&#8221;. Concurs care s-a desf\u0103\u0219urat, s\u00e2mb\u0103t\u0103, 21 mai, \u00een incinta Universit\u0103\u021bii de Stat &#8222;Alecu Russo&#8221; din municipiul B\u0103l\u021bi. Potrivit organizatorilor, evenimentul are drept obiectiv at\u00e2t valorificarea crea\u021biei marelui compozitor George Enescu c\u00e2t [&hellip;]","og_url":"https:\/\/www.btv.md\/ro\/festivalului-de-muzica-clasica-george-enescu-la-balti\/","og_site_name":"BTV","article_publisher":"https:\/\/www.facebook.com\/btvmoldova\/","article_published_time":"2016-05-24T13:48:36+00:00","article_modified_time":"2016-05-25T09:24:37+00:00","og_image":[{"width":1013,"height":519,"url":"https:\/\/www.btv.md\/wp-content\/uploads\/2016\/05\/enecsu.png","type":"image\/png"}],"author":"admin","twitter_misc":{"Scris de":"admin","Timp estimat pentru citire":"2 minute"},"schema":{"@context":"https:\/\/schema.org","@graph":[{"@type":"Article","@id":"https:\/\/www.btv.md\/ro\/festivalului-de-muzica-clasica-george-enescu-la-balti\/#article","isPartOf":{"@id":"https:\/\/www.btv.md\/ro\/festivalului-de-muzica-clasica-george-enescu-la-balti\/"},"author":{"name":"admin","@id":"https:\/\/www.btv.md\/#\/schema\/person\/8fadce81561b3ce2c34c46dadc4ccbf2"},"headline":"FESTIVALULUI DE MUZIC\u0102 CLASIC\u0102 \u201e GEORGE ENESCU\u201d, LA B\u0102L\u021aI","datePublished":"2016-05-24T13:48:36+00:00","dateModified":"2016-05-25T09:24:37+00:00","mainEntityOfPage":{"@id":"https:\/\/www.btv.md\/ro\/festivalului-de-muzica-clasica-george-enescu-la-balti\/"},"wordCount":390,"image":{"@id":"https:\/\/www.btv.md\/ro\/festivalului-de-muzica-clasica-george-enescu-la-balti\/#primaryimage"},"thumbnailUrl":"https:\/\/www.btv.md\/wp-content\/uploads\/2016\/05\/enecsu.png","articleSection":["Ora\u0219"],"inLanguage":"ro-RO"},{"@type":"WebPage","@id":"https:\/\/www.btv.md\/ro\/festivalului-de-muzica-clasica-george-enescu-la-balti\/","url":"https:\/\/www.btv.md\/ro\/festivalului-de-muzica-clasica-george-enescu-la-balti\/","name":"FESTIVALULUI DE MUZIC\u0102 CLASIC\u0102 \u201e GEORGE ENESCU\u201d, LA B\u0102L\u021aI - BTV","isPartOf":{"@id":"https:\/\/www.btv.md\/#website"},"primaryImageOfPage":{"@id":"https:\/\/www.btv.md\/ro\/festivalului-de-muzica-clasica-george-enescu-la-balti\/#primaryimage"},"image":{"@id":"https:\/\/www.btv.md\/ro\/festivalului-de-muzica-clasica-george-enescu-la-balti\/#primaryimage"},"thumbnailUrl":"https:\/\/www.btv.md\/wp-content\/uploads\/2016\/05\/enecsu.png","datePublished":"2016-05-24T13:48:36+00:00","dateModified":"2016-05-25T09:24:37+00:00","author":{"@id":"https:\/\/www.btv.md\/#\/schema\/person\/8fadce81561b3ce2c34c46dadc4ccbf2"},"inLanguage":"ro-RO","potentialAction":[{"@type":"ReadAction","target":["https:\/\/www.btv.md\/ro\/festivalului-de-muzica-clasica-george-enescu-la-balti\/"]}]},{"@type":"ImageObject","inLanguage":"ro-RO","@id":"https:\/\/www.btv.md\/ro\/festivalului-de-muzica-clasica-george-enescu-la-balti\/#primaryimage","url":"https:\/\/www.btv.md\/wp-content\/uploads\/2016\/05\/enecsu.png","contentUrl":"https:\/\/www.btv.md\/wp-content\/uploads\/2016\/05\/enecsu.png","width":1013,"height":519},{"@type":"WebSite","@id":"https:\/\/www.btv.md\/#website","url":"https:\/\/www.btv.md\/","name":"BTV","description":"\u0411\u0435\u043b\u044c\u0446\u043a\u043e\u0435 \u0442\u0435\u043b\u0435\u0432\u0438\u0434\u0435\u043d\u0438\u0435","potentialAction":[{"@type":"SearchAction","target":{"@type":"EntryPoint","urlTemplate":"https:\/\/www.btv.md\/?s={search_term_string}"},"query-input":{"@type":"PropertyValueSpecification","valueRequired":true,"valueName":"search_term_string"}}],"inLanguage":"ro-RO"},{"@type":"Person","@id":"https:\/\/www.btv.md\/#\/schema\/person\/8fadce81561b3ce2c34c46dadc4ccbf2","name":"admin"}]}},"_links":{"self":[{"href":"https:\/\/www.btv.md\/ro\/wp-json\/wp\/v2\/posts\/13387","targetHints":{"allow":["GET"]}}],"collection":[{"href":"https:\/\/www.btv.md\/ro\/wp-json\/wp\/v2\/posts"}],"about":[{"href":"https:\/\/www.btv.md\/ro\/wp-json\/wp\/v2\/types\/post"}],"author":[{"embeddable":true,"href":"https:\/\/www.btv.md\/ro\/wp-json\/wp\/v2\/users\/4"}],"replies":[{"embeddable":true,"href":"https:\/\/www.btv.md\/ro\/wp-json\/wp\/v2\/comments?post=13387"}],"version-history":[{"count":0,"href":"https:\/\/www.btv.md\/ro\/wp-json\/wp\/v2\/posts\/13387\/revisions"}],"wp:featuredmedia":[{"embeddable":true,"href":"https:\/\/www.btv.md\/ro\/wp-json\/wp\/v2\/media\/13388"}],"wp:attachment":[{"href":"https:\/\/www.btv.md\/ro\/wp-json\/wp\/v2\/media?parent=13387"}],"wp:term":[{"taxonomy":"category","embeddable":true,"href":"https:\/\/www.btv.md\/ro\/wp-json\/wp\/v2\/categories?post=13387"},{"taxonomy":"post_tag","embeddable":true,"href":"https:\/\/www.btv.md\/ro\/wp-json\/wp\/v2\/tags?post=13387"}],"curies":[{"name":"wp","href":"https:\/\/api.w.org\/{rel}","templated":true}]}}