{"id":13396,"date":"2016-05-24T17:37:01","date_gmt":"2016-05-24T14:37:01","guid":{"rendered":"http:\/\/btv.md\/?p=13396"},"modified":"2016-05-24T17:37:01","modified_gmt":"2016-05-24T14:37:01","slug":"un-politist-din-balti-a-refuzat-mita-unui-barbat-si-l-a-denuntat-procurorilor","status":"publish","type":"post","link":"https:\/\/www.btv.md\/ro\/un-politist-din-balti-a-refuzat-mita-unui-barbat-si-l-a-denuntat-procurorilor\/","title":{"rendered":"UN POLI\u0162IST DIN B\u0102L\u0162I A REFUZAT MITA UNUI B\u0102RBAT \u015eI L-A DENUN\u0162AT PROCURORILOR"},"content":{"rendered":"<p><strong>Un ofi\u0163er de investiga\u0163ii din cadrul Biroului zonal al Poli\u0163iei criminale al Inspectoratului de poli\u021bie B\u0103l\u0163i a sesizat Serviciul protec\u021bie intern\u0103 \u0219i anticorup\u021bie (SPIA) al Ministerului Afacerilor Interne, despre tentativa unui b\u0103rbat de a-l mitui. Suspectul  i-a oferit  900 de lei poli\u021bistului pentru a nu-l trage la r\u0103spundere penal\u0103 pe fiul acestuia, care este b\u0103nuit de comiterea unui furt. <\/strong><\/p>\n<p>B\u0103rbatul a fost re\u021binut \u00een dup\u0103-amiaza zilei de luni, 23 mai de c\u0103tre ofi\u021berii Direc\u021biei combaterea corup\u021biei a SPIA al Ministerul Afacerilor Interne , \u00een comun cu reprezentan\u021bii Serviciului \u201eNord\u201d al Procuraturii Anticorup\u0163ie. Re\u021binerea a avut loc \u00een timp ce acesta transmitea poli\u021bistului banii.<\/p>\n<p>Procurorii anticorup\u021bie au ini\u021biat o cauz\u0103 penal\u0103 pentru corupere activ\u0103, iar suspectul a fost re\u0163inut pentru 72 ore.<\/p>\n<p><iframe width=\"420\" height=\"315\" data-src=\"https:\/\/www.youtube.com\/embed\/eJq6sue1W54\" frameborder=\"0\" allowfullscreen src=\"data:image\/svg+xml;base64,PHN2ZyB3aWR0aD0iMSIgaGVpZ2h0PSIxIiB4bWxucz0iaHR0cDovL3d3dy53My5vcmcvMjAwMC9zdmciPjwvc3ZnPg==\" class=\"lazyload\" data-load-mode=\"1\"><\/iframe><\/p>\n","protected":false},"excerpt":{"rendered":"<p>Un ofi\u0163er de investiga\u0163ii din cadrul Biroului zonal al Poli\u0163iei criminale al Inspectoratului de poli\u021bie B\u0103l\u0163i a sesizat Serviciul protec\u021bie intern\u0103 \u0219i anticorup\u021bie (SPIA) al Ministerului Afacerilor Interne, despre tentativa unui b\u0103rbat de a-l mitui. Suspectul i-a oferit 900 de lei poli\u021bistului pentru a nu-l trage la r\u0103spundere penal\u0103 pe fiul acestuia, care este b\u0103nuit [&hellip;]<\/p>\n","protected":false},"author":4,"featured_media":13397,"comment_status":"closed","ping_status":"closed","sticky":false,"template":"","format":"standard","meta":{"footnotes":""},"categories":[6353],"tags":[],"class_list":["post-13396","post","type-post","status-publish","format-standard","has-post-thumbnail","hentry","category-oras"],"yoast_head":"<!-- This site is optimized with the Yoast SEO plugin v27.4 - https:\/\/yoast.com\/product\/yoast-seo-wordpress\/ -->\n<title>UN POLI\u0162IST DIN B\u0102L\u0162I A REFUZAT MITA UNUI B\u0102RBAT \u015eI L-A DENUN\u0162AT PROCURORILOR - BTV<\/title>\n<meta name=\"robots\" content=\"index, follow, max-snippet:-1, max-image-preview:large, max-video-preview:-1\" \/>\n<link rel=\"canonical\" href=\"https:\/\/www.btv.md\/ro\/un-politist-din-balti-a-refuzat-mita-unui-barbat-si-l-a-denuntat-procurorilor\/\" \/>\n<meta property=\"og:locale\" content=\"ro_RO\" \/>\n<meta property=\"og:type\" content=\"article\" \/>\n<meta property=\"og:title\" content=\"UN POLI\u0162IST DIN B\u0102L\u0162I A REFUZAT MITA UNUI B\u0102RBAT \u015eI L-A DENUN\u0162AT PROCURORILOR - BTV\" \/>\n<meta property=\"og:description\" content=\"Un ofi\u0163er de investiga\u0163ii din cadrul Biroului zonal al Poli\u0163iei criminale al Inspectoratului de poli\u021bie B\u0103l\u0163i a sesizat Serviciul protec\u021bie intern\u0103 \u0219i anticorup\u021bie (SPIA) al Ministerului Afacerilor Interne, despre tentativa unui b\u0103rbat de a-l mitui. Suspectul i-a oferit 900 de lei poli\u021bistului pentru a nu-l trage la r\u0103spundere penal\u0103 pe fiul acestuia, care este b\u0103nuit [&hellip;]\" \/>\n<meta property=\"og:url\" content=\"https:\/\/www.btv.md\/ro\/un-politist-din-balti-a-refuzat-mita-unui-barbat-si-l-a-denuntat-procurorilor\/\" \/>\n<meta property=\"og:site_name\" content=\"BTV\" \/>\n<meta property=\"article:publisher\" content=\"https:\/\/www.facebook.com\/btvmoldova\/\" \/>\n<meta property=\"article:published_time\" content=\"2016-05-24T14:37:01+00:00\" \/>\n<meta property=\"og:image\" content=\"https:\/\/www.btv.md\/wp-content\/uploads\/2016\/05\/politia.png\" \/>\n\t<meta property=\"og:image:width\" content=\"1001\" \/>\n\t<meta property=\"og:image:height\" content=\"505\" \/>\n\t<meta property=\"og:image:type\" content=\"image\/png\" \/>\n<meta name=\"author\" content=\"admin\" \/>\n<meta name=\"twitter:label1\" content=\"Scris de\" \/>\n\t<meta name=\"twitter:data1\" content=\"admin\" \/>\n\t<meta name=\"twitter:label2\" content=\"Timp estimat pentru citire\" \/>\n\t<meta name=\"twitter:data2\" content=\"1 minut\" \/>\n<script type=\"application\/ld+json\" class=\"yoast-schema-graph\">{\"@context\":\"https:\\\/\\\/schema.org\",\"@graph\":[{\"@type\":\"Article\",\"@id\":\"https:\\\/\\\/www.btv.md\\\/ro\\\/un-politist-din-balti-a-refuzat-mita-unui-barbat-si-l-a-denuntat-procurorilor\\\/#article\",\"isPartOf\":{\"@id\":\"https:\\\/\\\/www.btv.md\\\/ro\\\/un-politist-din-balti-a-refuzat-mita-unui-barbat-si-l-a-denuntat-procurorilor\\\/\"},\"author\":{\"name\":\"admin\",\"@id\":\"https:\\\/\\\/www.btv.md\\\/#\\\/schema\\\/person\\\/8fadce81561b3ce2c34c46dadc4ccbf2\"},\"headline\":\"UN POLI\u0162IST DIN B\u0102L\u0162I A REFUZAT MITA UNUI B\u0102RBAT \u015eI L-A DENUN\u0162AT PROCURORILOR\",\"datePublished\":\"2016-05-24T14:37:01+00:00\",\"mainEntityOfPage\":{\"@id\":\"https:\\\/\\\/www.btv.md\\\/ro\\\/un-politist-din-balti-a-refuzat-mita-unui-barbat-si-l-a-denuntat-procurorilor\\\/\"},\"wordCount\":161,\"image\":{\"@id\":\"https:\\\/\\\/www.btv.md\\\/ro\\\/un-politist-din-balti-a-refuzat-mita-unui-barbat-si-l-a-denuntat-procurorilor\\\/#primaryimage\"},\"thumbnailUrl\":\"https:\\\/\\\/www.btv.md\\\/wp-content\\\/uploads\\\/2016\\\/05\\\/politia.png\",\"articleSection\":[\"Ora\u0219\"],\"inLanguage\":\"ro-RO\"},{\"@type\":\"WebPage\",\"@id\":\"https:\\\/\\\/www.btv.md\\\/ro\\\/un-politist-din-balti-a-refuzat-mita-unui-barbat-si-l-a-denuntat-procurorilor\\\/\",\"url\":\"https:\\\/\\\/www.btv.md\\\/ro\\\/un-politist-din-balti-a-refuzat-mita-unui-barbat-si-l-a-denuntat-procurorilor\\\/\",\"name\":\"UN POLI\u0162IST DIN B\u0102L\u0162I A REFUZAT MITA UNUI B\u0102RBAT \u015eI L-A DENUN\u0162AT PROCURORILOR - BTV\",\"isPartOf\":{\"@id\":\"https:\\\/\\\/www.btv.md\\\/#website\"},\"primaryImageOfPage\":{\"@id\":\"https:\\\/\\\/www.btv.md\\\/ro\\\/un-politist-din-balti-a-refuzat-mita-unui-barbat-si-l-a-denuntat-procurorilor\\\/#primaryimage\"},\"image\":{\"@id\":\"https:\\\/\\\/www.btv.md\\\/ro\\\/un-politist-din-balti-a-refuzat-mita-unui-barbat-si-l-a-denuntat-procurorilor\\\/#primaryimage\"},\"thumbnailUrl\":\"https:\\\/\\\/www.btv.md\\\/wp-content\\\/uploads\\\/2016\\\/05\\\/politia.png\",\"datePublished\":\"2016-05-24T14:37:01+00:00\",\"author\":{\"@id\":\"https:\\\/\\\/www.btv.md\\\/#\\\/schema\\\/person\\\/8fadce81561b3ce2c34c46dadc4ccbf2\"},\"inLanguage\":\"ro-RO\",\"potentialAction\":[{\"@type\":\"ReadAction\",\"target\":[\"https:\\\/\\\/www.btv.md\\\/ro\\\/un-politist-din-balti-a-refuzat-mita-unui-barbat-si-l-a-denuntat-procurorilor\\\/\"]}]},{\"@type\":\"ImageObject\",\"inLanguage\":\"ro-RO\",\"@id\":\"https:\\\/\\\/www.btv.md\\\/ro\\\/un-politist-din-balti-a-refuzat-mita-unui-barbat-si-l-a-denuntat-procurorilor\\\/#primaryimage\",\"url\":\"https:\\\/\\\/www.btv.md\\\/wp-content\\\/uploads\\\/2016\\\/05\\\/politia.png\",\"contentUrl\":\"https:\\\/\\\/www.btv.md\\\/wp-content\\\/uploads\\\/2016\\\/05\\\/politia.png\",\"width\":1001,\"height\":505},{\"@type\":\"WebSite\",\"@id\":\"https:\\\/\\\/www.btv.md\\\/#website\",\"url\":\"https:\\\/\\\/www.btv.md\\\/\",\"name\":\"BTV\",\"description\":\"\u0411\u0435\u043b\u044c\u0446\u043a\u043e\u0435 \u0442\u0435\u043b\u0435\u0432\u0438\u0434\u0435\u043d\u0438\u0435\",\"potentialAction\":[{\"@type\":\"SearchAction\",\"target\":{\"@type\":\"EntryPoint\",\"urlTemplate\":\"https:\\\/\\\/www.btv.md\\\/?s={search_term_string}\"},\"query-input\":{\"@type\":\"PropertyValueSpecification\",\"valueRequired\":true,\"valueName\":\"search_term_string\"}}],\"inLanguage\":\"ro-RO\"},{\"@type\":\"Person\",\"@id\":\"https:\\\/\\\/www.btv.md\\\/#\\\/schema\\\/person\\\/8fadce81561b3ce2c34c46dadc4ccbf2\",\"name\":\"admin\"}]}<\/script>\n<!-- \/ Yoast SEO plugin. -->","yoast_head_json":{"title":"UN POLI\u0162IST DIN B\u0102L\u0162I A REFUZAT MITA UNUI B\u0102RBAT \u015eI L-A DENUN\u0162AT PROCURORILOR - BTV","robots":{"index":"index","follow":"follow","max-snippet":"max-snippet:-1","max-image-preview":"max-image-preview:large","max-video-preview":"max-video-preview:-1"},"canonical":"https:\/\/www.btv.md\/ro\/un-politist-din-balti-a-refuzat-mita-unui-barbat-si-l-a-denuntat-procurorilor\/","og_locale":"ro_RO","og_type":"article","og_title":"UN POLI\u0162IST DIN B\u0102L\u0162I A REFUZAT MITA UNUI B\u0102RBAT \u015eI L-A DENUN\u0162AT PROCURORILOR - BTV","og_description":"Un ofi\u0163er de investiga\u0163ii din cadrul Biroului zonal al Poli\u0163iei criminale al Inspectoratului de poli\u021bie B\u0103l\u0163i a sesizat Serviciul protec\u021bie intern\u0103 \u0219i anticorup\u021bie (SPIA) al Ministerului Afacerilor Interne, despre tentativa unui b\u0103rbat de a-l mitui. Suspectul i-a oferit 900 de lei poli\u021bistului pentru a nu-l trage la r\u0103spundere penal\u0103 pe fiul acestuia, care este b\u0103nuit [&hellip;]","og_url":"https:\/\/www.btv.md\/ro\/un-politist-din-balti-a-refuzat-mita-unui-barbat-si-l-a-denuntat-procurorilor\/","og_site_name":"BTV","article_publisher":"https:\/\/www.facebook.com\/btvmoldova\/","article_published_time":"2016-05-24T14:37:01+00:00","og_image":[{"width":1001,"height":505,"url":"https:\/\/www.btv.md\/wp-content\/uploads\/2016\/05\/politia.png","type":"image\/png"}],"author":"admin","twitter_misc":{"Scris de":"admin","Timp estimat pentru citire":"1 minut"},"schema":{"@context":"https:\/\/schema.org","@graph":[{"@type":"Article","@id":"https:\/\/www.btv.md\/ro\/un-politist-din-balti-a-refuzat-mita-unui-barbat-si-l-a-denuntat-procurorilor\/#article","isPartOf":{"@id":"https:\/\/www.btv.md\/ro\/un-politist-din-balti-a-refuzat-mita-unui-barbat-si-l-a-denuntat-procurorilor\/"},"author":{"name":"admin","@id":"https:\/\/www.btv.md\/#\/schema\/person\/8fadce81561b3ce2c34c46dadc4ccbf2"},"headline":"UN POLI\u0162IST DIN B\u0102L\u0162I A REFUZAT MITA UNUI B\u0102RBAT \u015eI L-A DENUN\u0162AT PROCURORILOR","datePublished":"2016-05-24T14:37:01+00:00","mainEntityOfPage":{"@id":"https:\/\/www.btv.md\/ro\/un-politist-din-balti-a-refuzat-mita-unui-barbat-si-l-a-denuntat-procurorilor\/"},"wordCount":161,"image":{"@id":"https:\/\/www.btv.md\/ro\/un-politist-din-balti-a-refuzat-mita-unui-barbat-si-l-a-denuntat-procurorilor\/#primaryimage"},"thumbnailUrl":"https:\/\/www.btv.md\/wp-content\/uploads\/2016\/05\/politia.png","articleSection":["Ora\u0219"],"inLanguage":"ro-RO"},{"@type":"WebPage","@id":"https:\/\/www.btv.md\/ro\/un-politist-din-balti-a-refuzat-mita-unui-barbat-si-l-a-denuntat-procurorilor\/","url":"https:\/\/www.btv.md\/ro\/un-politist-din-balti-a-refuzat-mita-unui-barbat-si-l-a-denuntat-procurorilor\/","name":"UN POLI\u0162IST DIN B\u0102L\u0162I A REFUZAT MITA UNUI B\u0102RBAT \u015eI L-A DENUN\u0162AT PROCURORILOR - BTV","isPartOf":{"@id":"https:\/\/www.btv.md\/#website"},"primaryImageOfPage":{"@id":"https:\/\/www.btv.md\/ro\/un-politist-din-balti-a-refuzat-mita-unui-barbat-si-l-a-denuntat-procurorilor\/#primaryimage"},"image":{"@id":"https:\/\/www.btv.md\/ro\/un-politist-din-balti-a-refuzat-mita-unui-barbat-si-l-a-denuntat-procurorilor\/#primaryimage"},"thumbnailUrl":"https:\/\/www.btv.md\/wp-content\/uploads\/2016\/05\/politia.png","datePublished":"2016-05-24T14:37:01+00:00","author":{"@id":"https:\/\/www.btv.md\/#\/schema\/person\/8fadce81561b3ce2c34c46dadc4ccbf2"},"inLanguage":"ro-RO","potentialAction":[{"@type":"ReadAction","target":["https:\/\/www.btv.md\/ro\/un-politist-din-balti-a-refuzat-mita-unui-barbat-si-l-a-denuntat-procurorilor\/"]}]},{"@type":"ImageObject","inLanguage":"ro-RO","@id":"https:\/\/www.btv.md\/ro\/un-politist-din-balti-a-refuzat-mita-unui-barbat-si-l-a-denuntat-procurorilor\/#primaryimage","url":"https:\/\/www.btv.md\/wp-content\/uploads\/2016\/05\/politia.png","contentUrl":"https:\/\/www.btv.md\/wp-content\/uploads\/2016\/05\/politia.png","width":1001,"height":505},{"@type":"WebSite","@id":"https:\/\/www.btv.md\/#website","url":"https:\/\/www.btv.md\/","name":"BTV","description":"\u0411\u0435\u043b\u044c\u0446\u043a\u043e\u0435 \u0442\u0435\u043b\u0435\u0432\u0438\u0434\u0435\u043d\u0438\u0435","potentialAction":[{"@type":"SearchAction","target":{"@type":"EntryPoint","urlTemplate":"https:\/\/www.btv.md\/?s={search_term_string}"},"query-input":{"@type":"PropertyValueSpecification","valueRequired":true,"valueName":"search_term_string"}}],"inLanguage":"ro-RO"},{"@type":"Person","@id":"https:\/\/www.btv.md\/#\/schema\/person\/8fadce81561b3ce2c34c46dadc4ccbf2","name":"admin"}]}},"_links":{"self":[{"href":"https:\/\/www.btv.md\/ro\/wp-json\/wp\/v2\/posts\/13396","targetHints":{"allow":["GET"]}}],"collection":[{"href":"https:\/\/www.btv.md\/ro\/wp-json\/wp\/v2\/posts"}],"about":[{"href":"https:\/\/www.btv.md\/ro\/wp-json\/wp\/v2\/types\/post"}],"author":[{"embeddable":true,"href":"https:\/\/www.btv.md\/ro\/wp-json\/wp\/v2\/users\/4"}],"replies":[{"embeddable":true,"href":"https:\/\/www.btv.md\/ro\/wp-json\/wp\/v2\/comments?post=13396"}],"version-history":[{"count":0,"href":"https:\/\/www.btv.md\/ro\/wp-json\/wp\/v2\/posts\/13396\/revisions"}],"wp:featuredmedia":[{"embeddable":true,"href":"https:\/\/www.btv.md\/ro\/wp-json\/wp\/v2\/media\/13397"}],"wp:attachment":[{"href":"https:\/\/www.btv.md\/ro\/wp-json\/wp\/v2\/media?parent=13396"}],"wp:term":[{"taxonomy":"category","embeddable":true,"href":"https:\/\/www.btv.md\/ro\/wp-json\/wp\/v2\/categories?post=13396"},{"taxonomy":"post_tag","embeddable":true,"href":"https:\/\/www.btv.md\/ro\/wp-json\/wp\/v2\/tags?post=13396"}],"curies":[{"name":"wp","href":"https:\/\/api.w.org\/{rel}","templated":true}]}}