{"id":134568,"date":"2021-07-01T13:00:23","date_gmt":"2021-07-01T10:00:23","guid":{"rendered":"https:\/\/www.btv.md\/?p=134568"},"modified":"2021-07-01T10:23:24","modified_gmt":"2021-07-01T07:23:24","slug":"unde-vor-fi-deschise-sectiile-de-vot-in-ucraina-precizarile-ambasadei","status":"publish","type":"post","link":"https:\/\/www.btv.md\/ro\/unde-vor-fi-deschise-sectiile-de-vot-in-ucraina-precizarile-ambasadei\/","title":{"rendered":"Unde vor fi deschise sec\u021biile de vot \u00een Ucraina: Preciz\u0103rile Ambasadei"},"content":{"rendered":"<p class=\"p1\"><strong>Astfel, potrivit deciziei Comisiei Electorale Centrale (CEC) pe teritoriul Ucrainei vor fi deschise 2 sec\u021bii de vot, transmite\u00a0<a href=\"https:\/\/stiri.md\/article\/politica\/unde-vor-fi-deschise-sectiile-de-vot-in-ucraina-precizarile-ambasadei\">\u0218tiri.md<\/a>.<\/strong><\/p>\n<p class=\"p1\">O sec\u021bie va fi amplasat\u0103 \u00een ora\u0219ul Kiev, strada Yagotinskaia 2, \u00een incinta Ambasadei Republicii Moldova, iar a doua va fi \u00een ora\u0219ul Odesa, strada M. Posmitn\u00eei 2\/2 B, \u00een sediul Consulatului Republicii Moldova.<\/p>\n<p class=\"p1\">Acestea vor activa \u00eencep\u00e2nd cu ora 07:00 p\u00e2n\u0103 la ora 21:00.<\/p>\n<p class=\"p1\">Moldovenii vor putea vota \u00een baza pa\u0219aportului, inclusiv cu termenul de valabilitate expirat, cu buletinul de identitate cu fi\u0219a de \u00eenso\u021bire sau cu livretul militar.<\/p>\n<p class=\"p1\">\u00cen contextul situa\u021biei pandemice, se vor respecta toate m\u0103surile de protec\u021bie, precum purtarea obligatorie a m\u0103\u0219tii de protec\u021bie \u00een incinta sec\u021biei de votare; utilizarea dezinfectan\u021bilor \u0219i respectarea distan\u021bei sociale.<\/p>\n<p>Foto: \u0218tiri.md.<\/p>\n","protected":false},"excerpt":{"rendered":"<p>Astfel, potrivit deciziei Comisiei Electorale Centrale (CEC) pe teritoriul Ucrainei vor fi deschise 2 sec\u021bii de vot, transmite\u00a0\u0218tiri.md. O sec\u021bie va fi amplasat\u0103 \u00een ora\u0219ul Kiev, strada Yagotinskaia 2, \u00een incinta Ambasadei Republicii Moldova, iar a doua va fi \u00een ora\u0219ul Odesa, strada M. Posmitn\u00eei 2\/2 B, \u00een sediul Consulatului Republicii Moldova. Acestea vor activa [&hellip;]<\/p>\n","protected":false},"author":4,"featured_media":134569,"comment_status":"closed","ping_status":"closed","sticky":false,"template":"","format":"standard","meta":{"footnotes":""},"categories":[6368],"tags":[27149],"class_list":["post-134568","post","type-post","status-publish","format-standard","has-post-thumbnail","hentry","category-politica-ro","tag-unde-vor-fi-deschise-sectiile-de-vot-in-ucraina-precizarile-ambasadei"],"yoast_head":"<!-- This site is optimized with the Yoast SEO plugin v27.4 - https:\/\/yoast.com\/product\/yoast-seo-wordpress\/ -->\n<title>Unde vor fi deschise sec\u021biile de vot \u00een Ucraina: Preciz\u0103rile Ambasadei - BTV<\/title>\n<meta name=\"robots\" content=\"index, follow, max-snippet:-1, max-image-preview:large, max-video-preview:-1\" \/>\n<link rel=\"canonical\" href=\"https:\/\/www.btv.md\/ro\/unde-vor-fi-deschise-sectiile-de-vot-in-ucraina-precizarile-ambasadei\/\" \/>\n<meta property=\"og:locale\" content=\"ro_RO\" \/>\n<meta property=\"og:type\" content=\"article\" \/>\n<meta property=\"og:title\" content=\"Unde vor fi deschise sec\u021biile de vot \u00een Ucraina: Preciz\u0103rile Ambasadei - BTV\" \/>\n<meta property=\"og:description\" content=\"Astfel, potrivit deciziei Comisiei Electorale Centrale (CEC) pe teritoriul Ucrainei vor fi deschise 2 sec\u021bii de vot, transmite\u00a0\u0218tiri.md. O sec\u021bie va fi amplasat\u0103 \u00een ora\u0219ul Kiev, strada Yagotinskaia 2, \u00een incinta Ambasadei Republicii Moldova, iar a doua va fi \u00een ora\u0219ul Odesa, strada M. Posmitn\u00eei 2\/2 B, \u00een sediul Consulatului Republicii Moldova. Acestea vor activa [&hellip;]\" \/>\n<meta property=\"og:url\" content=\"https:\/\/www.btv.md\/ro\/unde-vor-fi-deschise-sectiile-de-vot-in-ucraina-precizarile-ambasadei\/\" \/>\n<meta property=\"og:site_name\" content=\"BTV\" \/>\n<meta property=\"article:publisher\" content=\"https:\/\/www.facebook.com\/btvmoldova\/\" \/>\n<meta property=\"article:published_time\" content=\"2021-07-01T10:00:23+00:00\" \/>\n<meta property=\"og:image\" content=\"https:\/\/www.btv.md\/wp-content\/uploads\/2021\/07\/704db5e5c7bb812995116fafeb16cb43.jpg\" \/>\n\t<meta property=\"og:image:width\" content=\"809\" \/>\n\t<meta property=\"og:image:height\" content=\"456\" \/>\n\t<meta property=\"og:image:type\" content=\"image\/jpeg\" \/>\n<meta name=\"author\" content=\"admin\" \/>\n<meta name=\"twitter:label1\" content=\"Scris de\" \/>\n\t<meta name=\"twitter:data1\" content=\"admin\" \/>\n\t<meta name=\"twitter:label2\" content=\"Timp estimat pentru citire\" \/>\n\t<meta name=\"twitter:data2\" content=\"1 minut\" \/>\n<script type=\"application\/ld+json\" class=\"yoast-schema-graph\">{\"@context\":\"https:\\\/\\\/schema.org\",\"@graph\":[{\"@type\":\"Article\",\"@id\":\"https:\\\/\\\/www.btv.md\\\/ro\\\/unde-vor-fi-deschise-sectiile-de-vot-in-ucraina-precizarile-ambasadei\\\/#article\",\"isPartOf\":{\"@id\":\"https:\\\/\\\/www.btv.md\\\/ro\\\/unde-vor-fi-deschise-sectiile-de-vot-in-ucraina-precizarile-ambasadei\\\/\"},\"author\":{\"name\":\"admin\",\"@id\":\"https:\\\/\\\/www.btv.md\\\/#\\\/schema\\\/person\\\/8fadce81561b3ce2c34c46dadc4ccbf2\"},\"headline\":\"Unde vor fi deschise sec\u021biile de vot \u00een Ucraina: Preciz\u0103rile Ambasadei\",\"datePublished\":\"2021-07-01T10:00:23+00:00\",\"mainEntityOfPage\":{\"@id\":\"https:\\\/\\\/www.btv.md\\\/ro\\\/unde-vor-fi-deschise-sectiile-de-vot-in-ucraina-precizarile-ambasadei\\\/\"},\"wordCount\":148,\"image\":{\"@id\":\"https:\\\/\\\/www.btv.md\\\/ro\\\/unde-vor-fi-deschise-sectiile-de-vot-in-ucraina-precizarile-ambasadei\\\/#primaryimage\"},\"thumbnailUrl\":\"https:\\\/\\\/www.btv.md\\\/wp-content\\\/uploads\\\/2021\\\/07\\\/704db5e5c7bb812995116fafeb16cb43.jpg\",\"keywords\":[\"Unde vor fi deschise sec\u021biile de vot \u00een Ucraina: Preciz\u0103rile Ambasadei\"],\"articleSection\":[\"Politic\u0103\"],\"inLanguage\":\"ro-RO\"},{\"@type\":\"WebPage\",\"@id\":\"https:\\\/\\\/www.btv.md\\\/ro\\\/unde-vor-fi-deschise-sectiile-de-vot-in-ucraina-precizarile-ambasadei\\\/\",\"url\":\"https:\\\/\\\/www.btv.md\\\/ro\\\/unde-vor-fi-deschise-sectiile-de-vot-in-ucraina-precizarile-ambasadei\\\/\",\"name\":\"Unde vor fi deschise sec\u021biile de vot \u00een Ucraina: Preciz\u0103rile Ambasadei - BTV\",\"isPartOf\":{\"@id\":\"https:\\\/\\\/www.btv.md\\\/#website\"},\"primaryImageOfPage\":{\"@id\":\"https:\\\/\\\/www.btv.md\\\/ro\\\/unde-vor-fi-deschise-sectiile-de-vot-in-ucraina-precizarile-ambasadei\\\/#primaryimage\"},\"image\":{\"@id\":\"https:\\\/\\\/www.btv.md\\\/ro\\\/unde-vor-fi-deschise-sectiile-de-vot-in-ucraina-precizarile-ambasadei\\\/#primaryimage\"},\"thumbnailUrl\":\"https:\\\/\\\/www.btv.md\\\/wp-content\\\/uploads\\\/2021\\\/07\\\/704db5e5c7bb812995116fafeb16cb43.jpg\",\"datePublished\":\"2021-07-01T10:00:23+00:00\",\"author\":{\"@id\":\"https:\\\/\\\/www.btv.md\\\/#\\\/schema\\\/person\\\/8fadce81561b3ce2c34c46dadc4ccbf2\"},\"inLanguage\":\"ro-RO\",\"potentialAction\":[{\"@type\":\"ReadAction\",\"target\":[\"https:\\\/\\\/www.btv.md\\\/ro\\\/unde-vor-fi-deschise-sectiile-de-vot-in-ucraina-precizarile-ambasadei\\\/\"]}]},{\"@type\":\"ImageObject\",\"inLanguage\":\"ro-RO\",\"@id\":\"https:\\\/\\\/www.btv.md\\\/ro\\\/unde-vor-fi-deschise-sectiile-de-vot-in-ucraina-precizarile-ambasadei\\\/#primaryimage\",\"url\":\"https:\\\/\\\/www.btv.md\\\/wp-content\\\/uploads\\\/2021\\\/07\\\/704db5e5c7bb812995116fafeb16cb43.jpg\",\"contentUrl\":\"https:\\\/\\\/www.btv.md\\\/wp-content\\\/uploads\\\/2021\\\/07\\\/704db5e5c7bb812995116fafeb16cb43.jpg\",\"width\":809,\"height\":456},{\"@type\":\"WebSite\",\"@id\":\"https:\\\/\\\/www.btv.md\\\/#website\",\"url\":\"https:\\\/\\\/www.btv.md\\\/\",\"name\":\"BTV\",\"description\":\"\u0411\u0435\u043b\u044c\u0446\u043a\u043e\u0435 \u0442\u0435\u043b\u0435\u0432\u0438\u0434\u0435\u043d\u0438\u0435\",\"potentialAction\":[{\"@type\":\"SearchAction\",\"target\":{\"@type\":\"EntryPoint\",\"urlTemplate\":\"https:\\\/\\\/www.btv.md\\\/?s={search_term_string}\"},\"query-input\":{\"@type\":\"PropertyValueSpecification\",\"valueRequired\":true,\"valueName\":\"search_term_string\"}}],\"inLanguage\":\"ro-RO\"},{\"@type\":\"Person\",\"@id\":\"https:\\\/\\\/www.btv.md\\\/#\\\/schema\\\/person\\\/8fadce81561b3ce2c34c46dadc4ccbf2\",\"name\":\"admin\"}]}<\/script>\n<!-- \/ Yoast SEO plugin. -->","yoast_head_json":{"title":"Unde vor fi deschise sec\u021biile de vot \u00een Ucraina: Preciz\u0103rile Ambasadei - BTV","robots":{"index":"index","follow":"follow","max-snippet":"max-snippet:-1","max-image-preview":"max-image-preview:large","max-video-preview":"max-video-preview:-1"},"canonical":"https:\/\/www.btv.md\/ro\/unde-vor-fi-deschise-sectiile-de-vot-in-ucraina-precizarile-ambasadei\/","og_locale":"ro_RO","og_type":"article","og_title":"Unde vor fi deschise sec\u021biile de vot \u00een Ucraina: Preciz\u0103rile Ambasadei - BTV","og_description":"Astfel, potrivit deciziei Comisiei Electorale Centrale (CEC) pe teritoriul Ucrainei vor fi deschise 2 sec\u021bii de vot, transmite\u00a0\u0218tiri.md. O sec\u021bie va fi amplasat\u0103 \u00een ora\u0219ul Kiev, strada Yagotinskaia 2, \u00een incinta Ambasadei Republicii Moldova, iar a doua va fi \u00een ora\u0219ul Odesa, strada M. Posmitn\u00eei 2\/2 B, \u00een sediul Consulatului Republicii Moldova. Acestea vor activa [&hellip;]","og_url":"https:\/\/www.btv.md\/ro\/unde-vor-fi-deschise-sectiile-de-vot-in-ucraina-precizarile-ambasadei\/","og_site_name":"BTV","article_publisher":"https:\/\/www.facebook.com\/btvmoldova\/","article_published_time":"2021-07-01T10:00:23+00:00","og_image":[{"width":809,"height":456,"url":"https:\/\/www.btv.md\/wp-content\/uploads\/2021\/07\/704db5e5c7bb812995116fafeb16cb43.jpg","type":"image\/jpeg"}],"author":"admin","twitter_misc":{"Scris de":"admin","Timp estimat pentru citire":"1 minut"},"schema":{"@context":"https:\/\/schema.org","@graph":[{"@type":"Article","@id":"https:\/\/www.btv.md\/ro\/unde-vor-fi-deschise-sectiile-de-vot-in-ucraina-precizarile-ambasadei\/#article","isPartOf":{"@id":"https:\/\/www.btv.md\/ro\/unde-vor-fi-deschise-sectiile-de-vot-in-ucraina-precizarile-ambasadei\/"},"author":{"name":"admin","@id":"https:\/\/www.btv.md\/#\/schema\/person\/8fadce81561b3ce2c34c46dadc4ccbf2"},"headline":"Unde vor fi deschise sec\u021biile de vot \u00een Ucraina: Preciz\u0103rile Ambasadei","datePublished":"2021-07-01T10:00:23+00:00","mainEntityOfPage":{"@id":"https:\/\/www.btv.md\/ro\/unde-vor-fi-deschise-sectiile-de-vot-in-ucraina-precizarile-ambasadei\/"},"wordCount":148,"image":{"@id":"https:\/\/www.btv.md\/ro\/unde-vor-fi-deschise-sectiile-de-vot-in-ucraina-precizarile-ambasadei\/#primaryimage"},"thumbnailUrl":"https:\/\/www.btv.md\/wp-content\/uploads\/2021\/07\/704db5e5c7bb812995116fafeb16cb43.jpg","keywords":["Unde vor fi deschise sec\u021biile de vot \u00een Ucraina: Preciz\u0103rile Ambasadei"],"articleSection":["Politic\u0103"],"inLanguage":"ro-RO"},{"@type":"WebPage","@id":"https:\/\/www.btv.md\/ro\/unde-vor-fi-deschise-sectiile-de-vot-in-ucraina-precizarile-ambasadei\/","url":"https:\/\/www.btv.md\/ro\/unde-vor-fi-deschise-sectiile-de-vot-in-ucraina-precizarile-ambasadei\/","name":"Unde vor fi deschise sec\u021biile de vot \u00een Ucraina: Preciz\u0103rile Ambasadei - BTV","isPartOf":{"@id":"https:\/\/www.btv.md\/#website"},"primaryImageOfPage":{"@id":"https:\/\/www.btv.md\/ro\/unde-vor-fi-deschise-sectiile-de-vot-in-ucraina-precizarile-ambasadei\/#primaryimage"},"image":{"@id":"https:\/\/www.btv.md\/ro\/unde-vor-fi-deschise-sectiile-de-vot-in-ucraina-precizarile-ambasadei\/#primaryimage"},"thumbnailUrl":"https:\/\/www.btv.md\/wp-content\/uploads\/2021\/07\/704db5e5c7bb812995116fafeb16cb43.jpg","datePublished":"2021-07-01T10:00:23+00:00","author":{"@id":"https:\/\/www.btv.md\/#\/schema\/person\/8fadce81561b3ce2c34c46dadc4ccbf2"},"inLanguage":"ro-RO","potentialAction":[{"@type":"ReadAction","target":["https:\/\/www.btv.md\/ro\/unde-vor-fi-deschise-sectiile-de-vot-in-ucraina-precizarile-ambasadei\/"]}]},{"@type":"ImageObject","inLanguage":"ro-RO","@id":"https:\/\/www.btv.md\/ro\/unde-vor-fi-deschise-sectiile-de-vot-in-ucraina-precizarile-ambasadei\/#primaryimage","url":"https:\/\/www.btv.md\/wp-content\/uploads\/2021\/07\/704db5e5c7bb812995116fafeb16cb43.jpg","contentUrl":"https:\/\/www.btv.md\/wp-content\/uploads\/2021\/07\/704db5e5c7bb812995116fafeb16cb43.jpg","width":809,"height":456},{"@type":"WebSite","@id":"https:\/\/www.btv.md\/#website","url":"https:\/\/www.btv.md\/","name":"BTV","description":"\u0411\u0435\u043b\u044c\u0446\u043a\u043e\u0435 \u0442\u0435\u043b\u0435\u0432\u0438\u0434\u0435\u043d\u0438\u0435","potentialAction":[{"@type":"SearchAction","target":{"@type":"EntryPoint","urlTemplate":"https:\/\/www.btv.md\/?s={search_term_string}"},"query-input":{"@type":"PropertyValueSpecification","valueRequired":true,"valueName":"search_term_string"}}],"inLanguage":"ro-RO"},{"@type":"Person","@id":"https:\/\/www.btv.md\/#\/schema\/person\/8fadce81561b3ce2c34c46dadc4ccbf2","name":"admin"}]}},"_links":{"self":[{"href":"https:\/\/www.btv.md\/ro\/wp-json\/wp\/v2\/posts\/134568","targetHints":{"allow":["GET"]}}],"collection":[{"href":"https:\/\/www.btv.md\/ro\/wp-json\/wp\/v2\/posts"}],"about":[{"href":"https:\/\/www.btv.md\/ro\/wp-json\/wp\/v2\/types\/post"}],"author":[{"embeddable":true,"href":"https:\/\/www.btv.md\/ro\/wp-json\/wp\/v2\/users\/4"}],"replies":[{"embeddable":true,"href":"https:\/\/www.btv.md\/ro\/wp-json\/wp\/v2\/comments?post=134568"}],"version-history":[{"count":0,"href":"https:\/\/www.btv.md\/ro\/wp-json\/wp\/v2\/posts\/134568\/revisions"}],"wp:featuredmedia":[{"embeddable":true,"href":"https:\/\/www.btv.md\/ro\/wp-json\/wp\/v2\/media\/134569"}],"wp:attachment":[{"href":"https:\/\/www.btv.md\/ro\/wp-json\/wp\/v2\/media?parent=134568"}],"wp:term":[{"taxonomy":"category","embeddable":true,"href":"https:\/\/www.btv.md\/ro\/wp-json\/wp\/v2\/categories?post=134568"},{"taxonomy":"post_tag","embeddable":true,"href":"https:\/\/www.btv.md\/ro\/wp-json\/wp\/v2\/tags?post=134568"}],"curies":[{"name":"wp","href":"https:\/\/api.w.org\/{rel}","templated":true}]}}