{"id":134599,"date":"2021-07-01T16:06:42","date_gmt":"2021-07-01T13:06:42","guid":{"rendered":"https:\/\/www.btv.md\/?p=134599"},"modified":"2021-07-01T16:06:42","modified_gmt":"2021-07-01T13:06:42","slug":"a-scos-din-buzunar-1-600-de-euro-pentru-un-mercedes-iar-acum-a-ramas-fara-masina-un-tanar-in-vizorul-politistilor-de-frontiera","status":"publish","type":"post","link":"https:\/\/www.btv.md\/ro\/a-scos-din-buzunar-1-600-de-euro-pentru-un-mercedes-iar-acum-a-ramas-fara-masina-un-tanar-in-vizorul-politistilor-de-frontiera\/","title":{"rendered":"A scos din buzunar 1 600 de euro pentru un \u201eMercedes\u201d, iar acum a r\u0103mas f\u0103r\u0103 ma\u0219in\u0103. Un t\u00e2n\u0103r, \u00een vizorul poli\u021bi\u0219tilor de frontier\u0103"},"content":{"rendered":"<p><strong>Un t\u00e2n\u0103r de 29 de ani a r\u0103mas f\u0103r\u0103 Mercedes, dup\u0103 ce s-a dovedit c\u0103 revizia tehnic\u0103 a mijlocului de transport ar putea fi fals\u0103. B\u0103rbatul a fost stopat \u00een seara zilei de miercuri pe traseul Buzdugani \u2013 Ungheni, de c\u0103tre poli\u021bi\u0219tii de frontier\u0103, care au depistat nereguli, scrie <a href=\"https:\/\/tv8.md\/2021\/07\/01\/a-scos-din-buzunar-1-600-de-euro-pentru-un-mercedes-iar-acum-a-ramas-fara-masina-un-tanar-in-vizorul-politistilor-de-frontiera\/\">tv8.md<\/a>.<\/strong><\/p>\n<p>Oamenii legii spun c\u0103 mijlocul de transport valoreaz\u0103 circa 1600 de euro \u0219i c\u0103 avea pl\u0103cu\u021bele de \u00eenmatriculare bulg\u0103re\u0219ti.<\/p>\n<p>\u00cen timpul verific\u0103rilor, asupra reviziei tehnice au fost observate semne rezonabile de falsificare. Despre cele depistate, \u0219oferul de 29 de ani a declarat c\u0103 nu cunoa\u0219te absolut nimic, men\u021bion\u00e2nd c\u0103 \u0219i-a procurat \u201eMercedesul\u201d la \u00eenceputul lunii iunie cu tot pachetul de documente, f\u0103r\u0103 a avea posibilitatea de a verifica actele.<\/p>\n<p>Vehiculul a fost indisponibilizat la Sectorul Poli\u021biei de Frontier\u0103 Ungheni, iar documentul a fost transmis la laboratorul tehnico-juridic pentru efectuarea expertizei \u00een urma c\u0103reia se va stabili dac\u0103 t\u00e2n\u0103rul va fi sau nu cercetat penal.<\/p>\n<p>Foto: tv8.md.<\/p>\n","protected":false},"excerpt":{"rendered":"<p>Un t\u00e2n\u0103r de 29 de ani a r\u0103mas f\u0103r\u0103 Mercedes, dup\u0103 ce s-a dovedit c\u0103 revizia tehnic\u0103 a mijlocului de transport ar putea fi fals\u0103. B\u0103rbatul a fost stopat \u00een seara zilei de miercuri pe traseul Buzdugani \u2013 Ungheni, de c\u0103tre poli\u021bi\u0219tii de frontier\u0103, care au depistat nereguli, scrie tv8.md. Oamenii legii spun c\u0103 mijlocul [&hellip;]<\/p>\n","protected":false},"author":4,"featured_media":134600,"comment_status":"closed","ping_status":"closed","sticky":false,"template":"","format":"standard","meta":{"footnotes":""},"categories":[6349],"tags":[27157,27158,27159],"class_list":["post-134599","post","type-post","status-publish","format-standard","has-post-thumbnail","hentry","category-social","tag-a-scos-din-buzunar-1-600-de-euro-pentru-un-mercedes","tag-iar-acum-a-ramas-fara-masina-un-tanar","tag-in-vizorul-politistilor-de-frontiera"],"yoast_head":"<!-- This site is optimized with the Yoast SEO plugin v27.4 - https:\/\/yoast.com\/product\/yoast-seo-wordpress\/ -->\n<title>A scos din buzunar 1 600 de euro pentru un \u201eMercedes\u201d, iar acum a r\u0103mas f\u0103r\u0103 ma\u0219in\u0103. Un t\u00e2n\u0103r, \u00een vizorul poli\u021bi\u0219tilor de frontier\u0103 - BTV<\/title>\n<meta name=\"robots\" content=\"index, follow, max-snippet:-1, max-image-preview:large, max-video-preview:-1\" \/>\n<link rel=\"canonical\" href=\"https:\/\/www.btv.md\/ro\/a-scos-din-buzunar-1-600-de-euro-pentru-un-mercedes-iar-acum-a-ramas-fara-masina-un-tanar-in-vizorul-politistilor-de-frontiera\/\" \/>\n<meta property=\"og:locale\" content=\"ro_RO\" \/>\n<meta property=\"og:type\" content=\"article\" \/>\n<meta property=\"og:title\" content=\"A scos din buzunar 1 600 de euro pentru un \u201eMercedes\u201d, iar acum a r\u0103mas f\u0103r\u0103 ma\u0219in\u0103. Un t\u00e2n\u0103r, \u00een vizorul poli\u021bi\u0219tilor de frontier\u0103 - BTV\" \/>\n<meta property=\"og:description\" content=\"Un t\u00e2n\u0103r de 29 de ani a r\u0103mas f\u0103r\u0103 Mercedes, dup\u0103 ce s-a dovedit c\u0103 revizia tehnic\u0103 a mijlocului de transport ar putea fi fals\u0103. B\u0103rbatul a fost stopat \u00een seara zilei de miercuri pe traseul Buzdugani \u2013 Ungheni, de c\u0103tre poli\u021bi\u0219tii de frontier\u0103, care au depistat nereguli, scrie tv8.md. Oamenii legii spun c\u0103 mijlocul [&hellip;]\" \/>\n<meta property=\"og:url\" content=\"https:\/\/www.btv.md\/ro\/a-scos-din-buzunar-1-600-de-euro-pentru-un-mercedes-iar-acum-a-ramas-fara-masina-un-tanar-in-vizorul-politistilor-de-frontiera\/\" \/>\n<meta property=\"og:site_name\" content=\"BTV\" \/>\n<meta property=\"article:publisher\" content=\"https:\/\/www.facebook.com\/btvmoldova\/\" \/>\n<meta property=\"article:published_time\" content=\"2021-07-01T13:06:42+00:00\" \/>\n<meta property=\"og:image\" content=\"https:\/\/www.btv.md\/wp-content\/uploads\/2021\/07\/whatsapp-image-2021-07-01-at-12.55.43.jpeg\" \/>\n\t<meta property=\"og:image:width\" content=\"970\" \/>\n\t<meta property=\"og:image:height\" content=\"728\" \/>\n\t<meta property=\"og:image:type\" content=\"image\/jpeg\" \/>\n<meta name=\"author\" content=\"admin\" \/>\n<meta name=\"twitter:label1\" content=\"Scris de\" \/>\n\t<meta name=\"twitter:data1\" content=\"admin\" \/>\n\t<meta name=\"twitter:label2\" content=\"Timp estimat pentru citire\" \/>\n\t<meta name=\"twitter:data2\" content=\"1 minut\" \/>\n<script type=\"application\/ld+json\" class=\"yoast-schema-graph\">{\"@context\":\"https:\\\/\\\/schema.org\",\"@graph\":[{\"@type\":\"Article\",\"@id\":\"https:\\\/\\\/www.btv.md\\\/ro\\\/a-scos-din-buzunar-1-600-de-euro-pentru-un-mercedes-iar-acum-a-ramas-fara-masina-un-tanar-in-vizorul-politistilor-de-frontiera\\\/#article\",\"isPartOf\":{\"@id\":\"https:\\\/\\\/www.btv.md\\\/ro\\\/a-scos-din-buzunar-1-600-de-euro-pentru-un-mercedes-iar-acum-a-ramas-fara-masina-un-tanar-in-vizorul-politistilor-de-frontiera\\\/\"},\"author\":{\"name\":\"admin\",\"@id\":\"https:\\\/\\\/www.btv.md\\\/#\\\/schema\\\/person\\\/8fadce81561b3ce2c34c46dadc4ccbf2\"},\"headline\":\"A scos din buzunar 1 600 de euro pentru un \u201eMercedes\u201d, iar acum a r\u0103mas f\u0103r\u0103 ma\u0219in\u0103. Un t\u00e2n\u0103r, \u00een vizorul poli\u021bi\u0219tilor de frontier\u0103\",\"datePublished\":\"2021-07-01T13:06:42+00:00\",\"mainEntityOfPage\":{\"@id\":\"https:\\\/\\\/www.btv.md\\\/ro\\\/a-scos-din-buzunar-1-600-de-euro-pentru-un-mercedes-iar-acum-a-ramas-fara-masina-un-tanar-in-vizorul-politistilor-de-frontiera\\\/\"},\"wordCount\":204,\"image\":{\"@id\":\"https:\\\/\\\/www.btv.md\\\/ro\\\/a-scos-din-buzunar-1-600-de-euro-pentru-un-mercedes-iar-acum-a-ramas-fara-masina-un-tanar-in-vizorul-politistilor-de-frontiera\\\/#primaryimage\"},\"thumbnailUrl\":\"https:\\\/\\\/www.btv.md\\\/wp-content\\\/uploads\\\/2021\\\/07\\\/whatsapp-image-2021-07-01-at-12.55.43.jpeg\",\"keywords\":[\"A scos din buzunar 1 600 de euro pentru un \u201eMercedes\u201d\",\"iar acum a r\u0103mas f\u0103r\u0103 ma\u0219in\u0103. Un t\u00e2n\u0103r\",\"\u00een vizorul poli\u021bi\u0219tilor de frontier\u0103\"],\"articleSection\":[\"Social\"],\"inLanguage\":\"ro-RO\"},{\"@type\":\"WebPage\",\"@id\":\"https:\\\/\\\/www.btv.md\\\/ro\\\/a-scos-din-buzunar-1-600-de-euro-pentru-un-mercedes-iar-acum-a-ramas-fara-masina-un-tanar-in-vizorul-politistilor-de-frontiera\\\/\",\"url\":\"https:\\\/\\\/www.btv.md\\\/ro\\\/a-scos-din-buzunar-1-600-de-euro-pentru-un-mercedes-iar-acum-a-ramas-fara-masina-un-tanar-in-vizorul-politistilor-de-frontiera\\\/\",\"name\":\"A scos din buzunar 1 600 de euro pentru un \u201eMercedes\u201d, iar acum a r\u0103mas f\u0103r\u0103 ma\u0219in\u0103. Un t\u00e2n\u0103r, \u00een vizorul poli\u021bi\u0219tilor de frontier\u0103 - BTV\",\"isPartOf\":{\"@id\":\"https:\\\/\\\/www.btv.md\\\/#website\"},\"primaryImageOfPage\":{\"@id\":\"https:\\\/\\\/www.btv.md\\\/ro\\\/a-scos-din-buzunar-1-600-de-euro-pentru-un-mercedes-iar-acum-a-ramas-fara-masina-un-tanar-in-vizorul-politistilor-de-frontiera\\\/#primaryimage\"},\"image\":{\"@id\":\"https:\\\/\\\/www.btv.md\\\/ro\\\/a-scos-din-buzunar-1-600-de-euro-pentru-un-mercedes-iar-acum-a-ramas-fara-masina-un-tanar-in-vizorul-politistilor-de-frontiera\\\/#primaryimage\"},\"thumbnailUrl\":\"https:\\\/\\\/www.btv.md\\\/wp-content\\\/uploads\\\/2021\\\/07\\\/whatsapp-image-2021-07-01-at-12.55.43.jpeg\",\"datePublished\":\"2021-07-01T13:06:42+00:00\",\"author\":{\"@id\":\"https:\\\/\\\/www.btv.md\\\/#\\\/schema\\\/person\\\/8fadce81561b3ce2c34c46dadc4ccbf2\"},\"inLanguage\":\"ro-RO\",\"potentialAction\":[{\"@type\":\"ReadAction\",\"target\":[\"https:\\\/\\\/www.btv.md\\\/ro\\\/a-scos-din-buzunar-1-600-de-euro-pentru-un-mercedes-iar-acum-a-ramas-fara-masina-un-tanar-in-vizorul-politistilor-de-frontiera\\\/\"]}]},{\"@type\":\"ImageObject\",\"inLanguage\":\"ro-RO\",\"@id\":\"https:\\\/\\\/www.btv.md\\\/ro\\\/a-scos-din-buzunar-1-600-de-euro-pentru-un-mercedes-iar-acum-a-ramas-fara-masina-un-tanar-in-vizorul-politistilor-de-frontiera\\\/#primaryimage\",\"url\":\"https:\\\/\\\/www.btv.md\\\/wp-content\\\/uploads\\\/2021\\\/07\\\/whatsapp-image-2021-07-01-at-12.55.43.jpeg\",\"contentUrl\":\"https:\\\/\\\/www.btv.md\\\/wp-content\\\/uploads\\\/2021\\\/07\\\/whatsapp-image-2021-07-01-at-12.55.43.jpeg\",\"width\":970,\"height\":728},{\"@type\":\"WebSite\",\"@id\":\"https:\\\/\\\/www.btv.md\\\/#website\",\"url\":\"https:\\\/\\\/www.btv.md\\\/\",\"name\":\"BTV\",\"description\":\"\u0411\u0435\u043b\u044c\u0446\u043a\u043e\u0435 \u0442\u0435\u043b\u0435\u0432\u0438\u0434\u0435\u043d\u0438\u0435\",\"potentialAction\":[{\"@type\":\"SearchAction\",\"target\":{\"@type\":\"EntryPoint\",\"urlTemplate\":\"https:\\\/\\\/www.btv.md\\\/?s={search_term_string}\"},\"query-input\":{\"@type\":\"PropertyValueSpecification\",\"valueRequired\":true,\"valueName\":\"search_term_string\"}}],\"inLanguage\":\"ro-RO\"},{\"@type\":\"Person\",\"@id\":\"https:\\\/\\\/www.btv.md\\\/#\\\/schema\\\/person\\\/8fadce81561b3ce2c34c46dadc4ccbf2\",\"name\":\"admin\"}]}<\/script>\n<!-- \/ Yoast SEO plugin. -->","yoast_head_json":{"title":"A scos din buzunar 1 600 de euro pentru un \u201eMercedes\u201d, iar acum a r\u0103mas f\u0103r\u0103 ma\u0219in\u0103. Un t\u00e2n\u0103r, \u00een vizorul poli\u021bi\u0219tilor de frontier\u0103 - BTV","robots":{"index":"index","follow":"follow","max-snippet":"max-snippet:-1","max-image-preview":"max-image-preview:large","max-video-preview":"max-video-preview:-1"},"canonical":"https:\/\/www.btv.md\/ro\/a-scos-din-buzunar-1-600-de-euro-pentru-un-mercedes-iar-acum-a-ramas-fara-masina-un-tanar-in-vizorul-politistilor-de-frontiera\/","og_locale":"ro_RO","og_type":"article","og_title":"A scos din buzunar 1 600 de euro pentru un \u201eMercedes\u201d, iar acum a r\u0103mas f\u0103r\u0103 ma\u0219in\u0103. Un t\u00e2n\u0103r, \u00een vizorul poli\u021bi\u0219tilor de frontier\u0103 - BTV","og_description":"Un t\u00e2n\u0103r de 29 de ani a r\u0103mas f\u0103r\u0103 Mercedes, dup\u0103 ce s-a dovedit c\u0103 revizia tehnic\u0103 a mijlocului de transport ar putea fi fals\u0103. B\u0103rbatul a fost stopat \u00een seara zilei de miercuri pe traseul Buzdugani \u2013 Ungheni, de c\u0103tre poli\u021bi\u0219tii de frontier\u0103, care au depistat nereguli, scrie tv8.md. Oamenii legii spun c\u0103 mijlocul [&hellip;]","og_url":"https:\/\/www.btv.md\/ro\/a-scos-din-buzunar-1-600-de-euro-pentru-un-mercedes-iar-acum-a-ramas-fara-masina-un-tanar-in-vizorul-politistilor-de-frontiera\/","og_site_name":"BTV","article_publisher":"https:\/\/www.facebook.com\/btvmoldova\/","article_published_time":"2021-07-01T13:06:42+00:00","og_image":[{"width":970,"height":728,"url":"https:\/\/www.btv.md\/wp-content\/uploads\/2021\/07\/whatsapp-image-2021-07-01-at-12.55.43.jpeg","type":"image\/jpeg"}],"author":"admin","twitter_misc":{"Scris de":"admin","Timp estimat pentru citire":"1 minut"},"schema":{"@context":"https:\/\/schema.org","@graph":[{"@type":"Article","@id":"https:\/\/www.btv.md\/ro\/a-scos-din-buzunar-1-600-de-euro-pentru-un-mercedes-iar-acum-a-ramas-fara-masina-un-tanar-in-vizorul-politistilor-de-frontiera\/#article","isPartOf":{"@id":"https:\/\/www.btv.md\/ro\/a-scos-din-buzunar-1-600-de-euro-pentru-un-mercedes-iar-acum-a-ramas-fara-masina-un-tanar-in-vizorul-politistilor-de-frontiera\/"},"author":{"name":"admin","@id":"https:\/\/www.btv.md\/#\/schema\/person\/8fadce81561b3ce2c34c46dadc4ccbf2"},"headline":"A scos din buzunar 1 600 de euro pentru un \u201eMercedes\u201d, iar acum a r\u0103mas f\u0103r\u0103 ma\u0219in\u0103. Un t\u00e2n\u0103r, \u00een vizorul poli\u021bi\u0219tilor de frontier\u0103","datePublished":"2021-07-01T13:06:42+00:00","mainEntityOfPage":{"@id":"https:\/\/www.btv.md\/ro\/a-scos-din-buzunar-1-600-de-euro-pentru-un-mercedes-iar-acum-a-ramas-fara-masina-un-tanar-in-vizorul-politistilor-de-frontiera\/"},"wordCount":204,"image":{"@id":"https:\/\/www.btv.md\/ro\/a-scos-din-buzunar-1-600-de-euro-pentru-un-mercedes-iar-acum-a-ramas-fara-masina-un-tanar-in-vizorul-politistilor-de-frontiera\/#primaryimage"},"thumbnailUrl":"https:\/\/www.btv.md\/wp-content\/uploads\/2021\/07\/whatsapp-image-2021-07-01-at-12.55.43.jpeg","keywords":["A scos din buzunar 1 600 de euro pentru un \u201eMercedes\u201d","iar acum a r\u0103mas f\u0103r\u0103 ma\u0219in\u0103. Un t\u00e2n\u0103r","\u00een vizorul poli\u021bi\u0219tilor de frontier\u0103"],"articleSection":["Social"],"inLanguage":"ro-RO"},{"@type":"WebPage","@id":"https:\/\/www.btv.md\/ro\/a-scos-din-buzunar-1-600-de-euro-pentru-un-mercedes-iar-acum-a-ramas-fara-masina-un-tanar-in-vizorul-politistilor-de-frontiera\/","url":"https:\/\/www.btv.md\/ro\/a-scos-din-buzunar-1-600-de-euro-pentru-un-mercedes-iar-acum-a-ramas-fara-masina-un-tanar-in-vizorul-politistilor-de-frontiera\/","name":"A scos din buzunar 1 600 de euro pentru un \u201eMercedes\u201d, iar acum a r\u0103mas f\u0103r\u0103 ma\u0219in\u0103. Un t\u00e2n\u0103r, \u00een vizorul poli\u021bi\u0219tilor de frontier\u0103 - BTV","isPartOf":{"@id":"https:\/\/www.btv.md\/#website"},"primaryImageOfPage":{"@id":"https:\/\/www.btv.md\/ro\/a-scos-din-buzunar-1-600-de-euro-pentru-un-mercedes-iar-acum-a-ramas-fara-masina-un-tanar-in-vizorul-politistilor-de-frontiera\/#primaryimage"},"image":{"@id":"https:\/\/www.btv.md\/ro\/a-scos-din-buzunar-1-600-de-euro-pentru-un-mercedes-iar-acum-a-ramas-fara-masina-un-tanar-in-vizorul-politistilor-de-frontiera\/#primaryimage"},"thumbnailUrl":"https:\/\/www.btv.md\/wp-content\/uploads\/2021\/07\/whatsapp-image-2021-07-01-at-12.55.43.jpeg","datePublished":"2021-07-01T13:06:42+00:00","author":{"@id":"https:\/\/www.btv.md\/#\/schema\/person\/8fadce81561b3ce2c34c46dadc4ccbf2"},"inLanguage":"ro-RO","potentialAction":[{"@type":"ReadAction","target":["https:\/\/www.btv.md\/ro\/a-scos-din-buzunar-1-600-de-euro-pentru-un-mercedes-iar-acum-a-ramas-fara-masina-un-tanar-in-vizorul-politistilor-de-frontiera\/"]}]},{"@type":"ImageObject","inLanguage":"ro-RO","@id":"https:\/\/www.btv.md\/ro\/a-scos-din-buzunar-1-600-de-euro-pentru-un-mercedes-iar-acum-a-ramas-fara-masina-un-tanar-in-vizorul-politistilor-de-frontiera\/#primaryimage","url":"https:\/\/www.btv.md\/wp-content\/uploads\/2021\/07\/whatsapp-image-2021-07-01-at-12.55.43.jpeg","contentUrl":"https:\/\/www.btv.md\/wp-content\/uploads\/2021\/07\/whatsapp-image-2021-07-01-at-12.55.43.jpeg","width":970,"height":728},{"@type":"WebSite","@id":"https:\/\/www.btv.md\/#website","url":"https:\/\/www.btv.md\/","name":"BTV","description":"\u0411\u0435\u043b\u044c\u0446\u043a\u043e\u0435 \u0442\u0435\u043b\u0435\u0432\u0438\u0434\u0435\u043d\u0438\u0435","potentialAction":[{"@type":"SearchAction","target":{"@type":"EntryPoint","urlTemplate":"https:\/\/www.btv.md\/?s={search_term_string}"},"query-input":{"@type":"PropertyValueSpecification","valueRequired":true,"valueName":"search_term_string"}}],"inLanguage":"ro-RO"},{"@type":"Person","@id":"https:\/\/www.btv.md\/#\/schema\/person\/8fadce81561b3ce2c34c46dadc4ccbf2","name":"admin"}]}},"_links":{"self":[{"href":"https:\/\/www.btv.md\/ro\/wp-json\/wp\/v2\/posts\/134599","targetHints":{"allow":["GET"]}}],"collection":[{"href":"https:\/\/www.btv.md\/ro\/wp-json\/wp\/v2\/posts"}],"about":[{"href":"https:\/\/www.btv.md\/ro\/wp-json\/wp\/v2\/types\/post"}],"author":[{"embeddable":true,"href":"https:\/\/www.btv.md\/ro\/wp-json\/wp\/v2\/users\/4"}],"replies":[{"embeddable":true,"href":"https:\/\/www.btv.md\/ro\/wp-json\/wp\/v2\/comments?post=134599"}],"version-history":[{"count":0,"href":"https:\/\/www.btv.md\/ro\/wp-json\/wp\/v2\/posts\/134599\/revisions"}],"wp:featuredmedia":[{"embeddable":true,"href":"https:\/\/www.btv.md\/ro\/wp-json\/wp\/v2\/media\/134600"}],"wp:attachment":[{"href":"https:\/\/www.btv.md\/ro\/wp-json\/wp\/v2\/media?parent=134599"}],"wp:term":[{"taxonomy":"category","embeddable":true,"href":"https:\/\/www.btv.md\/ro\/wp-json\/wp\/v2\/categories?post=134599"},{"taxonomy":"post_tag","embeddable":true,"href":"https:\/\/www.btv.md\/ro\/wp-json\/wp\/v2\/tags?post=134599"}],"curies":[{"name":"wp","href":"https:\/\/api.w.org\/{rel}","templated":true}]}}