{"id":134607,"date":"2021-07-01T16:12:41","date_gmt":"2021-07-01T13:12:41","guid":{"rendered":"https:\/\/www.btv.md\/?p=134607"},"modified":"2021-07-01T16:12:41","modified_gmt":"2021-07-01T13:12:41","slug":"india-un-barbat-a-fost-sunat-si-invitat-sa-si-ia-certificatul-de-deces","status":"publish","type":"post","link":"https:\/\/www.btv.md\/ro\/india-un-barbat-a-fost-sunat-si-invitat-sa-si-ia-certificatul-de-deces\/","title":{"rendered":"India: Un b\u0103rbat a fost sunat \u0219i invitat s\u0103-\u0219i ia certificatul de deces"},"content":{"rendered":"<p data-index=\"1\"><strong>S\u0103pt\u0103m\u00e2na aceasta, un b\u0103rbat indian de 54 de ani a primit cel mai ciudat apel telefonic din via\u021ba lui: a fost sunat pe mobil de la prim\u0103rie \u0219i invitat s\u0103-\u0219i ridice certificatul de deces, noteaz\u0103 <a href=\"https:\/\/www.digi24.ro\/stiri\/externe\/mapamond\/barbat-sunat-de-la-primarie-si-invitat-sa-si-ridice-certificatul-de-deces-le-am-spus-ca-nu-am-cum-sa-fiu-mort-daca-vorbesc-cu-mine-1581795?fbclid=IwAR3e9ngYRVcPeCy1xGPIUoeacahOZB9_vnar87PgXdoz_NL79iyyrkUH77s\">digi24.ro<\/a>.<\/strong><\/p>\n<p data-index=\"2\">Chandrashekhar Desai, din Manpada in Thane, spune c\u0103 a fost bolnav de Covid-19 \u00een august 2020 \u0219i s-a tratat acas\u0103. \u00cen timpul perioadei de izolare a fost sunat o singur\u0103 dat\u0103 de autorit\u0103\u021bile medicale care l-au \u00eentrebat de s\u0103n\u0103tate. Crede c\u0103 atunci s-a produs o confuzie \u0219i c\u0103 numele lui a fost trecut pe lista gre\u0219it\u0103, potrivit\u00a0Indian Express.<\/p>\n<p data-index=\"3\">Desai, care este profesor la o \u0219coal\u0103 din Ghatkopar, spune c\u0103 s\u0103pt\u0103m\u00e2na aceasta a primit un telefon de la o femeie de la prim\u0103rie, de la departamentul de s\u0103n\u0103tate, care l-a invitat s\u0103 vin\u0103 pentru a-\u0219i ridica certificatul de deces.<\/p>\n<p data-index=\"4\"><em>\u201eMi-a spus c\u0103 prim\u0103ria vrea s\u0103 elibereze certificatul de deces pentru Chandrashekhar Desai. I-am spus c\u0103 vorbe\u0219te cu Chandrashekhar Desai \u0219i c\u0103 nu sunt mort. A fost surprins\u0103 \u0219i m-a \u00eentrebat dac\u0103 altcineva din familie a murit sau a fost infectat cu Covid\u201d<\/em>, a spus b\u0103rbatul.<\/p>\n<p data-index=\"5\">Dup\u0103 apel, Desai s-a dus la prim\u0103rie s\u0103 l\u0103mureasc\u0103 incidentul. \u201e<em>I-am \u00eentrebat motivul (de ce a fost declarat mort &#8211; n.n.), dar nu \u0219i-au recunoscut gre\u0219eala&#8230; Dar mi-au promis c\u0103 vor lua m\u0103surile necesare pentru a corecta eroarea \u201d<\/em>, a spus Desai.<\/p>\n<p data-index=\"5\">Foto: digi24.ro.<\/p>\n","protected":false},"excerpt":{"rendered":"<p>S\u0103pt\u0103m\u00e2na aceasta, un b\u0103rbat indian de 54 de ani a primit cel mai ciudat apel telefonic din via\u021ba lui: a fost sunat pe mobil de la prim\u0103rie \u0219i invitat s\u0103-\u0219i ridice certificatul de deces, noteaz\u0103 digi24.ro. Chandrashekhar Desai, din Manpada in Thane, spune c\u0103 a fost bolnav de Covid-19 \u00een august 2020 \u0219i s-a tratat [&hellip;]<\/p>\n","protected":false},"author":4,"featured_media":134608,"comment_status":"closed","ping_status":"closed","sticky":false,"template":"","format":"standard","meta":{"footnotes":""},"categories":[6349],"tags":[27162],"class_list":["post-134607","post","type-post","status-publish","format-standard","has-post-thumbnail","hentry","category-social","tag-india-un-barbat-a-fost-sunat-si-invitat-sa-si-ia-certificatul-de-deces"],"yoast_head":"<!-- This site is optimized with the Yoast SEO plugin v27.4 - https:\/\/yoast.com\/product\/yoast-seo-wordpress\/ -->\n<title>India: Un b\u0103rbat a fost sunat \u0219i invitat s\u0103-\u0219i ia certificatul de deces - BTV<\/title>\n<meta name=\"robots\" content=\"index, follow, max-snippet:-1, max-image-preview:large, max-video-preview:-1\" \/>\n<link rel=\"canonical\" href=\"https:\/\/www.btv.md\/ro\/india-un-barbat-a-fost-sunat-si-invitat-sa-si-ia-certificatul-de-deces\/\" \/>\n<meta property=\"og:locale\" content=\"ro_RO\" \/>\n<meta property=\"og:type\" content=\"article\" \/>\n<meta property=\"og:title\" content=\"India: Un b\u0103rbat a fost sunat \u0219i invitat s\u0103-\u0219i ia certificatul de deces - BTV\" \/>\n<meta property=\"og:description\" content=\"S\u0103pt\u0103m\u00e2na aceasta, un b\u0103rbat indian de 54 de ani a primit cel mai ciudat apel telefonic din via\u021ba lui: a fost sunat pe mobil de la prim\u0103rie \u0219i invitat s\u0103-\u0219i ridice certificatul de deces, noteaz\u0103 digi24.ro. Chandrashekhar Desai, din Manpada in Thane, spune c\u0103 a fost bolnav de Covid-19 \u00een august 2020 \u0219i s-a tratat [&hellip;]\" \/>\n<meta property=\"og:url\" content=\"https:\/\/www.btv.md\/ro\/india-un-barbat-a-fost-sunat-si-invitat-sa-si-ia-certificatul-de-deces\/\" \/>\n<meta property=\"og:site_name\" content=\"BTV\" \/>\n<meta property=\"article:publisher\" content=\"https:\/\/www.facebook.com\/btvmoldova\/\" \/>\n<meta property=\"article:published_time\" content=\"2021-07-01T13:12:41+00:00\" \/>\n<meta property=\"og:image\" content=\"https:\/\/www.btv.md\/wp-content\/uploads\/2021\/07\/ywe1njllowm0ztqyoduxzdjhzti1yjg0njm.thumb_.jpg\" \/>\n\t<meta property=\"og:image:width\" content=\"800\" \/>\n\t<meta property=\"og:image:height\" content=\"444\" \/>\n\t<meta property=\"og:image:type\" content=\"image\/jpeg\" \/>\n<meta name=\"author\" content=\"admin\" \/>\n<meta name=\"twitter:label1\" content=\"Scris de\" \/>\n\t<meta name=\"twitter:data1\" content=\"admin\" \/>\n\t<meta name=\"twitter:label2\" content=\"Timp estimat pentru citire\" \/>\n\t<meta name=\"twitter:data2\" content=\"1 minut\" \/>\n<script type=\"application\/ld+json\" class=\"yoast-schema-graph\">{\"@context\":\"https:\\\/\\\/schema.org\",\"@graph\":[{\"@type\":\"Article\",\"@id\":\"https:\\\/\\\/www.btv.md\\\/ro\\\/india-un-barbat-a-fost-sunat-si-invitat-sa-si-ia-certificatul-de-deces\\\/#article\",\"isPartOf\":{\"@id\":\"https:\\\/\\\/www.btv.md\\\/ro\\\/india-un-barbat-a-fost-sunat-si-invitat-sa-si-ia-certificatul-de-deces\\\/\"},\"author\":{\"name\":\"admin\",\"@id\":\"https:\\\/\\\/www.btv.md\\\/#\\\/schema\\\/person\\\/8fadce81561b3ce2c34c46dadc4ccbf2\"},\"headline\":\"India: Un b\u0103rbat a fost sunat \u0219i invitat s\u0103-\u0219i ia certificatul de deces\",\"datePublished\":\"2021-07-01T13:12:41+00:00\",\"mainEntityOfPage\":{\"@id\":\"https:\\\/\\\/www.btv.md\\\/ro\\\/india-un-barbat-a-fost-sunat-si-invitat-sa-si-ia-certificatul-de-deces\\\/\"},\"wordCount\":267,\"image\":{\"@id\":\"https:\\\/\\\/www.btv.md\\\/ro\\\/india-un-barbat-a-fost-sunat-si-invitat-sa-si-ia-certificatul-de-deces\\\/#primaryimage\"},\"thumbnailUrl\":\"https:\\\/\\\/www.btv.md\\\/wp-content\\\/uploads\\\/2021\\\/07\\\/ywe1njllowm0ztqyoduxzdjhzti1yjg0njm.thumb_.jpg\",\"keywords\":[\"India: Un b\u0103rbat a fost sunat \u0219i invitat s\u0103-\u0219i ia certificatul de deces\"],\"articleSection\":[\"Social\"],\"inLanguage\":\"ro-RO\"},{\"@type\":\"WebPage\",\"@id\":\"https:\\\/\\\/www.btv.md\\\/ro\\\/india-un-barbat-a-fost-sunat-si-invitat-sa-si-ia-certificatul-de-deces\\\/\",\"url\":\"https:\\\/\\\/www.btv.md\\\/ro\\\/india-un-barbat-a-fost-sunat-si-invitat-sa-si-ia-certificatul-de-deces\\\/\",\"name\":\"India: Un b\u0103rbat a fost sunat \u0219i invitat s\u0103-\u0219i ia certificatul de deces - BTV\",\"isPartOf\":{\"@id\":\"https:\\\/\\\/www.btv.md\\\/#website\"},\"primaryImageOfPage\":{\"@id\":\"https:\\\/\\\/www.btv.md\\\/ro\\\/india-un-barbat-a-fost-sunat-si-invitat-sa-si-ia-certificatul-de-deces\\\/#primaryimage\"},\"image\":{\"@id\":\"https:\\\/\\\/www.btv.md\\\/ro\\\/india-un-barbat-a-fost-sunat-si-invitat-sa-si-ia-certificatul-de-deces\\\/#primaryimage\"},\"thumbnailUrl\":\"https:\\\/\\\/www.btv.md\\\/wp-content\\\/uploads\\\/2021\\\/07\\\/ywe1njllowm0ztqyoduxzdjhzti1yjg0njm.thumb_.jpg\",\"datePublished\":\"2021-07-01T13:12:41+00:00\",\"author\":{\"@id\":\"https:\\\/\\\/www.btv.md\\\/#\\\/schema\\\/person\\\/8fadce81561b3ce2c34c46dadc4ccbf2\"},\"inLanguage\":\"ro-RO\",\"potentialAction\":[{\"@type\":\"ReadAction\",\"target\":[\"https:\\\/\\\/www.btv.md\\\/ro\\\/india-un-barbat-a-fost-sunat-si-invitat-sa-si-ia-certificatul-de-deces\\\/\"]}]},{\"@type\":\"ImageObject\",\"inLanguage\":\"ro-RO\",\"@id\":\"https:\\\/\\\/www.btv.md\\\/ro\\\/india-un-barbat-a-fost-sunat-si-invitat-sa-si-ia-certificatul-de-deces\\\/#primaryimage\",\"url\":\"https:\\\/\\\/www.btv.md\\\/wp-content\\\/uploads\\\/2021\\\/07\\\/ywe1njllowm0ztqyoduxzdjhzti1yjg0njm.thumb_.jpg\",\"contentUrl\":\"https:\\\/\\\/www.btv.md\\\/wp-content\\\/uploads\\\/2021\\\/07\\\/ywe1njllowm0ztqyoduxzdjhzti1yjg0njm.thumb_.jpg\",\"width\":800,\"height\":444},{\"@type\":\"WebSite\",\"@id\":\"https:\\\/\\\/www.btv.md\\\/#website\",\"url\":\"https:\\\/\\\/www.btv.md\\\/\",\"name\":\"BTV\",\"description\":\"\u0411\u0435\u043b\u044c\u0446\u043a\u043e\u0435 \u0442\u0435\u043b\u0435\u0432\u0438\u0434\u0435\u043d\u0438\u0435\",\"potentialAction\":[{\"@type\":\"SearchAction\",\"target\":{\"@type\":\"EntryPoint\",\"urlTemplate\":\"https:\\\/\\\/www.btv.md\\\/?s={search_term_string}\"},\"query-input\":{\"@type\":\"PropertyValueSpecification\",\"valueRequired\":true,\"valueName\":\"search_term_string\"}}],\"inLanguage\":\"ro-RO\"},{\"@type\":\"Person\",\"@id\":\"https:\\\/\\\/www.btv.md\\\/#\\\/schema\\\/person\\\/8fadce81561b3ce2c34c46dadc4ccbf2\",\"name\":\"admin\"}]}<\/script>\n<!-- \/ Yoast SEO plugin. -->","yoast_head_json":{"title":"India: Un b\u0103rbat a fost sunat \u0219i invitat s\u0103-\u0219i ia certificatul de deces - BTV","robots":{"index":"index","follow":"follow","max-snippet":"max-snippet:-1","max-image-preview":"max-image-preview:large","max-video-preview":"max-video-preview:-1"},"canonical":"https:\/\/www.btv.md\/ro\/india-un-barbat-a-fost-sunat-si-invitat-sa-si-ia-certificatul-de-deces\/","og_locale":"ro_RO","og_type":"article","og_title":"India: Un b\u0103rbat a fost sunat \u0219i invitat s\u0103-\u0219i ia certificatul de deces - BTV","og_description":"S\u0103pt\u0103m\u00e2na aceasta, un b\u0103rbat indian de 54 de ani a primit cel mai ciudat apel telefonic din via\u021ba lui: a fost sunat pe mobil de la prim\u0103rie \u0219i invitat s\u0103-\u0219i ridice certificatul de deces, noteaz\u0103 digi24.ro. Chandrashekhar Desai, din Manpada in Thane, spune c\u0103 a fost bolnav de Covid-19 \u00een august 2020 \u0219i s-a tratat [&hellip;]","og_url":"https:\/\/www.btv.md\/ro\/india-un-barbat-a-fost-sunat-si-invitat-sa-si-ia-certificatul-de-deces\/","og_site_name":"BTV","article_publisher":"https:\/\/www.facebook.com\/btvmoldova\/","article_published_time":"2021-07-01T13:12:41+00:00","og_image":[{"width":800,"height":444,"url":"https:\/\/www.btv.md\/wp-content\/uploads\/2021\/07\/ywe1njllowm0ztqyoduxzdjhzti1yjg0njm.thumb_.jpg","type":"image\/jpeg"}],"author":"admin","twitter_misc":{"Scris de":"admin","Timp estimat pentru citire":"1 minut"},"schema":{"@context":"https:\/\/schema.org","@graph":[{"@type":"Article","@id":"https:\/\/www.btv.md\/ro\/india-un-barbat-a-fost-sunat-si-invitat-sa-si-ia-certificatul-de-deces\/#article","isPartOf":{"@id":"https:\/\/www.btv.md\/ro\/india-un-barbat-a-fost-sunat-si-invitat-sa-si-ia-certificatul-de-deces\/"},"author":{"name":"admin","@id":"https:\/\/www.btv.md\/#\/schema\/person\/8fadce81561b3ce2c34c46dadc4ccbf2"},"headline":"India: Un b\u0103rbat a fost sunat \u0219i invitat s\u0103-\u0219i ia certificatul de deces","datePublished":"2021-07-01T13:12:41+00:00","mainEntityOfPage":{"@id":"https:\/\/www.btv.md\/ro\/india-un-barbat-a-fost-sunat-si-invitat-sa-si-ia-certificatul-de-deces\/"},"wordCount":267,"image":{"@id":"https:\/\/www.btv.md\/ro\/india-un-barbat-a-fost-sunat-si-invitat-sa-si-ia-certificatul-de-deces\/#primaryimage"},"thumbnailUrl":"https:\/\/www.btv.md\/wp-content\/uploads\/2021\/07\/ywe1njllowm0ztqyoduxzdjhzti1yjg0njm.thumb_.jpg","keywords":["India: Un b\u0103rbat a fost sunat \u0219i invitat s\u0103-\u0219i ia certificatul de deces"],"articleSection":["Social"],"inLanguage":"ro-RO"},{"@type":"WebPage","@id":"https:\/\/www.btv.md\/ro\/india-un-barbat-a-fost-sunat-si-invitat-sa-si-ia-certificatul-de-deces\/","url":"https:\/\/www.btv.md\/ro\/india-un-barbat-a-fost-sunat-si-invitat-sa-si-ia-certificatul-de-deces\/","name":"India: Un b\u0103rbat a fost sunat \u0219i invitat s\u0103-\u0219i ia certificatul de deces - BTV","isPartOf":{"@id":"https:\/\/www.btv.md\/#website"},"primaryImageOfPage":{"@id":"https:\/\/www.btv.md\/ro\/india-un-barbat-a-fost-sunat-si-invitat-sa-si-ia-certificatul-de-deces\/#primaryimage"},"image":{"@id":"https:\/\/www.btv.md\/ro\/india-un-barbat-a-fost-sunat-si-invitat-sa-si-ia-certificatul-de-deces\/#primaryimage"},"thumbnailUrl":"https:\/\/www.btv.md\/wp-content\/uploads\/2021\/07\/ywe1njllowm0ztqyoduxzdjhzti1yjg0njm.thumb_.jpg","datePublished":"2021-07-01T13:12:41+00:00","author":{"@id":"https:\/\/www.btv.md\/#\/schema\/person\/8fadce81561b3ce2c34c46dadc4ccbf2"},"inLanguage":"ro-RO","potentialAction":[{"@type":"ReadAction","target":["https:\/\/www.btv.md\/ro\/india-un-barbat-a-fost-sunat-si-invitat-sa-si-ia-certificatul-de-deces\/"]}]},{"@type":"ImageObject","inLanguage":"ro-RO","@id":"https:\/\/www.btv.md\/ro\/india-un-barbat-a-fost-sunat-si-invitat-sa-si-ia-certificatul-de-deces\/#primaryimage","url":"https:\/\/www.btv.md\/wp-content\/uploads\/2021\/07\/ywe1njllowm0ztqyoduxzdjhzti1yjg0njm.thumb_.jpg","contentUrl":"https:\/\/www.btv.md\/wp-content\/uploads\/2021\/07\/ywe1njllowm0ztqyoduxzdjhzti1yjg0njm.thumb_.jpg","width":800,"height":444},{"@type":"WebSite","@id":"https:\/\/www.btv.md\/#website","url":"https:\/\/www.btv.md\/","name":"BTV","description":"\u0411\u0435\u043b\u044c\u0446\u043a\u043e\u0435 \u0442\u0435\u043b\u0435\u0432\u0438\u0434\u0435\u043d\u0438\u0435","potentialAction":[{"@type":"SearchAction","target":{"@type":"EntryPoint","urlTemplate":"https:\/\/www.btv.md\/?s={search_term_string}"},"query-input":{"@type":"PropertyValueSpecification","valueRequired":true,"valueName":"search_term_string"}}],"inLanguage":"ro-RO"},{"@type":"Person","@id":"https:\/\/www.btv.md\/#\/schema\/person\/8fadce81561b3ce2c34c46dadc4ccbf2","name":"admin"}]}},"_links":{"self":[{"href":"https:\/\/www.btv.md\/ro\/wp-json\/wp\/v2\/posts\/134607","targetHints":{"allow":["GET"]}}],"collection":[{"href":"https:\/\/www.btv.md\/ro\/wp-json\/wp\/v2\/posts"}],"about":[{"href":"https:\/\/www.btv.md\/ro\/wp-json\/wp\/v2\/types\/post"}],"author":[{"embeddable":true,"href":"https:\/\/www.btv.md\/ro\/wp-json\/wp\/v2\/users\/4"}],"replies":[{"embeddable":true,"href":"https:\/\/www.btv.md\/ro\/wp-json\/wp\/v2\/comments?post=134607"}],"version-history":[{"count":0,"href":"https:\/\/www.btv.md\/ro\/wp-json\/wp\/v2\/posts\/134607\/revisions"}],"wp:featuredmedia":[{"embeddable":true,"href":"https:\/\/www.btv.md\/ro\/wp-json\/wp\/v2\/media\/134608"}],"wp:attachment":[{"href":"https:\/\/www.btv.md\/ro\/wp-json\/wp\/v2\/media?parent=134607"}],"wp:term":[{"taxonomy":"category","embeddable":true,"href":"https:\/\/www.btv.md\/ro\/wp-json\/wp\/v2\/categories?post=134607"},{"taxonomy":"post_tag","embeddable":true,"href":"https:\/\/www.btv.md\/ro\/wp-json\/wp\/v2\/tags?post=134607"}],"curies":[{"name":"wp","href":"https:\/\/api.w.org\/{rel}","templated":true}]}}