{"id":134642,"date":"2021-07-01T18:16:02","date_gmt":"2021-07-01T15:16:02","guid":{"rendered":"https:\/\/www.btv.md\/?p=134642"},"modified":"2021-07-01T18:16:02","modified_gmt":"2021-07-01T15:16:02","slug":"grav-accident-la-rezina-o-femeie-si-copilul-sau-transportati-la-spital","status":"publish","type":"post","link":"https:\/\/www.btv.md\/ro\/grav-accident-la-rezina-o-femeie-si-copilul-sau-transportati-la-spital\/","title":{"rendered":"Grav accident la Rezina: O femeie \u0219i copilul s\u0103u, transporta\u021bi la spital"},"content":{"rendered":"<p><strong>O t\u00e2n\u0103r\u0103 \u0219i copilul s\u0103u au ajuns la spital, dup\u0103 ce ma\u0219ina cu care se deplasau s-a izbit \u00eentr-un microbuz \u0219i a fost proiectat\u0103 \u00een parapet. Accidentul a avut loc \u00een aceast\u0103 dup\u0103-amiaz\u0103 \u00een preajma Peniteciarului Nr.17 din raionul Rezina, scrie <a href=\"https:\/\/deschide.md\/ro\/stiri\/social\/87725\/FOTO--Grav-accident-%C3%AEn-fa%C8%9Ba-Penitenciarului-de-la-Rezina-O-femeie-%C8%99i-copilul-s%C4%83u-transporta%C8%9Bi-la-spital.htm\">deschide.md<\/a>.<\/strong><\/p>\n<p>Potrivit poli\u021biei \u00een accident a fost implicat un automobil de marca Renault Megane \u0219i un microbuz de marca Volkswagen.\u00a0 Preliminar, oamenii legii au stabilit c\u0103, din cauza excesului de vitez\u0103, \u0219oferul \u00een v\u00e2rst\u0103 de 24 de ani, al automobilului Renault, a pierdut controlul volanului, iar ma\u0219ina a intrat pe contrasens \u0219i s-a izbit \u00eentr-un microbuz care se deplasa regulamentar.Ulterior, automobilul a fost proiectat \u00een parapet.<\/p>\n<p>\u00cen urma impactului, ma\u0219ina a r\u0103mas blocat\u0103 pe traseu, iar o t\u00e2n\u0103r\u0103 de 21 de ani \u0219i copilul s\u0103u de numai un ani\u0219or, care se aflau \u00een Renault, au fost prelua\u021bi de o ambulan\u021b\u0103 \u0219i transporta\u021bi la Spitalul raional Rezina, cu diverse traumatisme.<\/p>\n<p>Oamenii legii cerceteaz\u0103 cazul pentru a stabili toate circum stan\u021bele \u00een care s-a produs accidentul.<\/p>\n<div class=\"cs_img \">\n<p><a class=\"photoViewer\" title=\"\" href=\"https:\/\/deschide.md\/images\/cms-image-000119431.jpg\"><img decoding=\"async\" src=\"https:\/\/deschide.md\/get_img?ImageWidth=3264&amp;ImageHeight=1672&amp;ImageId=119431\" border=\"0\" \/><\/a><\/p>\n<p>Foto: deschide.md.<\/p>\n<\/div>\n","protected":false},"excerpt":{"rendered":"<p>O t\u00e2n\u0103r\u0103 \u0219i copilul s\u0103u au ajuns la spital, dup\u0103 ce ma\u0219ina cu care se deplasau s-a izbit \u00eentr-un microbuz \u0219i a fost proiectat\u0103 \u00een parapet. Accidentul a avut loc \u00een aceast\u0103 dup\u0103-amiaz\u0103 \u00een preajma Peniteciarului Nr.17 din raionul Rezina, scrie deschide.md. Potrivit poli\u021biei \u00een accident a fost implicat un automobil de marca Renault Megane [&hellip;]<\/p>\n","protected":false},"author":4,"featured_media":134643,"comment_status":"closed","ping_status":"closed","sticky":false,"template":"","format":"standard","meta":{"footnotes":""},"categories":[6349],"tags":[27170,26101],"class_list":["post-134642","post","type-post","status-publish","format-standard","has-post-thumbnail","hentry","category-social","tag-grav-accident-la-rezina-o-femeie-si-copilul-sau","tag-transportati-la-spital"],"yoast_head":"<!-- This site is optimized with the Yoast SEO plugin v27.4 - https:\/\/yoast.com\/product\/yoast-seo-wordpress\/ -->\n<title>Grav accident la Rezina: O femeie \u0219i copilul s\u0103u, transporta\u021bi la spital - BTV<\/title>\n<meta name=\"robots\" content=\"index, follow, max-snippet:-1, max-image-preview:large, max-video-preview:-1\" \/>\n<link rel=\"canonical\" href=\"https:\/\/www.btv.md\/ro\/grav-accident-la-rezina-o-femeie-si-copilul-sau-transportati-la-spital\/\" \/>\n<meta property=\"og:locale\" content=\"ro_RO\" \/>\n<meta property=\"og:type\" content=\"article\" \/>\n<meta property=\"og:title\" content=\"Grav accident la Rezina: O femeie \u0219i copilul s\u0103u, transporta\u021bi la spital - BTV\" \/>\n<meta property=\"og:description\" content=\"O t\u00e2n\u0103r\u0103 \u0219i copilul s\u0103u au ajuns la spital, dup\u0103 ce ma\u0219ina cu care se deplasau s-a izbit \u00eentr-un microbuz \u0219i a fost proiectat\u0103 \u00een parapet. Accidentul a avut loc \u00een aceast\u0103 dup\u0103-amiaz\u0103 \u00een preajma Peniteciarului Nr.17 din raionul Rezina, scrie deschide.md. Potrivit poli\u021biei \u00een accident a fost implicat un automobil de marca Renault Megane [&hellip;]\" \/>\n<meta property=\"og:url\" content=\"https:\/\/www.btv.md\/ro\/grav-accident-la-rezina-o-femeie-si-copilul-sau-transportati-la-spital\/\" \/>\n<meta property=\"og:site_name\" content=\"BTV\" \/>\n<meta property=\"article:publisher\" content=\"https:\/\/www.facebook.com\/btvmoldova\/\" \/>\n<meta property=\"article:published_time\" content=\"2021-07-01T15:16:02+00:00\" \/>\n<meta property=\"og:image\" content=\"https:\/\/www.btv.md\/wp-content\/uploads\/2021\/07\/images_cms-image-000119431.jpg\" \/>\n\t<meta property=\"og:image:width\" content=\"758\" \/>\n\t<meta property=\"og:image:height\" content=\"426\" \/>\n\t<meta property=\"og:image:type\" content=\"image\/jpeg\" \/>\n<meta name=\"author\" content=\"admin\" \/>\n<meta name=\"twitter:label1\" content=\"Scris de\" \/>\n\t<meta name=\"twitter:data1\" content=\"admin\" \/>\n\t<meta name=\"twitter:label2\" content=\"Timp estimat pentru citire\" \/>\n\t<meta name=\"twitter:data2\" content=\"1 minut\" \/>\n<script type=\"application\/ld+json\" class=\"yoast-schema-graph\">{\"@context\":\"https:\\\/\\\/schema.org\",\"@graph\":[{\"@type\":\"Article\",\"@id\":\"https:\\\/\\\/www.btv.md\\\/ro\\\/grav-accident-la-rezina-o-femeie-si-copilul-sau-transportati-la-spital\\\/#article\",\"isPartOf\":{\"@id\":\"https:\\\/\\\/www.btv.md\\\/ro\\\/grav-accident-la-rezina-o-femeie-si-copilul-sau-transportati-la-spital\\\/\"},\"author\":{\"name\":\"admin\",\"@id\":\"https:\\\/\\\/www.btv.md\\\/#\\\/schema\\\/person\\\/8fadce81561b3ce2c34c46dadc4ccbf2\"},\"headline\":\"Grav accident la Rezina: O femeie \u0219i copilul s\u0103u, transporta\u021bi la spital\",\"datePublished\":\"2021-07-01T15:16:02+00:00\",\"mainEntityOfPage\":{\"@id\":\"https:\\\/\\\/www.btv.md\\\/ro\\\/grav-accident-la-rezina-o-femeie-si-copilul-sau-transportati-la-spital\\\/\"},\"wordCount\":199,\"image\":{\"@id\":\"https:\\\/\\\/www.btv.md\\\/ro\\\/grav-accident-la-rezina-o-femeie-si-copilul-sau-transportati-la-spital\\\/#primaryimage\"},\"thumbnailUrl\":\"https:\\\/\\\/www.btv.md\\\/wp-content\\\/uploads\\\/2021\\\/07\\\/images_cms-image-000119431.jpg\",\"keywords\":[\"Grav accident la Rezina: O femeie \u0219i copilul s\u0103u\",\"transporta\u021bi la spital\"],\"articleSection\":[\"Social\"],\"inLanguage\":\"ro-RO\"},{\"@type\":\"WebPage\",\"@id\":\"https:\\\/\\\/www.btv.md\\\/ro\\\/grav-accident-la-rezina-o-femeie-si-copilul-sau-transportati-la-spital\\\/\",\"url\":\"https:\\\/\\\/www.btv.md\\\/ro\\\/grav-accident-la-rezina-o-femeie-si-copilul-sau-transportati-la-spital\\\/\",\"name\":\"Grav accident la Rezina: O femeie \u0219i copilul s\u0103u, transporta\u021bi la spital - BTV\",\"isPartOf\":{\"@id\":\"https:\\\/\\\/www.btv.md\\\/#website\"},\"primaryImageOfPage\":{\"@id\":\"https:\\\/\\\/www.btv.md\\\/ro\\\/grav-accident-la-rezina-o-femeie-si-copilul-sau-transportati-la-spital\\\/#primaryimage\"},\"image\":{\"@id\":\"https:\\\/\\\/www.btv.md\\\/ro\\\/grav-accident-la-rezina-o-femeie-si-copilul-sau-transportati-la-spital\\\/#primaryimage\"},\"thumbnailUrl\":\"https:\\\/\\\/www.btv.md\\\/wp-content\\\/uploads\\\/2021\\\/07\\\/images_cms-image-000119431.jpg\",\"datePublished\":\"2021-07-01T15:16:02+00:00\",\"author\":{\"@id\":\"https:\\\/\\\/www.btv.md\\\/#\\\/schema\\\/person\\\/8fadce81561b3ce2c34c46dadc4ccbf2\"},\"inLanguage\":\"ro-RO\",\"potentialAction\":[{\"@type\":\"ReadAction\",\"target\":[\"https:\\\/\\\/www.btv.md\\\/ro\\\/grav-accident-la-rezina-o-femeie-si-copilul-sau-transportati-la-spital\\\/\"]}]},{\"@type\":\"ImageObject\",\"inLanguage\":\"ro-RO\",\"@id\":\"https:\\\/\\\/www.btv.md\\\/ro\\\/grav-accident-la-rezina-o-femeie-si-copilul-sau-transportati-la-spital\\\/#primaryimage\",\"url\":\"https:\\\/\\\/www.btv.md\\\/wp-content\\\/uploads\\\/2021\\\/07\\\/images_cms-image-000119431.jpg\",\"contentUrl\":\"https:\\\/\\\/www.btv.md\\\/wp-content\\\/uploads\\\/2021\\\/07\\\/images_cms-image-000119431.jpg\",\"width\":758,\"height\":426},{\"@type\":\"WebSite\",\"@id\":\"https:\\\/\\\/www.btv.md\\\/#website\",\"url\":\"https:\\\/\\\/www.btv.md\\\/\",\"name\":\"BTV\",\"description\":\"\u0411\u0435\u043b\u044c\u0446\u043a\u043e\u0435 \u0442\u0435\u043b\u0435\u0432\u0438\u0434\u0435\u043d\u0438\u0435\",\"potentialAction\":[{\"@type\":\"SearchAction\",\"target\":{\"@type\":\"EntryPoint\",\"urlTemplate\":\"https:\\\/\\\/www.btv.md\\\/?s={search_term_string}\"},\"query-input\":{\"@type\":\"PropertyValueSpecification\",\"valueRequired\":true,\"valueName\":\"search_term_string\"}}],\"inLanguage\":\"ro-RO\"},{\"@type\":\"Person\",\"@id\":\"https:\\\/\\\/www.btv.md\\\/#\\\/schema\\\/person\\\/8fadce81561b3ce2c34c46dadc4ccbf2\",\"name\":\"admin\"}]}<\/script>\n<!-- \/ Yoast SEO plugin. -->","yoast_head_json":{"title":"Grav accident la Rezina: O femeie \u0219i copilul s\u0103u, transporta\u021bi la spital - BTV","robots":{"index":"index","follow":"follow","max-snippet":"max-snippet:-1","max-image-preview":"max-image-preview:large","max-video-preview":"max-video-preview:-1"},"canonical":"https:\/\/www.btv.md\/ro\/grav-accident-la-rezina-o-femeie-si-copilul-sau-transportati-la-spital\/","og_locale":"ro_RO","og_type":"article","og_title":"Grav accident la Rezina: O femeie \u0219i copilul s\u0103u, transporta\u021bi la spital - BTV","og_description":"O t\u00e2n\u0103r\u0103 \u0219i copilul s\u0103u au ajuns la spital, dup\u0103 ce ma\u0219ina cu care se deplasau s-a izbit \u00eentr-un microbuz \u0219i a fost proiectat\u0103 \u00een parapet. Accidentul a avut loc \u00een aceast\u0103 dup\u0103-amiaz\u0103 \u00een preajma Peniteciarului Nr.17 din raionul Rezina, scrie deschide.md. Potrivit poli\u021biei \u00een accident a fost implicat un automobil de marca Renault Megane [&hellip;]","og_url":"https:\/\/www.btv.md\/ro\/grav-accident-la-rezina-o-femeie-si-copilul-sau-transportati-la-spital\/","og_site_name":"BTV","article_publisher":"https:\/\/www.facebook.com\/btvmoldova\/","article_published_time":"2021-07-01T15:16:02+00:00","og_image":[{"width":758,"height":426,"url":"https:\/\/www.btv.md\/wp-content\/uploads\/2021\/07\/images_cms-image-000119431.jpg","type":"image\/jpeg"}],"author":"admin","twitter_misc":{"Scris de":"admin","Timp estimat pentru citire":"1 minut"},"schema":{"@context":"https:\/\/schema.org","@graph":[{"@type":"Article","@id":"https:\/\/www.btv.md\/ro\/grav-accident-la-rezina-o-femeie-si-copilul-sau-transportati-la-spital\/#article","isPartOf":{"@id":"https:\/\/www.btv.md\/ro\/grav-accident-la-rezina-o-femeie-si-copilul-sau-transportati-la-spital\/"},"author":{"name":"admin","@id":"https:\/\/www.btv.md\/#\/schema\/person\/8fadce81561b3ce2c34c46dadc4ccbf2"},"headline":"Grav accident la Rezina: O femeie \u0219i copilul s\u0103u, transporta\u021bi la spital","datePublished":"2021-07-01T15:16:02+00:00","mainEntityOfPage":{"@id":"https:\/\/www.btv.md\/ro\/grav-accident-la-rezina-o-femeie-si-copilul-sau-transportati-la-spital\/"},"wordCount":199,"image":{"@id":"https:\/\/www.btv.md\/ro\/grav-accident-la-rezina-o-femeie-si-copilul-sau-transportati-la-spital\/#primaryimage"},"thumbnailUrl":"https:\/\/www.btv.md\/wp-content\/uploads\/2021\/07\/images_cms-image-000119431.jpg","keywords":["Grav accident la Rezina: O femeie \u0219i copilul s\u0103u","transporta\u021bi la spital"],"articleSection":["Social"],"inLanguage":"ro-RO"},{"@type":"WebPage","@id":"https:\/\/www.btv.md\/ro\/grav-accident-la-rezina-o-femeie-si-copilul-sau-transportati-la-spital\/","url":"https:\/\/www.btv.md\/ro\/grav-accident-la-rezina-o-femeie-si-copilul-sau-transportati-la-spital\/","name":"Grav accident la Rezina: O femeie \u0219i copilul s\u0103u, transporta\u021bi la spital - BTV","isPartOf":{"@id":"https:\/\/www.btv.md\/#website"},"primaryImageOfPage":{"@id":"https:\/\/www.btv.md\/ro\/grav-accident-la-rezina-o-femeie-si-copilul-sau-transportati-la-spital\/#primaryimage"},"image":{"@id":"https:\/\/www.btv.md\/ro\/grav-accident-la-rezina-o-femeie-si-copilul-sau-transportati-la-spital\/#primaryimage"},"thumbnailUrl":"https:\/\/www.btv.md\/wp-content\/uploads\/2021\/07\/images_cms-image-000119431.jpg","datePublished":"2021-07-01T15:16:02+00:00","author":{"@id":"https:\/\/www.btv.md\/#\/schema\/person\/8fadce81561b3ce2c34c46dadc4ccbf2"},"inLanguage":"ro-RO","potentialAction":[{"@type":"ReadAction","target":["https:\/\/www.btv.md\/ro\/grav-accident-la-rezina-o-femeie-si-copilul-sau-transportati-la-spital\/"]}]},{"@type":"ImageObject","inLanguage":"ro-RO","@id":"https:\/\/www.btv.md\/ro\/grav-accident-la-rezina-o-femeie-si-copilul-sau-transportati-la-spital\/#primaryimage","url":"https:\/\/www.btv.md\/wp-content\/uploads\/2021\/07\/images_cms-image-000119431.jpg","contentUrl":"https:\/\/www.btv.md\/wp-content\/uploads\/2021\/07\/images_cms-image-000119431.jpg","width":758,"height":426},{"@type":"WebSite","@id":"https:\/\/www.btv.md\/#website","url":"https:\/\/www.btv.md\/","name":"BTV","description":"\u0411\u0435\u043b\u044c\u0446\u043a\u043e\u0435 \u0442\u0435\u043b\u0435\u0432\u0438\u0434\u0435\u043d\u0438\u0435","potentialAction":[{"@type":"SearchAction","target":{"@type":"EntryPoint","urlTemplate":"https:\/\/www.btv.md\/?s={search_term_string}"},"query-input":{"@type":"PropertyValueSpecification","valueRequired":true,"valueName":"search_term_string"}}],"inLanguage":"ro-RO"},{"@type":"Person","@id":"https:\/\/www.btv.md\/#\/schema\/person\/8fadce81561b3ce2c34c46dadc4ccbf2","name":"admin"}]}},"_links":{"self":[{"href":"https:\/\/www.btv.md\/ro\/wp-json\/wp\/v2\/posts\/134642","targetHints":{"allow":["GET"]}}],"collection":[{"href":"https:\/\/www.btv.md\/ro\/wp-json\/wp\/v2\/posts"}],"about":[{"href":"https:\/\/www.btv.md\/ro\/wp-json\/wp\/v2\/types\/post"}],"author":[{"embeddable":true,"href":"https:\/\/www.btv.md\/ro\/wp-json\/wp\/v2\/users\/4"}],"replies":[{"embeddable":true,"href":"https:\/\/www.btv.md\/ro\/wp-json\/wp\/v2\/comments?post=134642"}],"version-history":[{"count":0,"href":"https:\/\/www.btv.md\/ro\/wp-json\/wp\/v2\/posts\/134642\/revisions"}],"wp:featuredmedia":[{"embeddable":true,"href":"https:\/\/www.btv.md\/ro\/wp-json\/wp\/v2\/media\/134643"}],"wp:attachment":[{"href":"https:\/\/www.btv.md\/ro\/wp-json\/wp\/v2\/media?parent=134642"}],"wp:term":[{"taxonomy":"category","embeddable":true,"href":"https:\/\/www.btv.md\/ro\/wp-json\/wp\/v2\/categories?post=134642"},{"taxonomy":"post_tag","embeddable":true,"href":"https:\/\/www.btv.md\/ro\/wp-json\/wp\/v2\/tags?post=134642"}],"curies":[{"name":"wp","href":"https:\/\/api.w.org\/{rel}","templated":true}]}}