{"id":134646,"date":"2021-07-01T18:17:55","date_gmt":"2021-07-01T15:17:55","guid":{"rendered":"https:\/\/www.btv.md\/?p=134646"},"modified":"2021-07-01T18:17:55","modified_gmt":"2021-07-01T15:17:55","slug":"cnas-a-finantat-prima-transa-a-pensiilor-si-alocatiilor-sociale","status":"publish","type":"post","link":"https:\/\/www.btv.md\/ro\/cnas-a-finantat-prima-transa-a-pensiilor-si-alocatiilor-sociale\/","title":{"rendered":"CNAS a finan\u021bat prima tran\u0219\u0103 a pensiilor \u015fi aloca\u021biilor sociale"},"content":{"rendered":"<p><strong>Potrivit unui comunicat de pres\u0103 al CNAS, pe parcursul lunii, conform graficului, vor fi transferate mijloace b\u0103ne\u0219ti pentru toate tipurile de pensii, suportul financiar, indemniza\u0163ii pentru incapacitate temporar\u0103 de munc\u0103, aloca\u0163ii, indemniza\u0163ii adresate familiilor cu copii, indemniza\u0163ii de maternitate, compensa\u0163ii, ajutorul de \u015fomaj, ajutorul social, ajutorul de deces etc., transmite\u00a0<a href=\"https:\/\/stiri.md\/article\/social\/cnas-a-finantat-prima-transa-a-pensiilor-si-alocatiilor-sociale\">\u0218tiri.md<\/a>.<\/strong><\/p>\n<p>Suma lunar\u0103 necesar\u0103 pentru finan\u021barea presta\u021biilor sociale pe parcursul unei luni dep\u0103\u0219e\u0219te suma de 2 miliarde de lei.<\/p>\n<p>Pentru orice \u00eentreb\u0103ri ce \u0163in de finan\u0163area presta\u0163iilor sociale poate fi contactat Centrul de Apel al CNAS, la num\u0103rul de telefon:\u00a0022 257 777.<\/p>\n<p>Foto: \u0218tiri.md.<\/p>\n","protected":false},"excerpt":{"rendered":"<p>Potrivit unui comunicat de pres\u0103 al CNAS, pe parcursul lunii, conform graficului, vor fi transferate mijloace b\u0103ne\u0219ti pentru toate tipurile de pensii, suportul financiar, indemniza\u0163ii pentru incapacitate temporar\u0103 de munc\u0103, aloca\u0163ii, indemniza\u0163ii adresate familiilor cu copii, indemniza\u0163ii de maternitate, compensa\u0163ii, ajutorul de \u015fomaj, ajutorul social, ajutorul de deces etc., transmite\u00a0\u0218tiri.md. Suma lunar\u0103 necesar\u0103 pentru finan\u021barea [&hellip;]<\/p>\n","protected":false},"author":4,"featured_media":134647,"comment_status":"closed","ping_status":"closed","sticky":false,"template":"","format":"standard","meta":{"footnotes":""},"categories":[6369],"tags":[27171],"class_list":["post-134646","post","type-post","status-publish","format-standard","has-post-thumbnail","hentry","category-economie-ro","tag-cnas-a-finantat-prima-transa-a-pensiilor-si-alocatiilor-socialecnas-a-finantat-prima-transa-a-pensiilor-si-alocatiilor-sociale"],"yoast_head":"<!-- This site is optimized with the Yoast SEO plugin v27.4 - https:\/\/yoast.com\/product\/yoast-seo-wordpress\/ -->\n<title>CNAS a finan\u021bat prima tran\u0219\u0103 a pensiilor \u015fi aloca\u021biilor sociale - BTV<\/title>\n<meta name=\"robots\" content=\"index, follow, max-snippet:-1, max-image-preview:large, max-video-preview:-1\" \/>\n<link rel=\"canonical\" href=\"https:\/\/www.btv.md\/ro\/cnas-a-finantat-prima-transa-a-pensiilor-si-alocatiilor-sociale\/\" \/>\n<meta property=\"og:locale\" content=\"ro_RO\" \/>\n<meta property=\"og:type\" content=\"article\" \/>\n<meta property=\"og:title\" content=\"CNAS a finan\u021bat prima tran\u0219\u0103 a pensiilor \u015fi aloca\u021biilor sociale - BTV\" \/>\n<meta property=\"og:description\" content=\"Potrivit unui comunicat de pres\u0103 al CNAS, pe parcursul lunii, conform graficului, vor fi transferate mijloace b\u0103ne\u0219ti pentru toate tipurile de pensii, suportul financiar, indemniza\u0163ii pentru incapacitate temporar\u0103 de munc\u0103, aloca\u0163ii, indemniza\u0163ii adresate familiilor cu copii, indemniza\u0163ii de maternitate, compensa\u0163ii, ajutorul de \u015fomaj, ajutorul social, ajutorul de deces etc., transmite\u00a0\u0218tiri.md. Suma lunar\u0103 necesar\u0103 pentru finan\u021barea [&hellip;]\" \/>\n<meta property=\"og:url\" content=\"https:\/\/www.btv.md\/ro\/cnas-a-finantat-prima-transa-a-pensiilor-si-alocatiilor-sociale\/\" \/>\n<meta property=\"og:site_name\" content=\"BTV\" \/>\n<meta property=\"article:publisher\" content=\"https:\/\/www.facebook.com\/btvmoldova\/\" \/>\n<meta property=\"article:published_time\" content=\"2021-07-01T15:17:55+00:00\" \/>\n<meta property=\"og:image\" content=\"https:\/\/www.btv.md\/wp-content\/uploads\/2021\/07\/03943d9bcdbe19dfc2208189b16e39c7.jpg\" \/>\n\t<meta property=\"og:image:width\" content=\"809\" \/>\n\t<meta property=\"og:image:height\" content=\"456\" \/>\n\t<meta property=\"og:image:type\" content=\"image\/jpeg\" \/>\n<meta name=\"author\" content=\"admin\" \/>\n<meta name=\"twitter:label1\" content=\"Scris de\" \/>\n\t<meta name=\"twitter:data1\" content=\"admin\" \/>\n\t<meta name=\"twitter:label2\" content=\"Timp estimat pentru citire\" \/>\n\t<meta name=\"twitter:data2\" content=\"1 minut\" \/>\n<script type=\"application\/ld+json\" class=\"yoast-schema-graph\">{\"@context\":\"https:\\\/\\\/schema.org\",\"@graph\":[{\"@type\":\"Article\",\"@id\":\"https:\\\/\\\/www.btv.md\\\/ro\\\/cnas-a-finantat-prima-transa-a-pensiilor-si-alocatiilor-sociale\\\/#article\",\"isPartOf\":{\"@id\":\"https:\\\/\\\/www.btv.md\\\/ro\\\/cnas-a-finantat-prima-transa-a-pensiilor-si-alocatiilor-sociale\\\/\"},\"author\":{\"name\":\"admin\",\"@id\":\"https:\\\/\\\/www.btv.md\\\/#\\\/schema\\\/person\\\/8fadce81561b3ce2c34c46dadc4ccbf2\"},\"headline\":\"CNAS a finan\u021bat prima tran\u0219\u0103 a pensiilor \u015fi aloca\u021biilor sociale\",\"datePublished\":\"2021-07-01T15:17:55+00:00\",\"mainEntityOfPage\":{\"@id\":\"https:\\\/\\\/www.btv.md\\\/ro\\\/cnas-a-finantat-prima-transa-a-pensiilor-si-alocatiilor-sociale\\\/\"},\"wordCount\":120,\"image\":{\"@id\":\"https:\\\/\\\/www.btv.md\\\/ro\\\/cnas-a-finantat-prima-transa-a-pensiilor-si-alocatiilor-sociale\\\/#primaryimage\"},\"thumbnailUrl\":\"https:\\\/\\\/www.btv.md\\\/wp-content\\\/uploads\\\/2021\\\/07\\\/03943d9bcdbe19dfc2208189b16e39c7.jpg\",\"keywords\":[\"CNAS a finan\u021bat prima tran\u0219\u0103 a pensiilor \u015fi aloca\u021biilor socialeCNAS a finan\u021bat prima tran\u0219\u0103 a pensiilor \u015fi aloca\u021biilor sociale\"],\"articleSection\":[\"Economie\"],\"inLanguage\":\"ro-RO\"},{\"@type\":\"WebPage\",\"@id\":\"https:\\\/\\\/www.btv.md\\\/ro\\\/cnas-a-finantat-prima-transa-a-pensiilor-si-alocatiilor-sociale\\\/\",\"url\":\"https:\\\/\\\/www.btv.md\\\/ro\\\/cnas-a-finantat-prima-transa-a-pensiilor-si-alocatiilor-sociale\\\/\",\"name\":\"CNAS a finan\u021bat prima tran\u0219\u0103 a pensiilor \u015fi aloca\u021biilor sociale - BTV\",\"isPartOf\":{\"@id\":\"https:\\\/\\\/www.btv.md\\\/#website\"},\"primaryImageOfPage\":{\"@id\":\"https:\\\/\\\/www.btv.md\\\/ro\\\/cnas-a-finantat-prima-transa-a-pensiilor-si-alocatiilor-sociale\\\/#primaryimage\"},\"image\":{\"@id\":\"https:\\\/\\\/www.btv.md\\\/ro\\\/cnas-a-finantat-prima-transa-a-pensiilor-si-alocatiilor-sociale\\\/#primaryimage\"},\"thumbnailUrl\":\"https:\\\/\\\/www.btv.md\\\/wp-content\\\/uploads\\\/2021\\\/07\\\/03943d9bcdbe19dfc2208189b16e39c7.jpg\",\"datePublished\":\"2021-07-01T15:17:55+00:00\",\"author\":{\"@id\":\"https:\\\/\\\/www.btv.md\\\/#\\\/schema\\\/person\\\/8fadce81561b3ce2c34c46dadc4ccbf2\"},\"inLanguage\":\"ro-RO\",\"potentialAction\":[{\"@type\":\"ReadAction\",\"target\":[\"https:\\\/\\\/www.btv.md\\\/ro\\\/cnas-a-finantat-prima-transa-a-pensiilor-si-alocatiilor-sociale\\\/\"]}]},{\"@type\":\"ImageObject\",\"inLanguage\":\"ro-RO\",\"@id\":\"https:\\\/\\\/www.btv.md\\\/ro\\\/cnas-a-finantat-prima-transa-a-pensiilor-si-alocatiilor-sociale\\\/#primaryimage\",\"url\":\"https:\\\/\\\/www.btv.md\\\/wp-content\\\/uploads\\\/2021\\\/07\\\/03943d9bcdbe19dfc2208189b16e39c7.jpg\",\"contentUrl\":\"https:\\\/\\\/www.btv.md\\\/wp-content\\\/uploads\\\/2021\\\/07\\\/03943d9bcdbe19dfc2208189b16e39c7.jpg\",\"width\":809,\"height\":456},{\"@type\":\"WebSite\",\"@id\":\"https:\\\/\\\/www.btv.md\\\/#website\",\"url\":\"https:\\\/\\\/www.btv.md\\\/\",\"name\":\"BTV\",\"description\":\"\u0411\u0435\u043b\u044c\u0446\u043a\u043e\u0435 \u0442\u0435\u043b\u0435\u0432\u0438\u0434\u0435\u043d\u0438\u0435\",\"potentialAction\":[{\"@type\":\"SearchAction\",\"target\":{\"@type\":\"EntryPoint\",\"urlTemplate\":\"https:\\\/\\\/www.btv.md\\\/?s={search_term_string}\"},\"query-input\":{\"@type\":\"PropertyValueSpecification\",\"valueRequired\":true,\"valueName\":\"search_term_string\"}}],\"inLanguage\":\"ro-RO\"},{\"@type\":\"Person\",\"@id\":\"https:\\\/\\\/www.btv.md\\\/#\\\/schema\\\/person\\\/8fadce81561b3ce2c34c46dadc4ccbf2\",\"name\":\"admin\"}]}<\/script>\n<!-- \/ Yoast SEO plugin. -->","yoast_head_json":{"title":"CNAS a finan\u021bat prima tran\u0219\u0103 a pensiilor \u015fi aloca\u021biilor sociale - BTV","robots":{"index":"index","follow":"follow","max-snippet":"max-snippet:-1","max-image-preview":"max-image-preview:large","max-video-preview":"max-video-preview:-1"},"canonical":"https:\/\/www.btv.md\/ro\/cnas-a-finantat-prima-transa-a-pensiilor-si-alocatiilor-sociale\/","og_locale":"ro_RO","og_type":"article","og_title":"CNAS a finan\u021bat prima tran\u0219\u0103 a pensiilor \u015fi aloca\u021biilor sociale - BTV","og_description":"Potrivit unui comunicat de pres\u0103 al CNAS, pe parcursul lunii, conform graficului, vor fi transferate mijloace b\u0103ne\u0219ti pentru toate tipurile de pensii, suportul financiar, indemniza\u0163ii pentru incapacitate temporar\u0103 de munc\u0103, aloca\u0163ii, indemniza\u0163ii adresate familiilor cu copii, indemniza\u0163ii de maternitate, compensa\u0163ii, ajutorul de \u015fomaj, ajutorul social, ajutorul de deces etc., transmite\u00a0\u0218tiri.md. Suma lunar\u0103 necesar\u0103 pentru finan\u021barea [&hellip;]","og_url":"https:\/\/www.btv.md\/ro\/cnas-a-finantat-prima-transa-a-pensiilor-si-alocatiilor-sociale\/","og_site_name":"BTV","article_publisher":"https:\/\/www.facebook.com\/btvmoldova\/","article_published_time":"2021-07-01T15:17:55+00:00","og_image":[{"width":809,"height":456,"url":"https:\/\/www.btv.md\/wp-content\/uploads\/2021\/07\/03943d9bcdbe19dfc2208189b16e39c7.jpg","type":"image\/jpeg"}],"author":"admin","twitter_misc":{"Scris de":"admin","Timp estimat pentru citire":"1 minut"},"schema":{"@context":"https:\/\/schema.org","@graph":[{"@type":"Article","@id":"https:\/\/www.btv.md\/ro\/cnas-a-finantat-prima-transa-a-pensiilor-si-alocatiilor-sociale\/#article","isPartOf":{"@id":"https:\/\/www.btv.md\/ro\/cnas-a-finantat-prima-transa-a-pensiilor-si-alocatiilor-sociale\/"},"author":{"name":"admin","@id":"https:\/\/www.btv.md\/#\/schema\/person\/8fadce81561b3ce2c34c46dadc4ccbf2"},"headline":"CNAS a finan\u021bat prima tran\u0219\u0103 a pensiilor \u015fi aloca\u021biilor sociale","datePublished":"2021-07-01T15:17:55+00:00","mainEntityOfPage":{"@id":"https:\/\/www.btv.md\/ro\/cnas-a-finantat-prima-transa-a-pensiilor-si-alocatiilor-sociale\/"},"wordCount":120,"image":{"@id":"https:\/\/www.btv.md\/ro\/cnas-a-finantat-prima-transa-a-pensiilor-si-alocatiilor-sociale\/#primaryimage"},"thumbnailUrl":"https:\/\/www.btv.md\/wp-content\/uploads\/2021\/07\/03943d9bcdbe19dfc2208189b16e39c7.jpg","keywords":["CNAS a finan\u021bat prima tran\u0219\u0103 a pensiilor \u015fi aloca\u021biilor socialeCNAS a finan\u021bat prima tran\u0219\u0103 a pensiilor \u015fi aloca\u021biilor sociale"],"articleSection":["Economie"],"inLanguage":"ro-RO"},{"@type":"WebPage","@id":"https:\/\/www.btv.md\/ro\/cnas-a-finantat-prima-transa-a-pensiilor-si-alocatiilor-sociale\/","url":"https:\/\/www.btv.md\/ro\/cnas-a-finantat-prima-transa-a-pensiilor-si-alocatiilor-sociale\/","name":"CNAS a finan\u021bat prima tran\u0219\u0103 a pensiilor \u015fi aloca\u021biilor sociale - BTV","isPartOf":{"@id":"https:\/\/www.btv.md\/#website"},"primaryImageOfPage":{"@id":"https:\/\/www.btv.md\/ro\/cnas-a-finantat-prima-transa-a-pensiilor-si-alocatiilor-sociale\/#primaryimage"},"image":{"@id":"https:\/\/www.btv.md\/ro\/cnas-a-finantat-prima-transa-a-pensiilor-si-alocatiilor-sociale\/#primaryimage"},"thumbnailUrl":"https:\/\/www.btv.md\/wp-content\/uploads\/2021\/07\/03943d9bcdbe19dfc2208189b16e39c7.jpg","datePublished":"2021-07-01T15:17:55+00:00","author":{"@id":"https:\/\/www.btv.md\/#\/schema\/person\/8fadce81561b3ce2c34c46dadc4ccbf2"},"inLanguage":"ro-RO","potentialAction":[{"@type":"ReadAction","target":["https:\/\/www.btv.md\/ro\/cnas-a-finantat-prima-transa-a-pensiilor-si-alocatiilor-sociale\/"]}]},{"@type":"ImageObject","inLanguage":"ro-RO","@id":"https:\/\/www.btv.md\/ro\/cnas-a-finantat-prima-transa-a-pensiilor-si-alocatiilor-sociale\/#primaryimage","url":"https:\/\/www.btv.md\/wp-content\/uploads\/2021\/07\/03943d9bcdbe19dfc2208189b16e39c7.jpg","contentUrl":"https:\/\/www.btv.md\/wp-content\/uploads\/2021\/07\/03943d9bcdbe19dfc2208189b16e39c7.jpg","width":809,"height":456},{"@type":"WebSite","@id":"https:\/\/www.btv.md\/#website","url":"https:\/\/www.btv.md\/","name":"BTV","description":"\u0411\u0435\u043b\u044c\u0446\u043a\u043e\u0435 \u0442\u0435\u043b\u0435\u0432\u0438\u0434\u0435\u043d\u0438\u0435","potentialAction":[{"@type":"SearchAction","target":{"@type":"EntryPoint","urlTemplate":"https:\/\/www.btv.md\/?s={search_term_string}"},"query-input":{"@type":"PropertyValueSpecification","valueRequired":true,"valueName":"search_term_string"}}],"inLanguage":"ro-RO"},{"@type":"Person","@id":"https:\/\/www.btv.md\/#\/schema\/person\/8fadce81561b3ce2c34c46dadc4ccbf2","name":"admin"}]}},"_links":{"self":[{"href":"https:\/\/www.btv.md\/ro\/wp-json\/wp\/v2\/posts\/134646","targetHints":{"allow":["GET"]}}],"collection":[{"href":"https:\/\/www.btv.md\/ro\/wp-json\/wp\/v2\/posts"}],"about":[{"href":"https:\/\/www.btv.md\/ro\/wp-json\/wp\/v2\/types\/post"}],"author":[{"embeddable":true,"href":"https:\/\/www.btv.md\/ro\/wp-json\/wp\/v2\/users\/4"}],"replies":[{"embeddable":true,"href":"https:\/\/www.btv.md\/ro\/wp-json\/wp\/v2\/comments?post=134646"}],"version-history":[{"count":0,"href":"https:\/\/www.btv.md\/ro\/wp-json\/wp\/v2\/posts\/134646\/revisions"}],"wp:featuredmedia":[{"embeddable":true,"href":"https:\/\/www.btv.md\/ro\/wp-json\/wp\/v2\/media\/134647"}],"wp:attachment":[{"href":"https:\/\/www.btv.md\/ro\/wp-json\/wp\/v2\/media?parent=134646"}],"wp:term":[{"taxonomy":"category","embeddable":true,"href":"https:\/\/www.btv.md\/ro\/wp-json\/wp\/v2\/categories?post=134646"},{"taxonomy":"post_tag","embeddable":true,"href":"https:\/\/www.btv.md\/ro\/wp-json\/wp\/v2\/tags?post=134646"}],"curies":[{"name":"wp","href":"https:\/\/api.w.org\/{rel}","templated":true}]}}