{"id":134654,"date":"2021-07-01T18:25:08","date_gmt":"2021-07-01T15:25:08","guid":{"rendered":"https:\/\/www.btv.md\/?p=134654"},"modified":"2021-07-01T18:25:08","modified_gmt":"2021-07-01T15:25:08","slug":"orasul-din-canada-in-care-s-a-inregistrat-recordul-termic-de-50c-a-luat-foc-locuitorii-parasesc-localitatea-video-foto","status":"publish","type":"post","link":"https:\/\/www.btv.md\/ro\/orasul-din-canada-in-care-s-a-inregistrat-recordul-termic-de-50c-a-luat-foc-locuitorii-parasesc-localitatea-video-foto\/","title":{"rendered":"Ora\u0219ul din Canada, \u00een care s-a \u00eenregistrat recordul termic de 50C, a luat foc. Locuitorii p\u0103r\u0103sesc localitatea (VIDEO\/FOTO)"},"content":{"rendered":"<p class=\"preamble\"><strong>La o zi dup\u0103 ce Lytton, ora\u0219ul din British Columbia a atins cea mai ridicat\u0103 temperatur\u0103 \u00eenregistrat\u0103 vreodat\u0103 \u00een Canada, locuitorii au fost evacua\u021bi din cauza incendiilor, scrie <a href=\"https:\/\/agora.md\/stiri\/90118\/orasul-din-canada-in-care-s-a-inregistrat-recordul-termic-de-50c-a-luat-foc-locuitorii-parasesc-localitatea-videofoto\">agora.md<\/a>.<\/strong><\/p>\n<figure class=\"article-thumb article-thumb-gallery article-thumb-gallery-alt\"><\/figure>\n<p>Primarul Jan Polderman a emis ordinul de evacuare miercuri sear\u0103, din cauza unui incendiu de vegeta\u021bie. \u201eTo\u021bi locuitorii sunt sf\u0103tui\u021bi s\u0103 p\u0103r\u0103seasc\u0103 comunitatea \u0219i s\u0103 mearg\u0103 \u00eentr-o loca\u021bie sigur\u0103\u201d, a spus acesta.<\/p>\n<p><img decoding=\"async\" src=\"https:\/\/agora.md\/\/cdn\/p\/new\/news_images\/2021-07-01\/5878a7ab84fb43402106c575658472fa-1625145167-78png\" \/><\/p>\n<p>Lytton, care se afl\u0103 la aproximativ 319 kilometri est de Vancouver, are o popula\u021bie de 249 de locuitori.\u00a0\u201eEste cumplit. \u00centreaga localitate este \u00een fl\u0103c\u0103ri&#8221;, a declarat Polderman pentru CBC News, citat\u0103 de CNN. \u201eAu trecut doar 15 minute de la prima sc\u00e2nteie \u0219i p\u00e2n\u0103 c\u00e2nd totul a fost cuprins de foc\u201d.<\/p>\n<p><img decoding=\"async\" src=\"https:\/\/agora.md\/\/cdn\/p\/new\/news_images\/2021-07-01\/013d407166ec4fa56eb1e1f8cbe183b9-1625145191-78png\" \/><\/p>\n<div>\n<p>Ora\u0219ul cel mai apropiat, Merritt, a deschis un centru de recep\u021bie pentru evacua\u021bii din Lytton.<\/p>\n<p><img decoding=\"async\" src=\"https:\/\/agora.md\/\/cdn\/p\/new\/news_images\/2021-07-01\/2b44928ae11fb9384c4cf38708677c48-1625145202-78jpeg\" \/><\/p>\n<p>Temperaturile din Lytton au urcat mar\u021bi\u00a0p\u00e2n\u0103 la 49,5 grade Celsius, cea mai ridicat\u0103 temperatur\u0103 \u00eenregistrat\u0103 vreodat\u0103 \u00een Canada. A fost a treia zi \u00een care recordul de temperaturi a fost dobor\u00e2t.<\/p>\n<div class=\"twitter-tweet twitter-tweet-rendered\"><iframe id=\"twitter-widget-0\" title=\"Twitter Tweet\" data-src=\"https:\/\/platform.twitter.com\/embed\/Tweet.html?dnt=false&amp;embedId=twitter-widget-0&amp;features=eyJ0ZndfZXhwZXJpbWVudHNfY29va2llX2V4cGlyYXRpb24iOnsiYnVja2V0IjoxMjA5NjAwLCJ2ZXJzaW9uIjpudWxsfSwidGZ3X2hvcml6b25fdHdlZXRfZW1iZWRfOTU1NSI6eyJidWNrZXQiOiJodGUiLCJ2ZXJzaW9uIjpudWxsfSwidGZ3X3R3ZWV0X2VtYmVkX2NsaWNrYWJpbGl0eV8xMjEwMiI6eyJidWNrZXQiOiJjb250cm9sIiwidmVyc2lvbiI6bnVsbH19&amp;frame=false&amp;hideCard=false&amp;hideThread=false&amp;id=1410530559374286848&amp;lang=ro&amp;origin=https%3A%2F%2Fagora.md%2Fbackend%2Fstiri%2Fadauga-noutate.html%3Fnewsid%3D169660&amp;sessionId=5f2014c302f94f20b10ba6261a428412a8972764&amp;theme=light&amp;widgetsVersion=82e1070%3A1619632193066&amp;width=550px\" frameborder=\"0\" scrolling=\"no\" allowfullscreen=\"allowfullscreen\" data-tweet-id=\"1410530559374286848\" data-mce-fragment=\"1\" src=\"data:image\/svg+xml;base64,PHN2ZyB3aWR0aD0iMSIgaGVpZ2h0PSIxIiB4bWxucz0iaHR0cDovL3d3dy53My5vcmcvMjAwMC9zdmciPjwvc3ZnPg==\" class=\"lazyload\" data-load-mode=\"1\"><\/iframe><\/div>\n<div>\n<p>\u00cen prezent, 67 de incendii sunt active \u00een British Columbia \u0219i 44 dintre acestea au izbucnit \u00een ultimele dou\u0103 zile.<\/p>\n<p>Temperaturile extreme au avut un impact devastator.<\/p>\n<p><strong>Au fost raportate cel pu\u0163in 486 de decese din cauza temperaturilor extreme<\/strong><\/p>\n<p>Valul de c\u0103ldur\u0103 care a dep\u0103\u015fit recordul de temperatur\u0103 \u00een vestul Canadei \u015fi \u00een nord-vestul SUA a dus la decesul a sute de oameni \u015fi la declan\u015farea de incendii de vegeta\u0163ie. \u00cen Columbia Britanic\u0103,\u00a0au fost raportate cel pu\u0163in 486 de decese\u00a0subite pe parcursul a cinci zile.<\/p>\n<p>\u201eAceasta a fost o adev\u0103rat\u0103 criz\u0103 de s\u0103n\u0103tate care a subliniat c\u00e2t de periculos poate fi un val de c\u0103ldur\u0103 extrem\u0103\u201d, a declarat dr. Jennifer Vines, ofi\u0163er de s\u0103n\u0103tate din jude\u0163ul Multnomah. \u201ePe m\u0103sur\u0103 ce verile noastre continu\u0103 s\u0103 se \u00eenc\u0103lzeasc\u0103, b\u0103nuiesc c\u0103 ne vom confrunta din nou cu acest gen de evenimente\u201d.<\/p>\n<p>La Washington, pre\u015fedintele SUA, Joe Biden, a declarat c\u0103 schimb\u0103rile climatice provoac\u0103 \u201eo confluen\u0163\u0103 periculoas\u0103 de c\u0103ldur\u0103 extrem\u0103 \u015fi secet\u0103 prelungit\u0103\u201d, avertiz\u00e2nd c\u0103 Statele Unite sunt \u00een urm\u0103 \u00een preg\u0103tirea pentru ceea ce ar putea \u00eensemna un num\u0103r record de incendii forestiere \u00een acest an, potrivit Reuters.<\/p>\n<p>Lytton, o localitate din centrul Columbiei Britanice, a dep\u0103\u015fit s\u0103pt\u0103m\u00e2na aceasta de trei ori cel mai mare record de temperatur\u0103 din Canada din toate timpurile, cu o temperatur\u0103 de 49,6 grade Celsius, \u00eencep\u00e2nd de mar\u0163i. Incediile de vegeta\u0163ie au pus st\u0103p\u00e2nire pe ora\u015f, fapt ce a dus la evacuarea mai multor case.<\/p>\n<p>\u00cen nord-vestul SUA, temperaturile din Washington \u015fi Oregon au crescut mult peste 38 grade C, \u00een weekend. Portland a stabilit maxime istorice c\u00e2teva zile la r\u00e2nd, inclusiv 47 grade C, duminic\u0103.<\/p>\n<p>Guvernatorul din Oregon, Kate Brown, a declarat starea de urgen\u0163\u0103 din cauza \u201eamenin\u0163\u0103rii iminente a incendiilor\u201d, \u00een timp ce Serviciul Na\u0163ional de Meteorologie din SUA din Portland a emis o avertizare cu steag ro\u015fu pentru anumite p\u0103r\u0163i ale statului, spun\u00e2nd c\u0103 viteza v\u00e2ntului ar putea r\u0103sp\u00e2ndi rapid focul.<\/p>\n<p>Departamentul de Pompieri din Portland a interzis utilizarea artificiilor pentru weekend-ul din 4 iulie, c\u00e2nd americanii s\u0103rb\u0103toresc Ziua Independen\u0163ei.<\/p>\n<p>Foto: agora.md.<\/p>\n<\/div>\n<\/div>\n","protected":false},"excerpt":{"rendered":"<p>La o zi dup\u0103 ce Lytton, ora\u0219ul din British Columbia a atins cea mai ridicat\u0103 temperatur\u0103 \u00eenregistrat\u0103 vreodat\u0103 \u00een Canada, locuitorii au fost evacua\u021bi din cauza incendiilor, scrie agora.md. Primarul Jan Polderman a emis ordinul de evacuare miercuri sear\u0103, din cauza unui incendiu de vegeta\u021bie. \u201eTo\u021bi locuitorii sunt sf\u0103tui\u021bi s\u0103 p\u0103r\u0103seasc\u0103 comunitatea \u0219i s\u0103 mearg\u0103 [&hellip;]<\/p>\n","protected":false},"author":4,"featured_media":134661,"comment_status":"closed","ping_status":"closed","sticky":false,"template":"","format":"standard","meta":{"footnotes":""},"categories":[6349],"tags":[27176,27175,27174],"class_list":["post-134654","post","type-post","status-publish","format-standard","has-post-thumbnail","hentry","category-social","tag-a-luat-foc-locuitorii-parasesc-localitatea-video-foto","tag-in-care-s-a-inregistrat-recordul-termic-de-50c","tag-orasul-din-canada"],"yoast_head":"<!-- This site is optimized with the Yoast SEO plugin v27.4 - https:\/\/yoast.com\/product\/yoast-seo-wordpress\/ -->\n<title>Ora\u0219ul din Canada, \u00een care s-a \u00eenregistrat recordul termic de 50C, a luat foc. Locuitorii p\u0103r\u0103sesc localitatea (VIDEO\/FOTO) - BTV<\/title>\n<meta name=\"robots\" content=\"index, follow, max-snippet:-1, max-image-preview:large, max-video-preview:-1\" \/>\n<link rel=\"canonical\" href=\"https:\/\/www.btv.md\/ro\/orasul-din-canada-in-care-s-a-inregistrat-recordul-termic-de-50c-a-luat-foc-locuitorii-parasesc-localitatea-video-foto\/\" \/>\n<meta property=\"og:locale\" content=\"ro_RO\" \/>\n<meta property=\"og:type\" content=\"article\" \/>\n<meta property=\"og:title\" content=\"Ora\u0219ul din Canada, \u00een care s-a \u00eenregistrat recordul termic de 50C, a luat foc. Locuitorii p\u0103r\u0103sesc localitatea (VIDEO\/FOTO) - BTV\" \/>\n<meta property=\"og:description\" content=\"La o zi dup\u0103 ce Lytton, ora\u0219ul din British Columbia a atins cea mai ridicat\u0103 temperatur\u0103 \u00eenregistrat\u0103 vreodat\u0103 \u00een Canada, locuitorii au fost evacua\u021bi din cauza incendiilor, scrie agora.md. Primarul Jan Polderman a emis ordinul de evacuare miercuri sear\u0103, din cauza unui incendiu de vegeta\u021bie. \u201eTo\u021bi locuitorii sunt sf\u0103tui\u021bi s\u0103 p\u0103r\u0103seasc\u0103 comunitatea \u0219i s\u0103 mearg\u0103 [&hellip;]\" \/>\n<meta property=\"og:url\" content=\"https:\/\/www.btv.md\/ro\/orasul-din-canada-in-care-s-a-inregistrat-recordul-termic-de-50c-a-luat-foc-locuitorii-parasesc-localitatea-video-foto\/\" \/>\n<meta property=\"og:site_name\" content=\"BTV\" \/>\n<meta property=\"article:publisher\" content=\"https:\/\/www.facebook.com\/btvmoldova\/\" \/>\n<meta property=\"article:published_time\" content=\"2021-07-01T15:25:08+00:00\" \/>\n<meta property=\"og:image\" content=\"https:\/\/www.btv.md\/wp-content\/uploads\/2021\/07\/orasul-din-canada-in-care-s-a-inregistrat-recordul-termic-de-50c-a-luat-foc-locuitorii-parasesc-localitatea-videofoto-169660-1625145265.jpg\" \/>\n\t<meta property=\"og:image:width\" content=\"1200\" \/>\n\t<meta property=\"og:image:height\" content=\"675\" \/>\n\t<meta property=\"og:image:type\" content=\"image\/jpeg\" \/>\n<meta name=\"author\" content=\"admin\" \/>\n<meta name=\"twitter:label1\" content=\"Scris de\" \/>\n\t<meta name=\"twitter:data1\" content=\"admin\" \/>\n\t<meta name=\"twitter:label2\" content=\"Timp estimat pentru citire\" \/>\n\t<meta name=\"twitter:data2\" content=\"3 minute\" \/>\n<script type=\"application\/ld+json\" class=\"yoast-schema-graph\">{\"@context\":\"https:\\\/\\\/schema.org\",\"@graph\":[{\"@type\":\"Article\",\"@id\":\"https:\\\/\\\/www.btv.md\\\/ro\\\/orasul-din-canada-in-care-s-a-inregistrat-recordul-termic-de-50c-a-luat-foc-locuitorii-parasesc-localitatea-video-foto\\\/#article\",\"isPartOf\":{\"@id\":\"https:\\\/\\\/www.btv.md\\\/ro\\\/orasul-din-canada-in-care-s-a-inregistrat-recordul-termic-de-50c-a-luat-foc-locuitorii-parasesc-localitatea-video-foto\\\/\"},\"author\":{\"name\":\"admin\",\"@id\":\"https:\\\/\\\/www.btv.md\\\/#\\\/schema\\\/person\\\/8fadce81561b3ce2c34c46dadc4ccbf2\"},\"headline\":\"Ora\u0219ul din Canada, \u00een care s-a \u00eenregistrat recordul termic de 50C, a luat foc. Locuitorii p\u0103r\u0103sesc localitatea (VIDEO\\\/FOTO)\",\"datePublished\":\"2021-07-01T15:25:08+00:00\",\"mainEntityOfPage\":{\"@id\":\"https:\\\/\\\/www.btv.md\\\/ro\\\/orasul-din-canada-in-care-s-a-inregistrat-recordul-termic-de-50c-a-luat-foc-locuitorii-parasesc-localitatea-video-foto\\\/\"},\"wordCount\":580,\"image\":{\"@id\":\"https:\\\/\\\/www.btv.md\\\/ro\\\/orasul-din-canada-in-care-s-a-inregistrat-recordul-termic-de-50c-a-luat-foc-locuitorii-parasesc-localitatea-video-foto\\\/#primaryimage\"},\"thumbnailUrl\":\"https:\\\/\\\/www.btv.md\\\/wp-content\\\/uploads\\\/2021\\\/07\\\/orasul-din-canada-in-care-s-a-inregistrat-recordul-termic-de-50c-a-luat-foc-locuitorii-parasesc-localitatea-videofoto-169660-1625145265.jpg\",\"keywords\":[\"a luat foc. Locuitorii p\u0103r\u0103sesc localitatea (VIDEO\\\/FOTO)\",\"\u00een care s-a \u00eenregistrat recordul termic de 50C\",\"Ora\u0219ul din Canada\"],\"articleSection\":[\"Social\"],\"inLanguage\":\"ro-RO\"},{\"@type\":\"WebPage\",\"@id\":\"https:\\\/\\\/www.btv.md\\\/ro\\\/orasul-din-canada-in-care-s-a-inregistrat-recordul-termic-de-50c-a-luat-foc-locuitorii-parasesc-localitatea-video-foto\\\/\",\"url\":\"https:\\\/\\\/www.btv.md\\\/ro\\\/orasul-din-canada-in-care-s-a-inregistrat-recordul-termic-de-50c-a-luat-foc-locuitorii-parasesc-localitatea-video-foto\\\/\",\"name\":\"Ora\u0219ul din Canada, \u00een care s-a \u00eenregistrat recordul termic de 50C, a luat foc. Locuitorii p\u0103r\u0103sesc localitatea (VIDEO\\\/FOTO) - BTV\",\"isPartOf\":{\"@id\":\"https:\\\/\\\/www.btv.md\\\/#website\"},\"primaryImageOfPage\":{\"@id\":\"https:\\\/\\\/www.btv.md\\\/ro\\\/orasul-din-canada-in-care-s-a-inregistrat-recordul-termic-de-50c-a-luat-foc-locuitorii-parasesc-localitatea-video-foto\\\/#primaryimage\"},\"image\":{\"@id\":\"https:\\\/\\\/www.btv.md\\\/ro\\\/orasul-din-canada-in-care-s-a-inregistrat-recordul-termic-de-50c-a-luat-foc-locuitorii-parasesc-localitatea-video-foto\\\/#primaryimage\"},\"thumbnailUrl\":\"https:\\\/\\\/www.btv.md\\\/wp-content\\\/uploads\\\/2021\\\/07\\\/orasul-din-canada-in-care-s-a-inregistrat-recordul-termic-de-50c-a-luat-foc-locuitorii-parasesc-localitatea-videofoto-169660-1625145265.jpg\",\"datePublished\":\"2021-07-01T15:25:08+00:00\",\"author\":{\"@id\":\"https:\\\/\\\/www.btv.md\\\/#\\\/schema\\\/person\\\/8fadce81561b3ce2c34c46dadc4ccbf2\"},\"inLanguage\":\"ro-RO\",\"potentialAction\":[{\"@type\":\"ReadAction\",\"target\":[\"https:\\\/\\\/www.btv.md\\\/ro\\\/orasul-din-canada-in-care-s-a-inregistrat-recordul-termic-de-50c-a-luat-foc-locuitorii-parasesc-localitatea-video-foto\\\/\"]}]},{\"@type\":\"ImageObject\",\"inLanguage\":\"ro-RO\",\"@id\":\"https:\\\/\\\/www.btv.md\\\/ro\\\/orasul-din-canada-in-care-s-a-inregistrat-recordul-termic-de-50c-a-luat-foc-locuitorii-parasesc-localitatea-video-foto\\\/#primaryimage\",\"url\":\"https:\\\/\\\/www.btv.md\\\/wp-content\\\/uploads\\\/2021\\\/07\\\/orasul-din-canada-in-care-s-a-inregistrat-recordul-termic-de-50c-a-luat-foc-locuitorii-parasesc-localitatea-videofoto-169660-1625145265.jpg\",\"contentUrl\":\"https:\\\/\\\/www.btv.md\\\/wp-content\\\/uploads\\\/2021\\\/07\\\/orasul-din-canada-in-care-s-a-inregistrat-recordul-termic-de-50c-a-luat-foc-locuitorii-parasesc-localitatea-videofoto-169660-1625145265.jpg\",\"width\":1200,\"height\":675},{\"@type\":\"WebSite\",\"@id\":\"https:\\\/\\\/www.btv.md\\\/#website\",\"url\":\"https:\\\/\\\/www.btv.md\\\/\",\"name\":\"BTV\",\"description\":\"\u0411\u0435\u043b\u044c\u0446\u043a\u043e\u0435 \u0442\u0435\u043b\u0435\u0432\u0438\u0434\u0435\u043d\u0438\u0435\",\"potentialAction\":[{\"@type\":\"SearchAction\",\"target\":{\"@type\":\"EntryPoint\",\"urlTemplate\":\"https:\\\/\\\/www.btv.md\\\/?s={search_term_string}\"},\"query-input\":{\"@type\":\"PropertyValueSpecification\",\"valueRequired\":true,\"valueName\":\"search_term_string\"}}],\"inLanguage\":\"ro-RO\"},{\"@type\":\"Person\",\"@id\":\"https:\\\/\\\/www.btv.md\\\/#\\\/schema\\\/person\\\/8fadce81561b3ce2c34c46dadc4ccbf2\",\"name\":\"admin\"}]}<\/script>\n<!-- \/ Yoast SEO plugin. -->","yoast_head_json":{"title":"Ora\u0219ul din Canada, \u00een care s-a \u00eenregistrat recordul termic de 50C, a luat foc. Locuitorii p\u0103r\u0103sesc localitatea (VIDEO\/FOTO) - BTV","robots":{"index":"index","follow":"follow","max-snippet":"max-snippet:-1","max-image-preview":"max-image-preview:large","max-video-preview":"max-video-preview:-1"},"canonical":"https:\/\/www.btv.md\/ro\/orasul-din-canada-in-care-s-a-inregistrat-recordul-termic-de-50c-a-luat-foc-locuitorii-parasesc-localitatea-video-foto\/","og_locale":"ro_RO","og_type":"article","og_title":"Ora\u0219ul din Canada, \u00een care s-a \u00eenregistrat recordul termic de 50C, a luat foc. Locuitorii p\u0103r\u0103sesc localitatea (VIDEO\/FOTO) - BTV","og_description":"La o zi dup\u0103 ce Lytton, ora\u0219ul din British Columbia a atins cea mai ridicat\u0103 temperatur\u0103 \u00eenregistrat\u0103 vreodat\u0103 \u00een Canada, locuitorii au fost evacua\u021bi din cauza incendiilor, scrie agora.md. Primarul Jan Polderman a emis ordinul de evacuare miercuri sear\u0103, din cauza unui incendiu de vegeta\u021bie. \u201eTo\u021bi locuitorii sunt sf\u0103tui\u021bi s\u0103 p\u0103r\u0103seasc\u0103 comunitatea \u0219i s\u0103 mearg\u0103 [&hellip;]","og_url":"https:\/\/www.btv.md\/ro\/orasul-din-canada-in-care-s-a-inregistrat-recordul-termic-de-50c-a-luat-foc-locuitorii-parasesc-localitatea-video-foto\/","og_site_name":"BTV","article_publisher":"https:\/\/www.facebook.com\/btvmoldova\/","article_published_time":"2021-07-01T15:25:08+00:00","og_image":[{"width":1200,"height":675,"url":"https:\/\/www.btv.md\/wp-content\/uploads\/2021\/07\/orasul-din-canada-in-care-s-a-inregistrat-recordul-termic-de-50c-a-luat-foc-locuitorii-parasesc-localitatea-videofoto-169660-1625145265.jpg","type":"image\/jpeg"}],"author":"admin","twitter_misc":{"Scris de":"admin","Timp estimat pentru citire":"3 minute"},"schema":{"@context":"https:\/\/schema.org","@graph":[{"@type":"Article","@id":"https:\/\/www.btv.md\/ro\/orasul-din-canada-in-care-s-a-inregistrat-recordul-termic-de-50c-a-luat-foc-locuitorii-parasesc-localitatea-video-foto\/#article","isPartOf":{"@id":"https:\/\/www.btv.md\/ro\/orasul-din-canada-in-care-s-a-inregistrat-recordul-termic-de-50c-a-luat-foc-locuitorii-parasesc-localitatea-video-foto\/"},"author":{"name":"admin","@id":"https:\/\/www.btv.md\/#\/schema\/person\/8fadce81561b3ce2c34c46dadc4ccbf2"},"headline":"Ora\u0219ul din Canada, \u00een care s-a \u00eenregistrat recordul termic de 50C, a luat foc. Locuitorii p\u0103r\u0103sesc localitatea (VIDEO\/FOTO)","datePublished":"2021-07-01T15:25:08+00:00","mainEntityOfPage":{"@id":"https:\/\/www.btv.md\/ro\/orasul-din-canada-in-care-s-a-inregistrat-recordul-termic-de-50c-a-luat-foc-locuitorii-parasesc-localitatea-video-foto\/"},"wordCount":580,"image":{"@id":"https:\/\/www.btv.md\/ro\/orasul-din-canada-in-care-s-a-inregistrat-recordul-termic-de-50c-a-luat-foc-locuitorii-parasesc-localitatea-video-foto\/#primaryimage"},"thumbnailUrl":"https:\/\/www.btv.md\/wp-content\/uploads\/2021\/07\/orasul-din-canada-in-care-s-a-inregistrat-recordul-termic-de-50c-a-luat-foc-locuitorii-parasesc-localitatea-videofoto-169660-1625145265.jpg","keywords":["a luat foc. Locuitorii p\u0103r\u0103sesc localitatea (VIDEO\/FOTO)","\u00een care s-a \u00eenregistrat recordul termic de 50C","Ora\u0219ul din Canada"],"articleSection":["Social"],"inLanguage":"ro-RO"},{"@type":"WebPage","@id":"https:\/\/www.btv.md\/ro\/orasul-din-canada-in-care-s-a-inregistrat-recordul-termic-de-50c-a-luat-foc-locuitorii-parasesc-localitatea-video-foto\/","url":"https:\/\/www.btv.md\/ro\/orasul-din-canada-in-care-s-a-inregistrat-recordul-termic-de-50c-a-luat-foc-locuitorii-parasesc-localitatea-video-foto\/","name":"Ora\u0219ul din Canada, \u00een care s-a \u00eenregistrat recordul termic de 50C, a luat foc. Locuitorii p\u0103r\u0103sesc localitatea (VIDEO\/FOTO) - BTV","isPartOf":{"@id":"https:\/\/www.btv.md\/#website"},"primaryImageOfPage":{"@id":"https:\/\/www.btv.md\/ro\/orasul-din-canada-in-care-s-a-inregistrat-recordul-termic-de-50c-a-luat-foc-locuitorii-parasesc-localitatea-video-foto\/#primaryimage"},"image":{"@id":"https:\/\/www.btv.md\/ro\/orasul-din-canada-in-care-s-a-inregistrat-recordul-termic-de-50c-a-luat-foc-locuitorii-parasesc-localitatea-video-foto\/#primaryimage"},"thumbnailUrl":"https:\/\/www.btv.md\/wp-content\/uploads\/2021\/07\/orasul-din-canada-in-care-s-a-inregistrat-recordul-termic-de-50c-a-luat-foc-locuitorii-parasesc-localitatea-videofoto-169660-1625145265.jpg","datePublished":"2021-07-01T15:25:08+00:00","author":{"@id":"https:\/\/www.btv.md\/#\/schema\/person\/8fadce81561b3ce2c34c46dadc4ccbf2"},"inLanguage":"ro-RO","potentialAction":[{"@type":"ReadAction","target":["https:\/\/www.btv.md\/ro\/orasul-din-canada-in-care-s-a-inregistrat-recordul-termic-de-50c-a-luat-foc-locuitorii-parasesc-localitatea-video-foto\/"]}]},{"@type":"ImageObject","inLanguage":"ro-RO","@id":"https:\/\/www.btv.md\/ro\/orasul-din-canada-in-care-s-a-inregistrat-recordul-termic-de-50c-a-luat-foc-locuitorii-parasesc-localitatea-video-foto\/#primaryimage","url":"https:\/\/www.btv.md\/wp-content\/uploads\/2021\/07\/orasul-din-canada-in-care-s-a-inregistrat-recordul-termic-de-50c-a-luat-foc-locuitorii-parasesc-localitatea-videofoto-169660-1625145265.jpg","contentUrl":"https:\/\/www.btv.md\/wp-content\/uploads\/2021\/07\/orasul-din-canada-in-care-s-a-inregistrat-recordul-termic-de-50c-a-luat-foc-locuitorii-parasesc-localitatea-videofoto-169660-1625145265.jpg","width":1200,"height":675},{"@type":"WebSite","@id":"https:\/\/www.btv.md\/#website","url":"https:\/\/www.btv.md\/","name":"BTV","description":"\u0411\u0435\u043b\u044c\u0446\u043a\u043e\u0435 \u0442\u0435\u043b\u0435\u0432\u0438\u0434\u0435\u043d\u0438\u0435","potentialAction":[{"@type":"SearchAction","target":{"@type":"EntryPoint","urlTemplate":"https:\/\/www.btv.md\/?s={search_term_string}"},"query-input":{"@type":"PropertyValueSpecification","valueRequired":true,"valueName":"search_term_string"}}],"inLanguage":"ro-RO"},{"@type":"Person","@id":"https:\/\/www.btv.md\/#\/schema\/person\/8fadce81561b3ce2c34c46dadc4ccbf2","name":"admin"}]}},"_links":{"self":[{"href":"https:\/\/www.btv.md\/ro\/wp-json\/wp\/v2\/posts\/134654","targetHints":{"allow":["GET"]}}],"collection":[{"href":"https:\/\/www.btv.md\/ro\/wp-json\/wp\/v2\/posts"}],"about":[{"href":"https:\/\/www.btv.md\/ro\/wp-json\/wp\/v2\/types\/post"}],"author":[{"embeddable":true,"href":"https:\/\/www.btv.md\/ro\/wp-json\/wp\/v2\/users\/4"}],"replies":[{"embeddable":true,"href":"https:\/\/www.btv.md\/ro\/wp-json\/wp\/v2\/comments?post=134654"}],"version-history":[{"count":0,"href":"https:\/\/www.btv.md\/ro\/wp-json\/wp\/v2\/posts\/134654\/revisions"}],"wp:featuredmedia":[{"embeddable":true,"href":"https:\/\/www.btv.md\/ro\/wp-json\/wp\/v2\/media\/134661"}],"wp:attachment":[{"href":"https:\/\/www.btv.md\/ro\/wp-json\/wp\/v2\/media?parent=134654"}],"wp:term":[{"taxonomy":"category","embeddable":true,"href":"https:\/\/www.btv.md\/ro\/wp-json\/wp\/v2\/categories?post=134654"},{"taxonomy":"post_tag","embeddable":true,"href":"https:\/\/www.btv.md\/ro\/wp-json\/wp\/v2\/tags?post=134654"}],"curies":[{"name":"wp","href":"https:\/\/api.w.org\/{rel}","templated":true}]}}