{"id":13469,"date":"2016-05-25T15:26:45","date_gmt":"2016-05-25T12:26:45","guid":{"rendered":"http:\/\/btv.md\/?p=13469"},"modified":"2016-05-25T15:26:45","modified_gmt":"2016-05-25T12:26:45","slug":"anuntul-emisiunii-litsom-k-litsu-invitalul-serii-vadim-vacarciuc-vicecampionul-european-la-haltere","status":"publish","type":"post","link":"https:\/\/www.btv.md\/ro\/anuntul-emisiunii-litsom-k-litsu-invitalul-serii-vadim-vacarciuc-vicecampionul-european-la-haltere\/","title":{"rendered":"Anun\u021bul emisiunii &#8222;\u041b\u0438\u0446\u043e\u043c \u041a \u041b\u0438\u0446\u0443&#8221;. Invitalul serii &#8211; Vadim Vacarciuc,  vicecampionul european la haltere"},"content":{"rendered":"<p><strong>Joi. 26 mai . La ora 19:00, \u00eentr-o nou\u0103 edi\u021bie a emisiunii, \u041b\u0438\u0446\u043e\u043c \u041a \u041b\u0438\u0446\u0443  de la BTV,  invitatul serii va fi vicecampionul european la haltere \u0219i cet\u0103\u021beanul de onoare a municipiului B\u0103l\u021bi, Vadim Vacarciuc. <\/strong><\/p>\n<p><strong>Principalel subiecte care urmeaz\u0103 s\u0103 fie discutate \u00een cadrul emisiunii  vor at\u00e2t despre performan\u021bele sportivilor moldoveni, c\u00e2t \u0219i  problemele sportului moldovenesc. <\/strong><\/p>\n<p><strong>\u00centreb\u0103rile le pute\u021bi adresa la num\u0103rul de telefon (0231) 8-81-55.<\/strong><\/p>\n<p><iframe width=\"420\" height=\"315\" data-src=\"https:\/\/www.youtube.com\/embed\/lKRzJ3MbEm0\" frameborder=\"0\" allowfullscreen src=\"data:image\/svg+xml;base64,PHN2ZyB3aWR0aD0iMSIgaGVpZ2h0PSIxIiB4bWxucz0iaHR0cDovL3d3dy53My5vcmcvMjAwMC9zdmciPjwvc3ZnPg==\" class=\"lazyload\" data-load-mode=\"1\"><\/iframe><\/p>\n","protected":false},"excerpt":{"rendered":"<p>Joi. 26 mai . La ora 19:00, \u00eentr-o nou\u0103 edi\u021bie a emisiunii, \u041b\u0438\u0446\u043e\u043c \u041a \u041b\u0438\u0446\u0443 de la BTV, invitatul serii va fi vicecampionul european la haltere \u0219i cet\u0103\u021beanul de onoare a municipiului B\u0103l\u021bi, Vadim Vacarciuc. Principalel subiecte care urmeaz\u0103 s\u0103 fie discutate \u00een cadrul emisiunii vor at\u00e2t despre performan\u021bele sportivilor moldoveni, c\u00e2t \u0219i problemele sportului [&hellip;]<\/p>\n","protected":false},"author":4,"featured_media":13470,"comment_status":"closed","ping_status":"closed","sticky":false,"template":"","format":"standard","meta":{"footnotes":""},"categories":[6353],"tags":[],"class_list":["post-13469","post","type-post","status-publish","format-standard","has-post-thumbnail","hentry","category-oras"],"yoast_head":"<!-- This site is optimized with the Yoast SEO plugin v27.4 - https:\/\/yoast.com\/product\/yoast-seo-wordpress\/ -->\n<title>Anun\u021bul emisiunii &quot;\u041b\u0438\u0446\u043e\u043c \u041a \u041b\u0438\u0446\u0443&quot;. Invitalul serii - Vadim Vacarciuc, vicecampionul european la haltere  - BTV<\/title>\n<meta name=\"robots\" content=\"index, follow, max-snippet:-1, max-image-preview:large, max-video-preview:-1\" \/>\n<link rel=\"canonical\" href=\"https:\/\/www.btv.md\/ro\/anuntul-emisiunii-litsom-k-litsu-invitalul-serii-vadim-vacarciuc-vicecampionul-european-la-haltere\/\" \/>\n<meta property=\"og:locale\" content=\"ro_RO\" \/>\n<meta property=\"og:type\" content=\"article\" \/>\n<meta property=\"og:title\" content=\"Anun\u021bul emisiunii &quot;\u041b\u0438\u0446\u043e\u043c \u041a \u041b\u0438\u0446\u0443&quot;. Invitalul serii - Vadim Vacarciuc, vicecampionul european la haltere  - BTV\" \/>\n<meta property=\"og:description\" content=\"Joi. 26 mai . La ora 19:00, \u00eentr-o nou\u0103 edi\u021bie a emisiunii, \u041b\u0438\u0446\u043e\u043c \u041a \u041b\u0438\u0446\u0443 de la BTV, invitatul serii va fi vicecampionul european la haltere \u0219i cet\u0103\u021beanul de onoare a municipiului B\u0103l\u021bi, Vadim Vacarciuc. Principalel subiecte care urmeaz\u0103 s\u0103 fie discutate \u00een cadrul emisiunii vor at\u00e2t despre performan\u021bele sportivilor moldoveni, c\u00e2t \u0219i problemele sportului [&hellip;]\" \/>\n<meta property=\"og:url\" content=\"https:\/\/www.btv.md\/ro\/anuntul-emisiunii-litsom-k-litsu-invitalul-serii-vadim-vacarciuc-vicecampionul-european-la-haltere\/\" \/>\n<meta property=\"og:site_name\" content=\"BTV\" \/>\n<meta property=\"article:publisher\" content=\"https:\/\/www.facebook.com\/btvmoldova\/\" \/>\n<meta property=\"article:published_time\" content=\"2016-05-25T12:26:45+00:00\" \/>\n<meta property=\"og:image\" content=\"https:\/\/www.btv.md\/wp-content\/uploads\/2016\/05\/vacarciuc.png\" \/>\n\t<meta property=\"og:image:width\" content=\"939\" \/>\n\t<meta property=\"og:image:height\" content=\"527\" \/>\n\t<meta property=\"og:image:type\" content=\"image\/png\" \/>\n<meta name=\"author\" content=\"admin\" \/>\n<meta name=\"twitter:label1\" content=\"Scris de\" \/>\n\t<meta name=\"twitter:data1\" content=\"admin\" \/>\n<script type=\"application\/ld+json\" class=\"yoast-schema-graph\">{\"@context\":\"https:\\\/\\\/schema.org\",\"@graph\":[{\"@type\":\"Article\",\"@id\":\"https:\\\/\\\/www.btv.md\\\/ro\\\/anuntul-emisiunii-litsom-k-litsu-invitalul-serii-vadim-vacarciuc-vicecampionul-european-la-haltere\\\/#article\",\"isPartOf\":{\"@id\":\"https:\\\/\\\/www.btv.md\\\/ro\\\/anuntul-emisiunii-litsom-k-litsu-invitalul-serii-vadim-vacarciuc-vicecampionul-european-la-haltere\\\/\"},\"author\":{\"name\":\"admin\",\"@id\":\"https:\\\/\\\/www.btv.md\\\/#\\\/schema\\\/person\\\/8fadce81561b3ce2c34c46dadc4ccbf2\"},\"headline\":\"Anun\u021bul emisiunii &#8222;\u041b\u0438\u0446\u043e\u043c \u041a \u041b\u0438\u0446\u0443&#8221;. Invitalul serii &#8211; Vadim Vacarciuc, vicecampionul european la haltere\",\"datePublished\":\"2016-05-25T12:26:45+00:00\",\"mainEntityOfPage\":{\"@id\":\"https:\\\/\\\/www.btv.md\\\/ro\\\/anuntul-emisiunii-litsom-k-litsu-invitalul-serii-vadim-vacarciuc-vicecampionul-european-la-haltere\\\/\"},\"wordCount\":92,\"image\":{\"@id\":\"https:\\\/\\\/www.btv.md\\\/ro\\\/anuntul-emisiunii-litsom-k-litsu-invitalul-serii-vadim-vacarciuc-vicecampionul-european-la-haltere\\\/#primaryimage\"},\"thumbnailUrl\":\"https:\\\/\\\/www.btv.md\\\/wp-content\\\/uploads\\\/2016\\\/05\\\/vacarciuc.png\",\"articleSection\":[\"Ora\u0219\"],\"inLanguage\":\"ro-RO\"},{\"@type\":\"WebPage\",\"@id\":\"https:\\\/\\\/www.btv.md\\\/ro\\\/anuntul-emisiunii-litsom-k-litsu-invitalul-serii-vadim-vacarciuc-vicecampionul-european-la-haltere\\\/\",\"url\":\"https:\\\/\\\/www.btv.md\\\/ro\\\/anuntul-emisiunii-litsom-k-litsu-invitalul-serii-vadim-vacarciuc-vicecampionul-european-la-haltere\\\/\",\"name\":\"Anun\u021bul emisiunii \\\"\u041b\u0438\u0446\u043e\u043c \u041a \u041b\u0438\u0446\u0443\\\". Invitalul serii - Vadim Vacarciuc, vicecampionul european la haltere - BTV\",\"isPartOf\":{\"@id\":\"https:\\\/\\\/www.btv.md\\\/#website\"},\"primaryImageOfPage\":{\"@id\":\"https:\\\/\\\/www.btv.md\\\/ro\\\/anuntul-emisiunii-litsom-k-litsu-invitalul-serii-vadim-vacarciuc-vicecampionul-european-la-haltere\\\/#primaryimage\"},\"image\":{\"@id\":\"https:\\\/\\\/www.btv.md\\\/ro\\\/anuntul-emisiunii-litsom-k-litsu-invitalul-serii-vadim-vacarciuc-vicecampionul-european-la-haltere\\\/#primaryimage\"},\"thumbnailUrl\":\"https:\\\/\\\/www.btv.md\\\/wp-content\\\/uploads\\\/2016\\\/05\\\/vacarciuc.png\",\"datePublished\":\"2016-05-25T12:26:45+00:00\",\"author\":{\"@id\":\"https:\\\/\\\/www.btv.md\\\/#\\\/schema\\\/person\\\/8fadce81561b3ce2c34c46dadc4ccbf2\"},\"inLanguage\":\"ro-RO\",\"potentialAction\":[{\"@type\":\"ReadAction\",\"target\":[\"https:\\\/\\\/www.btv.md\\\/ro\\\/anuntul-emisiunii-litsom-k-litsu-invitalul-serii-vadim-vacarciuc-vicecampionul-european-la-haltere\\\/\"]}]},{\"@type\":\"ImageObject\",\"inLanguage\":\"ro-RO\",\"@id\":\"https:\\\/\\\/www.btv.md\\\/ro\\\/anuntul-emisiunii-litsom-k-litsu-invitalul-serii-vadim-vacarciuc-vicecampionul-european-la-haltere\\\/#primaryimage\",\"url\":\"https:\\\/\\\/www.btv.md\\\/wp-content\\\/uploads\\\/2016\\\/05\\\/vacarciuc.png\",\"contentUrl\":\"https:\\\/\\\/www.btv.md\\\/wp-content\\\/uploads\\\/2016\\\/05\\\/vacarciuc.png\",\"width\":939,\"height\":527},{\"@type\":\"WebSite\",\"@id\":\"https:\\\/\\\/www.btv.md\\\/#website\",\"url\":\"https:\\\/\\\/www.btv.md\\\/\",\"name\":\"BTV\",\"description\":\"\u0411\u0435\u043b\u044c\u0446\u043a\u043e\u0435 \u0442\u0435\u043b\u0435\u0432\u0438\u0434\u0435\u043d\u0438\u0435\",\"potentialAction\":[{\"@type\":\"SearchAction\",\"target\":{\"@type\":\"EntryPoint\",\"urlTemplate\":\"https:\\\/\\\/www.btv.md\\\/?s={search_term_string}\"},\"query-input\":{\"@type\":\"PropertyValueSpecification\",\"valueRequired\":true,\"valueName\":\"search_term_string\"}}],\"inLanguage\":\"ro-RO\"},{\"@type\":\"Person\",\"@id\":\"https:\\\/\\\/www.btv.md\\\/#\\\/schema\\\/person\\\/8fadce81561b3ce2c34c46dadc4ccbf2\",\"name\":\"admin\"}]}<\/script>\n<!-- \/ Yoast SEO plugin. -->","yoast_head_json":{"title":"Anun\u021bul emisiunii \"\u041b\u0438\u0446\u043e\u043c \u041a \u041b\u0438\u0446\u0443\". Invitalul serii - Vadim Vacarciuc, vicecampionul european la haltere  - BTV","robots":{"index":"index","follow":"follow","max-snippet":"max-snippet:-1","max-image-preview":"max-image-preview:large","max-video-preview":"max-video-preview:-1"},"canonical":"https:\/\/www.btv.md\/ro\/anuntul-emisiunii-litsom-k-litsu-invitalul-serii-vadim-vacarciuc-vicecampionul-european-la-haltere\/","og_locale":"ro_RO","og_type":"article","og_title":"Anun\u021bul emisiunii \"\u041b\u0438\u0446\u043e\u043c \u041a \u041b\u0438\u0446\u0443\". Invitalul serii - Vadim Vacarciuc, vicecampionul european la haltere  - BTV","og_description":"Joi. 26 mai . La ora 19:00, \u00eentr-o nou\u0103 edi\u021bie a emisiunii, \u041b\u0438\u0446\u043e\u043c \u041a \u041b\u0438\u0446\u0443 de la BTV, invitatul serii va fi vicecampionul european la haltere \u0219i cet\u0103\u021beanul de onoare a municipiului B\u0103l\u021bi, Vadim Vacarciuc. Principalel subiecte care urmeaz\u0103 s\u0103 fie discutate \u00een cadrul emisiunii vor at\u00e2t despre performan\u021bele sportivilor moldoveni, c\u00e2t \u0219i problemele sportului [&hellip;]","og_url":"https:\/\/www.btv.md\/ro\/anuntul-emisiunii-litsom-k-litsu-invitalul-serii-vadim-vacarciuc-vicecampionul-european-la-haltere\/","og_site_name":"BTV","article_publisher":"https:\/\/www.facebook.com\/btvmoldova\/","article_published_time":"2016-05-25T12:26:45+00:00","og_image":[{"width":939,"height":527,"url":"https:\/\/www.btv.md\/wp-content\/uploads\/2016\/05\/vacarciuc.png","type":"image\/png"}],"author":"admin","twitter_misc":{"Scris de":"admin"},"schema":{"@context":"https:\/\/schema.org","@graph":[{"@type":"Article","@id":"https:\/\/www.btv.md\/ro\/anuntul-emisiunii-litsom-k-litsu-invitalul-serii-vadim-vacarciuc-vicecampionul-european-la-haltere\/#article","isPartOf":{"@id":"https:\/\/www.btv.md\/ro\/anuntul-emisiunii-litsom-k-litsu-invitalul-serii-vadim-vacarciuc-vicecampionul-european-la-haltere\/"},"author":{"name":"admin","@id":"https:\/\/www.btv.md\/#\/schema\/person\/8fadce81561b3ce2c34c46dadc4ccbf2"},"headline":"Anun\u021bul emisiunii &#8222;\u041b\u0438\u0446\u043e\u043c \u041a \u041b\u0438\u0446\u0443&#8221;. Invitalul serii &#8211; Vadim Vacarciuc, vicecampionul european la haltere","datePublished":"2016-05-25T12:26:45+00:00","mainEntityOfPage":{"@id":"https:\/\/www.btv.md\/ro\/anuntul-emisiunii-litsom-k-litsu-invitalul-serii-vadim-vacarciuc-vicecampionul-european-la-haltere\/"},"wordCount":92,"image":{"@id":"https:\/\/www.btv.md\/ro\/anuntul-emisiunii-litsom-k-litsu-invitalul-serii-vadim-vacarciuc-vicecampionul-european-la-haltere\/#primaryimage"},"thumbnailUrl":"https:\/\/www.btv.md\/wp-content\/uploads\/2016\/05\/vacarciuc.png","articleSection":["Ora\u0219"],"inLanguage":"ro-RO"},{"@type":"WebPage","@id":"https:\/\/www.btv.md\/ro\/anuntul-emisiunii-litsom-k-litsu-invitalul-serii-vadim-vacarciuc-vicecampionul-european-la-haltere\/","url":"https:\/\/www.btv.md\/ro\/anuntul-emisiunii-litsom-k-litsu-invitalul-serii-vadim-vacarciuc-vicecampionul-european-la-haltere\/","name":"Anun\u021bul emisiunii \"\u041b\u0438\u0446\u043e\u043c \u041a \u041b\u0438\u0446\u0443\". Invitalul serii - Vadim Vacarciuc, vicecampionul european la haltere - BTV","isPartOf":{"@id":"https:\/\/www.btv.md\/#website"},"primaryImageOfPage":{"@id":"https:\/\/www.btv.md\/ro\/anuntul-emisiunii-litsom-k-litsu-invitalul-serii-vadim-vacarciuc-vicecampionul-european-la-haltere\/#primaryimage"},"image":{"@id":"https:\/\/www.btv.md\/ro\/anuntul-emisiunii-litsom-k-litsu-invitalul-serii-vadim-vacarciuc-vicecampionul-european-la-haltere\/#primaryimage"},"thumbnailUrl":"https:\/\/www.btv.md\/wp-content\/uploads\/2016\/05\/vacarciuc.png","datePublished":"2016-05-25T12:26:45+00:00","author":{"@id":"https:\/\/www.btv.md\/#\/schema\/person\/8fadce81561b3ce2c34c46dadc4ccbf2"},"inLanguage":"ro-RO","potentialAction":[{"@type":"ReadAction","target":["https:\/\/www.btv.md\/ro\/anuntul-emisiunii-litsom-k-litsu-invitalul-serii-vadim-vacarciuc-vicecampionul-european-la-haltere\/"]}]},{"@type":"ImageObject","inLanguage":"ro-RO","@id":"https:\/\/www.btv.md\/ro\/anuntul-emisiunii-litsom-k-litsu-invitalul-serii-vadim-vacarciuc-vicecampionul-european-la-haltere\/#primaryimage","url":"https:\/\/www.btv.md\/wp-content\/uploads\/2016\/05\/vacarciuc.png","contentUrl":"https:\/\/www.btv.md\/wp-content\/uploads\/2016\/05\/vacarciuc.png","width":939,"height":527},{"@type":"WebSite","@id":"https:\/\/www.btv.md\/#website","url":"https:\/\/www.btv.md\/","name":"BTV","description":"\u0411\u0435\u043b\u044c\u0446\u043a\u043e\u0435 \u0442\u0435\u043b\u0435\u0432\u0438\u0434\u0435\u043d\u0438\u0435","potentialAction":[{"@type":"SearchAction","target":{"@type":"EntryPoint","urlTemplate":"https:\/\/www.btv.md\/?s={search_term_string}"},"query-input":{"@type":"PropertyValueSpecification","valueRequired":true,"valueName":"search_term_string"}}],"inLanguage":"ro-RO"},{"@type":"Person","@id":"https:\/\/www.btv.md\/#\/schema\/person\/8fadce81561b3ce2c34c46dadc4ccbf2","name":"admin"}]}},"_links":{"self":[{"href":"https:\/\/www.btv.md\/ro\/wp-json\/wp\/v2\/posts\/13469","targetHints":{"allow":["GET"]}}],"collection":[{"href":"https:\/\/www.btv.md\/ro\/wp-json\/wp\/v2\/posts"}],"about":[{"href":"https:\/\/www.btv.md\/ro\/wp-json\/wp\/v2\/types\/post"}],"author":[{"embeddable":true,"href":"https:\/\/www.btv.md\/ro\/wp-json\/wp\/v2\/users\/4"}],"replies":[{"embeddable":true,"href":"https:\/\/www.btv.md\/ro\/wp-json\/wp\/v2\/comments?post=13469"}],"version-history":[{"count":0,"href":"https:\/\/www.btv.md\/ro\/wp-json\/wp\/v2\/posts\/13469\/revisions"}],"wp:featuredmedia":[{"embeddable":true,"href":"https:\/\/www.btv.md\/ro\/wp-json\/wp\/v2\/media\/13470"}],"wp:attachment":[{"href":"https:\/\/www.btv.md\/ro\/wp-json\/wp\/v2\/media?parent=13469"}],"wp:term":[{"taxonomy":"category","embeddable":true,"href":"https:\/\/www.btv.md\/ro\/wp-json\/wp\/v2\/categories?post=13469"},{"taxonomy":"post_tag","embeddable":true,"href":"https:\/\/www.btv.md\/ro\/wp-json\/wp\/v2\/tags?post=13469"}],"curies":[{"name":"wp","href":"https:\/\/api.w.org\/{rel}","templated":true}]}}