{"id":134712,"date":"2021-07-02T10:11:54","date_gmt":"2021-07-02T07:11:54","guid":{"rendered":"https:\/\/www.btv.md\/?p=134712"},"modified":"2021-07-02T10:11:54","modified_gmt":"2021-07-02T07:11:54","slug":"doc-romania-a-actualizat-lista-statelor-cu-risc-epidemiologic-crescut-republica-moldova-ramane-in-zona-verde","status":"publish","type":"post","link":"https:\/\/www.btv.md\/ro\/doc-romania-a-actualizat-lista-statelor-cu-risc-epidemiologic-crescut-republica-moldova-ramane-in-zona-verde\/","title":{"rendered":"\/DOC\/ Rom\u00e2nia a actualizat lista statelor cu risc epidemiologic crescut. Republica Moldova r\u0103m\u00e2ne \u00een zona verde"},"content":{"rendered":"<p><strong>Comitetul Na\u021bional pentru Situa\u021bii de Urgen\u021b\u0103 (CNSU) din Rom\u00e2nia a actualizat lista \u021b\u0103rilor \u0219i zonelor cu risc epidemiologic ridicat. Autorit\u0103\u021bile din Rom\u00e2nia men\u021bin Republica Moldova \u00een lista verde, iar Marea Britanie a r\u0103mas \u00een zona ro\u0219ie, transmite <a href=\"https:\/\/tv8.md\/2021\/07\/02\/doc-romania-a-actualizat-lista-statelor-cu-risc-epidemiologic-crescut-republica-moldova-ramane-in-zona-verde\/\">tv8.md<\/a>.<\/strong><\/p>\n<p>Comitetul Na\u021bional pentru Situa\u021bii de Urgen\u021b\u0103 a adoptat joi, 1 iulie, Hot\u0103r\u00e2rea num\u0103rul 43, privind actualizarea listei statelor \u0219i zonelor considerate\u00a0 iuliezca fiind cu risc crescut epidemiologic. Autorit\u0103\u021bile rom\u00e2ne au precizat c\u0103 \u00eencadrarea din zona galben\u0103 sau verde \u00een zona ro\u0219ie, precum \u0219i \u00eencadrarea din zona verde \u00een zona galben\u0103, intr\u0103 \u00een vigoare la 24 de ore de la data public\u0103rii \u00een Monitorul Oficial al Rom\u00e2niei a Hot\u0103r\u00e2rii Comitetului Na\u021bional pentru Situa\u021bii de Urgen\u021b\u0103 prin care este aprobat\u0103 lista \u021b\u0103rilor\/teritoriilor de risc epidemiologic, scrie Digi 24.<\/p>\n<p><strong>Preciz\u0103m c\u0103 ieri, 1 iulie, Uniunea European\u0103 a actualizat lista \u021b\u0103rilor-ter\u021be, reziden\u021bii c\u0103rora nu ar trebui s\u0103 fie afecta\u021bi de restric\u021biile temporare aplicate \u00een contextul pandemiei COVID-19 la frontierele externe ale UE \u00een ceea ce prive\u0219te c\u0103l\u0103toriile neesen\u021biale. Republica Moldova de r\u00e2nd cu alte \u021b\u0103ri a fost inclus\u0103 \u00een aceast\u0103 list\u0103. Restric\u021biile de c\u0103l\u0103torie urmeaz\u0103 a fi eliminate treptat de c\u0103tre statele membre ale Uniunii Europene.<\/strong><\/p>\n<p>Totodat\u0103, reprezentan\u021bii Ministerului de Externe au explicat c\u0103 lista aprobat\u0103 la nivelul UE are statut de recomandare aplicabil\u0103 fa\u021b\u0103 de 25 din 27 state membre ale Uniunii. Recomandarea dat\u0103 nu se aplic\u0103 direct, ci urmeaz\u0103 s\u0103 fie implementat\u0103 prin deciziile individuale ale statelor membre ale Uniunii Europene \u0219i ale statelor spa\u021biului Schengen.<\/p>\n<p>Vede\u021bi mai jos documentul actualizat:<\/p>\n<p><iframe id=\"doc_3167\" class=\"scribd_iframe_embed lazyload\" title=\"doc actualizat\" data-src=\"https:\/\/ru.scribd.com\/embeds\/513853007\/content?start_page=1&amp;view_mode=scroll&amp;access_key=key-rY6zbT1gCrCEBMR9sChP\" width=\"728\" height=\"600\" frameborder=\"0\" scrolling=\"no\" data-auto-height=\"false\" data-aspect-ratio=\"0.7080062794348508\" data-mce-fragment=\"1\" src=\"data:image\/svg+xml;base64,PHN2ZyB3aWR0aD0iMSIgaGVpZ2h0PSIxIiB4bWxucz0iaHR0cDovL3d3dy53My5vcmcvMjAwMC9zdmciPjwvc3ZnPg==\" data-load-mode=\"1\"><\/iframe><\/p>\n<p>Foto: tv8.md.<\/p>\n","protected":false},"excerpt":{"rendered":"<p>Comitetul Na\u021bional pentru Situa\u021bii de Urgen\u021b\u0103 (CNSU) din Rom\u00e2nia a actualizat lista \u021b\u0103rilor \u0219i zonelor cu risc epidemiologic ridicat. Autorit\u0103\u021bile din Rom\u00e2nia men\u021bin Republica Moldova \u00een lista verde, iar Marea Britanie a r\u0103mas \u00een zona ro\u0219ie, transmite tv8.md. Comitetul Na\u021bional pentru Situa\u021bii de Urgen\u021b\u0103 a adoptat joi, 1 iulie, Hot\u0103r\u00e2rea num\u0103rul 43, privind actualizarea listei [&hellip;]<\/p>\n","protected":false},"author":4,"featured_media":134713,"comment_status":"closed","ping_status":"closed","sticky":false,"template":"","format":"standard","meta":{"footnotes":""},"categories":[6349],"tags":[27187],"class_list":["post-134712","post","type-post","status-publish","format-standard","has-post-thumbnail","hentry","category-social","tag-doc-romania-a-actualizat-lista-statelor-cu-risc-epidemiologic-crescut-republica-moldova-ramane-in-zona-verde"],"yoast_head":"<!-- This site is optimized with the Yoast SEO plugin v27.4 - https:\/\/yoast.com\/product\/yoast-seo-wordpress\/ -->\n<title>\/DOC\/ Rom\u00e2nia a actualizat lista statelor cu risc epidemiologic crescut. Republica Moldova r\u0103m\u00e2ne \u00een zona verde - BTV<\/title>\n<meta name=\"robots\" content=\"index, follow, max-snippet:-1, max-image-preview:large, max-video-preview:-1\" \/>\n<link rel=\"canonical\" href=\"https:\/\/www.btv.md\/ro\/doc-romania-a-actualizat-lista-statelor-cu-risc-epidemiologic-crescut-republica-moldova-ramane-in-zona-verde\/\" \/>\n<meta property=\"og:locale\" content=\"ro_RO\" \/>\n<meta property=\"og:type\" content=\"article\" \/>\n<meta property=\"og:title\" content=\"\/DOC\/ Rom\u00e2nia a actualizat lista statelor cu risc epidemiologic crescut. Republica Moldova r\u0103m\u00e2ne \u00een zona verde - BTV\" \/>\n<meta property=\"og:description\" content=\"Comitetul Na\u021bional pentru Situa\u021bii de Urgen\u021b\u0103 (CNSU) din Rom\u00e2nia a actualizat lista \u021b\u0103rilor \u0219i zonelor cu risc epidemiologic ridicat. Autorit\u0103\u021bile din Rom\u00e2nia men\u021bin Republica Moldova \u00een lista verde, iar Marea Britanie a r\u0103mas \u00een zona ro\u0219ie, transmite tv8.md. Comitetul Na\u021bional pentru Situa\u021bii de Urgen\u021b\u0103 a adoptat joi, 1 iulie, Hot\u0103r\u00e2rea num\u0103rul 43, privind actualizarea listei [&hellip;]\" \/>\n<meta property=\"og:url\" content=\"https:\/\/www.btv.md\/ro\/doc-romania-a-actualizat-lista-statelor-cu-risc-epidemiologic-crescut-republica-moldova-ramane-in-zona-verde\/\" \/>\n<meta property=\"og:site_name\" content=\"BTV\" \/>\n<meta property=\"article:publisher\" content=\"https:\/\/www.facebook.com\/btvmoldova\/\" \/>\n<meta property=\"article:published_time\" content=\"2021-07-02T07:11:54+00:00\" \/>\n<meta property=\"og:image\" content=\"https:\/\/www.btv.md\/wp-content\/uploads\/2021\/07\/zwe0ntg4mda1ywe5nzgxmji2zje0mji5n2m2mjmw.thumb_-1280x720-1.jpg\" \/>\n\t<meta property=\"og:image:width\" content=\"1280\" \/>\n\t<meta property=\"og:image:height\" content=\"720\" \/>\n\t<meta property=\"og:image:type\" content=\"image\/jpeg\" \/>\n<meta name=\"author\" content=\"admin\" \/>\n<meta name=\"twitter:label1\" content=\"Scris de\" \/>\n\t<meta name=\"twitter:data1\" content=\"admin\" \/>\n\t<meta name=\"twitter:label2\" content=\"Timp estimat pentru citire\" \/>\n\t<meta name=\"twitter:data2\" content=\"2 minute\" \/>\n<script type=\"application\/ld+json\" class=\"yoast-schema-graph\">{\"@context\":\"https:\\\/\\\/schema.org\",\"@graph\":[{\"@type\":\"Article\",\"@id\":\"https:\\\/\\\/www.btv.md\\\/ro\\\/doc-romania-a-actualizat-lista-statelor-cu-risc-epidemiologic-crescut-republica-moldova-ramane-in-zona-verde\\\/#article\",\"isPartOf\":{\"@id\":\"https:\\\/\\\/www.btv.md\\\/ro\\\/doc-romania-a-actualizat-lista-statelor-cu-risc-epidemiologic-crescut-republica-moldova-ramane-in-zona-verde\\\/\"},\"author\":{\"name\":\"admin\",\"@id\":\"https:\\\/\\\/www.btv.md\\\/#\\\/schema\\\/person\\\/8fadce81561b3ce2c34c46dadc4ccbf2\"},\"headline\":\"\\\/DOC\\\/ Rom\u00e2nia a actualizat lista statelor cu risc epidemiologic crescut. Republica Moldova r\u0103m\u00e2ne \u00een zona verde\",\"datePublished\":\"2021-07-02T07:11:54+00:00\",\"mainEntityOfPage\":{\"@id\":\"https:\\\/\\\/www.btv.md\\\/ro\\\/doc-romania-a-actualizat-lista-statelor-cu-risc-epidemiologic-crescut-republica-moldova-ramane-in-zona-verde\\\/\"},\"wordCount\":304,\"image\":{\"@id\":\"https:\\\/\\\/www.btv.md\\\/ro\\\/doc-romania-a-actualizat-lista-statelor-cu-risc-epidemiologic-crescut-republica-moldova-ramane-in-zona-verde\\\/#primaryimage\"},\"thumbnailUrl\":\"https:\\\/\\\/www.btv.md\\\/wp-content\\\/uploads\\\/2021\\\/07\\\/zwe0ntg4mda1ywe5nzgxmji2zje0mji5n2m2mjmw.thumb_-1280x720-1.jpg\",\"keywords\":[\"\\\/DOC\\\/ Rom\u00e2nia a actualizat lista statelor cu risc epidemiologic crescut. Republica Moldova r\u0103m\u00e2ne \u00een zona verde\"],\"articleSection\":[\"Social\"],\"inLanguage\":\"ro-RO\"},{\"@type\":\"WebPage\",\"@id\":\"https:\\\/\\\/www.btv.md\\\/ro\\\/doc-romania-a-actualizat-lista-statelor-cu-risc-epidemiologic-crescut-republica-moldova-ramane-in-zona-verde\\\/\",\"url\":\"https:\\\/\\\/www.btv.md\\\/ro\\\/doc-romania-a-actualizat-lista-statelor-cu-risc-epidemiologic-crescut-republica-moldova-ramane-in-zona-verde\\\/\",\"name\":\"\\\/DOC\\\/ Rom\u00e2nia a actualizat lista statelor cu risc epidemiologic crescut. Republica Moldova r\u0103m\u00e2ne \u00een zona verde - BTV\",\"isPartOf\":{\"@id\":\"https:\\\/\\\/www.btv.md\\\/#website\"},\"primaryImageOfPage\":{\"@id\":\"https:\\\/\\\/www.btv.md\\\/ro\\\/doc-romania-a-actualizat-lista-statelor-cu-risc-epidemiologic-crescut-republica-moldova-ramane-in-zona-verde\\\/#primaryimage\"},\"image\":{\"@id\":\"https:\\\/\\\/www.btv.md\\\/ro\\\/doc-romania-a-actualizat-lista-statelor-cu-risc-epidemiologic-crescut-republica-moldova-ramane-in-zona-verde\\\/#primaryimage\"},\"thumbnailUrl\":\"https:\\\/\\\/www.btv.md\\\/wp-content\\\/uploads\\\/2021\\\/07\\\/zwe0ntg4mda1ywe5nzgxmji2zje0mji5n2m2mjmw.thumb_-1280x720-1.jpg\",\"datePublished\":\"2021-07-02T07:11:54+00:00\",\"author\":{\"@id\":\"https:\\\/\\\/www.btv.md\\\/#\\\/schema\\\/person\\\/8fadce81561b3ce2c34c46dadc4ccbf2\"},\"inLanguage\":\"ro-RO\",\"potentialAction\":[{\"@type\":\"ReadAction\",\"target\":[\"https:\\\/\\\/www.btv.md\\\/ro\\\/doc-romania-a-actualizat-lista-statelor-cu-risc-epidemiologic-crescut-republica-moldova-ramane-in-zona-verde\\\/\"]}]},{\"@type\":\"ImageObject\",\"inLanguage\":\"ro-RO\",\"@id\":\"https:\\\/\\\/www.btv.md\\\/ro\\\/doc-romania-a-actualizat-lista-statelor-cu-risc-epidemiologic-crescut-republica-moldova-ramane-in-zona-verde\\\/#primaryimage\",\"url\":\"https:\\\/\\\/www.btv.md\\\/wp-content\\\/uploads\\\/2021\\\/07\\\/zwe0ntg4mda1ywe5nzgxmji2zje0mji5n2m2mjmw.thumb_-1280x720-1.jpg\",\"contentUrl\":\"https:\\\/\\\/www.btv.md\\\/wp-content\\\/uploads\\\/2021\\\/07\\\/zwe0ntg4mda1ywe5nzgxmji2zje0mji5n2m2mjmw.thumb_-1280x720-1.jpg\",\"width\":1280,\"height\":720},{\"@type\":\"WebSite\",\"@id\":\"https:\\\/\\\/www.btv.md\\\/#website\",\"url\":\"https:\\\/\\\/www.btv.md\\\/\",\"name\":\"BTV\",\"description\":\"\u0411\u0435\u043b\u044c\u0446\u043a\u043e\u0435 \u0442\u0435\u043b\u0435\u0432\u0438\u0434\u0435\u043d\u0438\u0435\",\"potentialAction\":[{\"@type\":\"SearchAction\",\"target\":{\"@type\":\"EntryPoint\",\"urlTemplate\":\"https:\\\/\\\/www.btv.md\\\/?s={search_term_string}\"},\"query-input\":{\"@type\":\"PropertyValueSpecification\",\"valueRequired\":true,\"valueName\":\"search_term_string\"}}],\"inLanguage\":\"ro-RO\"},{\"@type\":\"Person\",\"@id\":\"https:\\\/\\\/www.btv.md\\\/#\\\/schema\\\/person\\\/8fadce81561b3ce2c34c46dadc4ccbf2\",\"name\":\"admin\"}]}<\/script>\n<!-- \/ Yoast SEO plugin. -->","yoast_head_json":{"title":"\/DOC\/ Rom\u00e2nia a actualizat lista statelor cu risc epidemiologic crescut. Republica Moldova r\u0103m\u00e2ne \u00een zona verde - BTV","robots":{"index":"index","follow":"follow","max-snippet":"max-snippet:-1","max-image-preview":"max-image-preview:large","max-video-preview":"max-video-preview:-1"},"canonical":"https:\/\/www.btv.md\/ro\/doc-romania-a-actualizat-lista-statelor-cu-risc-epidemiologic-crescut-republica-moldova-ramane-in-zona-verde\/","og_locale":"ro_RO","og_type":"article","og_title":"\/DOC\/ Rom\u00e2nia a actualizat lista statelor cu risc epidemiologic crescut. Republica Moldova r\u0103m\u00e2ne \u00een zona verde - BTV","og_description":"Comitetul Na\u021bional pentru Situa\u021bii de Urgen\u021b\u0103 (CNSU) din Rom\u00e2nia a actualizat lista \u021b\u0103rilor \u0219i zonelor cu risc epidemiologic ridicat. Autorit\u0103\u021bile din Rom\u00e2nia men\u021bin Republica Moldova \u00een lista verde, iar Marea Britanie a r\u0103mas \u00een zona ro\u0219ie, transmite tv8.md. Comitetul Na\u021bional pentru Situa\u021bii de Urgen\u021b\u0103 a adoptat joi, 1 iulie, Hot\u0103r\u00e2rea num\u0103rul 43, privind actualizarea listei [&hellip;]","og_url":"https:\/\/www.btv.md\/ro\/doc-romania-a-actualizat-lista-statelor-cu-risc-epidemiologic-crescut-republica-moldova-ramane-in-zona-verde\/","og_site_name":"BTV","article_publisher":"https:\/\/www.facebook.com\/btvmoldova\/","article_published_time":"2021-07-02T07:11:54+00:00","og_image":[{"width":1280,"height":720,"url":"https:\/\/www.btv.md\/wp-content\/uploads\/2021\/07\/zwe0ntg4mda1ywe5nzgxmji2zje0mji5n2m2mjmw.thumb_-1280x720-1.jpg","type":"image\/jpeg"}],"author":"admin","twitter_misc":{"Scris de":"admin","Timp estimat pentru citire":"2 minute"},"schema":{"@context":"https:\/\/schema.org","@graph":[{"@type":"Article","@id":"https:\/\/www.btv.md\/ro\/doc-romania-a-actualizat-lista-statelor-cu-risc-epidemiologic-crescut-republica-moldova-ramane-in-zona-verde\/#article","isPartOf":{"@id":"https:\/\/www.btv.md\/ro\/doc-romania-a-actualizat-lista-statelor-cu-risc-epidemiologic-crescut-republica-moldova-ramane-in-zona-verde\/"},"author":{"name":"admin","@id":"https:\/\/www.btv.md\/#\/schema\/person\/8fadce81561b3ce2c34c46dadc4ccbf2"},"headline":"\/DOC\/ Rom\u00e2nia a actualizat lista statelor cu risc epidemiologic crescut. Republica Moldova r\u0103m\u00e2ne \u00een zona verde","datePublished":"2021-07-02T07:11:54+00:00","mainEntityOfPage":{"@id":"https:\/\/www.btv.md\/ro\/doc-romania-a-actualizat-lista-statelor-cu-risc-epidemiologic-crescut-republica-moldova-ramane-in-zona-verde\/"},"wordCount":304,"image":{"@id":"https:\/\/www.btv.md\/ro\/doc-romania-a-actualizat-lista-statelor-cu-risc-epidemiologic-crescut-republica-moldova-ramane-in-zona-verde\/#primaryimage"},"thumbnailUrl":"https:\/\/www.btv.md\/wp-content\/uploads\/2021\/07\/zwe0ntg4mda1ywe5nzgxmji2zje0mji5n2m2mjmw.thumb_-1280x720-1.jpg","keywords":["\/DOC\/ Rom\u00e2nia a actualizat lista statelor cu risc epidemiologic crescut. Republica Moldova r\u0103m\u00e2ne \u00een zona verde"],"articleSection":["Social"],"inLanguage":"ro-RO"},{"@type":"WebPage","@id":"https:\/\/www.btv.md\/ro\/doc-romania-a-actualizat-lista-statelor-cu-risc-epidemiologic-crescut-republica-moldova-ramane-in-zona-verde\/","url":"https:\/\/www.btv.md\/ro\/doc-romania-a-actualizat-lista-statelor-cu-risc-epidemiologic-crescut-republica-moldova-ramane-in-zona-verde\/","name":"\/DOC\/ Rom\u00e2nia a actualizat lista statelor cu risc epidemiologic crescut. Republica Moldova r\u0103m\u00e2ne \u00een zona verde - BTV","isPartOf":{"@id":"https:\/\/www.btv.md\/#website"},"primaryImageOfPage":{"@id":"https:\/\/www.btv.md\/ro\/doc-romania-a-actualizat-lista-statelor-cu-risc-epidemiologic-crescut-republica-moldova-ramane-in-zona-verde\/#primaryimage"},"image":{"@id":"https:\/\/www.btv.md\/ro\/doc-romania-a-actualizat-lista-statelor-cu-risc-epidemiologic-crescut-republica-moldova-ramane-in-zona-verde\/#primaryimage"},"thumbnailUrl":"https:\/\/www.btv.md\/wp-content\/uploads\/2021\/07\/zwe0ntg4mda1ywe5nzgxmji2zje0mji5n2m2mjmw.thumb_-1280x720-1.jpg","datePublished":"2021-07-02T07:11:54+00:00","author":{"@id":"https:\/\/www.btv.md\/#\/schema\/person\/8fadce81561b3ce2c34c46dadc4ccbf2"},"inLanguage":"ro-RO","potentialAction":[{"@type":"ReadAction","target":["https:\/\/www.btv.md\/ro\/doc-romania-a-actualizat-lista-statelor-cu-risc-epidemiologic-crescut-republica-moldova-ramane-in-zona-verde\/"]}]},{"@type":"ImageObject","inLanguage":"ro-RO","@id":"https:\/\/www.btv.md\/ro\/doc-romania-a-actualizat-lista-statelor-cu-risc-epidemiologic-crescut-republica-moldova-ramane-in-zona-verde\/#primaryimage","url":"https:\/\/www.btv.md\/wp-content\/uploads\/2021\/07\/zwe0ntg4mda1ywe5nzgxmji2zje0mji5n2m2mjmw.thumb_-1280x720-1.jpg","contentUrl":"https:\/\/www.btv.md\/wp-content\/uploads\/2021\/07\/zwe0ntg4mda1ywe5nzgxmji2zje0mji5n2m2mjmw.thumb_-1280x720-1.jpg","width":1280,"height":720},{"@type":"WebSite","@id":"https:\/\/www.btv.md\/#website","url":"https:\/\/www.btv.md\/","name":"BTV","description":"\u0411\u0435\u043b\u044c\u0446\u043a\u043e\u0435 \u0442\u0435\u043b\u0435\u0432\u0438\u0434\u0435\u043d\u0438\u0435","potentialAction":[{"@type":"SearchAction","target":{"@type":"EntryPoint","urlTemplate":"https:\/\/www.btv.md\/?s={search_term_string}"},"query-input":{"@type":"PropertyValueSpecification","valueRequired":true,"valueName":"search_term_string"}}],"inLanguage":"ro-RO"},{"@type":"Person","@id":"https:\/\/www.btv.md\/#\/schema\/person\/8fadce81561b3ce2c34c46dadc4ccbf2","name":"admin"}]}},"_links":{"self":[{"href":"https:\/\/www.btv.md\/ro\/wp-json\/wp\/v2\/posts\/134712","targetHints":{"allow":["GET"]}}],"collection":[{"href":"https:\/\/www.btv.md\/ro\/wp-json\/wp\/v2\/posts"}],"about":[{"href":"https:\/\/www.btv.md\/ro\/wp-json\/wp\/v2\/types\/post"}],"author":[{"embeddable":true,"href":"https:\/\/www.btv.md\/ro\/wp-json\/wp\/v2\/users\/4"}],"replies":[{"embeddable":true,"href":"https:\/\/www.btv.md\/ro\/wp-json\/wp\/v2\/comments?post=134712"}],"version-history":[{"count":0,"href":"https:\/\/www.btv.md\/ro\/wp-json\/wp\/v2\/posts\/134712\/revisions"}],"wp:featuredmedia":[{"embeddable":true,"href":"https:\/\/www.btv.md\/ro\/wp-json\/wp\/v2\/media\/134713"}],"wp:attachment":[{"href":"https:\/\/www.btv.md\/ro\/wp-json\/wp\/v2\/media?parent=134712"}],"wp:term":[{"taxonomy":"category","embeddable":true,"href":"https:\/\/www.btv.md\/ro\/wp-json\/wp\/v2\/categories?post=134712"},{"taxonomy":"post_tag","embeddable":true,"href":"https:\/\/www.btv.md\/ro\/wp-json\/wp\/v2\/tags?post=134712"}],"curies":[{"name":"wp","href":"https:\/\/api.w.org\/{rel}","templated":true}]}}