{"id":13472,"date":"2016-05-25T16:03:18","date_gmt":"2016-05-25T13:03:18","guid":{"rendered":"http:\/\/btv.md\/?p=13472"},"modified":"2016-05-25T16:03:18","modified_gmt":"2016-05-25T13:03:18","slug":"in-balti-este-doar-un-singur-profesor-de-clasele-primare","status":"publish","type":"post","link":"https:\/\/www.btv.md\/ro\/in-balti-este-doar-un-singur-profesor-de-clasele-primare\/","title":{"rendered":"\u00ceN B\u0102L\u021aI ESTE DOAR UN SINGUR PROFESOR DE CLASELE PRIMARE"},"content":{"rendered":"<p><strong>De mic a visat s\u0103 joace teatru \u00een fa\u021ba miilor de spectatori, iar  acum se mul\u021bume\u0219te  doar cu aplauzele din partea copiilor. Vorbim despre unicul profesor de clasele primare din municipiul B\u0103l\u021bi, Aurel Le\u0219cic. Care la insisten\u021ba mamei a decis s\u0103 se dezic\u0103 de vis  \u0219i s\u0103 se implice \u00een destinul elevilor care-\u0219i fac studiile la \u0218coala \u201eSpiridon Vangheli\u201d din B\u0103l\u021bi.<\/strong><\/p>\n<p>Aurel Le\u0219cic are 30 de ani \u0219i spune c\u0103 prin venele lui curge s\u00e2nge de profesor deoarece ambii p\u0103rin\u021bi sunt \u0219i ei dascali. Mai mult ca at\u00e2t profesorul a precizat c\u0103 de-a lungul carierei sale a \u00eenv\u0103\u021batat s\u0103 r\u0103m\u00e2n\u0103 copil \u00een suflet.<\/p>\n<p>Profesorul spune c\u0103 de\u0219i soarta i-a h\u0103r\u0103zit s\u0103 fie unicul b\u0103rbat din colectivul didactic aceasta nu-l \u00eempiedic\u0103 s\u0103-\u0219i fac\u0103 munca cu ardoare.<\/p>\n<p>Totodat\u0103 b\u0103rbatul a men\u021bionat c\u0103 de\u0219i profeseaz\u0103 de mul\u021bi ani, nimeni nu-I d\u0103 crezare c\u0103 este profesor de clasele primare \u0219i c\u0103 de r\u00e2nd cu copiii el descoper\u0103 lucruri noi.<\/p>\n<p>La r\u00e2ndul lor, corpul didactic are numai cuvinte de laud\u0103 pentru domnul profesor \u0219i spun c\u0103 f\u0103r\u0103 el se simte ca \u201e f\u0103r\u0103 m\u00e2ini\u201d.<\/p>\n<p>Directoarea \u0218colii Primare \u201eSpiridon Vangheli\u201d din municipiul B\u0103l\u021bi, Valentina Goiman a precizat c\u0103 datorit\u0103 profesorului, femeile din colectiv se simt mai sigure.<\/p>\n<p><iframe width=\"420\" height=\"315\" data-src=\"https:\/\/www.youtube.com\/embed\/G9D-ajsUwG8\" frameborder=\"0\" allowfullscreen src=\"data:image\/svg+xml;base64,PHN2ZyB3aWR0aD0iMSIgaGVpZ2h0PSIxIiB4bWxucz0iaHR0cDovL3d3dy53My5vcmcvMjAwMC9zdmciPjwvc3ZnPg==\" class=\"lazyload\" data-load-mode=\"1\"><\/iframe><\/p>\n","protected":false},"excerpt":{"rendered":"<p>De mic a visat s\u0103 joace teatru \u00een fa\u021ba miilor de spectatori, iar acum se mul\u021bume\u0219te doar cu aplauzele din partea copiilor. Vorbim despre unicul profesor de clasele primare din municipiul B\u0103l\u021bi, Aurel Le\u0219cic. Care la insisten\u021ba mamei a decis s\u0103 se dezic\u0103 de vis \u0219i s\u0103 se implice \u00een destinul elevilor care-\u0219i fac studiile [&hellip;]<\/p>\n","protected":false},"author":4,"featured_media":13474,"comment_status":"closed","ping_status":"closed","sticky":false,"template":"","format":"standard","meta":{"footnotes":""},"categories":[6353],"tags":[],"class_list":["post-13472","post","type-post","status-publish","format-standard","has-post-thumbnail","hentry","category-oras"],"yoast_head":"<!-- This site is optimized with the Yoast SEO plugin v27.4 - https:\/\/yoast.com\/product\/yoast-seo-wordpress\/ -->\n<title>\u00ceN B\u0102L\u021aI ESTE DOAR UN SINGUR PROFESOR DE CLASELE PRIMARE  - BTV<\/title>\n<meta name=\"robots\" content=\"index, follow, max-snippet:-1, max-image-preview:large, max-video-preview:-1\" \/>\n<link rel=\"canonical\" href=\"https:\/\/www.btv.md\/ro\/amp\/in-balti-este-doar-un-singur-profesor-de-clasele-primare\/\" \/>\n<meta property=\"og:locale\" content=\"ro_RO\" \/>\n<meta property=\"og:type\" content=\"article\" \/>\n<meta property=\"og:title\" content=\"\u00ceN B\u0102L\u021aI ESTE DOAR UN SINGUR PROFESOR DE CLASELE PRIMARE  - BTV\" \/>\n<meta property=\"og:description\" content=\"De mic a visat s\u0103 joace teatru \u00een fa\u021ba miilor de spectatori, iar acum se mul\u021bume\u0219te doar cu aplauzele din partea copiilor. Vorbim despre unicul profesor de clasele primare din municipiul B\u0103l\u021bi, Aurel Le\u0219cic. Care la insisten\u021ba mamei a decis s\u0103 se dezic\u0103 de vis \u0219i s\u0103 se implice \u00een destinul elevilor care-\u0219i fac studiile [&hellip;]\" \/>\n<meta property=\"og:url\" content=\"https:\/\/www.btv.md\/ro\/amp\/in-balti-este-doar-un-singur-profesor-de-clasele-primare\/\" \/>\n<meta property=\"og:site_name\" content=\"BTV\" \/>\n<meta property=\"article:publisher\" content=\"https:\/\/www.facebook.com\/btvmoldova\/\" \/>\n<meta property=\"article:published_time\" content=\"2016-05-25T13:03:18+00:00\" \/>\n<meta property=\"og:image\" content=\"https:\/\/www.btv.md\/wp-content\/uploads\/2016\/05\/profesor.png\" \/>\n\t<meta property=\"og:image:width\" content=\"983\" \/>\n\t<meta property=\"og:image:height\" content=\"495\" \/>\n\t<meta property=\"og:image:type\" content=\"image\/png\" \/>\n<meta name=\"author\" content=\"admin\" \/>\n<meta name=\"twitter:label1\" content=\"Scris de\" \/>\n\t<meta name=\"twitter:data1\" content=\"admin\" \/>\n\t<meta name=\"twitter:label2\" content=\"Timp estimat pentru citire\" \/>\n\t<meta name=\"twitter:data2\" content=\"1 minut\" \/>\n<script type=\"application\/ld+json\" class=\"yoast-schema-graph\">{\"@context\":\"https:\\\/\\\/schema.org\",\"@graph\":[{\"@type\":\"Article\",\"@id\":\"https:\\\/\\\/www.btv.md\\\/ro\\\/amp\\\/in-balti-este-doar-un-singur-profesor-de-clasele-primare\\\/#article\",\"isPartOf\":{\"@id\":\"https:\\\/\\\/www.btv.md\\\/ro\\\/amp\\\/in-balti-este-doar-un-singur-profesor-de-clasele-primare\\\/\"},\"author\":{\"name\":\"admin\",\"@id\":\"https:\\\/\\\/www.btv.md\\\/#\\\/schema\\\/person\\\/8fadce81561b3ce2c34c46dadc4ccbf2\"},\"headline\":\"\u00ceN B\u0102L\u021aI ESTE DOAR UN SINGUR PROFESOR DE CLASELE PRIMARE\",\"datePublished\":\"2016-05-25T13:03:18+00:00\",\"mainEntityOfPage\":{\"@id\":\"https:\\\/\\\/www.btv.md\\\/ro\\\/amp\\\/in-balti-este-doar-un-singur-profesor-de-clasele-primare\\\/\"},\"wordCount\":246,\"image\":{\"@id\":\"https:\\\/\\\/www.btv.md\\\/ro\\\/amp\\\/in-balti-este-doar-un-singur-profesor-de-clasele-primare\\\/#primaryimage\"},\"thumbnailUrl\":\"https:\\\/\\\/www.btv.md\\\/wp-content\\\/uploads\\\/2016\\\/05\\\/profesor.png\",\"articleSection\":[\"Ora\u0219\"],\"inLanguage\":\"ro-RO\"},{\"@type\":\"WebPage\",\"@id\":\"https:\\\/\\\/www.btv.md\\\/ro\\\/amp\\\/in-balti-este-doar-un-singur-profesor-de-clasele-primare\\\/\",\"url\":\"https:\\\/\\\/www.btv.md\\\/ro\\\/amp\\\/in-balti-este-doar-un-singur-profesor-de-clasele-primare\\\/\",\"name\":\"\u00ceN B\u0102L\u021aI ESTE DOAR UN SINGUR PROFESOR DE CLASELE PRIMARE - BTV\",\"isPartOf\":{\"@id\":\"https:\\\/\\\/www.btv.md\\\/#website\"},\"primaryImageOfPage\":{\"@id\":\"https:\\\/\\\/www.btv.md\\\/ro\\\/amp\\\/in-balti-este-doar-un-singur-profesor-de-clasele-primare\\\/#primaryimage\"},\"image\":{\"@id\":\"https:\\\/\\\/www.btv.md\\\/ro\\\/amp\\\/in-balti-este-doar-un-singur-profesor-de-clasele-primare\\\/#primaryimage\"},\"thumbnailUrl\":\"https:\\\/\\\/www.btv.md\\\/wp-content\\\/uploads\\\/2016\\\/05\\\/profesor.png\",\"datePublished\":\"2016-05-25T13:03:18+00:00\",\"author\":{\"@id\":\"https:\\\/\\\/www.btv.md\\\/#\\\/schema\\\/person\\\/8fadce81561b3ce2c34c46dadc4ccbf2\"},\"inLanguage\":\"ro-RO\",\"potentialAction\":[{\"@type\":\"ReadAction\",\"target\":[\"https:\\\/\\\/www.btv.md\\\/ro\\\/amp\\\/in-balti-este-doar-un-singur-profesor-de-clasele-primare\\\/\"]}]},{\"@type\":\"ImageObject\",\"inLanguage\":\"ro-RO\",\"@id\":\"https:\\\/\\\/www.btv.md\\\/ro\\\/amp\\\/in-balti-este-doar-un-singur-profesor-de-clasele-primare\\\/#primaryimage\",\"url\":\"https:\\\/\\\/www.btv.md\\\/wp-content\\\/uploads\\\/2016\\\/05\\\/profesor.png\",\"contentUrl\":\"https:\\\/\\\/www.btv.md\\\/wp-content\\\/uploads\\\/2016\\\/05\\\/profesor.png\",\"width\":983,\"height\":495},{\"@type\":\"WebSite\",\"@id\":\"https:\\\/\\\/www.btv.md\\\/#website\",\"url\":\"https:\\\/\\\/www.btv.md\\\/\",\"name\":\"BTV\",\"description\":\"\u0411\u0435\u043b\u044c\u0446\u043a\u043e\u0435 \u0442\u0435\u043b\u0435\u0432\u0438\u0434\u0435\u043d\u0438\u0435\",\"potentialAction\":[{\"@type\":\"SearchAction\",\"target\":{\"@type\":\"EntryPoint\",\"urlTemplate\":\"https:\\\/\\\/www.btv.md\\\/?s={search_term_string}\"},\"query-input\":{\"@type\":\"PropertyValueSpecification\",\"valueRequired\":true,\"valueName\":\"search_term_string\"}}],\"inLanguage\":\"ro-RO\"},{\"@type\":\"Person\",\"@id\":\"https:\\\/\\\/www.btv.md\\\/#\\\/schema\\\/person\\\/8fadce81561b3ce2c34c46dadc4ccbf2\",\"name\":\"admin\"}]}<\/script>\n<!-- \/ Yoast SEO plugin. -->","yoast_head_json":{"title":"\u00ceN B\u0102L\u021aI ESTE DOAR UN SINGUR PROFESOR DE CLASELE PRIMARE  - BTV","robots":{"index":"index","follow":"follow","max-snippet":"max-snippet:-1","max-image-preview":"max-image-preview:large","max-video-preview":"max-video-preview:-1"},"canonical":"https:\/\/www.btv.md\/ro\/amp\/in-balti-este-doar-un-singur-profesor-de-clasele-primare\/","og_locale":"ro_RO","og_type":"article","og_title":"\u00ceN B\u0102L\u021aI ESTE DOAR UN SINGUR PROFESOR DE CLASELE PRIMARE  - BTV","og_description":"De mic a visat s\u0103 joace teatru \u00een fa\u021ba miilor de spectatori, iar acum se mul\u021bume\u0219te doar cu aplauzele din partea copiilor. Vorbim despre unicul profesor de clasele primare din municipiul B\u0103l\u021bi, Aurel Le\u0219cic. Care la insisten\u021ba mamei a decis s\u0103 se dezic\u0103 de vis \u0219i s\u0103 se implice \u00een destinul elevilor care-\u0219i fac studiile [&hellip;]","og_url":"https:\/\/www.btv.md\/ro\/amp\/in-balti-este-doar-un-singur-profesor-de-clasele-primare\/","og_site_name":"BTV","article_publisher":"https:\/\/www.facebook.com\/btvmoldova\/","article_published_time":"2016-05-25T13:03:18+00:00","og_image":[{"width":983,"height":495,"url":"https:\/\/www.btv.md\/wp-content\/uploads\/2016\/05\/profesor.png","type":"image\/png"}],"author":"admin","twitter_misc":{"Scris de":"admin","Timp estimat pentru citire":"1 minut"},"schema":{"@context":"https:\/\/schema.org","@graph":[{"@type":"Article","@id":"https:\/\/www.btv.md\/ro\/amp\/in-balti-este-doar-un-singur-profesor-de-clasele-primare\/#article","isPartOf":{"@id":"https:\/\/www.btv.md\/ro\/amp\/in-balti-este-doar-un-singur-profesor-de-clasele-primare\/"},"author":{"name":"admin","@id":"https:\/\/www.btv.md\/#\/schema\/person\/8fadce81561b3ce2c34c46dadc4ccbf2"},"headline":"\u00ceN B\u0102L\u021aI ESTE DOAR UN SINGUR PROFESOR DE CLASELE PRIMARE","datePublished":"2016-05-25T13:03:18+00:00","mainEntityOfPage":{"@id":"https:\/\/www.btv.md\/ro\/amp\/in-balti-este-doar-un-singur-profesor-de-clasele-primare\/"},"wordCount":246,"image":{"@id":"https:\/\/www.btv.md\/ro\/amp\/in-balti-este-doar-un-singur-profesor-de-clasele-primare\/#primaryimage"},"thumbnailUrl":"https:\/\/www.btv.md\/wp-content\/uploads\/2016\/05\/profesor.png","articleSection":["Ora\u0219"],"inLanguage":"ro-RO"},{"@type":"WebPage","@id":"https:\/\/www.btv.md\/ro\/amp\/in-balti-este-doar-un-singur-profesor-de-clasele-primare\/","url":"https:\/\/www.btv.md\/ro\/amp\/in-balti-este-doar-un-singur-profesor-de-clasele-primare\/","name":"\u00ceN B\u0102L\u021aI ESTE DOAR UN SINGUR PROFESOR DE CLASELE PRIMARE - BTV","isPartOf":{"@id":"https:\/\/www.btv.md\/#website"},"primaryImageOfPage":{"@id":"https:\/\/www.btv.md\/ro\/amp\/in-balti-este-doar-un-singur-profesor-de-clasele-primare\/#primaryimage"},"image":{"@id":"https:\/\/www.btv.md\/ro\/amp\/in-balti-este-doar-un-singur-profesor-de-clasele-primare\/#primaryimage"},"thumbnailUrl":"https:\/\/www.btv.md\/wp-content\/uploads\/2016\/05\/profesor.png","datePublished":"2016-05-25T13:03:18+00:00","author":{"@id":"https:\/\/www.btv.md\/#\/schema\/person\/8fadce81561b3ce2c34c46dadc4ccbf2"},"inLanguage":"ro-RO","potentialAction":[{"@type":"ReadAction","target":["https:\/\/www.btv.md\/ro\/amp\/in-balti-este-doar-un-singur-profesor-de-clasele-primare\/"]}]},{"@type":"ImageObject","inLanguage":"ro-RO","@id":"https:\/\/www.btv.md\/ro\/amp\/in-balti-este-doar-un-singur-profesor-de-clasele-primare\/#primaryimage","url":"https:\/\/www.btv.md\/wp-content\/uploads\/2016\/05\/profesor.png","contentUrl":"https:\/\/www.btv.md\/wp-content\/uploads\/2016\/05\/profesor.png","width":983,"height":495},{"@type":"WebSite","@id":"https:\/\/www.btv.md\/#website","url":"https:\/\/www.btv.md\/","name":"BTV","description":"\u0411\u0435\u043b\u044c\u0446\u043a\u043e\u0435 \u0442\u0435\u043b\u0435\u0432\u0438\u0434\u0435\u043d\u0438\u0435","potentialAction":[{"@type":"SearchAction","target":{"@type":"EntryPoint","urlTemplate":"https:\/\/www.btv.md\/?s={search_term_string}"},"query-input":{"@type":"PropertyValueSpecification","valueRequired":true,"valueName":"search_term_string"}}],"inLanguage":"ro-RO"},{"@type":"Person","@id":"https:\/\/www.btv.md\/#\/schema\/person\/8fadce81561b3ce2c34c46dadc4ccbf2","name":"admin"}]}},"_links":{"self":[{"href":"https:\/\/www.btv.md\/ro\/wp-json\/wp\/v2\/posts\/13472","targetHints":{"allow":["GET"]}}],"collection":[{"href":"https:\/\/www.btv.md\/ro\/wp-json\/wp\/v2\/posts"}],"about":[{"href":"https:\/\/www.btv.md\/ro\/wp-json\/wp\/v2\/types\/post"}],"author":[{"embeddable":true,"href":"https:\/\/www.btv.md\/ro\/wp-json\/wp\/v2\/users\/4"}],"replies":[{"embeddable":true,"href":"https:\/\/www.btv.md\/ro\/wp-json\/wp\/v2\/comments?post=13472"}],"version-history":[{"count":0,"href":"https:\/\/www.btv.md\/ro\/wp-json\/wp\/v2\/posts\/13472\/revisions"}],"wp:featuredmedia":[{"embeddable":true,"href":"https:\/\/www.btv.md\/ro\/wp-json\/wp\/v2\/media\/13474"}],"wp:attachment":[{"href":"https:\/\/www.btv.md\/ro\/wp-json\/wp\/v2\/media?parent=13472"}],"wp:term":[{"taxonomy":"category","embeddable":true,"href":"https:\/\/www.btv.md\/ro\/wp-json\/wp\/v2\/categories?post=13472"},{"taxonomy":"post_tag","embeddable":true,"href":"https:\/\/www.btv.md\/ro\/wp-json\/wp\/v2\/tags?post=13472"}],"curies":[{"name":"wp","href":"https:\/\/api.w.org\/{rel}","templated":true}]}}